{"id":75405,"date":"2022-01-31T13:37:21","date_gmt":"2022-01-31T18:37:21","guid":{"rendered":"https:\/\/futbolhoy.co\/?p=75405"},"modified":"2022-01-31T20:09:28","modified_gmt":"2022-02-01T01:09:28","slug":"rueda-necesitamos-dar-un-golpe-de-autoridad","status":"publish","type":"post","link":"https:\/\/futbolhoy.co\/index.php\/2022\/01\/31\/rueda-necesitamos-dar-un-golpe-de-autoridad\/","title":{"rendered":"Rueda: \"Necesitamos dar un golpe de autoridad\""},"content":{"rendered":"<!--[if lt IE 9]><script>document.createElement('audio');<\/script><![endif]-->\n<audio class=\"wp-audio-shortcode\" id=\"audio-75405-1\" preload=\"none\" style=\"width: 100%;\" controls=\"controls\"><source type=\"audio\/mpeg\" src=\"https:\/\/futbolhoy.co\/wp-content\/uploads\/2022\/01\/Conferencia-de-prensa-D.T.-Reinaldo-Rueda.-31-enero-2022-1.mp3?_=1\" \/><a href=\"https:\/\/futbolhoy.co\/wp-content\/uploads\/2022\/01\/Conferencia-de-prensa-D.T.-Reinaldo-Rueda.-31-enero-2022-1.mp3\">https:\/\/futbolhoy.co\/wp-content\/uploads\/2022\/01\/Conferencia-de-prensa-D.T.-Reinaldo-Rueda.-31-enero-2022-1.mp3<\/a><\/audio>\n<p>(Reinaldo Rueda, DT de la Selecci\u00f3n Colombia)<\/p>\n<p style=\"text-align: justify;\"><span style=\"font-family: helvetica, arial, sans-serif;\"><strong>Reinaldo Rueda<\/strong>, director t\u00e9cnico de la <strong>Selecci\u00f3n Colombia,<\/strong> atendi\u00f3 a los medios de comunicaci\u00f3n previo al duelo de este martes ante <strong>Argentina<\/strong> en <strong>C\u00f3rdoba,<\/strong> por la fecha 16 de las <strong>Eliminatorias Sudamericanas<\/strong> al <strong>Mundial de Qatar 2022.<\/strong> El vallecaucano se mostr\u00f3 optimista en conseguir un buen resultado y asegur\u00f3 que es momento de \"dar un golpe de autoridad\".<\/span><\/p>\n<p style=\"text-align: justify;\"><span style=\"font-family: helvetica, arial, sans-serif;\">\"El no haber logrado el resultado en el \u00faltimo juego nos ha golpeado bastante. Hemos trabajado en aceptar y asimilar esa derrota, todos nos hemos dado ese apoyo y respaldo, consciente de la responsabilidad que tenemos con la afici\u00f3n y nosotros mismos\", coment\u00f3.<\/span><\/p>\n<p style=\"text-align: justify;\"><span style=\"font-family: helvetica, arial, sans-serif;\">El vallecaucano a\u00f1adi\u00f3 sobre la campa\u00f1a organizada por la <strong>FCF<\/strong> de cara al juego de este martes. \"Todos los que estamos ac\u00e1 estamos montados en este proyecto de lograr los puntos necesarios para lograr la clasificaci\u00f3n al <strong>Mundial\".<\/strong><\/span><\/p>\n<p style=\"text-align: justify;\"><span style=\"font-family: helvetica, arial, sans-serif;\">Rueda coment\u00f3 que se ha buscado trabajar en la motivaci\u00f3n y lo an\u00edmico del grupo de jugadores. \"Se han hecho dos o tres actividades buscando generar esa motivaci\u00f3n, sin enga\u00f1arnos, conscientes de que se nos complic\u00f3 la situaci\u00f3n\".<\/span><\/p>\n<p style=\"text-align: justify;\"><span style=\"font-family: helvetica, arial, sans-serif;\">Mientras que a\u00f1adi\u00f3 que el equipo no tendr\u00eda mayores modificaciones respecto al que enfrent\u00f3 este viernes a <strong>Per\u00fa.<\/strong> \"El tiempo de hacer variantes es corto, considero que el equipo que jug\u00f3 el viernes pasado hizo una buena propuesta, sin exagerar creo que generamos unas 11 ocasiones de gol, la situaci\u00f3n es que no se pudieron concretar que es lo que nos ha pasado\".<\/span><\/p>\n<p style=\"text-align: justify;\"><span style=\"font-family: helvetica, arial, sans-serif;\">\"Ayer se hicieron dos posibles variantes para oxigenar, estamos en eso, buscando lo mejor para el enfrentamiento de ma\u00f1ana\", a\u00f1adi\u00f3.<\/span><\/p>\n<p style=\"text-align: justify;\"><span style=\"font-family: helvetica, arial, sans-serif;\">Al respecto, coment\u00f3 sobre <strong>David Ospina:<\/strong> \"David (Ospina) present\u00f3 una molestia estomacal y ha estado en ese proceso de hidrataci\u00f3n, hoy consumi\u00f3 alimentos m\u00e1s s\u00f3lidos. La idea es que pueda hacer un buen entrenamiento, creo que no tendr\u00e1 inconvenientes\".<\/span><\/p>\n<p style=\"text-align: justify;\"><span style=\"font-family: helvetica, arial, sans-serif;\">Del juego de este martes, coment\u00f3: \"hemos estado revisando el comportamiento de Argentina, va a cambiar alguno de sus nombres, pero salvo el partido contra <strong>Brasil<\/strong> Argentina ha mantenido su misma idea\".<\/span><\/p>\n<p style=\"text-align: justify;\"><span style=\"font-family: helvetica, arial, sans-serif;\">\"Nosotros vamos a mantener la misma idea de juego que hemos venido desarrollando\", a\u00f1adi\u00f3.<\/span><\/p>\n<p style=\"text-align: justify;\"><span style=\"font-family: helvetica, arial, sans-serif;\">Coment\u00f3 sobre c\u00f3mo afrontar el juego: \"enfrentar a Argentina es un partido de gran intensidad, en la medida que nosotros hagamos ese juego de alt\u00edsima concentraci\u00f3n, de saber lo que tenemos y de confiar en nosotros podemos lograr eso, que es sumar los tres puntos\".<\/span><\/p>\n<p style=\"text-align: justify;\"><span style=\"font-family: helvetica, arial, sans-serif;\">\"Necesitamos dar un golpe de autoridad ahora m\u00e1s que nunca. Tenemos que tener eficacia en el \u00e1rea rival\", agreg\u00f3 con contundencia.<\/span><\/p>\n<p style=\"text-align: justify;\"><span style=\"font-family: helvetica, arial, sans-serif;\">Finalmente, explic\u00f3 que tambi\u00e9n han trabajado con el plantel de jugadores para que asimile que un empate tambi\u00e9n es un resultado positivo en caso de no poder lograr los tres puntos. \"Hoy hemos trabajado en eso, de saber que si no se puede ganar un punto tambi\u00e9n te permite seguir sumando\".<\/span><\/p>\n","protected":false},"excerpt":{"rendered":"<p>(Reinaldo Rueda, DT de la Selecci\u00f3n Colombia) Reinaldo Rueda, director t\u00e9cnico de la Selecci\u00f3n Colombia, atendi\u00f3 a los medios de comunicaci\u00f3n previo al duelo de este martes ante Argentina en C\u00f3rdoba, por la fecha 16 de las Eliminatorias Sudamericanas al Mundial de Qatar 2022. El vallecaucano se mostr\u00f3 optimista en conseguir un buen resultado y [&hellip;]<\/p>\n","protected":false},"author":5,"featured_media":75406,"comment_status":"open","ping_status":"open","sticky":false,"template":"","format":"video","meta":{"_acf_changed":false,"footnotes":""},"categories":[418],"tags":[113,96,127],"class_list":{"0":"post-75405","1":"post","2":"type-post","3":"status-publish","4":"format-video","5":"has-post-thumbnail","7":"category-colombia","8":"tag-argentina","9":"tag-reinaldo-rueda","10":"tag-seleccion-colombia","11":"post_format-post-format-video"},"acf":[],"yoast_head":"<!-- This site is optimized with the Yoast SEO plugin v26.8 - https:\/\/yoast.com\/product\/yoast-seo-wordpress\/ -->\n<title>Rueda: &quot;Necesitamos dar un golpe de autoridad&quot; -<\/title>\n<meta name=\"robots\" content=\"index, follow, max-snippet:-1, max-image-preview:large, max-video-preview:-1\" \/>\n<link rel=\"canonical\" href=\"https:\/\/futbolhoy.co\/index.php\/2022\/01\/31\/rueda-necesitamos-dar-un-golpe-de-autoridad\/\" \/>\n<meta property=\"og:locale\" content=\"es_ES\" \/>\n<meta property=\"og:type\" content=\"article\" \/>\n<meta property=\"og:title\" content=\"Rueda: &quot;Necesitamos dar un golpe de autoridad&quot; -\" \/>\n<meta property=\"og:description\" content=\"(Reinaldo Rueda, DT de la Selecci\u00f3n Colombia) Reinaldo Rueda, director t\u00e9cnico de la Selecci\u00f3n Colombia, atendi\u00f3 a los medios de comunicaci\u00f3n previo al duelo de este martes ante Argentina en C\u00f3rdoba, por la fecha 16 de las Eliminatorias Sudamericanas al Mundial de Qatar 2022. El vallecaucano se mostr\u00f3 optimista en conseguir un buen resultado y [&hellip;]\" \/>\n<meta property=\"og:url\" content=\"https:\/\/futbolhoy.co\/index.php\/2022\/01\/31\/rueda-necesitamos-dar-un-golpe-de-autoridad\/\" \/>\n<meta property=\"article:publisher\" content=\"https:\/\/www.facebook.com\/FutbolHoyCol\/\" \/>\n<meta property=\"article:published_time\" content=\"2022-01-31T18:37:21+00:00\" \/>\n<meta property=\"article:modified_time\" content=\"2022-02-01T01:09:28+00:00\" \/>\n<meta property=\"og:image\" content=\"https:\/\/futbolhoy.co\/wp-content\/uploads\/2022\/01\/Rueda-rei.png\" \/>\n\t<meta property=\"og:image:width\" content=\"1234\" \/>\n\t<meta property=\"og:image:height\" content=\"597\" \/>\n\t<meta property=\"og:image:type\" content=\"image\/png\" \/>\n<meta name=\"author\" content=\"Laura Hern\u00e1ndez\" \/>\n<meta name=\"twitter:card\" content=\"summary_large_image\" \/>\n<meta name=\"twitter:creator\" content=\"@FutbolHoyCol\" \/>\n<meta name=\"twitter:site\" content=\"@FutbolHoyCol\" \/>\n<meta name=\"twitter:label1\" content=\"Escrito por\" \/>\n\t<meta name=\"twitter:data1\" content=\"Laura Hern\u00e1ndez\" \/>\n\t<meta name=\"twitter:label2\" content=\"Tiempo de lectura\" \/>\n\t<meta name=\"twitter:data2\" content=\"3 minutos\" \/>\n<script type=\"application\/ld+json\" class=\"yoast-schema-graph\">{\"@context\":\"https:\/\/schema.org\",\"@graph\":[{\"@type\":\"Article\",\"@id\":\"https:\/\/futbolhoy.co\/index.php\/2022\/01\/31\/rueda-necesitamos-dar-un-golpe-de-autoridad\/#article\",\"isPartOf\":{\"@id\":\"https:\/\/futbolhoy.co\/index.php\/2022\/01\/31\/rueda-necesitamos-dar-un-golpe-de-autoridad\/\"},\"author\":{\"name\":\"Laura Hern\u00e1ndez\",\"@id\":\"https:\/\/futbolhoy.co\/#\/schema\/person\/c4a353a512b127643723a34bb1812f7d\"},\"headline\":\"Rueda: \\\"Necesitamos dar un golpe de autoridad\\\"\",\"datePublished\":\"2022-01-31T18:37:21+00:00\",\"dateModified\":\"2022-02-01T01:09:28+00:00\",\"mainEntityOfPage\":{\"@id\":\"https:\/\/futbolhoy.co\/index.php\/2022\/01\/31\/rueda-necesitamos-dar-un-golpe-de-autoridad\/\"},\"wordCount\":518,\"commentCount\":0,\"publisher\":{\"@id\":\"https:\/\/futbolhoy.co\/#organization\"},\"image\":{\"@id\":\"https:\/\/futbolhoy.co\/index.php\/2022\/01\/31\/rueda-necesitamos-dar-un-golpe-de-autoridad\/#primaryimage\"},\"thumbnailUrl\":\"https:\/\/futbolhoy.co\/wp-content\/uploads\/2022\/01\/Rueda-rei.png\",\"keywords\":[\"Argentina\",\"Reinaldo Rueda\",\"Selecci\u00f3n Colombia\"],\"articleSection\":[\"Colombia\"],\"inLanguage\":\"es\",\"potentialAction\":[{\"@type\":\"CommentAction\",\"name\":\"Comment\",\"target\":[\"https:\/\/futbolhoy.co\/index.php\/2022\/01\/31\/rueda-necesitamos-dar-un-golpe-de-autoridad\/#respond\"]}]},{\"@type\":\"WebPage\",\"@id\":\"https:\/\/futbolhoy.co\/index.php\/2022\/01\/31\/rueda-necesitamos-dar-un-golpe-de-autoridad\/\",\"url\":\"https:\/\/futbolhoy.co\/index.php\/2022\/01\/31\/rueda-necesitamos-dar-un-golpe-de-autoridad\/\",\"name\":\"Rueda: \\\"Necesitamos dar un golpe de autoridad\\\" -\",\"isPartOf\":{\"@id\":\"https:\/\/futbolhoy.co\/#website\"},\"primaryImageOfPage\":{\"@id\":\"https:\/\/futbolhoy.co\/index.php\/2022\/01\/31\/rueda-necesitamos-dar-un-golpe-de-autoridad\/#primaryimage\"},\"image\":{\"@id\":\"https:\/\/futbolhoy.co\/index.php\/2022\/01\/31\/rueda-necesitamos-dar-un-golpe-de-autoridad\/#primaryimage\"},\"thumbnailUrl\":\"https:\/\/futbolhoy.co\/wp-content\/uploads\/2022\/01\/Rueda-rei.png\",\"datePublished\":\"2022-01-31T18:37:21+00:00\",\"dateModified\":\"2022-02-01T01:09:28+00:00\",\"breadcrumb\":{\"@id\":\"https:\/\/futbolhoy.co\/index.php\/2022\/01\/31\/rueda-necesitamos-dar-un-golpe-de-autoridad\/#breadcrumb\"},\"inLanguage\":\"es\",\"potentialAction\":[{\"@type\":\"ReadAction\",\"target\":[\"https:\/\/futbolhoy.co\/index.php\/2022\/01\/31\/rueda-necesitamos-dar-un-golpe-de-autoridad\/\"]}]},{\"@type\":\"ImageObject\",\"inLanguage\":\"es\",\"@id\":\"https:\/\/futbolhoy.co\/index.php\/2022\/01\/31\/rueda-necesitamos-dar-un-golpe-de-autoridad\/#primaryimage\",\"url\":\"https:\/\/futbolhoy.co\/wp-content\/uploads\/2022\/01\/Rueda-rei.png\",\"contentUrl\":\"https:\/\/futbolhoy.co\/wp-content\/uploads\/2022\/01\/Rueda-rei.png\",\"width\":1234,\"height\":597},{\"@type\":\"BreadcrumbList\",\"@id\":\"https:\/\/futbolhoy.co\/index.php\/2022\/01\/31\/rueda-necesitamos-dar-un-golpe-de-autoridad\/#breadcrumb\",\"itemListElement\":[{\"@type\":\"ListItem\",\"position\":1,\"name\":\"Portada\",\"item\":\"https:\/\/futbolhoy.co\/\"},{\"@type\":\"ListItem\",\"position\":2,\"name\":\"Rueda: \u00abNecesitamos dar un golpe de autoridad\u00bb\"}]},{\"@type\":\"WebSite\",\"@id\":\"https:\/\/futbolhoy.co\/#website\",\"url\":\"https:\/\/futbolhoy.co\/\",\"name\":\"FutbolHoy\",\"description\":\"\",\"publisher\":{\"@id\":\"https:\/\/futbolhoy.co\/#organization\"},\"potentialAction\":[{\"@type\":\"SearchAction\",\"target\":{\"@type\":\"EntryPoint\",\"urlTemplate\":\"https:\/\/futbolhoy.co\/?s={search_term_string}\"},\"query-input\":{\"@type\":\"PropertyValueSpecification\",\"valueRequired\":true,\"valueName\":\"search_term_string\"}}],\"inLanguage\":\"es\"},{\"@type\":\"Organization\",\"@id\":\"https:\/\/futbolhoy.co\/#organization\",\"name\":\"Futbolhoy.co\",\"url\":\"https:\/\/futbolhoy.co\/\",\"logo\":{\"@type\":\"ImageObject\",\"inLanguage\":\"es\",\"@id\":\"https:\/\/futbolhoy.co\/#\/schema\/logo\/image\/\",\"url\":\"https:\/\/futbolhoy.co\/wp-content\/uploads\/2018\/08\/17426380_1906371736249227_6326180412931521141_n.jpg\",\"contentUrl\":\"https:\/\/futbolhoy.co\/wp-content\/uploads\/2018\/08\/17426380_1906371736249227_6326180412931521141_n.jpg\",\"width\":960,\"height\":960,\"caption\":\"Futbolhoy.co\"},\"image\":{\"@id\":\"https:\/\/futbolhoy.co\/#\/schema\/logo\/image\/\"},\"sameAs\":[\"https:\/\/www.facebook.com\/FutbolHoyCol\/\",\"https:\/\/x.com\/FutbolHoyCol\",\"https:\/\/www.instagram.com\/futbolhoycol\/\"]},{\"@type\":\"Person\",\"@id\":\"https:\/\/futbolhoy.co\/#\/schema\/person\/c4a353a512b127643723a34bb1812f7d\",\"name\":\"Laura Hern\u00e1ndez\",\"image\":{\"@type\":\"ImageObject\",\"inLanguage\":\"es\",\"@id\":\"https:\/\/futbolhoy.co\/#\/schema\/person\/image\/\",\"url\":\"https:\/\/secure.gravatar.com\/avatar\/d25959a15b9b293a743f99181c7cfd01?s=96&d=mm&r=g\",\"contentUrl\":\"https:\/\/secure.gravatar.com\/avatar\/d25959a15b9b293a743f99181c7cfd01?s=96&d=mm&r=g\",\"caption\":\"Laura Hern\u00e1ndez\"}}]}<\/script>\n<!-- \/ Yoast SEO plugin. -->","yoast_head_json":{"title":"Rueda: \"Necesitamos dar un golpe de autoridad\" -","robots":{"index":"index","follow":"follow","max-snippet":"max-snippet:-1","max-image-preview":"max-image-preview:large","max-video-preview":"max-video-preview:-1"},"canonical":"https:\/\/futbolhoy.co\/index.php\/2022\/01\/31\/rueda-necesitamos-dar-un-golpe-de-autoridad\/","og_locale":"es_ES","og_type":"article","og_title":"Rueda: \"Necesitamos dar un golpe de autoridad\" -","og_description":"(Reinaldo Rueda, DT de la Selecci\u00f3n Colombia) Reinaldo Rueda, director t\u00e9cnico de la Selecci\u00f3n Colombia, atendi\u00f3 a los medios de comunicaci\u00f3n previo al duelo de este martes ante Argentina en C\u00f3rdoba, por la fecha 16 de las Eliminatorias Sudamericanas al Mundial de Qatar 2022. El vallecaucano se mostr\u00f3 optimista en conseguir un buen resultado y [&hellip;]","og_url":"https:\/\/futbolhoy.co\/index.php\/2022\/01\/31\/rueda-necesitamos-dar-un-golpe-de-autoridad\/","article_publisher":"https:\/\/www.facebook.com\/FutbolHoyCol\/","article_published_time":"2022-01-31T18:37:21+00:00","article_modified_time":"2022-02-01T01:09:28+00:00","og_image":[{"width":1234,"height":597,"url":"https:\/\/futbolhoy.co\/wp-content\/uploads\/2022\/01\/Rueda-rei.png","type":"image\/png"}],"author":"Laura Hern\u00e1ndez","twitter_card":"summary_large_image","twitter_creator":"@FutbolHoyCol","twitter_site":"@FutbolHoyCol","twitter_misc":{"Escrito por":"Laura Hern\u00e1ndez","Tiempo de lectura":"3 minutos"},"schema":{"@context":"https:\/\/schema.org","@graph":[{"@type":"Article","@id":"https:\/\/futbolhoy.co\/index.php\/2022\/01\/31\/rueda-necesitamos-dar-un-golpe-de-autoridad\/#article","isPartOf":{"@id":"https:\/\/futbolhoy.co\/index.php\/2022\/01\/31\/rueda-necesitamos-dar-un-golpe-de-autoridad\/"},"author":{"name":"Laura Hern\u00e1ndez","@id":"https:\/\/futbolhoy.co\/#\/schema\/person\/c4a353a512b127643723a34bb1812f7d"},"headline":"Rueda: \"Necesitamos dar un golpe de autoridad\"","datePublished":"2022-01-31T18:37:21+00:00","dateModified":"2022-02-01T01:09:28+00:00","mainEntityOfPage":{"@id":"https:\/\/futbolhoy.co\/index.php\/2022\/01\/31\/rueda-necesitamos-dar-un-golpe-de-autoridad\/"},"wordCount":518,"commentCount":0,"publisher":{"@id":"https:\/\/futbolhoy.co\/#organization"},"image":{"@id":"https:\/\/futbolhoy.co\/index.php\/2022\/01\/31\/rueda-necesitamos-dar-un-golpe-de-autoridad\/#primaryimage"},"thumbnailUrl":"https:\/\/futbolhoy.co\/wp-content\/uploads\/2022\/01\/Rueda-rei.png","keywords":["Argentina","Reinaldo Rueda","Selecci\u00f3n Colombia"],"articleSection":["Colombia"],"inLanguage":"es","potentialAction":[{"@type":"CommentAction","name":"Comment","target":["https:\/\/futbolhoy.co\/index.php\/2022\/01\/31\/rueda-necesitamos-dar-un-golpe-de-autoridad\/#respond"]}]},{"@type":"WebPage","@id":"https:\/\/futbolhoy.co\/index.php\/2022\/01\/31\/rueda-necesitamos-dar-un-golpe-de-autoridad\/","url":"https:\/\/futbolhoy.co\/index.php\/2022\/01\/31\/rueda-necesitamos-dar-un-golpe-de-autoridad\/","name":"Rueda: \"Necesitamos dar un golpe de autoridad\" -","isPartOf":{"@id":"https:\/\/futbolhoy.co\/#website"},"primaryImageOfPage":{"@id":"https:\/\/futbolhoy.co\/index.php\/2022\/01\/31\/rueda-necesitamos-dar-un-golpe-de-autoridad\/#primaryimage"},"image":{"@id":"https:\/\/futbolhoy.co\/index.php\/2022\/01\/31\/rueda-necesitamos-dar-un-golpe-de-autoridad\/#primaryimage"},"thumbnailUrl":"https:\/\/futbolhoy.co\/wp-content\/uploads\/2022\/01\/Rueda-rei.png","datePublished":"2022-01-31T18:37:21+00:00","dateModified":"2022-02-01T01:09:28+00:00","breadcrumb":{"@id":"https:\/\/futbolhoy.co\/index.php\/2022\/01\/31\/rueda-necesitamos-dar-un-golpe-de-autoridad\/#breadcrumb"},"inLanguage":"es","potentialAction":[{"@type":"ReadAction","target":["https:\/\/futbolhoy.co\/index.php\/2022\/01\/31\/rueda-necesitamos-dar-un-golpe-de-autoridad\/"]}]},{"@type":"ImageObject","inLanguage":"es","@id":"https:\/\/futbolhoy.co\/index.php\/2022\/01\/31\/rueda-necesitamos-dar-un-golpe-de-autoridad\/#primaryimage","url":"https:\/\/futbolhoy.co\/wp-content\/uploads\/2022\/01\/Rueda-rei.png","contentUrl":"https:\/\/futbolhoy.co\/wp-content\/uploads\/2022\/01\/Rueda-rei.png","width":1234,"height":597},{"@type":"BreadcrumbList","@id":"https:\/\/futbolhoy.co\/index.php\/2022\/01\/31\/rueda-necesitamos-dar-un-golpe-de-autoridad\/#breadcrumb","itemListElement":[{"@type":"ListItem","position":1,"name":"Portada","item":"https:\/\/futbolhoy.co\/"},{"@type":"ListItem","position":2,"name":"Rueda: \u00abNecesitamos dar un golpe de autoridad\u00bb"}]},{"@type":"WebSite","@id":"https:\/\/futbolhoy.co\/#website","url":"https:\/\/futbolhoy.co\/","name":"FutbolHoy","description":"","publisher":{"@id":"https:\/\/futbolhoy.co\/#organization"},"potentialAction":[{"@type":"SearchAction","target":{"@type":"EntryPoint","urlTemplate":"https:\/\/futbolhoy.co\/?s={search_term_string}"},"query-input":{"@type":"PropertyValueSpecification","valueRequired":true,"valueName":"search_term_string"}}],"inLanguage":"es"},{"@type":"Organization","@id":"https:\/\/futbolhoy.co\/#organization","name":"Futbolhoy.co","url":"https:\/\/futbolhoy.co\/","logo":{"@type":"ImageObject","inLanguage":"es","@id":"https:\/\/futbolhoy.co\/#\/schema\/logo\/image\/","url":"https:\/\/futbolhoy.co\/wp-content\/uploads\/2018\/08\/17426380_1906371736249227_6326180412931521141_n.jpg","contentUrl":"https:\/\/futbolhoy.co\/wp-content\/uploads\/2018\/08\/17426380_1906371736249227_6326180412931521141_n.jpg","width":960,"height":960,"caption":"Futbolhoy.co"},"image":{"@id":"https:\/\/futbolhoy.co\/#\/schema\/logo\/image\/"},"sameAs":["https:\/\/www.facebook.com\/FutbolHoyCol\/","https:\/\/x.com\/FutbolHoyCol","https:\/\/www.instagram.com\/futbolhoycol\/"]},{"@type":"Person","@id":"https:\/\/futbolhoy.co\/#\/schema\/person\/c4a353a512b127643723a34bb1812f7d","name":"Laura Hern\u00e1ndez","image":{"@type":"ImageObject","inLanguage":"es","@id":"https:\/\/futbolhoy.co\/#\/schema\/person\/image\/","url":"https:\/\/secure.gravatar.com\/avatar\/d25959a15b9b293a743f99181c7cfd01?s=96&d=mm&r=g","contentUrl":"https:\/\/secure.gravatar.com\/avatar\/d25959a15b9b293a743f99181c7cfd01?s=96&d=mm&r=g","caption":"Laura Hern\u00e1ndez"}}]}},"publishpress_future_action":{"enabled":false,"date":"2026-05-04 22:47:09","action":"change-status","newStatus":"draft","terms":[],"taxonomy":"category","extraData":[]},"publishpress_future_workflow_manual_trigger":{"enabledWorkflows":[]},"_links":{"self":[{"href":"https:\/\/futbolhoy.co\/index.php\/wp-json\/wp\/v2\/posts\/75405","targetHints":{"allow":["GET"]}}],"collection":[{"href":"https:\/\/futbolhoy.co\/index.php\/wp-json\/wp\/v2\/posts"}],"about":[{"href":"https:\/\/futbolhoy.co\/index.php\/wp-json\/wp\/v2\/types\/post"}],"author":[{"embeddable":true,"href":"https:\/\/futbolhoy.co\/index.php\/wp-json\/wp\/v2\/users\/5"}],"replies":[{"embeddable":true,"href":"https:\/\/futbolhoy.co\/index.php\/wp-json\/wp\/v2\/comments?post=75405"}],"version-history":[{"count":1,"href":"https:\/\/futbolhoy.co\/index.php\/wp-json\/wp\/v2\/posts\/75405\/revisions"}],"predecessor-version":[{"id":75408,"href":"https:\/\/futbolhoy.co\/index.php\/wp-json\/wp\/v2\/posts\/75405\/revisions\/75408"}],"wp:featuredmedia":[{"embeddable":true,"href":"https:\/\/futbolhoy.co\/index.php\/wp-json\/wp\/v2\/media\/75406"}],"wp:attachment":[{"href":"https:\/\/futbolhoy.co\/index.php\/wp-json\/wp\/v2\/media?parent=75405"}],"wp:term":[{"taxonomy":"category","embeddable":true,"href":"https:\/\/futbolhoy.co\/index.php\/wp-json\/wp\/v2\/categories?post=75405"},{"taxonomy":"post_tag","embeddable":true,"href":"https:\/\/futbolhoy.co\/index.php\/wp-json\/wp\/v2\/tags?post=75405"}],"curies":[{"name":"wp","href":"https:\/\/api.w.org\/{rel}","templated":true}]}}