{"id":75479,"date":"2022-02-01T21:29:31","date_gmt":"2022-02-02T02:29:31","guid":{"rendered":"https:\/\/futbolhoy.co\/?p=75479"},"modified":"2022-02-02T09:03:14","modified_gmt":"2022-02-02T14:03:14","slug":"eliminatorias161","status":"publish","type":"post","link":"https:\/\/futbolhoy.co\/index.php\/2022\/02\/01\/eliminatorias161\/","title":{"rendered":"Ecuador se acerca y Per\u00fa sue\u00f1a"},"content":{"rendered":"<p style=\"text-align: justify;\"><span style=\"font-family: helvetica, arial, sans-serif;\"><strong>Per\u00fa<\/strong> y <strong>Ecuador<\/strong> empataron 1-1 en el estadio Nacional de Lima, compromiso que dej\u00f3 a la Selecci\u00f3n <strong>Colombia<\/strong> con chances de pelear un cupo al <strong>Mundial de Qatar 2022.<\/strong><\/span><\/p>\n<p style=\"text-align: justify;\"><span style=\"font-family: helvetica, arial, sans-serif;\">El equipo de <strong>Gustavo Alfaro<\/strong> abri\u00f3 el marcador a los 2 minutos con anotaci\u00f3n de <strong>Michael Estrada<\/strong>.<\/span><\/p>\n<p style=\"text-align: justify;\"><span style=\"font-family: helvetica, arial, sans-serif;\">Por el once de <strong>Ricardo Gareca<\/strong>, empat\u00f3 <strong>Edison Flores<\/strong> con un remate de cabeza a los 69 minutos.<\/span><\/p>\n<p style=\"text-align: justify;\"><span style=\"font-family: helvetica, arial, sans-serif;\"><strong>Ecuador<\/strong> no pudo sellar su clasificaci\u00f3n pero se mantiene muy cerca, en la tercera posici\u00f3n con 25 puntos.<\/span><\/p>\n<p style=\"text-align: justify;\"><span style=\"font-family: helvetica, arial, sans-serif;\"><strong>Per\u00fa<\/strong> es quinto con 21 unidades, cuatro m\u00e1s que <strong>Colombia<\/strong> a falta de dos partidos<\/span>.<\/p>\n<p style=\"text-align: justify;\"><span style=\"font-family: helvetica, arial, sans-serif;\">Por otro lado,<b> Brasil <\/b>gole\u00f3 4-0 a\u00a0<b>Paraguay<\/b>\u00a0en la fecha 16 de las eliminatorias de la\u00a0<b>Conmebol al Mundial Qatar 2022<\/b>, se consolid\u00f3 como l\u00edder de la tabla de posiciones y dej\u00f3 fuera de cualquier opci\u00f3n a los\u00a0<b>\u2018guaran\u00edes\u2019<\/b>.<\/span><\/p>\n<p style=\"text-align: justify;\"><span style=\"font-family: helvetica, arial, sans-serif;\">Los goles de los pentacampeones del mundo fueron obra de\u00a0<b>Raphinha (28\u2019), Philippe Coutinho (62\u2019), Antony Santos (86\u2019) y Rodrygo (88\u2019).<\/b><\/span><\/p>\n<p style=\"text-align: justify;\"><span style=\"font-family: helvetica, arial, sans-serif;\"><b>Uruguay y Chile<\/b> ganaron en la jornada.\u00a0<\/span><\/p>\n<p style=\"text-align: justify;\"><span style=\"font-family: helvetica, arial, sans-serif;\">El equipo de\u00a0<b>Diego Alonso<\/b>\u00a0gole\u00f3 a la\u00a0<b>Venezuela<\/b>\u00a0de\u00a0<b>Jos\u00e9 N\u00e9stor P\u00e9kerman<\/b>\u00a04-1 en el\u00a0<b>estadio Centenario de Montevideo<\/b>.<\/span><\/p>\n<p style=\"text-align: justify;\"><span style=\"font-family: helvetica, arial, sans-serif;\">Los\u00a0<b>\u2018Charr\u00faas\u2019<\/b>\u00a0se impusieron con anotaciones de\u00a0<b>Rodrigo Betancur (1\u2032), Giorgian De Arrascaeta (23\u2032), Edinson Cavani (45\u2019+1\u2032) y Luis Su\u00e1rez de penalti (53\u2032).<\/b><\/span><\/p>\n<p style=\"text-align: justify;\"><span style=\"font-family: helvetica, arial, sans-serif;\">El descuento\u00a0<b>\u2018patriota\u2019<\/b>\u00a0lleg\u00f3 por intermedio de\u00a0<b>Josef Mart\u00ednez<\/b>\u00a0(65\u2032).<\/span><\/p>\n<p style=\"text-align: justify;\"><span style=\"font-family: helvetica, arial, sans-serif;\">A primera hora,\u00a0<b>Chile<\/b>\u00a0derrot\u00f3 2-3 a\u00a0<b>Bolivia<\/b>\u00a0en el\u00a0<b>estadio Hernando Siles de La Paz.<\/b><\/span><\/p>\n<p style=\"text-align: justify;\"><span style=\"font-family: helvetica, arial, sans-serif;\">Los goles de\u00a0<b>\u2018La Roja\u2019<\/b>\u00a0fueron marcados por\u00a0<b>Alexis S\u00e1nchez<\/b>, de tiro libre a los 14 minutos y tras una gran acci\u00f3n individual a los 85; y\u00a0<b>Marcelino N\u00fa\u00f1ez<\/b>, a los 77 minutos.<\/span><\/p>\n<p style=\"text-align: justify;\"><span style=\"font-family: helvetica, arial, sans-serif;\">S\u00e1nchez lleg\u00f3 a 20 anotaciones en Eliminatorias, siendo el goleador hist\u00f3rico de su pa\u00eds en esta competencia.<\/span><\/p>\n<p style=\"text-align: justify;\"><span style=\"font-family: helvetica, arial, sans-serif;\">Por Bolivia hab\u00eda empatado parcialmente el defensa camerun\u00e9s nacionalizado boliviano\u00a0<b>Marc Enoumba<\/b>, con un cabezazo a los 37 minutos; y posteriormente descontado\u00a0<b>Marcelo Moreno Martins<\/b>\u00a0a los 88, goleador de la fase clasificatoria sudamericana con 10 tantos.<\/span><\/p>\n","protected":false},"excerpt":{"rendered":"<p>Per\u00fa y Ecuador empataron 1-1 en el estadio Nacional de Lima, compromiso que dej\u00f3 a la Selecci\u00f3n Colombia con chances de pelear un cupo al Mundial de Qatar 2022. El equipo de Gustavo Alfaro abri\u00f3 el marcador a los 2 minutos con anotaci\u00f3n de Michael Estrada. Por el once de Ricardo Gareca, empat\u00f3 Edison Flores [&hellip;]<\/p>\n","protected":false},"author":5,"featured_media":75532,"comment_status":"open","ping_status":"open","sticky":false,"template":"","format":"standard","meta":{"_acf_changed":false,"footnotes":""},"categories":[1965],"tags":[],"class_list":{"0":"post-75479","1":"post","2":"type-post","3":"status-publish","4":"format-standard","5":"has-post-thumbnail","7":"category-eli"},"acf":[],"yoast_head":"<!-- This site is optimized with the Yoast SEO plugin v26.8 - https:\/\/yoast.com\/product\/yoast-seo-wordpress\/ -->\n<title>Ecuador se acerca y Per\u00fa sue\u00f1a -<\/title>\n<meta name=\"robots\" content=\"index, follow, max-snippet:-1, max-image-preview:large, max-video-preview:-1\" \/>\n<link rel=\"canonical\" href=\"https:\/\/futbolhoy.co\/index.php\/2022\/02\/01\/eliminatorias161\/\" \/>\n<meta property=\"og:locale\" content=\"es_ES\" \/>\n<meta property=\"og:type\" content=\"article\" \/>\n<meta property=\"og:title\" content=\"Ecuador se acerca y Per\u00fa sue\u00f1a -\" \/>\n<meta property=\"og:description\" content=\"Per\u00fa y Ecuador empataron 1-1 en el estadio Nacional de Lima, compromiso que dej\u00f3 a la Selecci\u00f3n Colombia con chances de pelear un cupo al Mundial de Qatar 2022. El equipo de Gustavo Alfaro abri\u00f3 el marcador a los 2 minutos con anotaci\u00f3n de Michael Estrada. Por el once de Ricardo Gareca, empat\u00f3 Edison Flores [&hellip;]\" \/>\n<meta property=\"og:url\" content=\"https:\/\/futbolhoy.co\/index.php\/2022\/02\/01\/eliminatorias161\/\" \/>\n<meta property=\"article:publisher\" content=\"https:\/\/www.facebook.com\/FutbolHoyCol\/\" \/>\n<meta property=\"article:published_time\" content=\"2022-02-02T02:29:31+00:00\" \/>\n<meta property=\"article:modified_time\" content=\"2022-02-02T14:03:14+00:00\" \/>\n<meta property=\"og:image\" content=\"https:\/\/futbolhoy.co\/wp-content\/uploads\/2022\/02\/20220201_225300-scaled.jpg\" \/>\n\t<meta property=\"og:image:width\" content=\"2560\" \/>\n\t<meta property=\"og:image:height\" content=\"1707\" \/>\n\t<meta property=\"og:image:type\" content=\"image\/jpeg\" \/>\n<meta name=\"author\" content=\"Laura Hern\u00e1ndez\" \/>\n<meta name=\"twitter:card\" content=\"summary_large_image\" \/>\n<meta name=\"twitter:creator\" content=\"@FutbolHoyCol\" \/>\n<meta name=\"twitter:site\" content=\"@FutbolHoyCol\" \/>\n<meta name=\"twitter:label1\" content=\"Escrito por\" \/>\n\t<meta name=\"twitter:data1\" content=\"Laura Hern\u00e1ndez\" \/>\n\t<meta name=\"twitter:label2\" content=\"Tiempo de lectura\" \/>\n\t<meta name=\"twitter:data2\" content=\"2 minutos\" \/>\n<script type=\"application\/ld+json\" class=\"yoast-schema-graph\">{\"@context\":\"https:\/\/schema.org\",\"@graph\":[{\"@type\":\"Article\",\"@id\":\"https:\/\/futbolhoy.co\/index.php\/2022\/02\/01\/eliminatorias161\/#article\",\"isPartOf\":{\"@id\":\"https:\/\/futbolhoy.co\/index.php\/2022\/02\/01\/eliminatorias161\/\"},\"author\":{\"name\":\"Laura Hern\u00e1ndez\",\"@id\":\"https:\/\/futbolhoy.co\/#\/schema\/person\/c4a353a512b127643723a34bb1812f7d\"},\"headline\":\"Ecuador se acerca y Per\u00fa sue\u00f1a\",\"datePublished\":\"2022-02-02T02:29:31+00:00\",\"dateModified\":\"2022-02-02T14:03:14+00:00\",\"mainEntityOfPage\":{\"@id\":\"https:\/\/futbolhoy.co\/index.php\/2022\/02\/01\/eliminatorias161\/\"},\"wordCount\":326,\"commentCount\":0,\"publisher\":{\"@id\":\"https:\/\/futbolhoy.co\/#organization\"},\"image\":{\"@id\":\"https:\/\/futbolhoy.co\/index.php\/2022\/02\/01\/eliminatorias161\/#primaryimage\"},\"thumbnailUrl\":\"https:\/\/futbolhoy.co\/wp-content\/uploads\/2022\/02\/20220201_225300-scaled.jpg\",\"articleSection\":[\"Qatar 2022\"],\"inLanguage\":\"es\",\"potentialAction\":[{\"@type\":\"CommentAction\",\"name\":\"Comment\",\"target\":[\"https:\/\/futbolhoy.co\/index.php\/2022\/02\/01\/eliminatorias161\/#respond\"]}]},{\"@type\":\"WebPage\",\"@id\":\"https:\/\/futbolhoy.co\/index.php\/2022\/02\/01\/eliminatorias161\/\",\"url\":\"https:\/\/futbolhoy.co\/index.php\/2022\/02\/01\/eliminatorias161\/\",\"name\":\"Ecuador se acerca y Per\u00fa sue\u00f1a -\",\"isPartOf\":{\"@id\":\"https:\/\/futbolhoy.co\/#website\"},\"primaryImageOfPage\":{\"@id\":\"https:\/\/futbolhoy.co\/index.php\/2022\/02\/01\/eliminatorias161\/#primaryimage\"},\"image\":{\"@id\":\"https:\/\/futbolhoy.co\/index.php\/2022\/02\/01\/eliminatorias161\/#primaryimage\"},\"thumbnailUrl\":\"https:\/\/futbolhoy.co\/wp-content\/uploads\/2022\/02\/20220201_225300-scaled.jpg\",\"datePublished\":\"2022-02-02T02:29:31+00:00\",\"dateModified\":\"2022-02-02T14:03:14+00:00\",\"breadcrumb\":{\"@id\":\"https:\/\/futbolhoy.co\/index.php\/2022\/02\/01\/eliminatorias161\/#breadcrumb\"},\"inLanguage\":\"es\",\"potentialAction\":[{\"@type\":\"ReadAction\",\"target\":[\"https:\/\/futbolhoy.co\/index.php\/2022\/02\/01\/eliminatorias161\/\"]}]},{\"@type\":\"ImageObject\",\"inLanguage\":\"es\",\"@id\":\"https:\/\/futbolhoy.co\/index.php\/2022\/02\/01\/eliminatorias161\/#primaryimage\",\"url\":\"https:\/\/futbolhoy.co\/wp-content\/uploads\/2022\/02\/20220201_225300-scaled.jpg\",\"contentUrl\":\"https:\/\/futbolhoy.co\/wp-content\/uploads\/2022\/02\/20220201_225300-scaled.jpg\",\"width\":2560,\"height\":1707},{\"@type\":\"BreadcrumbList\",\"@id\":\"https:\/\/futbolhoy.co\/index.php\/2022\/02\/01\/eliminatorias161\/#breadcrumb\",\"itemListElement\":[{\"@type\":\"ListItem\",\"position\":1,\"name\":\"Portada\",\"item\":\"https:\/\/futbolhoy.co\/\"},{\"@type\":\"ListItem\",\"position\":2,\"name\":\"Ecuador se acerca y Per\u00fa sue\u00f1a\"}]},{\"@type\":\"WebSite\",\"@id\":\"https:\/\/futbolhoy.co\/#website\",\"url\":\"https:\/\/futbolhoy.co\/\",\"name\":\"FutbolHoy\",\"description\":\"\",\"publisher\":{\"@id\":\"https:\/\/futbolhoy.co\/#organization\"},\"potentialAction\":[{\"@type\":\"SearchAction\",\"target\":{\"@type\":\"EntryPoint\",\"urlTemplate\":\"https:\/\/futbolhoy.co\/?s={search_term_string}\"},\"query-input\":{\"@type\":\"PropertyValueSpecification\",\"valueRequired\":true,\"valueName\":\"search_term_string\"}}],\"inLanguage\":\"es\"},{\"@type\":\"Organization\",\"@id\":\"https:\/\/futbolhoy.co\/#organization\",\"name\":\"Futbolhoy.co\",\"url\":\"https:\/\/futbolhoy.co\/\",\"logo\":{\"@type\":\"ImageObject\",\"inLanguage\":\"es\",\"@id\":\"https:\/\/futbolhoy.co\/#\/schema\/logo\/image\/\",\"url\":\"https:\/\/futbolhoy.co\/wp-content\/uploads\/2018\/08\/17426380_1906371736249227_6326180412931521141_n.jpg\",\"contentUrl\":\"https:\/\/futbolhoy.co\/wp-content\/uploads\/2018\/08\/17426380_1906371736249227_6326180412931521141_n.jpg\",\"width\":960,\"height\":960,\"caption\":\"Futbolhoy.co\"},\"image\":{\"@id\":\"https:\/\/futbolhoy.co\/#\/schema\/logo\/image\/\"},\"sameAs\":[\"https:\/\/www.facebook.com\/FutbolHoyCol\/\",\"https:\/\/x.com\/FutbolHoyCol\",\"https:\/\/www.instagram.com\/futbolhoycol\/\"]},{\"@type\":\"Person\",\"@id\":\"https:\/\/futbolhoy.co\/#\/schema\/person\/c4a353a512b127643723a34bb1812f7d\",\"name\":\"Laura Hern\u00e1ndez\",\"image\":{\"@type\":\"ImageObject\",\"inLanguage\":\"es\",\"@id\":\"https:\/\/futbolhoy.co\/#\/schema\/person\/image\/\",\"url\":\"https:\/\/secure.gravatar.com\/avatar\/d25959a15b9b293a743f99181c7cfd01?s=96&d=mm&r=g\",\"contentUrl\":\"https:\/\/secure.gravatar.com\/avatar\/d25959a15b9b293a743f99181c7cfd01?s=96&d=mm&r=g\",\"caption\":\"Laura Hern\u00e1ndez\"}}]}<\/script>\n<!-- \/ Yoast SEO plugin. -->","yoast_head_json":{"title":"Ecuador se acerca y Per\u00fa sue\u00f1a -","robots":{"index":"index","follow":"follow","max-snippet":"max-snippet:-1","max-image-preview":"max-image-preview:large","max-video-preview":"max-video-preview:-1"},"canonical":"https:\/\/futbolhoy.co\/index.php\/2022\/02\/01\/eliminatorias161\/","og_locale":"es_ES","og_type":"article","og_title":"Ecuador se acerca y Per\u00fa sue\u00f1a -","og_description":"Per\u00fa y Ecuador empataron 1-1 en el estadio Nacional de Lima, compromiso que dej\u00f3 a la Selecci\u00f3n Colombia con chances de pelear un cupo al Mundial de Qatar 2022. El equipo de Gustavo Alfaro abri\u00f3 el marcador a los 2 minutos con anotaci\u00f3n de Michael Estrada. Por el once de Ricardo Gareca, empat\u00f3 Edison Flores [&hellip;]","og_url":"https:\/\/futbolhoy.co\/index.php\/2022\/02\/01\/eliminatorias161\/","article_publisher":"https:\/\/www.facebook.com\/FutbolHoyCol\/","article_published_time":"2022-02-02T02:29:31+00:00","article_modified_time":"2022-02-02T14:03:14+00:00","og_image":[{"width":2560,"height":1707,"url":"https:\/\/futbolhoy.co\/wp-content\/uploads\/2022\/02\/20220201_225300-scaled.jpg","type":"image\/jpeg"}],"author":"Laura Hern\u00e1ndez","twitter_card":"summary_large_image","twitter_creator":"@FutbolHoyCol","twitter_site":"@FutbolHoyCol","twitter_misc":{"Escrito por":"Laura Hern\u00e1ndez","Tiempo de lectura":"2 minutos"},"schema":{"@context":"https:\/\/schema.org","@graph":[{"@type":"Article","@id":"https:\/\/futbolhoy.co\/index.php\/2022\/02\/01\/eliminatorias161\/#article","isPartOf":{"@id":"https:\/\/futbolhoy.co\/index.php\/2022\/02\/01\/eliminatorias161\/"},"author":{"name":"Laura Hern\u00e1ndez","@id":"https:\/\/futbolhoy.co\/#\/schema\/person\/c4a353a512b127643723a34bb1812f7d"},"headline":"Ecuador se acerca y Per\u00fa sue\u00f1a","datePublished":"2022-02-02T02:29:31+00:00","dateModified":"2022-02-02T14:03:14+00:00","mainEntityOfPage":{"@id":"https:\/\/futbolhoy.co\/index.php\/2022\/02\/01\/eliminatorias161\/"},"wordCount":326,"commentCount":0,"publisher":{"@id":"https:\/\/futbolhoy.co\/#organization"},"image":{"@id":"https:\/\/futbolhoy.co\/index.php\/2022\/02\/01\/eliminatorias161\/#primaryimage"},"thumbnailUrl":"https:\/\/futbolhoy.co\/wp-content\/uploads\/2022\/02\/20220201_225300-scaled.jpg","articleSection":["Qatar 2022"],"inLanguage":"es","potentialAction":[{"@type":"CommentAction","name":"Comment","target":["https:\/\/futbolhoy.co\/index.php\/2022\/02\/01\/eliminatorias161\/#respond"]}]},{"@type":"WebPage","@id":"https:\/\/futbolhoy.co\/index.php\/2022\/02\/01\/eliminatorias161\/","url":"https:\/\/futbolhoy.co\/index.php\/2022\/02\/01\/eliminatorias161\/","name":"Ecuador se acerca y Per\u00fa sue\u00f1a -","isPartOf":{"@id":"https:\/\/futbolhoy.co\/#website"},"primaryImageOfPage":{"@id":"https:\/\/futbolhoy.co\/index.php\/2022\/02\/01\/eliminatorias161\/#primaryimage"},"image":{"@id":"https:\/\/futbolhoy.co\/index.php\/2022\/02\/01\/eliminatorias161\/#primaryimage"},"thumbnailUrl":"https:\/\/futbolhoy.co\/wp-content\/uploads\/2022\/02\/20220201_225300-scaled.jpg","datePublished":"2022-02-02T02:29:31+00:00","dateModified":"2022-02-02T14:03:14+00:00","breadcrumb":{"@id":"https:\/\/futbolhoy.co\/index.php\/2022\/02\/01\/eliminatorias161\/#breadcrumb"},"inLanguage":"es","potentialAction":[{"@type":"ReadAction","target":["https:\/\/futbolhoy.co\/index.php\/2022\/02\/01\/eliminatorias161\/"]}]},{"@type":"ImageObject","inLanguage":"es","@id":"https:\/\/futbolhoy.co\/index.php\/2022\/02\/01\/eliminatorias161\/#primaryimage","url":"https:\/\/futbolhoy.co\/wp-content\/uploads\/2022\/02\/20220201_225300-scaled.jpg","contentUrl":"https:\/\/futbolhoy.co\/wp-content\/uploads\/2022\/02\/20220201_225300-scaled.jpg","width":2560,"height":1707},{"@type":"BreadcrumbList","@id":"https:\/\/futbolhoy.co\/index.php\/2022\/02\/01\/eliminatorias161\/#breadcrumb","itemListElement":[{"@type":"ListItem","position":1,"name":"Portada","item":"https:\/\/futbolhoy.co\/"},{"@type":"ListItem","position":2,"name":"Ecuador se acerca y Per\u00fa sue\u00f1a"}]},{"@type":"WebSite","@id":"https:\/\/futbolhoy.co\/#website","url":"https:\/\/futbolhoy.co\/","name":"FutbolHoy","description":"","publisher":{"@id":"https:\/\/futbolhoy.co\/#organization"},"potentialAction":[{"@type":"SearchAction","target":{"@type":"EntryPoint","urlTemplate":"https:\/\/futbolhoy.co\/?s={search_term_string}"},"query-input":{"@type":"PropertyValueSpecification","valueRequired":true,"valueName":"search_term_string"}}],"inLanguage":"es"},{"@type":"Organization","@id":"https:\/\/futbolhoy.co\/#organization","name":"Futbolhoy.co","url":"https:\/\/futbolhoy.co\/","logo":{"@type":"ImageObject","inLanguage":"es","@id":"https:\/\/futbolhoy.co\/#\/schema\/logo\/image\/","url":"https:\/\/futbolhoy.co\/wp-content\/uploads\/2018\/08\/17426380_1906371736249227_6326180412931521141_n.jpg","contentUrl":"https:\/\/futbolhoy.co\/wp-content\/uploads\/2018\/08\/17426380_1906371736249227_6326180412931521141_n.jpg","width":960,"height":960,"caption":"Futbolhoy.co"},"image":{"@id":"https:\/\/futbolhoy.co\/#\/schema\/logo\/image\/"},"sameAs":["https:\/\/www.facebook.com\/FutbolHoyCol\/","https:\/\/x.com\/FutbolHoyCol","https:\/\/www.instagram.com\/futbolhoycol\/"]},{"@type":"Person","@id":"https:\/\/futbolhoy.co\/#\/schema\/person\/c4a353a512b127643723a34bb1812f7d","name":"Laura Hern\u00e1ndez","image":{"@type":"ImageObject","inLanguage":"es","@id":"https:\/\/futbolhoy.co\/#\/schema\/person\/image\/","url":"https:\/\/secure.gravatar.com\/avatar\/d25959a15b9b293a743f99181c7cfd01?s=96&d=mm&r=g","contentUrl":"https:\/\/secure.gravatar.com\/avatar\/d25959a15b9b293a743f99181c7cfd01?s=96&d=mm&r=g","caption":"Laura Hern\u00e1ndez"}}]}},"publishpress_future_action":{"enabled":false,"date":"2026-05-06 11:03:35","action":"change-status","newStatus":"draft","terms":[],"taxonomy":"category","extraData":[]},"publishpress_future_workflow_manual_trigger":{"enabledWorkflows":[]},"_links":{"self":[{"href":"https:\/\/futbolhoy.co\/index.php\/wp-json\/wp\/v2\/posts\/75479","targetHints":{"allow":["GET"]}}],"collection":[{"href":"https:\/\/futbolhoy.co\/index.php\/wp-json\/wp\/v2\/posts"}],"about":[{"href":"https:\/\/futbolhoy.co\/index.php\/wp-json\/wp\/v2\/types\/post"}],"author":[{"embeddable":true,"href":"https:\/\/futbolhoy.co\/index.php\/wp-json\/wp\/v2\/users\/5"}],"replies":[{"embeddable":true,"href":"https:\/\/futbolhoy.co\/index.php\/wp-json\/wp\/v2\/comments?post=75479"}],"version-history":[{"count":6,"href":"https:\/\/futbolhoy.co\/index.php\/wp-json\/wp\/v2\/posts\/75479\/revisions"}],"predecessor-version":[{"id":75541,"href":"https:\/\/futbolhoy.co\/index.php\/wp-json\/wp\/v2\/posts\/75479\/revisions\/75541"}],"wp:featuredmedia":[{"embeddable":true,"href":"https:\/\/futbolhoy.co\/index.php\/wp-json\/wp\/v2\/media\/75532"}],"wp:attachment":[{"href":"https:\/\/futbolhoy.co\/index.php\/wp-json\/wp\/v2\/media?parent=75479"}],"wp:term":[{"taxonomy":"category","embeddable":true,"href":"https:\/\/futbolhoy.co\/index.php\/wp-json\/wp\/v2\/categories?post=75479"},{"taxonomy":"post_tag","embeddable":true,"href":"https:\/\/futbolhoy.co\/index.php\/wp-json\/wp\/v2\/tags?post=75479"}],"curies":[{"name":"wp","href":"https:\/\/api.w.org\/{rel}","templated":true}]}}