{"id":75517,"date":"2022-02-01T21:37:46","date_gmt":"2022-02-02T02:37:46","guid":{"rendered":"https:\/\/futbolhoy.co\/?p=75517"},"modified":"2022-02-02T09:45:40","modified_gmt":"2022-02-02T14:45:40","slug":"colombia-al-borde-de-la-eliminacion","status":"publish","type":"post","link":"https:\/\/futbolhoy.co\/index.php\/2022\/02\/01\/colombia-al-borde-de-la-eliminacion\/","title":{"rendered":"Colombia qued\u00f3 al borde de la eliminaci\u00f3n"},"content":{"rendered":"<p style=\"text-align: justify;\"><span style=\"font-family: helvetica, arial, sans-serif;\">La\u00a0<b>selecci\u00f3n Colombia<\/b>\u00a0cay\u00f3 1-0 en su visita a\u00a0<b>Argentina en C\u00f3rdoba,<\/b> en partido por la jornada 16 de las eliminatorias sudamericanas al <b>Mundial Qatar 2022<\/b>.<\/span><\/p>\n<p style=\"text-align: justify;\"><span style=\"font-family: helvetica, arial, sans-serif;\">El gol del conjunto argentino lleg\u00f3 a los 29 minutos por intermedio de\u00a0<b>Lautaro Mart\u00ednez<\/b>\u00a0ante un centro de\u00a0<b>Marcos Acu\u00f1a<\/b>\u00a0que no logr\u00f3 rechazar\u00a0<b>William Tesillo<\/b>.<\/span><\/p>\n<p style=\"text-align: justify;\"><span style=\"font-family: helvetica, arial, sans-serif;\">El portero colombiano\u00a0<b>Camilo Vargas<\/b>\u00a0tuvo dos extraordinarias intervenciones al ahogar el grito de gol al capit\u00e1n local\u00a0<b>\u00c1ngel Di Mar\u00eda<\/b>, una en tiro libre y otra en bal\u00f3n en movimiento.<\/span><\/p>\n<p style=\"text-align: justify;\"><span style=\"font-family: helvetica, arial, sans-serif;\">Argentina, con muchos cambios en su formaci\u00f3n titular, fue muy superior a lo largo de todo el partido, en ning\u00fan momento vio en peligro la victoria, ante una Colombia que mostr\u00f3 falta de ambici\u00f3n y fall\u00f3 en las piernas de\u00a0<b>Miguel \u00c1ngel Borja y Luis D\u00edaz<\/b>\u00a0la \u00fanica opci\u00f3n de anotar que tuvo, cerrando el primer tiempo.<\/span><\/p>\n<p style=\"text-align: justify;\"><span style=\"font-family: helvetica, arial, sans-serif;\">El delantero samario\u00a0<b>Luis Javier Su\u00e1rez<\/b>\u00a0fue amonestado y por acumulaci\u00f3n se perder\u00e1 el partido contra\u00a0<b>Bolivia<\/b>\u00a0el 24 de marzo en\u00a0<b>Barranquilla<\/b>.<\/span><\/p>\n<p style=\"text-align: justify;\"><span style=\"font-family: helvetica, arial, sans-serif;\">El equipo que dirige\u00a0<b>Reinaldo Rueda<\/b>\u00a0lleg\u00f3 a 647 minutos sin marcar gol y qued\u00f3 pr\u00e1cticamente sin chances de clasificar a la\u00a0<b>Copa del Mundo<\/b>.<\/span><\/p>\n<p style=\"text-align: justify;\"><span style=\"font-family: helvetica, arial, sans-serif;\">Argentina ampli\u00f3 a 29 partidos su invicto y logr\u00f3 bajo las \u00f3rdenes del t\u00e9cnico\u00a0<b>Lionel Scaloni<\/b>\u00a0su primera victoria sobre los colombianos.<\/span><\/p>\n<p style=\"text-align: justify;\"><span style=\"font-family: helvetica, arial, sans-serif;\"><b>Formaciones:<\/b><\/span><\/p>\n<p style=\"text-align: justify;\"><span style=\"font-family: helvetica, arial, sans-serif;\"><b>Argentina<\/b>: Emiliano Mart\u00ednez; Gonzalo Montiel, Germ\u00e1n Pezzella, Lisandro Mart\u00ednez, Marcos Acu\u00f1a; Guido Rodr\u00edguez, Giovanni Lo Celso (Emiliano Buend\u00eda 80\u2019), Alejandro G\u00f3mez (Lucas Mart\u00ednez Quarta 80\u2019); Lucas Ocampos (Maximiliano Meza 58\u2019), Lautaro Mart\u00ednez (Paulo Dybala 69\u2019) y \u00c1ngel Di Mar\u00eda (Nicol\u00e1s Gonz\u00e1lez 69\u2019).<\/span><\/p>\n<p style=\"text-align: justify;\"><span style=\"font-family: helvetica, arial, sans-serif;\"><b>Colombia<\/b>: Camilo Vargas; Stefan Medina (Diego Valoyes 67\u2019), D\u00e1vinson S\u00e1nchez, William Tesillo, Johan Mojica; Wilmar Barrios (Gustavo Cuellar 75\u2019), Matheus Uribe (V\u00edctor Cantillo 57\u2019); Juan Guillermo Cuadrado, James Rodr\u00edguez (Luis Su\u00e1rez 57\u2019), Luis D\u00edaz; y Miguel \u00c1ngel Borja (Falcao Garc\u00eda 75\u2019).<\/span><\/p>\n<p style=\"text-align: justify;\"><span style=\"font-family: helvetica, arial, sans-serif;\"><b>\u00c1rbitro:\u00a0<\/b>Raphael Claus (BRA).<\/span><\/p>\n","protected":false},"excerpt":{"rendered":"<p>La\u00a0selecci\u00f3n Colombia\u00a0cay\u00f3 1-0 en su visita a\u00a0Argentina en C\u00f3rdoba, en partido por la jornada 16 de las eliminatorias sudamericanas al Mundial Qatar 2022. El gol del conjunto argentino lleg\u00f3 a los 29 minutos por intermedio de\u00a0Lautaro Mart\u00ednez\u00a0ante un centro de\u00a0Marcos Acu\u00f1a\u00a0que no logr\u00f3 rechazar\u00a0William Tesillo. El portero colombiano\u00a0Camilo Vargas\u00a0tuvo dos extraordinarias intervenciones al ahogar el [&hellip;]<\/p>\n","protected":false},"author":5,"featured_media":75492,"comment_status":"open","ping_status":"open","sticky":false,"template":"","format":"standard","meta":{"_acf_changed":false,"footnotes":""},"categories":[418],"tags":[],"class_list":{"0":"post-75517","1":"post","2":"type-post","3":"status-publish","4":"format-standard","5":"has-post-thumbnail","7":"category-colombia"},"acf":[],"yoast_head":"<!-- This site is optimized with the Yoast SEO plugin v26.8 - https:\/\/yoast.com\/product\/yoast-seo-wordpress\/ -->\n<title>Colombia qued\u00f3 al borde de la eliminaci\u00f3n -<\/title>\n<meta name=\"robots\" content=\"index, follow, max-snippet:-1, max-image-preview:large, max-video-preview:-1\" \/>\n<link rel=\"canonical\" href=\"https:\/\/futbolhoy.co\/index.php\/2022\/02\/01\/colombia-al-borde-de-la-eliminacion\/\" \/>\n<meta property=\"og:locale\" content=\"es_ES\" \/>\n<meta property=\"og:type\" content=\"article\" \/>\n<meta property=\"og:title\" content=\"Colombia qued\u00f3 al borde de la eliminaci\u00f3n -\" \/>\n<meta property=\"og:description\" content=\"La\u00a0selecci\u00f3n Colombia\u00a0cay\u00f3 1-0 en su visita a\u00a0Argentina en C\u00f3rdoba, en partido por la jornada 16 de las eliminatorias sudamericanas al Mundial Qatar 2022. El gol del conjunto argentino lleg\u00f3 a los 29 minutos por intermedio de\u00a0Lautaro Mart\u00ednez\u00a0ante un centro de\u00a0Marcos Acu\u00f1a\u00a0que no logr\u00f3 rechazar\u00a0William Tesillo. El portero colombiano\u00a0Camilo Vargas\u00a0tuvo dos extraordinarias intervenciones al ahogar el [&hellip;]\" \/>\n<meta property=\"og:url\" content=\"https:\/\/futbolhoy.co\/index.php\/2022\/02\/01\/colombia-al-borde-de-la-eliminacion\/\" \/>\n<meta property=\"article:publisher\" content=\"https:\/\/www.facebook.com\/FutbolHoyCol\/\" \/>\n<meta property=\"article:published_time\" content=\"2022-02-02T02:37:46+00:00\" \/>\n<meta property=\"article:modified_time\" content=\"2022-02-02T14:45:40+00:00\" \/>\n<meta property=\"og:image\" content=\"https:\/\/futbolhoy.co\/wp-content\/uploads\/2022\/02\/FKjMhwgWQAMW8Aw.jpg\" \/>\n\t<meta property=\"og:image:width\" content=\"679\" \/>\n\t<meta property=\"og:image:height\" content=\"453\" \/>\n\t<meta property=\"og:image:type\" content=\"image\/jpeg\" \/>\n<meta name=\"author\" content=\"Laura Hern\u00e1ndez\" \/>\n<meta name=\"twitter:card\" content=\"summary_large_image\" \/>\n<meta name=\"twitter:creator\" content=\"@FutbolHoyCol\" \/>\n<meta name=\"twitter:site\" content=\"@FutbolHoyCol\" \/>\n<meta name=\"twitter:label1\" content=\"Escrito por\" \/>\n\t<meta name=\"twitter:data1\" content=\"Laura Hern\u00e1ndez\" \/>\n\t<meta name=\"twitter:label2\" content=\"Tiempo de lectura\" \/>\n\t<meta name=\"twitter:data2\" content=\"2 minutos\" \/>\n<script type=\"application\/ld+json\" class=\"yoast-schema-graph\">{\"@context\":\"https:\/\/schema.org\",\"@graph\":[{\"@type\":\"Article\",\"@id\":\"https:\/\/futbolhoy.co\/index.php\/2022\/02\/01\/colombia-al-borde-de-la-eliminacion\/#article\",\"isPartOf\":{\"@id\":\"https:\/\/futbolhoy.co\/index.php\/2022\/02\/01\/colombia-al-borde-de-la-eliminacion\/\"},\"author\":{\"name\":\"Laura Hern\u00e1ndez\",\"@id\":\"https:\/\/futbolhoy.co\/#\/schema\/person\/c4a353a512b127643723a34bb1812f7d\"},\"headline\":\"Colombia qued\u00f3 al borde de la eliminaci\u00f3n\",\"datePublished\":\"2022-02-02T02:37:46+00:00\",\"dateModified\":\"2022-02-02T14:45:40+00:00\",\"mainEntityOfPage\":{\"@id\":\"https:\/\/futbolhoy.co\/index.php\/2022\/02\/01\/colombia-al-borde-de-la-eliminacion\/\"},\"wordCount\":326,\"commentCount\":0,\"publisher\":{\"@id\":\"https:\/\/futbolhoy.co\/#organization\"},\"image\":{\"@id\":\"https:\/\/futbolhoy.co\/index.php\/2022\/02\/01\/colombia-al-borde-de-la-eliminacion\/#primaryimage\"},\"thumbnailUrl\":\"https:\/\/futbolhoy.co\/wp-content\/uploads\/2022\/02\/FKjMhwgWQAMW8Aw.jpg\",\"articleSection\":[\"Colombia\"],\"inLanguage\":\"es\",\"potentialAction\":[{\"@type\":\"CommentAction\",\"name\":\"Comment\",\"target\":[\"https:\/\/futbolhoy.co\/index.php\/2022\/02\/01\/colombia-al-borde-de-la-eliminacion\/#respond\"]}]},{\"@type\":\"WebPage\",\"@id\":\"https:\/\/futbolhoy.co\/index.php\/2022\/02\/01\/colombia-al-borde-de-la-eliminacion\/\",\"url\":\"https:\/\/futbolhoy.co\/index.php\/2022\/02\/01\/colombia-al-borde-de-la-eliminacion\/\",\"name\":\"Colombia qued\u00f3 al borde de la eliminaci\u00f3n -\",\"isPartOf\":{\"@id\":\"https:\/\/futbolhoy.co\/#website\"},\"primaryImageOfPage\":{\"@id\":\"https:\/\/futbolhoy.co\/index.php\/2022\/02\/01\/colombia-al-borde-de-la-eliminacion\/#primaryimage\"},\"image\":{\"@id\":\"https:\/\/futbolhoy.co\/index.php\/2022\/02\/01\/colombia-al-borde-de-la-eliminacion\/#primaryimage\"},\"thumbnailUrl\":\"https:\/\/futbolhoy.co\/wp-content\/uploads\/2022\/02\/FKjMhwgWQAMW8Aw.jpg\",\"datePublished\":\"2022-02-02T02:37:46+00:00\",\"dateModified\":\"2022-02-02T14:45:40+00:00\",\"breadcrumb\":{\"@id\":\"https:\/\/futbolhoy.co\/index.php\/2022\/02\/01\/colombia-al-borde-de-la-eliminacion\/#breadcrumb\"},\"inLanguage\":\"es\",\"potentialAction\":[{\"@type\":\"ReadAction\",\"target\":[\"https:\/\/futbolhoy.co\/index.php\/2022\/02\/01\/colombia-al-borde-de-la-eliminacion\/\"]}]},{\"@type\":\"ImageObject\",\"inLanguage\":\"es\",\"@id\":\"https:\/\/futbolhoy.co\/index.php\/2022\/02\/01\/colombia-al-borde-de-la-eliminacion\/#primaryimage\",\"url\":\"https:\/\/futbolhoy.co\/wp-content\/uploads\/2022\/02\/FKjMhwgWQAMW8Aw.jpg\",\"contentUrl\":\"https:\/\/futbolhoy.co\/wp-content\/uploads\/2022\/02\/FKjMhwgWQAMW8Aw.jpg\",\"width\":679,\"height\":453},{\"@type\":\"BreadcrumbList\",\"@id\":\"https:\/\/futbolhoy.co\/index.php\/2022\/02\/01\/colombia-al-borde-de-la-eliminacion\/#breadcrumb\",\"itemListElement\":[{\"@type\":\"ListItem\",\"position\":1,\"name\":\"Portada\",\"item\":\"https:\/\/futbolhoy.co\/\"},{\"@type\":\"ListItem\",\"position\":2,\"name\":\"Colombia qued\u00f3 al borde de la eliminaci\u00f3n\"}]},{\"@type\":\"WebSite\",\"@id\":\"https:\/\/futbolhoy.co\/#website\",\"url\":\"https:\/\/futbolhoy.co\/\",\"name\":\"FutbolHoy\",\"description\":\"\",\"publisher\":{\"@id\":\"https:\/\/futbolhoy.co\/#organization\"},\"potentialAction\":[{\"@type\":\"SearchAction\",\"target\":{\"@type\":\"EntryPoint\",\"urlTemplate\":\"https:\/\/futbolhoy.co\/?s={search_term_string}\"},\"query-input\":{\"@type\":\"PropertyValueSpecification\",\"valueRequired\":true,\"valueName\":\"search_term_string\"}}],\"inLanguage\":\"es\"},{\"@type\":\"Organization\",\"@id\":\"https:\/\/futbolhoy.co\/#organization\",\"name\":\"Futbolhoy.co\",\"url\":\"https:\/\/futbolhoy.co\/\",\"logo\":{\"@type\":\"ImageObject\",\"inLanguage\":\"es\",\"@id\":\"https:\/\/futbolhoy.co\/#\/schema\/logo\/image\/\",\"url\":\"https:\/\/futbolhoy.co\/wp-content\/uploads\/2018\/08\/17426380_1906371736249227_6326180412931521141_n.jpg\",\"contentUrl\":\"https:\/\/futbolhoy.co\/wp-content\/uploads\/2018\/08\/17426380_1906371736249227_6326180412931521141_n.jpg\",\"width\":960,\"height\":960,\"caption\":\"Futbolhoy.co\"},\"image\":{\"@id\":\"https:\/\/futbolhoy.co\/#\/schema\/logo\/image\/\"},\"sameAs\":[\"https:\/\/www.facebook.com\/FutbolHoyCol\/\",\"https:\/\/x.com\/FutbolHoyCol\",\"https:\/\/www.instagram.com\/futbolhoycol\/\"]},{\"@type\":\"Person\",\"@id\":\"https:\/\/futbolhoy.co\/#\/schema\/person\/c4a353a512b127643723a34bb1812f7d\",\"name\":\"Laura Hern\u00e1ndez\",\"image\":{\"@type\":\"ImageObject\",\"inLanguage\":\"es\",\"@id\":\"https:\/\/futbolhoy.co\/#\/schema\/person\/image\/\",\"url\":\"https:\/\/secure.gravatar.com\/avatar\/d25959a15b9b293a743f99181c7cfd01?s=96&d=mm&r=g\",\"contentUrl\":\"https:\/\/secure.gravatar.com\/avatar\/d25959a15b9b293a743f99181c7cfd01?s=96&d=mm&r=g\",\"caption\":\"Laura Hern\u00e1ndez\"}}]}<\/script>\n<!-- \/ Yoast SEO plugin. -->","yoast_head_json":{"title":"Colombia qued\u00f3 al borde de la eliminaci\u00f3n -","robots":{"index":"index","follow":"follow","max-snippet":"max-snippet:-1","max-image-preview":"max-image-preview:large","max-video-preview":"max-video-preview:-1"},"canonical":"https:\/\/futbolhoy.co\/index.php\/2022\/02\/01\/colombia-al-borde-de-la-eliminacion\/","og_locale":"es_ES","og_type":"article","og_title":"Colombia qued\u00f3 al borde de la eliminaci\u00f3n -","og_description":"La\u00a0selecci\u00f3n Colombia\u00a0cay\u00f3 1-0 en su visita a\u00a0Argentina en C\u00f3rdoba, en partido por la jornada 16 de las eliminatorias sudamericanas al Mundial Qatar 2022. El gol del conjunto argentino lleg\u00f3 a los 29 minutos por intermedio de\u00a0Lautaro Mart\u00ednez\u00a0ante un centro de\u00a0Marcos Acu\u00f1a\u00a0que no logr\u00f3 rechazar\u00a0William Tesillo. El portero colombiano\u00a0Camilo Vargas\u00a0tuvo dos extraordinarias intervenciones al ahogar el [&hellip;]","og_url":"https:\/\/futbolhoy.co\/index.php\/2022\/02\/01\/colombia-al-borde-de-la-eliminacion\/","article_publisher":"https:\/\/www.facebook.com\/FutbolHoyCol\/","article_published_time":"2022-02-02T02:37:46+00:00","article_modified_time":"2022-02-02T14:45:40+00:00","og_image":[{"width":679,"height":453,"url":"https:\/\/futbolhoy.co\/wp-content\/uploads\/2022\/02\/FKjMhwgWQAMW8Aw.jpg","type":"image\/jpeg"}],"author":"Laura Hern\u00e1ndez","twitter_card":"summary_large_image","twitter_creator":"@FutbolHoyCol","twitter_site":"@FutbolHoyCol","twitter_misc":{"Escrito por":"Laura Hern\u00e1ndez","Tiempo de lectura":"2 minutos"},"schema":{"@context":"https:\/\/schema.org","@graph":[{"@type":"Article","@id":"https:\/\/futbolhoy.co\/index.php\/2022\/02\/01\/colombia-al-borde-de-la-eliminacion\/#article","isPartOf":{"@id":"https:\/\/futbolhoy.co\/index.php\/2022\/02\/01\/colombia-al-borde-de-la-eliminacion\/"},"author":{"name":"Laura Hern\u00e1ndez","@id":"https:\/\/futbolhoy.co\/#\/schema\/person\/c4a353a512b127643723a34bb1812f7d"},"headline":"Colombia qued\u00f3 al borde de la eliminaci\u00f3n","datePublished":"2022-02-02T02:37:46+00:00","dateModified":"2022-02-02T14:45:40+00:00","mainEntityOfPage":{"@id":"https:\/\/futbolhoy.co\/index.php\/2022\/02\/01\/colombia-al-borde-de-la-eliminacion\/"},"wordCount":326,"commentCount":0,"publisher":{"@id":"https:\/\/futbolhoy.co\/#organization"},"image":{"@id":"https:\/\/futbolhoy.co\/index.php\/2022\/02\/01\/colombia-al-borde-de-la-eliminacion\/#primaryimage"},"thumbnailUrl":"https:\/\/futbolhoy.co\/wp-content\/uploads\/2022\/02\/FKjMhwgWQAMW8Aw.jpg","articleSection":["Colombia"],"inLanguage":"es","potentialAction":[{"@type":"CommentAction","name":"Comment","target":["https:\/\/futbolhoy.co\/index.php\/2022\/02\/01\/colombia-al-borde-de-la-eliminacion\/#respond"]}]},{"@type":"WebPage","@id":"https:\/\/futbolhoy.co\/index.php\/2022\/02\/01\/colombia-al-borde-de-la-eliminacion\/","url":"https:\/\/futbolhoy.co\/index.php\/2022\/02\/01\/colombia-al-borde-de-la-eliminacion\/","name":"Colombia qued\u00f3 al borde de la eliminaci\u00f3n -","isPartOf":{"@id":"https:\/\/futbolhoy.co\/#website"},"primaryImageOfPage":{"@id":"https:\/\/futbolhoy.co\/index.php\/2022\/02\/01\/colombia-al-borde-de-la-eliminacion\/#primaryimage"},"image":{"@id":"https:\/\/futbolhoy.co\/index.php\/2022\/02\/01\/colombia-al-borde-de-la-eliminacion\/#primaryimage"},"thumbnailUrl":"https:\/\/futbolhoy.co\/wp-content\/uploads\/2022\/02\/FKjMhwgWQAMW8Aw.jpg","datePublished":"2022-02-02T02:37:46+00:00","dateModified":"2022-02-02T14:45:40+00:00","breadcrumb":{"@id":"https:\/\/futbolhoy.co\/index.php\/2022\/02\/01\/colombia-al-borde-de-la-eliminacion\/#breadcrumb"},"inLanguage":"es","potentialAction":[{"@type":"ReadAction","target":["https:\/\/futbolhoy.co\/index.php\/2022\/02\/01\/colombia-al-borde-de-la-eliminacion\/"]}]},{"@type":"ImageObject","inLanguage":"es","@id":"https:\/\/futbolhoy.co\/index.php\/2022\/02\/01\/colombia-al-borde-de-la-eliminacion\/#primaryimage","url":"https:\/\/futbolhoy.co\/wp-content\/uploads\/2022\/02\/FKjMhwgWQAMW8Aw.jpg","contentUrl":"https:\/\/futbolhoy.co\/wp-content\/uploads\/2022\/02\/FKjMhwgWQAMW8Aw.jpg","width":679,"height":453},{"@type":"BreadcrumbList","@id":"https:\/\/futbolhoy.co\/index.php\/2022\/02\/01\/colombia-al-borde-de-la-eliminacion\/#breadcrumb","itemListElement":[{"@type":"ListItem","position":1,"name":"Portada","item":"https:\/\/futbolhoy.co\/"},{"@type":"ListItem","position":2,"name":"Colombia qued\u00f3 al borde de la eliminaci\u00f3n"}]},{"@type":"WebSite","@id":"https:\/\/futbolhoy.co\/#website","url":"https:\/\/futbolhoy.co\/","name":"FutbolHoy","description":"","publisher":{"@id":"https:\/\/futbolhoy.co\/#organization"},"potentialAction":[{"@type":"SearchAction","target":{"@type":"EntryPoint","urlTemplate":"https:\/\/futbolhoy.co\/?s={search_term_string}"},"query-input":{"@type":"PropertyValueSpecification","valueRequired":true,"valueName":"search_term_string"}}],"inLanguage":"es"},{"@type":"Organization","@id":"https:\/\/futbolhoy.co\/#organization","name":"Futbolhoy.co","url":"https:\/\/futbolhoy.co\/","logo":{"@type":"ImageObject","inLanguage":"es","@id":"https:\/\/futbolhoy.co\/#\/schema\/logo\/image\/","url":"https:\/\/futbolhoy.co\/wp-content\/uploads\/2018\/08\/17426380_1906371736249227_6326180412931521141_n.jpg","contentUrl":"https:\/\/futbolhoy.co\/wp-content\/uploads\/2018\/08\/17426380_1906371736249227_6326180412931521141_n.jpg","width":960,"height":960,"caption":"Futbolhoy.co"},"image":{"@id":"https:\/\/futbolhoy.co\/#\/schema\/logo\/image\/"},"sameAs":["https:\/\/www.facebook.com\/FutbolHoyCol\/","https:\/\/x.com\/FutbolHoyCol","https:\/\/www.instagram.com\/futbolhoycol\/"]},{"@type":"Person","@id":"https:\/\/futbolhoy.co\/#\/schema\/person\/c4a353a512b127643723a34bb1812f7d","name":"Laura Hern\u00e1ndez","image":{"@type":"ImageObject","inLanguage":"es","@id":"https:\/\/futbolhoy.co\/#\/schema\/person\/image\/","url":"https:\/\/secure.gravatar.com\/avatar\/d25959a15b9b293a743f99181c7cfd01?s=96&d=mm&r=g","contentUrl":"https:\/\/secure.gravatar.com\/avatar\/d25959a15b9b293a743f99181c7cfd01?s=96&d=mm&r=g","caption":"Laura Hern\u00e1ndez"}}]}},"publishpress_future_action":{"enabled":false,"date":"2026-05-06 08:21:48","action":"change-status","newStatus":"draft","terms":[],"taxonomy":"category","extraData":[]},"publishpress_future_workflow_manual_trigger":{"enabledWorkflows":[]},"_links":{"self":[{"href":"https:\/\/futbolhoy.co\/index.php\/wp-json\/wp\/v2\/posts\/75517","targetHints":{"allow":["GET"]}}],"collection":[{"href":"https:\/\/futbolhoy.co\/index.php\/wp-json\/wp\/v2\/posts"}],"about":[{"href":"https:\/\/futbolhoy.co\/index.php\/wp-json\/wp\/v2\/types\/post"}],"author":[{"embeddable":true,"href":"https:\/\/futbolhoy.co\/index.php\/wp-json\/wp\/v2\/users\/5"}],"replies":[{"embeddable":true,"href":"https:\/\/futbolhoy.co\/index.php\/wp-json\/wp\/v2\/comments?post=75517"}],"version-history":[{"count":4,"href":"https:\/\/futbolhoy.co\/index.php\/wp-json\/wp\/v2\/posts\/75517\/revisions"}],"predecessor-version":[{"id":75529,"href":"https:\/\/futbolhoy.co\/index.php\/wp-json\/wp\/v2\/posts\/75517\/revisions\/75529"}],"wp:featuredmedia":[{"embeddable":true,"href":"https:\/\/futbolhoy.co\/index.php\/wp-json\/wp\/v2\/media\/75492"}],"wp:attachment":[{"href":"https:\/\/futbolhoy.co\/index.php\/wp-json\/wp\/v2\/media?parent=75517"}],"wp:term":[{"taxonomy":"category","embeddable":true,"href":"https:\/\/futbolhoy.co\/index.php\/wp-json\/wp\/v2\/categories?post=75517"},{"taxonomy":"post_tag","embeddable":true,"href":"https:\/\/futbolhoy.co\/index.php\/wp-json\/wp\/v2\/tags?post=75517"}],"curies":[{"name":"wp","href":"https:\/\/api.w.org\/{rel}","templated":true}]}}