{"id":75717,"date":"2022-02-06T09:30:53","date_gmt":"2022-02-06T14:30:53","guid":{"rendered":"https:\/\/futbolhoy.co\/?p=75717"},"modified":"2022-02-06T20:13:47","modified_gmt":"2022-02-07T01:13:47","slug":"diaz-debuto-con-asistencia","status":"publish","type":"post","link":"https:\/\/futbolhoy.co\/index.php\/2022\/02\/06\/diaz-debuto-con-asistencia\/","title":{"rendered":"D\u00edaz debut\u00f3 con asistencia"},"content":{"rendered":"<p style=\"text-align: justify;\"><span style=\"font-family: helvetica, arial, sans-serif;\">El guajiro <strong>Luis D\u00edaz<\/strong> tuvo un destacado debut este domingo con <strong>Liverpool,<\/strong> en partido por la cuarta ronda de la <strong>FA Cup,<\/strong> donde venci\u00f3 3-1 al <strong>Cardiff City.<\/strong><\/span><\/p>\n<p style=\"text-align: justify;\"><span style=\"font-family: helvetica, arial, sans-serif;\">D\u00edaz, que esta semana cerr\u00f3 su paso del <strong>Porto<\/strong> de <strong>Portugal<\/strong> al equipo ingl\u00e9s, ingres\u00f3 al minuto 58 por <strong>Curtis Jones.<\/strong><\/span><\/p>\n<p style=\"text-align: justify;\"><span style=\"font-family: helvetica, arial, sans-serif;\">A los 68 minutos, presion\u00f3 la defensa local y logr\u00f3 robar un bal\u00f3n para asistir al japon\u00e9s <strong>Takumi Minamino,<\/strong> que marc\u00f3 el 2-0 parcial.<\/span><\/p>\n<p style=\"text-align: justify;\"><span style=\"font-family: helvetica, arial, sans-serif;\">Los otros goles de Liverpool fueron convertidos por <strong>Diogo Jota<\/strong> (53\u2019) y <strong>Harvey Elliot<\/strong> (76\u2019). El descuento fue logrado por <strong>Rubin Colwill<\/strong> (80\u2019).<\/span><\/p>\n<p style=\"text-align: justify;\"><span style=\"font-family: helvetica, arial, sans-serif;\">Con este resultado, el equipo del colombiano avanz\u00f3 a octavos de final de la FA Cup, donde se medir\u00e1 al <strong>Norwich.<\/strong><\/span><\/p>\n<p style=\"text-align: justify;\"><span style=\"font-family: helvetica, arial, sans-serif;\">En Liga Premier, Liverpool recibir\u00e1 el pr\u00f3ximo jueves al <strong>Leicester.<\/strong><\/span><\/p>\n<blockquote class=\"twitter-tweet\">\n<p dir=\"ltr\" lang=\"en\">Welcome to Anfield, <a href=\"https:\/\/twitter.com\/LuisFDiaz19?ref_src=twsrc%5Etfw\">@LuisFDiaz19<\/a> \ud83d\udd34<\/p>\n<p>Some tidy footwork as he puts it on a plate for <a href=\"https:\/\/twitter.com\/takumina0116?ref_src=twsrc%5Etfw\">@takumina0116<\/a>, who makes no mistake \ud83d\udca5<a href=\"https:\/\/twitter.com\/hashtag\/EmiratesFACup?src=hash&amp;ref_src=twsrc%5Etfw\">#EmiratesFACup<\/a> <a href=\"https:\/\/t.co\/ml5RAywrHB\">pic.twitter.com\/ml5RAywrHB<\/a><\/p>\n<p>\u2014 Emirates FA Cup (@EmiratesFACup) <a href=\"https:\/\/twitter.com\/EmiratesFACup\/status\/1490316729678897162?ref_src=twsrc%5Etfw\">February 6, 2022<\/a><\/p><\/blockquote>\n<p><script async src=\"https:\/\/platform.twitter.com\/widgets.js\" charset=\"utf-8\"><\/script><\/p>\n","protected":false},"excerpt":{"rendered":"<p>El guajiro Luis D\u00edaz tuvo un destacado debut este domingo con Liverpool, en partido por la cuarta ronda de la FA Cup, donde venci\u00f3 3-1 al Cardiff City. D\u00edaz, que esta semana cerr\u00f3 su paso del Porto de Portugal al equipo ingl\u00e9s, ingres\u00f3 al minuto 58 por Curtis Jones. A los 68 minutos, presion\u00f3 la [&hellip;]<\/p>\n","protected":false},"author":5,"featured_media":75718,"comment_status":"open","ping_status":"open","sticky":false,"template":"","format":"standard","meta":{"_acf_changed":false,"footnotes":""},"categories":[418],"tags":[79,1309],"class_list":{"0":"post-75717","1":"post","2":"type-post","3":"status-publish","4":"format-standard","5":"has-post-thumbnail","7":"category-colombia","8":"tag-liverpool","9":"tag-luis-diaz"},"acf":[],"yoast_head":"<!-- This site is optimized with the Yoast SEO plugin v26.8 - https:\/\/yoast.com\/product\/yoast-seo-wordpress\/ -->\n<title>D\u00edaz debut\u00f3 con asistencia -<\/title>\n<meta name=\"robots\" content=\"index, follow, max-snippet:-1, max-image-preview:large, max-video-preview:-1\" \/>\n<link rel=\"canonical\" href=\"https:\/\/futbolhoy.co\/index.php\/2022\/02\/06\/diaz-debuto-con-asistencia\/\" \/>\n<meta property=\"og:locale\" content=\"es_ES\" \/>\n<meta property=\"og:type\" content=\"article\" \/>\n<meta property=\"og:title\" content=\"D\u00edaz debut\u00f3 con asistencia -\" \/>\n<meta property=\"og:description\" content=\"El guajiro Luis D\u00edaz tuvo un destacado debut este domingo con Liverpool, en partido por la cuarta ronda de la FA Cup, donde venci\u00f3 3-1 al Cardiff City. D\u00edaz, que esta semana cerr\u00f3 su paso del Porto de Portugal al equipo ingl\u00e9s, ingres\u00f3 al minuto 58 por Curtis Jones. A los 68 minutos, presion\u00f3 la [&hellip;]\" \/>\n<meta property=\"og:url\" content=\"https:\/\/futbolhoy.co\/index.php\/2022\/02\/06\/diaz-debuto-con-asistencia\/\" \/>\n<meta property=\"article:publisher\" content=\"https:\/\/www.facebook.com\/FutbolHoyCol\/\" \/>\n<meta property=\"article:published_time\" content=\"2022-02-06T14:30:53+00:00\" \/>\n<meta property=\"article:modified_time\" content=\"2022-02-07T01:13:47+00:00\" \/>\n<meta property=\"og:image\" content=\"https:\/\/futbolhoy.co\/wp-content\/uploads\/2022\/02\/Diaz-Klopp.png\" \/>\n\t<meta property=\"og:image:width\" content=\"858\" \/>\n\t<meta property=\"og:image:height\" content=\"654\" \/>\n\t<meta property=\"og:image:type\" content=\"image\/png\" \/>\n<meta name=\"author\" content=\"Laura Hern\u00e1ndez\" \/>\n<meta name=\"twitter:card\" content=\"summary_large_image\" \/>\n<meta name=\"twitter:creator\" content=\"@FutbolHoyCol\" \/>\n<meta name=\"twitter:site\" content=\"@FutbolHoyCol\" \/>\n<meta name=\"twitter:label1\" content=\"Escrito por\" \/>\n\t<meta name=\"twitter:data1\" content=\"Laura Hern\u00e1ndez\" \/>\n\t<meta name=\"twitter:label2\" content=\"Tiempo de lectura\" \/>\n\t<meta name=\"twitter:data2\" content=\"1 minuto\" \/>\n<script type=\"application\/ld+json\" class=\"yoast-schema-graph\">{\"@context\":\"https:\/\/schema.org\",\"@graph\":[{\"@type\":\"Article\",\"@id\":\"https:\/\/futbolhoy.co\/index.php\/2022\/02\/06\/diaz-debuto-con-asistencia\/#article\",\"isPartOf\":{\"@id\":\"https:\/\/futbolhoy.co\/index.php\/2022\/02\/06\/diaz-debuto-con-asistencia\/\"},\"author\":{\"name\":\"Laura Hern\u00e1ndez\",\"@id\":\"https:\/\/futbolhoy.co\/#\/schema\/person\/c4a353a512b127643723a34bb1812f7d\"},\"headline\":\"D\u00edaz debut\u00f3 con asistencia\",\"datePublished\":\"2022-02-06T14:30:53+00:00\",\"dateModified\":\"2022-02-07T01:13:47+00:00\",\"mainEntityOfPage\":{\"@id\":\"https:\/\/futbolhoy.co\/index.php\/2022\/02\/06\/diaz-debuto-con-asistencia\/\"},\"wordCount\":164,\"commentCount\":0,\"publisher\":{\"@id\":\"https:\/\/futbolhoy.co\/#organization\"},\"image\":{\"@id\":\"https:\/\/futbolhoy.co\/index.php\/2022\/02\/06\/diaz-debuto-con-asistencia\/#primaryimage\"},\"thumbnailUrl\":\"https:\/\/futbolhoy.co\/wp-content\/uploads\/2022\/02\/Diaz-Klopp.png\",\"keywords\":[\"Liverpool\",\"Luis diaz\"],\"articleSection\":[\"Colombia\"],\"inLanguage\":\"es\",\"potentialAction\":[{\"@type\":\"CommentAction\",\"name\":\"Comment\",\"target\":[\"https:\/\/futbolhoy.co\/index.php\/2022\/02\/06\/diaz-debuto-con-asistencia\/#respond\"]}]},{\"@type\":\"WebPage\",\"@id\":\"https:\/\/futbolhoy.co\/index.php\/2022\/02\/06\/diaz-debuto-con-asistencia\/\",\"url\":\"https:\/\/futbolhoy.co\/index.php\/2022\/02\/06\/diaz-debuto-con-asistencia\/\",\"name\":\"D\u00edaz debut\u00f3 con asistencia -\",\"isPartOf\":{\"@id\":\"https:\/\/futbolhoy.co\/#website\"},\"primaryImageOfPage\":{\"@id\":\"https:\/\/futbolhoy.co\/index.php\/2022\/02\/06\/diaz-debuto-con-asistencia\/#primaryimage\"},\"image\":{\"@id\":\"https:\/\/futbolhoy.co\/index.php\/2022\/02\/06\/diaz-debuto-con-asistencia\/#primaryimage\"},\"thumbnailUrl\":\"https:\/\/futbolhoy.co\/wp-content\/uploads\/2022\/02\/Diaz-Klopp.png\",\"datePublished\":\"2022-02-06T14:30:53+00:00\",\"dateModified\":\"2022-02-07T01:13:47+00:00\",\"breadcrumb\":{\"@id\":\"https:\/\/futbolhoy.co\/index.php\/2022\/02\/06\/diaz-debuto-con-asistencia\/#breadcrumb\"},\"inLanguage\":\"es\",\"potentialAction\":[{\"@type\":\"ReadAction\",\"target\":[\"https:\/\/futbolhoy.co\/index.php\/2022\/02\/06\/diaz-debuto-con-asistencia\/\"]}]},{\"@type\":\"ImageObject\",\"inLanguage\":\"es\",\"@id\":\"https:\/\/futbolhoy.co\/index.php\/2022\/02\/06\/diaz-debuto-con-asistencia\/#primaryimage\",\"url\":\"https:\/\/futbolhoy.co\/wp-content\/uploads\/2022\/02\/Diaz-Klopp.png\",\"contentUrl\":\"https:\/\/futbolhoy.co\/wp-content\/uploads\/2022\/02\/Diaz-Klopp.png\",\"width\":858,\"height\":654},{\"@type\":\"BreadcrumbList\",\"@id\":\"https:\/\/futbolhoy.co\/index.php\/2022\/02\/06\/diaz-debuto-con-asistencia\/#breadcrumb\",\"itemListElement\":[{\"@type\":\"ListItem\",\"position\":1,\"name\":\"Portada\",\"item\":\"https:\/\/futbolhoy.co\/\"},{\"@type\":\"ListItem\",\"position\":2,\"name\":\"D\u00edaz debut\u00f3 con asistencia\"}]},{\"@type\":\"WebSite\",\"@id\":\"https:\/\/futbolhoy.co\/#website\",\"url\":\"https:\/\/futbolhoy.co\/\",\"name\":\"FutbolHoy\",\"description\":\"\",\"publisher\":{\"@id\":\"https:\/\/futbolhoy.co\/#organization\"},\"potentialAction\":[{\"@type\":\"SearchAction\",\"target\":{\"@type\":\"EntryPoint\",\"urlTemplate\":\"https:\/\/futbolhoy.co\/?s={search_term_string}\"},\"query-input\":{\"@type\":\"PropertyValueSpecification\",\"valueRequired\":true,\"valueName\":\"search_term_string\"}}],\"inLanguage\":\"es\"},{\"@type\":\"Organization\",\"@id\":\"https:\/\/futbolhoy.co\/#organization\",\"name\":\"Futbolhoy.co\",\"url\":\"https:\/\/futbolhoy.co\/\",\"logo\":{\"@type\":\"ImageObject\",\"inLanguage\":\"es\",\"@id\":\"https:\/\/futbolhoy.co\/#\/schema\/logo\/image\/\",\"url\":\"https:\/\/futbolhoy.co\/wp-content\/uploads\/2018\/08\/17426380_1906371736249227_6326180412931521141_n.jpg\",\"contentUrl\":\"https:\/\/futbolhoy.co\/wp-content\/uploads\/2018\/08\/17426380_1906371736249227_6326180412931521141_n.jpg\",\"width\":960,\"height\":960,\"caption\":\"Futbolhoy.co\"},\"image\":{\"@id\":\"https:\/\/futbolhoy.co\/#\/schema\/logo\/image\/\"},\"sameAs\":[\"https:\/\/www.facebook.com\/FutbolHoyCol\/\",\"https:\/\/x.com\/FutbolHoyCol\",\"https:\/\/www.instagram.com\/futbolhoycol\/\"]},{\"@type\":\"Person\",\"@id\":\"https:\/\/futbolhoy.co\/#\/schema\/person\/c4a353a512b127643723a34bb1812f7d\",\"name\":\"Laura Hern\u00e1ndez\",\"image\":{\"@type\":\"ImageObject\",\"inLanguage\":\"es\",\"@id\":\"https:\/\/futbolhoy.co\/#\/schema\/person\/image\/\",\"url\":\"https:\/\/secure.gravatar.com\/avatar\/d25959a15b9b293a743f99181c7cfd01?s=96&d=mm&r=g\",\"contentUrl\":\"https:\/\/secure.gravatar.com\/avatar\/d25959a15b9b293a743f99181c7cfd01?s=96&d=mm&r=g\",\"caption\":\"Laura Hern\u00e1ndez\"}}]}<\/script>\n<!-- \/ Yoast SEO plugin. -->","yoast_head_json":{"title":"D\u00edaz debut\u00f3 con asistencia -","robots":{"index":"index","follow":"follow","max-snippet":"max-snippet:-1","max-image-preview":"max-image-preview:large","max-video-preview":"max-video-preview:-1"},"canonical":"https:\/\/futbolhoy.co\/index.php\/2022\/02\/06\/diaz-debuto-con-asistencia\/","og_locale":"es_ES","og_type":"article","og_title":"D\u00edaz debut\u00f3 con asistencia -","og_description":"El guajiro Luis D\u00edaz tuvo un destacado debut este domingo con Liverpool, en partido por la cuarta ronda de la FA Cup, donde venci\u00f3 3-1 al Cardiff City. D\u00edaz, que esta semana cerr\u00f3 su paso del Porto de Portugal al equipo ingl\u00e9s, ingres\u00f3 al minuto 58 por Curtis Jones. A los 68 minutos, presion\u00f3 la [&hellip;]","og_url":"https:\/\/futbolhoy.co\/index.php\/2022\/02\/06\/diaz-debuto-con-asistencia\/","article_publisher":"https:\/\/www.facebook.com\/FutbolHoyCol\/","article_published_time":"2022-02-06T14:30:53+00:00","article_modified_time":"2022-02-07T01:13:47+00:00","og_image":[{"width":858,"height":654,"url":"https:\/\/futbolhoy.co\/wp-content\/uploads\/2022\/02\/Diaz-Klopp.png","type":"image\/png"}],"author":"Laura Hern\u00e1ndez","twitter_card":"summary_large_image","twitter_creator":"@FutbolHoyCol","twitter_site":"@FutbolHoyCol","twitter_misc":{"Escrito por":"Laura Hern\u00e1ndez","Tiempo de lectura":"1 minuto"},"schema":{"@context":"https:\/\/schema.org","@graph":[{"@type":"Article","@id":"https:\/\/futbolhoy.co\/index.php\/2022\/02\/06\/diaz-debuto-con-asistencia\/#article","isPartOf":{"@id":"https:\/\/futbolhoy.co\/index.php\/2022\/02\/06\/diaz-debuto-con-asistencia\/"},"author":{"name":"Laura Hern\u00e1ndez","@id":"https:\/\/futbolhoy.co\/#\/schema\/person\/c4a353a512b127643723a34bb1812f7d"},"headline":"D\u00edaz debut\u00f3 con asistencia","datePublished":"2022-02-06T14:30:53+00:00","dateModified":"2022-02-07T01:13:47+00:00","mainEntityOfPage":{"@id":"https:\/\/futbolhoy.co\/index.php\/2022\/02\/06\/diaz-debuto-con-asistencia\/"},"wordCount":164,"commentCount":0,"publisher":{"@id":"https:\/\/futbolhoy.co\/#organization"},"image":{"@id":"https:\/\/futbolhoy.co\/index.php\/2022\/02\/06\/diaz-debuto-con-asistencia\/#primaryimage"},"thumbnailUrl":"https:\/\/futbolhoy.co\/wp-content\/uploads\/2022\/02\/Diaz-Klopp.png","keywords":["Liverpool","Luis diaz"],"articleSection":["Colombia"],"inLanguage":"es","potentialAction":[{"@type":"CommentAction","name":"Comment","target":["https:\/\/futbolhoy.co\/index.php\/2022\/02\/06\/diaz-debuto-con-asistencia\/#respond"]}]},{"@type":"WebPage","@id":"https:\/\/futbolhoy.co\/index.php\/2022\/02\/06\/diaz-debuto-con-asistencia\/","url":"https:\/\/futbolhoy.co\/index.php\/2022\/02\/06\/diaz-debuto-con-asistencia\/","name":"D\u00edaz debut\u00f3 con asistencia -","isPartOf":{"@id":"https:\/\/futbolhoy.co\/#website"},"primaryImageOfPage":{"@id":"https:\/\/futbolhoy.co\/index.php\/2022\/02\/06\/diaz-debuto-con-asistencia\/#primaryimage"},"image":{"@id":"https:\/\/futbolhoy.co\/index.php\/2022\/02\/06\/diaz-debuto-con-asistencia\/#primaryimage"},"thumbnailUrl":"https:\/\/futbolhoy.co\/wp-content\/uploads\/2022\/02\/Diaz-Klopp.png","datePublished":"2022-02-06T14:30:53+00:00","dateModified":"2022-02-07T01:13:47+00:00","breadcrumb":{"@id":"https:\/\/futbolhoy.co\/index.php\/2022\/02\/06\/diaz-debuto-con-asistencia\/#breadcrumb"},"inLanguage":"es","potentialAction":[{"@type":"ReadAction","target":["https:\/\/futbolhoy.co\/index.php\/2022\/02\/06\/diaz-debuto-con-asistencia\/"]}]},{"@type":"ImageObject","inLanguage":"es","@id":"https:\/\/futbolhoy.co\/index.php\/2022\/02\/06\/diaz-debuto-con-asistencia\/#primaryimage","url":"https:\/\/futbolhoy.co\/wp-content\/uploads\/2022\/02\/Diaz-Klopp.png","contentUrl":"https:\/\/futbolhoy.co\/wp-content\/uploads\/2022\/02\/Diaz-Klopp.png","width":858,"height":654},{"@type":"BreadcrumbList","@id":"https:\/\/futbolhoy.co\/index.php\/2022\/02\/06\/diaz-debuto-con-asistencia\/#breadcrumb","itemListElement":[{"@type":"ListItem","position":1,"name":"Portada","item":"https:\/\/futbolhoy.co\/"},{"@type":"ListItem","position":2,"name":"D\u00edaz debut\u00f3 con asistencia"}]},{"@type":"WebSite","@id":"https:\/\/futbolhoy.co\/#website","url":"https:\/\/futbolhoy.co\/","name":"FutbolHoy","description":"","publisher":{"@id":"https:\/\/futbolhoy.co\/#organization"},"potentialAction":[{"@type":"SearchAction","target":{"@type":"EntryPoint","urlTemplate":"https:\/\/futbolhoy.co\/?s={search_term_string}"},"query-input":{"@type":"PropertyValueSpecification","valueRequired":true,"valueName":"search_term_string"}}],"inLanguage":"es"},{"@type":"Organization","@id":"https:\/\/futbolhoy.co\/#organization","name":"Futbolhoy.co","url":"https:\/\/futbolhoy.co\/","logo":{"@type":"ImageObject","inLanguage":"es","@id":"https:\/\/futbolhoy.co\/#\/schema\/logo\/image\/","url":"https:\/\/futbolhoy.co\/wp-content\/uploads\/2018\/08\/17426380_1906371736249227_6326180412931521141_n.jpg","contentUrl":"https:\/\/futbolhoy.co\/wp-content\/uploads\/2018\/08\/17426380_1906371736249227_6326180412931521141_n.jpg","width":960,"height":960,"caption":"Futbolhoy.co"},"image":{"@id":"https:\/\/futbolhoy.co\/#\/schema\/logo\/image\/"},"sameAs":["https:\/\/www.facebook.com\/FutbolHoyCol\/","https:\/\/x.com\/FutbolHoyCol","https:\/\/www.instagram.com\/futbolhoycol\/"]},{"@type":"Person","@id":"https:\/\/futbolhoy.co\/#\/schema\/person\/c4a353a512b127643723a34bb1812f7d","name":"Laura Hern\u00e1ndez","image":{"@type":"ImageObject","inLanguage":"es","@id":"https:\/\/futbolhoy.co\/#\/schema\/person\/image\/","url":"https:\/\/secure.gravatar.com\/avatar\/d25959a15b9b293a743f99181c7cfd01?s=96&d=mm&r=g","contentUrl":"https:\/\/secure.gravatar.com\/avatar\/d25959a15b9b293a743f99181c7cfd01?s=96&d=mm&r=g","caption":"Laura Hern\u00e1ndez"}}]}},"publishpress_future_action":{"enabled":false,"date":"2026-05-06 08:23:56","action":"change-status","newStatus":"draft","terms":[],"taxonomy":"category","extraData":[]},"publishpress_future_workflow_manual_trigger":{"enabledWorkflows":[]},"_links":{"self":[{"href":"https:\/\/futbolhoy.co\/index.php\/wp-json\/wp\/v2\/posts\/75717","targetHints":{"allow":["GET"]}}],"collection":[{"href":"https:\/\/futbolhoy.co\/index.php\/wp-json\/wp\/v2\/posts"}],"about":[{"href":"https:\/\/futbolhoy.co\/index.php\/wp-json\/wp\/v2\/types\/post"}],"author":[{"embeddable":true,"href":"https:\/\/futbolhoy.co\/index.php\/wp-json\/wp\/v2\/users\/5"}],"replies":[{"embeddable":true,"href":"https:\/\/futbolhoy.co\/index.php\/wp-json\/wp\/v2\/comments?post=75717"}],"version-history":[{"count":3,"href":"https:\/\/futbolhoy.co\/index.php\/wp-json\/wp\/v2\/posts\/75717\/revisions"}],"predecessor-version":[{"id":75752,"href":"https:\/\/futbolhoy.co\/index.php\/wp-json\/wp\/v2\/posts\/75717\/revisions\/75752"}],"wp:featuredmedia":[{"embeddable":true,"href":"https:\/\/futbolhoy.co\/index.php\/wp-json\/wp\/v2\/media\/75718"}],"wp:attachment":[{"href":"https:\/\/futbolhoy.co\/index.php\/wp-json\/wp\/v2\/media?parent=75717"}],"wp:term":[{"taxonomy":"category","embeddable":true,"href":"https:\/\/futbolhoy.co\/index.php\/wp-json\/wp\/v2\/categories?post=75717"},{"taxonomy":"post_tag","embeddable":true,"href":"https:\/\/futbolhoy.co\/index.php\/wp-json\/wp\/v2\/tags?post=75717"}],"curies":[{"name":"wp","href":"https:\/\/api.w.org\/{rel}","templated":true}]}}