{"id":75729,"date":"2022-02-06T09:05:02","date_gmt":"2022-02-06T14:05:02","guid":{"rendered":"https:\/\/futbolhoy.co\/?p=75729"},"modified":"2022-02-06T15:44:59","modified_gmt":"2022-02-06T20:44:59","slug":"duvan-recayo-en-su-lesion","status":"publish","type":"post","link":"https:\/\/futbolhoy.co\/index.php\/2022\/02\/06\/duvan-recayo-en-su-lesion\/","title":{"rendered":"Duv\u00e1n recay\u00f3 en su lesi\u00f3n"},"content":{"rendered":"<p style=\"text-align: justify;\"><span style=\"font-family: helvetica, arial, sans-serif;\">El delantero caucano del <strong>Atalanta, Duv\u00e1n Zapata,<\/strong> se retir\u00f3 del juego ante <strong>Cagliari<\/strong> por una reca\u00edda de su lesi\u00f3n en la ingle, que le ten\u00eda al margen de las canchas durante el \u00faltimo mes y medio.<\/span><\/p>\n<p style=\"text-align: justify;\"><span style=\"font-family: helvetica, arial, sans-serif;\">Zapata ingres\u00f3 a 58 minutos del compromiso por la fecha 24 de la <strong>Serie A,<\/strong> donde su equipo cay\u00f3 1-2, pero tuvo que retirarse catorce minutos despu\u00e9s al notar nuevas molestias en la ingle.<\/span><\/p>\n<p style=\"text-align: justify;\"><span style=\"font-family: helvetica, arial, sans-serif;\">El colombiano dej\u00f3 la cancha caminando, pero fastidiado por el dolor y los m\u00e9dicos le hicieron una primera revisi\u00f3n en el estadio.<\/span><\/p>\n<p style=\"text-align: justify;\"><span style=\"font-family: helvetica, arial, sans-serif;\">El jugador no actuaba con su equipo desde el pasado 21 de diciembre, cuando Atalanta igual\u00f3 0-0 en su visita a <strong>Genova.<\/strong><\/span><\/p>\n<p style=\"text-align: justify;\"><span style=\"font-family: helvetica, arial, sans-serif;\">Duv\u00e1n, durante esta temporada ha participado en 17 partidos en Liga, donde ha marcado 9 goles.<\/span><\/p>\n<p style=\"text-align: justify;\"><span style=\"font-family: helvetica, arial, sans-serif;\"><strong>Luis Fernando Muriel,<\/strong> por su parte, fue titular y jug\u00f3 58 minutos, retir\u00e1ndose del campo de juego por su compatriota.<\/span><\/p>\n","protected":false},"excerpt":{"rendered":"<p>El delantero caucano del Atalanta, Duv\u00e1n Zapata, se retir\u00f3 del juego ante Cagliari por una reca\u00edda de su lesi\u00f3n en la ingle, que le ten\u00eda al margen de las canchas durante el \u00faltimo mes y medio. Zapata ingres\u00f3 a 58 minutos del compromiso por la fecha 24 de la Serie A, donde su equipo cay\u00f3 [&hellip;]<\/p>\n","protected":false},"author":5,"featured_media":75730,"comment_status":"open","ping_status":"open","sticky":false,"template":"","format":"standard","meta":{"_acf_changed":false,"footnotes":""},"categories":[418],"tags":[889,154,526],"class_list":{"0":"post-75729","1":"post","2":"type-post","3":"status-publish","4":"format-standard","5":"has-post-thumbnail","7":"category-colombia","8":"tag-atalanta","9":"tag-duvan-zapata","10":"tag-luis-muriel"},"acf":[],"yoast_head":"<!-- This site is optimized with the Yoast SEO plugin v26.8 - https:\/\/yoast.com\/product\/yoast-seo-wordpress\/ -->\n<title>Duv\u00e1n recay\u00f3 en su lesi\u00f3n -<\/title>\n<meta name=\"robots\" content=\"index, follow, max-snippet:-1, max-image-preview:large, max-video-preview:-1\" \/>\n<link rel=\"canonical\" href=\"https:\/\/futbolhoy.co\/index.php\/2022\/02\/06\/duvan-recayo-en-su-lesion\/\" \/>\n<meta property=\"og:locale\" content=\"es_ES\" \/>\n<meta property=\"og:type\" content=\"article\" \/>\n<meta property=\"og:title\" content=\"Duv\u00e1n recay\u00f3 en su lesi\u00f3n -\" \/>\n<meta property=\"og:description\" content=\"El delantero caucano del Atalanta, Duv\u00e1n Zapata, se retir\u00f3 del juego ante Cagliari por una reca\u00edda de su lesi\u00f3n en la ingle, que le ten\u00eda al margen de las canchas durante el \u00faltimo mes y medio. Zapata ingres\u00f3 a 58 minutos del compromiso por la fecha 24 de la Serie A, donde su equipo cay\u00f3 [&hellip;]\" \/>\n<meta property=\"og:url\" content=\"https:\/\/futbolhoy.co\/index.php\/2022\/02\/06\/duvan-recayo-en-su-lesion\/\" \/>\n<meta property=\"article:publisher\" content=\"https:\/\/www.facebook.com\/FutbolHoyCol\/\" \/>\n<meta property=\"article:published_time\" content=\"2022-02-06T14:05:02+00:00\" \/>\n<meta property=\"article:modified_time\" content=\"2022-02-06T20:44:59+00:00\" \/>\n<meta property=\"og:image\" content=\"https:\/\/futbolhoy.co\/wp-content\/uploads\/2022\/02\/FK6rAMdWYAA1ISx.jpg\" \/>\n\t<meta property=\"og:image:width\" content=\"1920\" \/>\n\t<meta property=\"og:image:height\" content=\"1080\" \/>\n\t<meta property=\"og:image:type\" content=\"image\/jpeg\" \/>\n<meta name=\"author\" content=\"Laura Hern\u00e1ndez\" \/>\n<meta name=\"twitter:card\" content=\"summary_large_image\" \/>\n<meta name=\"twitter:creator\" content=\"@FutbolHoyCol\" \/>\n<meta name=\"twitter:site\" content=\"@FutbolHoyCol\" \/>\n<meta name=\"twitter:label1\" content=\"Escrito por\" \/>\n\t<meta name=\"twitter:data1\" content=\"Laura Hern\u00e1ndez\" \/>\n\t<meta name=\"twitter:label2\" content=\"Tiempo de lectura\" \/>\n\t<meta name=\"twitter:data2\" content=\"1 minuto\" \/>\n<script type=\"application\/ld+json\" class=\"yoast-schema-graph\">{\"@context\":\"https:\/\/schema.org\",\"@graph\":[{\"@type\":\"Article\",\"@id\":\"https:\/\/futbolhoy.co\/index.php\/2022\/02\/06\/duvan-recayo-en-su-lesion\/#article\",\"isPartOf\":{\"@id\":\"https:\/\/futbolhoy.co\/index.php\/2022\/02\/06\/duvan-recayo-en-su-lesion\/\"},\"author\":{\"name\":\"Laura Hern\u00e1ndez\",\"@id\":\"https:\/\/futbolhoy.co\/#\/schema\/person\/c4a353a512b127643723a34bb1812f7d\"},\"headline\":\"Duv\u00e1n recay\u00f3 en su lesi\u00f3n\",\"datePublished\":\"2022-02-06T14:05:02+00:00\",\"dateModified\":\"2022-02-06T20:44:59+00:00\",\"mainEntityOfPage\":{\"@id\":\"https:\/\/futbolhoy.co\/index.php\/2022\/02\/06\/duvan-recayo-en-su-lesion\/\"},\"wordCount\":160,\"commentCount\":0,\"publisher\":{\"@id\":\"https:\/\/futbolhoy.co\/#organization\"},\"image\":{\"@id\":\"https:\/\/futbolhoy.co\/index.php\/2022\/02\/06\/duvan-recayo-en-su-lesion\/#primaryimage\"},\"thumbnailUrl\":\"https:\/\/futbolhoy.co\/wp-content\/uploads\/2022\/02\/FK6rAMdWYAA1ISx.jpg\",\"keywords\":[\"Atalanta\",\"Duv\u00e1n Zapata\",\"luis muriel\"],\"articleSection\":[\"Colombia\"],\"inLanguage\":\"es\",\"potentialAction\":[{\"@type\":\"CommentAction\",\"name\":\"Comment\",\"target\":[\"https:\/\/futbolhoy.co\/index.php\/2022\/02\/06\/duvan-recayo-en-su-lesion\/#respond\"]}]},{\"@type\":\"WebPage\",\"@id\":\"https:\/\/futbolhoy.co\/index.php\/2022\/02\/06\/duvan-recayo-en-su-lesion\/\",\"url\":\"https:\/\/futbolhoy.co\/index.php\/2022\/02\/06\/duvan-recayo-en-su-lesion\/\",\"name\":\"Duv\u00e1n recay\u00f3 en su lesi\u00f3n -\",\"isPartOf\":{\"@id\":\"https:\/\/futbolhoy.co\/#website\"},\"primaryImageOfPage\":{\"@id\":\"https:\/\/futbolhoy.co\/index.php\/2022\/02\/06\/duvan-recayo-en-su-lesion\/#primaryimage\"},\"image\":{\"@id\":\"https:\/\/futbolhoy.co\/index.php\/2022\/02\/06\/duvan-recayo-en-su-lesion\/#primaryimage\"},\"thumbnailUrl\":\"https:\/\/futbolhoy.co\/wp-content\/uploads\/2022\/02\/FK6rAMdWYAA1ISx.jpg\",\"datePublished\":\"2022-02-06T14:05:02+00:00\",\"dateModified\":\"2022-02-06T20:44:59+00:00\",\"breadcrumb\":{\"@id\":\"https:\/\/futbolhoy.co\/index.php\/2022\/02\/06\/duvan-recayo-en-su-lesion\/#breadcrumb\"},\"inLanguage\":\"es\",\"potentialAction\":[{\"@type\":\"ReadAction\",\"target\":[\"https:\/\/futbolhoy.co\/index.php\/2022\/02\/06\/duvan-recayo-en-su-lesion\/\"]}]},{\"@type\":\"ImageObject\",\"inLanguage\":\"es\",\"@id\":\"https:\/\/futbolhoy.co\/index.php\/2022\/02\/06\/duvan-recayo-en-su-lesion\/#primaryimage\",\"url\":\"https:\/\/futbolhoy.co\/wp-content\/uploads\/2022\/02\/FK6rAMdWYAA1ISx.jpg\",\"contentUrl\":\"https:\/\/futbolhoy.co\/wp-content\/uploads\/2022\/02\/FK6rAMdWYAA1ISx.jpg\",\"width\":1920,\"height\":1080},{\"@type\":\"BreadcrumbList\",\"@id\":\"https:\/\/futbolhoy.co\/index.php\/2022\/02\/06\/duvan-recayo-en-su-lesion\/#breadcrumb\",\"itemListElement\":[{\"@type\":\"ListItem\",\"position\":1,\"name\":\"Portada\",\"item\":\"https:\/\/futbolhoy.co\/\"},{\"@type\":\"ListItem\",\"position\":2,\"name\":\"Duv\u00e1n recay\u00f3 en su lesi\u00f3n\"}]},{\"@type\":\"WebSite\",\"@id\":\"https:\/\/futbolhoy.co\/#website\",\"url\":\"https:\/\/futbolhoy.co\/\",\"name\":\"FutbolHoy\",\"description\":\"\",\"publisher\":{\"@id\":\"https:\/\/futbolhoy.co\/#organization\"},\"potentialAction\":[{\"@type\":\"SearchAction\",\"target\":{\"@type\":\"EntryPoint\",\"urlTemplate\":\"https:\/\/futbolhoy.co\/?s={search_term_string}\"},\"query-input\":{\"@type\":\"PropertyValueSpecification\",\"valueRequired\":true,\"valueName\":\"search_term_string\"}}],\"inLanguage\":\"es\"},{\"@type\":\"Organization\",\"@id\":\"https:\/\/futbolhoy.co\/#organization\",\"name\":\"Futbolhoy.co\",\"url\":\"https:\/\/futbolhoy.co\/\",\"logo\":{\"@type\":\"ImageObject\",\"inLanguage\":\"es\",\"@id\":\"https:\/\/futbolhoy.co\/#\/schema\/logo\/image\/\",\"url\":\"https:\/\/futbolhoy.co\/wp-content\/uploads\/2018\/08\/17426380_1906371736249227_6326180412931521141_n.jpg\",\"contentUrl\":\"https:\/\/futbolhoy.co\/wp-content\/uploads\/2018\/08\/17426380_1906371736249227_6326180412931521141_n.jpg\",\"width\":960,\"height\":960,\"caption\":\"Futbolhoy.co\"},\"image\":{\"@id\":\"https:\/\/futbolhoy.co\/#\/schema\/logo\/image\/\"},\"sameAs\":[\"https:\/\/www.facebook.com\/FutbolHoyCol\/\",\"https:\/\/x.com\/FutbolHoyCol\",\"https:\/\/www.instagram.com\/futbolhoycol\/\"]},{\"@type\":\"Person\",\"@id\":\"https:\/\/futbolhoy.co\/#\/schema\/person\/c4a353a512b127643723a34bb1812f7d\",\"name\":\"Laura Hern\u00e1ndez\",\"image\":{\"@type\":\"ImageObject\",\"inLanguage\":\"es\",\"@id\":\"https:\/\/futbolhoy.co\/#\/schema\/person\/image\/\",\"url\":\"https:\/\/secure.gravatar.com\/avatar\/d25959a15b9b293a743f99181c7cfd01?s=96&d=mm&r=g\",\"contentUrl\":\"https:\/\/secure.gravatar.com\/avatar\/d25959a15b9b293a743f99181c7cfd01?s=96&d=mm&r=g\",\"caption\":\"Laura Hern\u00e1ndez\"}}]}<\/script>\n<!-- \/ Yoast SEO plugin. -->","yoast_head_json":{"title":"Duv\u00e1n recay\u00f3 en su lesi\u00f3n -","robots":{"index":"index","follow":"follow","max-snippet":"max-snippet:-1","max-image-preview":"max-image-preview:large","max-video-preview":"max-video-preview:-1"},"canonical":"https:\/\/futbolhoy.co\/index.php\/2022\/02\/06\/duvan-recayo-en-su-lesion\/","og_locale":"es_ES","og_type":"article","og_title":"Duv\u00e1n recay\u00f3 en su lesi\u00f3n -","og_description":"El delantero caucano del Atalanta, Duv\u00e1n Zapata, se retir\u00f3 del juego ante Cagliari por una reca\u00edda de su lesi\u00f3n en la ingle, que le ten\u00eda al margen de las canchas durante el \u00faltimo mes y medio. Zapata ingres\u00f3 a 58 minutos del compromiso por la fecha 24 de la Serie A, donde su equipo cay\u00f3 [&hellip;]","og_url":"https:\/\/futbolhoy.co\/index.php\/2022\/02\/06\/duvan-recayo-en-su-lesion\/","article_publisher":"https:\/\/www.facebook.com\/FutbolHoyCol\/","article_published_time":"2022-02-06T14:05:02+00:00","article_modified_time":"2022-02-06T20:44:59+00:00","og_image":[{"width":1920,"height":1080,"url":"https:\/\/futbolhoy.co\/wp-content\/uploads\/2022\/02\/FK6rAMdWYAA1ISx.jpg","type":"image\/jpeg"}],"author":"Laura Hern\u00e1ndez","twitter_card":"summary_large_image","twitter_creator":"@FutbolHoyCol","twitter_site":"@FutbolHoyCol","twitter_misc":{"Escrito por":"Laura Hern\u00e1ndez","Tiempo de lectura":"1 minuto"},"schema":{"@context":"https:\/\/schema.org","@graph":[{"@type":"Article","@id":"https:\/\/futbolhoy.co\/index.php\/2022\/02\/06\/duvan-recayo-en-su-lesion\/#article","isPartOf":{"@id":"https:\/\/futbolhoy.co\/index.php\/2022\/02\/06\/duvan-recayo-en-su-lesion\/"},"author":{"name":"Laura Hern\u00e1ndez","@id":"https:\/\/futbolhoy.co\/#\/schema\/person\/c4a353a512b127643723a34bb1812f7d"},"headline":"Duv\u00e1n recay\u00f3 en su lesi\u00f3n","datePublished":"2022-02-06T14:05:02+00:00","dateModified":"2022-02-06T20:44:59+00:00","mainEntityOfPage":{"@id":"https:\/\/futbolhoy.co\/index.php\/2022\/02\/06\/duvan-recayo-en-su-lesion\/"},"wordCount":160,"commentCount":0,"publisher":{"@id":"https:\/\/futbolhoy.co\/#organization"},"image":{"@id":"https:\/\/futbolhoy.co\/index.php\/2022\/02\/06\/duvan-recayo-en-su-lesion\/#primaryimage"},"thumbnailUrl":"https:\/\/futbolhoy.co\/wp-content\/uploads\/2022\/02\/FK6rAMdWYAA1ISx.jpg","keywords":["Atalanta","Duv\u00e1n Zapata","luis muriel"],"articleSection":["Colombia"],"inLanguage":"es","potentialAction":[{"@type":"CommentAction","name":"Comment","target":["https:\/\/futbolhoy.co\/index.php\/2022\/02\/06\/duvan-recayo-en-su-lesion\/#respond"]}]},{"@type":"WebPage","@id":"https:\/\/futbolhoy.co\/index.php\/2022\/02\/06\/duvan-recayo-en-su-lesion\/","url":"https:\/\/futbolhoy.co\/index.php\/2022\/02\/06\/duvan-recayo-en-su-lesion\/","name":"Duv\u00e1n recay\u00f3 en su lesi\u00f3n -","isPartOf":{"@id":"https:\/\/futbolhoy.co\/#website"},"primaryImageOfPage":{"@id":"https:\/\/futbolhoy.co\/index.php\/2022\/02\/06\/duvan-recayo-en-su-lesion\/#primaryimage"},"image":{"@id":"https:\/\/futbolhoy.co\/index.php\/2022\/02\/06\/duvan-recayo-en-su-lesion\/#primaryimage"},"thumbnailUrl":"https:\/\/futbolhoy.co\/wp-content\/uploads\/2022\/02\/FK6rAMdWYAA1ISx.jpg","datePublished":"2022-02-06T14:05:02+00:00","dateModified":"2022-02-06T20:44:59+00:00","breadcrumb":{"@id":"https:\/\/futbolhoy.co\/index.php\/2022\/02\/06\/duvan-recayo-en-su-lesion\/#breadcrumb"},"inLanguage":"es","potentialAction":[{"@type":"ReadAction","target":["https:\/\/futbolhoy.co\/index.php\/2022\/02\/06\/duvan-recayo-en-su-lesion\/"]}]},{"@type":"ImageObject","inLanguage":"es","@id":"https:\/\/futbolhoy.co\/index.php\/2022\/02\/06\/duvan-recayo-en-su-lesion\/#primaryimage","url":"https:\/\/futbolhoy.co\/wp-content\/uploads\/2022\/02\/FK6rAMdWYAA1ISx.jpg","contentUrl":"https:\/\/futbolhoy.co\/wp-content\/uploads\/2022\/02\/FK6rAMdWYAA1ISx.jpg","width":1920,"height":1080},{"@type":"BreadcrumbList","@id":"https:\/\/futbolhoy.co\/index.php\/2022\/02\/06\/duvan-recayo-en-su-lesion\/#breadcrumb","itemListElement":[{"@type":"ListItem","position":1,"name":"Portada","item":"https:\/\/futbolhoy.co\/"},{"@type":"ListItem","position":2,"name":"Duv\u00e1n recay\u00f3 en su lesi\u00f3n"}]},{"@type":"WebSite","@id":"https:\/\/futbolhoy.co\/#website","url":"https:\/\/futbolhoy.co\/","name":"FutbolHoy","description":"","publisher":{"@id":"https:\/\/futbolhoy.co\/#organization"},"potentialAction":[{"@type":"SearchAction","target":{"@type":"EntryPoint","urlTemplate":"https:\/\/futbolhoy.co\/?s={search_term_string}"},"query-input":{"@type":"PropertyValueSpecification","valueRequired":true,"valueName":"search_term_string"}}],"inLanguage":"es"},{"@type":"Organization","@id":"https:\/\/futbolhoy.co\/#organization","name":"Futbolhoy.co","url":"https:\/\/futbolhoy.co\/","logo":{"@type":"ImageObject","inLanguage":"es","@id":"https:\/\/futbolhoy.co\/#\/schema\/logo\/image\/","url":"https:\/\/futbolhoy.co\/wp-content\/uploads\/2018\/08\/17426380_1906371736249227_6326180412931521141_n.jpg","contentUrl":"https:\/\/futbolhoy.co\/wp-content\/uploads\/2018\/08\/17426380_1906371736249227_6326180412931521141_n.jpg","width":960,"height":960,"caption":"Futbolhoy.co"},"image":{"@id":"https:\/\/futbolhoy.co\/#\/schema\/logo\/image\/"},"sameAs":["https:\/\/www.facebook.com\/FutbolHoyCol\/","https:\/\/x.com\/FutbolHoyCol","https:\/\/www.instagram.com\/futbolhoycol\/"]},{"@type":"Person","@id":"https:\/\/futbolhoy.co\/#\/schema\/person\/c4a353a512b127643723a34bb1812f7d","name":"Laura Hern\u00e1ndez","image":{"@type":"ImageObject","inLanguage":"es","@id":"https:\/\/futbolhoy.co\/#\/schema\/person\/image\/","url":"https:\/\/secure.gravatar.com\/avatar\/d25959a15b9b293a743f99181c7cfd01?s=96&d=mm&r=g","contentUrl":"https:\/\/secure.gravatar.com\/avatar\/d25959a15b9b293a743f99181c7cfd01?s=96&d=mm&r=g","caption":"Laura Hern\u00e1ndez"}}]}},"publishpress_future_action":{"enabled":false,"date":"2026-05-06 08:23:31","action":"change-status","newStatus":"draft","terms":[],"taxonomy":"category","extraData":[]},"publishpress_future_workflow_manual_trigger":{"enabledWorkflows":[]},"_links":{"self":[{"href":"https:\/\/futbolhoy.co\/index.php\/wp-json\/wp\/v2\/posts\/75729","targetHints":{"allow":["GET"]}}],"collection":[{"href":"https:\/\/futbolhoy.co\/index.php\/wp-json\/wp\/v2\/posts"}],"about":[{"href":"https:\/\/futbolhoy.co\/index.php\/wp-json\/wp\/v2\/types\/post"}],"author":[{"embeddable":true,"href":"https:\/\/futbolhoy.co\/index.php\/wp-json\/wp\/v2\/users\/5"}],"replies":[{"embeddable":true,"href":"https:\/\/futbolhoy.co\/index.php\/wp-json\/wp\/v2\/comments?post=75729"}],"version-history":[{"count":1,"href":"https:\/\/futbolhoy.co\/index.php\/wp-json\/wp\/v2\/posts\/75729\/revisions"}],"predecessor-version":[{"id":75731,"href":"https:\/\/futbolhoy.co\/index.php\/wp-json\/wp\/v2\/posts\/75729\/revisions\/75731"}],"wp:featuredmedia":[{"embeddable":true,"href":"https:\/\/futbolhoy.co\/index.php\/wp-json\/wp\/v2\/media\/75730"}],"wp:attachment":[{"href":"https:\/\/futbolhoy.co\/index.php\/wp-json\/wp\/v2\/media?parent=75729"}],"wp:term":[{"taxonomy":"category","embeddable":true,"href":"https:\/\/futbolhoy.co\/index.php\/wp-json\/wp\/v2\/categories?post=75729"},{"taxonomy":"post_tag","embeddable":true,"href":"https:\/\/futbolhoy.co\/index.php\/wp-json\/wp\/v2\/tags?post=75729"}],"curies":[{"name":"wp","href":"https:\/\/api.w.org\/{rel}","templated":true}]}}