{"id":75761,"date":"2022-02-07T07:07:24","date_gmt":"2022-02-07T12:07:24","guid":{"rendered":"https:\/\/futbolhoy.co\/?p=75761"},"modified":"2022-02-07T11:56:35","modified_gmt":"2022-02-07T16:56:35","slug":"preciado-debuto-con-gol-en-mexico","status":"publish","type":"post","link":"https:\/\/futbolhoy.co\/index.php\/2022\/02\/07\/preciado-debuto-con-gol-en-mexico\/","title":{"rendered":"Preciado debut\u00f3 con gol en M\u00e9xico"},"content":{"rendered":"<p class=\"x_ydp5eb723a3MsoNormal\" style=\"text-align: justify;\"><span lang=\"ES-MX\" style=\"font-family: helvetica, arial, sans-serif;\">El delantero colombiano\u00a0<b>Harold Preciado<\/b>\u00a0se estren\u00f3 con gol en\u00a0<b>Santos Laguna de la Liga MX en M\u00e9xico<\/b>, durante su visita al campe\u00f3n\u00a0<b>Atlas<\/b>, y le convirti\u00f3 a su compa\u00f1ero en la\u00a0<b>selecci\u00f3n Colombia<\/b>, el portero bogotano\u00a0<b>Camilo Vargas<\/b>.<\/span><\/p>\n<p class=\"x_ydp5eb723a3MsoNormal\" style=\"text-align: justify;\"><span lang=\"ES-MX\" style=\"font-family: helvetica, arial, sans-serif;\">Preciado ingres\u00f3 a los 77 minutos y a los 84 convirti\u00f3, en brillante jugada individual, que incluy\u00f3 un sombrero de taquito a un defensa, el tanto del descuento en la derrota 2-1 sufrida en su visita a\u00a0<b>Guadalajara<\/b>.<\/span><\/p>\n<p class=\"x_ydp5eb723a3MsoNormal\" style=\"text-align: justify;\"><span lang=\"ES-MX\" style=\"font-family: helvetica, arial, sans-serif;\">Por su parte,\u00a0<b>Alfredo Morelos<\/b>\u00a0hizo doblete con\u00a0<b>Rangers<\/b>\u00a0en la goleada 5-0 sobre el\u00a0<b>Hearts en Escocia<\/b>, el d\u00e9cimo gol del cordob\u00e9s en la temporada.<\/span><\/p>\n<p class=\"x_ydp5eb723a3MsoNormal\" style=\"text-align: justify;\"><span style=\"font-family: helvetica, arial, sans-serif;\"><b><span lang=\"ES-MX\">Yerry Mina<\/span><\/b><span lang=\"ES-MX\">\u00a0marc\u00f3 un gol con\u00a0<b>Everton<\/b>, que super\u00f3 4-1 a\u00a0<b>Brentford\u00a0<\/b>en la\u00a0<b>FA Cup de Inglaterra<\/b>, su primera anotaci\u00f3n del a\u00f1o.<\/span><\/span><\/p>\n<p class=\"x_ydp5eb723a3MsoNormal\" style=\"text-align: justify;\"><span style=\"font-family: helvetica, arial, sans-serif;\"><b><span lang=\"ES-MX\">Nicol\u00e1s Benedetti<\/span><\/b><span lang=\"ES-MX\">\u00a0convirti\u00f3 su primer tanto con\u00a0<b>Mazatl\u00e1n<\/b>, que perdi\u00f3 4-3 ante\u00a0<b>Tigres en M\u00e9xico<\/b>, donde\u00a0<b>Aviles Hurtado<\/b>\u00a0logr\u00f3 un gol de chilena con\u00a0<b>Pachuca<\/b>\u00a0en la victoria 1-3 sobre\u00a0<b>Necaxa<\/b>; y\u00a0<b>Roger Mart\u00ednez<\/b>\u00a0hizo uno de los goles del\u00a0<b>Am\u00e9rica<\/b>, que cay\u00f3 en casa 2-3 frente a\u00a0<b>San Luis<\/b>.<\/span><\/span><\/p>\n<p class=\"x_ydp5eb723a3MsoNormal\" style=\"text-align: justify;\"><span style=\"font-family: helvetica, arial, sans-serif;\"><b><span lang=\"ES-MX\">Jhon Arias<\/span><\/b><span lang=\"ES-MX\">\u00a0(Ex\u00a0<b>Santa Fe<\/b>), de golpe de cabeza en el minuto 89, le dio el triunfo a\u00a0<b>Fluminense<\/b>\u00a0en el cl\u00e1sico\u00a0<b>Fla-Flu<\/b>\u00a0sobre\u00a0<b>Flamengo<\/b>. Segundo del a\u00f1o.<\/span><\/span><\/p>\n<p class=\"x_ydp5eb723a3MsoNormal\" style=\"text-align: justify;\"><span style=\"font-family: helvetica, arial, sans-serif;\"><b><span lang=\"ES-MX\">Jhon Stiven Mendoza<\/span><\/b><span lang=\"ES-MX\">\u00a0anot\u00f3 el gol de\u00a0<b>Cear\u00e1<\/b>, en el empate 1-1 con\u00a0<b>Fortaleza<\/b>\u00a0en la\u00a0<b>Liga del Nordeste de Brasil<\/b>.<\/span><\/span><\/p>\n<p class=\"x_ydp5eb723a3MsoNormal\" style=\"text-align: justify;\"><span style=\"font-family: helvetica, arial, sans-serif;\"><b><span lang=\"ES-MX\">\u00d3scar Estupi\u00f1an<\/span><\/b><span lang=\"ES-MX\">\u00a0logr\u00f3 un tanto en la victoria de su equipo\u00a0<b>Vitoria Guimaraes<\/b>\u00a02-1 sobre\u00a0<b>Sporting Braga en Portugal<\/b>; el noveno gol de la temporada.<\/span><\/span><\/p>\n<p class=\"x_ydp5eb723a3MsoNormal\" style=\"text-align: justify;\"><span lang=\"ES-MX\" style=\"font-family: helvetica, arial, sans-serif;\">Finalmente, en la\u00a0<b>Superliga espa\u00f1ola, Leicy Santos, con Atl\u00e9tico de Madrid<\/b>, hizo un gol en el empate 2-2 con la\u00a0<b>Real Sociedad.<\/b><\/span><\/p>\n","protected":false},"excerpt":{"rendered":"<p>El delantero colombiano\u00a0Harold Preciado\u00a0se estren\u00f3 con gol en\u00a0Santos Laguna de la Liga MX en M\u00e9xico, durante su visita al campe\u00f3n\u00a0Atlas, y le convirti\u00f3 a su compa\u00f1ero en la\u00a0selecci\u00f3n Colombia, el portero bogotano\u00a0Camilo Vargas. Preciado ingres\u00f3 a los 77 minutos y a los 84 convirti\u00f3, en brillante jugada individual, que incluy\u00f3 un sombrero de taquito a [&hellip;]<\/p>\n","protected":false},"author":5,"featured_media":75763,"comment_status":"open","ping_status":"closed","sticky":false,"template":"","format":"standard","meta":{"_acf_changed":false,"footnotes":""},"categories":[152],"tags":[2284,975],"class_list":{"0":"post-75761","1":"post","2":"type-post","3":"status-publish","4":"format-standard","5":"has-post-thumbnail","7":"category-mundo-futbol","8":"tag-harold-preciado","9":"tag-santos-laguna"},"acf":[],"_links":{"self":[{"href":"https:\/\/futbolhoy.co\/index.php\/wp-json\/wp\/v2\/posts\/75761","targetHints":{"allow":["GET"]}}],"collection":[{"href":"https:\/\/futbolhoy.co\/index.php\/wp-json\/wp\/v2\/posts"}],"about":[{"href":"https:\/\/futbolhoy.co\/index.php\/wp-json\/wp\/v2\/types\/post"}],"author":[{"embeddable":true,"href":"https:\/\/futbolhoy.co\/index.php\/wp-json\/wp\/v2\/users\/5"}],"replies":[{"embeddable":true,"href":"https:\/\/futbolhoy.co\/index.php\/wp-json\/wp\/v2\/comments?post=75761"}],"version-history":[{"count":1,"href":"https:\/\/futbolhoy.co\/index.php\/wp-json\/wp\/v2\/posts\/75761\/revisions"}],"predecessor-version":[{"id":75764,"href":"https:\/\/futbolhoy.co\/index.php\/wp-json\/wp\/v2\/posts\/75761\/revisions\/75764"}],"wp:featuredmedia":[{"embeddable":true,"href":"https:\/\/futbolhoy.co\/index.php\/wp-json\/wp\/v2\/media\/75763"}],"wp:attachment":[{"href":"https:\/\/futbolhoy.co\/index.php\/wp-json\/wp\/v2\/media?parent=75761"}],"wp:term":[{"taxonomy":"category","embeddable":true,"href":"https:\/\/futbolhoy.co\/index.php\/wp-json\/wp\/v2\/categories?post=75761"},{"taxonomy":"post_tag","embeddable":true,"href":"https:\/\/futbolhoy.co\/index.php\/wp-json\/wp\/v2\/tags?post=75761"}],"curies":[{"name":"wp","href":"https:\/\/api.w.org\/{rel}","templated":true}]}}