{"id":75799,"date":"2022-02-07T22:29:15","date_gmt":"2022-02-08T03:29:15","guid":{"rendered":"https:\/\/futbolhoy.co\/?p=75799"},"modified":"2022-02-08T15:23:29","modified_gmt":"2022-02-08T20:23:29","slug":"intenso-clasico-de-rojos","status":"publish","type":"post","link":"https:\/\/futbolhoy.co\/index.php\/2022\/02\/07\/intenso-clasico-de-rojos\/","title":{"rendered":"Intenso cl\u00e1sico de rojos"},"content":{"rendered":"<p style=\"text-align: justify;\"><span style=\"font-family: helvetica, arial, sans-serif;\"><strong>Am\u00e9rica<\/strong> y <strong>Santa Fe<\/strong> empataron 2-2 en el juego m\u00e1s atractivo por la quinta fecha de la <strong>Liga BetPlay Dimayor I 2022<\/strong>, disputado en el estadio Pascual Guerrero de Cali.<\/span><\/p>\n<p style=\"text-align: justify;\"><span style=\"font-family: helvetica, arial, sans-serif;\"><strong>Wilson Morelo<\/strong> (12\u2019) abri\u00f3 la cuenta para la visita, luego de un rebote, tras un tiro libre que ejecut\u00f3 <strong>Mat\u00edas Mier<\/strong> y que dej\u00f3 flotando en el \u00e1rea el portero <strong>Diego Novoa<\/strong>.<\/span><\/p>\n<p style=\"text-align: justify;\"><span style=\"font-family: helvetica, arial, sans-serif;\"><strong>Mier<\/strong> (34\u2019) marc\u00f3 el segundo en un contragolpe, donde <strong>Wilfredo de La Rosa<\/strong> se la dej\u00f3 servida al uruguayo para que definiera con un fuerte remate.<\/span><\/p>\n<p style=\"text-align: justify;\"><span style=\"font-family: helvetica, arial, sans-serif;\"><strong>Am\u00e9rica,<\/strong> que corrigi\u00f3 para la segunda parte, marc\u00f3 el primero a trav\u00e9s de <strong>Adri\u00e1n Ramos<\/strong> (65\u2019) desde el punto penal, despu\u00e9s que el portero <strong>Leandro Castellanos<\/strong> desestabiliz\u00f3 en su zona al argentino <strong>Alejandro Quintana<\/strong>. \u00a0\u00a0<\/span><\/p>\n<p style=\"text-align: justify;\"><span style=\"font-family: helvetica, arial, sans-serif;\">El empate lleg\u00f3 en los minutos finales con un tanto en propia puerta de <strong>Jerson Malag\u00f3n<\/strong> (89\u2019), tras un centro de <strong>Ramos.<\/strong><\/span><\/p>\n<p style=\"text-align: justify;\"><span style=\"font-family: helvetica, arial, sans-serif;\">En el \u00faltimo minuto, la visita reclam\u00f3 un despeje de <strong>Novoa<\/strong> (90+6) que peg\u00f3 en un jugador de <strong>Santa Fe<\/strong> y que traspas\u00f3 la l\u00ednea de gol. El \u00e1rbitro <strong>Alexander Ospina<\/strong>, invalid\u00f3 la acci\u00f3n por una falta previa sobre el portero local.<\/span><\/p>\n<p style=\"text-align: justify;\"><span style=\"font-family: helvetica, arial, sans-serif;\">El partido fue intenso con opciones para los dos equipos y donde el local tuvo dos oportunidades en la primer mitad con <strong>F\u00e9lix Micolta<\/strong> y una m\u00e1s con <strong>Ramos.<\/strong><\/span><\/p>\n<p style=\"text-align: justify;\"><span style=\"font-family: helvetica, arial, sans-serif;\">En el equipo bogotano debut\u00f3 el delantero <strong>Andrey Estupi\u00f1\u00e1n<\/strong>, que la semana pasada lleg\u00f3 desde <strong>Deportes Tolima<\/strong><\/span><\/p>\n<p style=\"text-align: justify;\"><span style=\"font-family: helvetica, arial, sans-serif;\"><strong>Santa Fe<\/strong>, que mantuvo su invicto en este campeonato con dos victorias y tres empates, sum\u00f3 9 puntos. <strong>Am\u00e9rica,<\/strong> que tiene dos victorias, dos empates y una derrota, lleg\u00f3 a 8.<\/span><\/p>\n<p style=\"text-align: justify;\"><span style=\"font-family: helvetica, arial, sans-serif;\">En la pr\u00f3xima fecha, los cardenales recibir\u00e1n al <strong>Deportivo Pereira<\/strong> y los escarlatas visitar\u00e1n a <strong>\u00c1guilas.<\/strong><\/span><\/p>\n","protected":false},"excerpt":{"rendered":"<p>Am\u00e9rica y Santa Fe empataron 2-2 en el juego m\u00e1s atractivo por la quinta fecha de la Liga BetPlay Dimayor I 2022, disputado en el estadio Pascual Guerrero de Cali. Wilson Morelo (12\u2019) abri\u00f3 la cuenta para la visita, luego de un rebote, tras un tiro libre que ejecut\u00f3 Mat\u00edas Mier y que dej\u00f3 flotando [&hellip;]<\/p>\n","protected":false},"author":5,"featured_media":75800,"comment_status":"open","ping_status":"open","sticky":false,"template":"","format":"standard","meta":{"_acf_changed":false,"footnotes":""},"categories":[7],"tags":[],"class_list":{"0":"post-75799","1":"post","2":"type-post","3":"status-publish","4":"format-standard","5":"has-post-thumbnail","7":"category-liga-betplay"},"acf":[],"yoast_head":"<!-- This site is optimized with the Yoast SEO plugin v26.8 - https:\/\/yoast.com\/product\/yoast-seo-wordpress\/ -->\n<title>Intenso cl\u00e1sico de rojos -<\/title>\n<meta name=\"robots\" content=\"index, follow, max-snippet:-1, max-image-preview:large, max-video-preview:-1\" \/>\n<link rel=\"canonical\" href=\"https:\/\/futbolhoy.co\/index.php\/2022\/02\/07\/intenso-clasico-de-rojos\/\" \/>\n<meta property=\"og:locale\" content=\"es_ES\" \/>\n<meta property=\"og:type\" content=\"article\" \/>\n<meta property=\"og:title\" content=\"Intenso cl\u00e1sico de rojos -\" \/>\n<meta property=\"og:description\" content=\"Am\u00e9rica y Santa Fe empataron 2-2 en el juego m\u00e1s atractivo por la quinta fecha de la Liga BetPlay Dimayor I 2022, disputado en el estadio Pascual Guerrero de Cali. Wilson Morelo (12\u2019) abri\u00f3 la cuenta para la visita, luego de un rebote, tras un tiro libre que ejecut\u00f3 Mat\u00edas Mier y que dej\u00f3 flotando [&hellip;]\" \/>\n<meta property=\"og:url\" content=\"https:\/\/futbolhoy.co\/index.php\/2022\/02\/07\/intenso-clasico-de-rojos\/\" \/>\n<meta property=\"article:publisher\" content=\"https:\/\/www.facebook.com\/FutbolHoyCol\/\" \/>\n<meta property=\"article:published_time\" content=\"2022-02-08T03:29:15+00:00\" \/>\n<meta property=\"article:modified_time\" content=\"2022-02-08T20:23:29+00:00\" \/>\n<meta property=\"og:image\" content=\"https:\/\/futbolhoy.co\/wp-content\/uploads\/2022\/02\/CbtXwfQ0.jpeg.jpg\" \/>\n\t<meta property=\"og:image:width\" content=\"2400\" \/>\n\t<meta property=\"og:image:height\" content=\"1613\" \/>\n\t<meta property=\"og:image:type\" content=\"image\/jpeg\" \/>\n<meta name=\"author\" content=\"Laura Hern\u00e1ndez\" \/>\n<meta name=\"twitter:card\" content=\"summary_large_image\" \/>\n<meta name=\"twitter:creator\" content=\"@FutbolHoyCol\" \/>\n<meta name=\"twitter:site\" content=\"@FutbolHoyCol\" \/>\n<meta name=\"twitter:label1\" content=\"Escrito por\" \/>\n\t<meta name=\"twitter:data1\" content=\"Laura Hern\u00e1ndez\" \/>\n\t<meta name=\"twitter:label2\" content=\"Tiempo de lectura\" \/>\n\t<meta name=\"twitter:data2\" content=\"2 minutos\" \/>\n<script type=\"application\/ld+json\" class=\"yoast-schema-graph\">{\"@context\":\"https:\/\/schema.org\",\"@graph\":[{\"@type\":\"Article\",\"@id\":\"https:\/\/futbolhoy.co\/index.php\/2022\/02\/07\/intenso-clasico-de-rojos\/#article\",\"isPartOf\":{\"@id\":\"https:\/\/futbolhoy.co\/index.php\/2022\/02\/07\/intenso-clasico-de-rojos\/\"},\"author\":{\"name\":\"Laura Hern\u00e1ndez\",\"@id\":\"https:\/\/futbolhoy.co\/#\/schema\/person\/c4a353a512b127643723a34bb1812f7d\"},\"headline\":\"Intenso cl\u00e1sico de rojos\",\"datePublished\":\"2022-02-08T03:29:15+00:00\",\"dateModified\":\"2022-02-08T20:23:29+00:00\",\"mainEntityOfPage\":{\"@id\":\"https:\/\/futbolhoy.co\/index.php\/2022\/02\/07\/intenso-clasico-de-rojos\/\"},\"wordCount\":293,\"commentCount\":0,\"publisher\":{\"@id\":\"https:\/\/futbolhoy.co\/#organization\"},\"image\":{\"@id\":\"https:\/\/futbolhoy.co\/index.php\/2022\/02\/07\/intenso-clasico-de-rojos\/#primaryimage\"},\"thumbnailUrl\":\"https:\/\/futbolhoy.co\/wp-content\/uploads\/2022\/02\/CbtXwfQ0.jpeg.jpg\",\"articleSection\":[\"Liga BetPlay\"],\"inLanguage\":\"es\",\"potentialAction\":[{\"@type\":\"CommentAction\",\"name\":\"Comment\",\"target\":[\"https:\/\/futbolhoy.co\/index.php\/2022\/02\/07\/intenso-clasico-de-rojos\/#respond\"]}]},{\"@type\":\"WebPage\",\"@id\":\"https:\/\/futbolhoy.co\/index.php\/2022\/02\/07\/intenso-clasico-de-rojos\/\",\"url\":\"https:\/\/futbolhoy.co\/index.php\/2022\/02\/07\/intenso-clasico-de-rojos\/\",\"name\":\"Intenso cl\u00e1sico de rojos -\",\"isPartOf\":{\"@id\":\"https:\/\/futbolhoy.co\/#website\"},\"primaryImageOfPage\":{\"@id\":\"https:\/\/futbolhoy.co\/index.php\/2022\/02\/07\/intenso-clasico-de-rojos\/#primaryimage\"},\"image\":{\"@id\":\"https:\/\/futbolhoy.co\/index.php\/2022\/02\/07\/intenso-clasico-de-rojos\/#primaryimage\"},\"thumbnailUrl\":\"https:\/\/futbolhoy.co\/wp-content\/uploads\/2022\/02\/CbtXwfQ0.jpeg.jpg\",\"datePublished\":\"2022-02-08T03:29:15+00:00\",\"dateModified\":\"2022-02-08T20:23:29+00:00\",\"breadcrumb\":{\"@id\":\"https:\/\/futbolhoy.co\/index.php\/2022\/02\/07\/intenso-clasico-de-rojos\/#breadcrumb\"},\"inLanguage\":\"es\",\"potentialAction\":[{\"@type\":\"ReadAction\",\"target\":[\"https:\/\/futbolhoy.co\/index.php\/2022\/02\/07\/intenso-clasico-de-rojos\/\"]}]},{\"@type\":\"ImageObject\",\"inLanguage\":\"es\",\"@id\":\"https:\/\/futbolhoy.co\/index.php\/2022\/02\/07\/intenso-clasico-de-rojos\/#primaryimage\",\"url\":\"https:\/\/futbolhoy.co\/wp-content\/uploads\/2022\/02\/CbtXwfQ0.jpeg.jpg\",\"contentUrl\":\"https:\/\/futbolhoy.co\/wp-content\/uploads\/2022\/02\/CbtXwfQ0.jpeg.jpg\",\"width\":2400,\"height\":1613},{\"@type\":\"BreadcrumbList\",\"@id\":\"https:\/\/futbolhoy.co\/index.php\/2022\/02\/07\/intenso-clasico-de-rojos\/#breadcrumb\",\"itemListElement\":[{\"@type\":\"ListItem\",\"position\":1,\"name\":\"Portada\",\"item\":\"https:\/\/futbolhoy.co\/\"},{\"@type\":\"ListItem\",\"position\":2,\"name\":\"Intenso cl\u00e1sico de rojos\"}]},{\"@type\":\"WebSite\",\"@id\":\"https:\/\/futbolhoy.co\/#website\",\"url\":\"https:\/\/futbolhoy.co\/\",\"name\":\"FutbolHoy\",\"description\":\"\",\"publisher\":{\"@id\":\"https:\/\/futbolhoy.co\/#organization\"},\"potentialAction\":[{\"@type\":\"SearchAction\",\"target\":{\"@type\":\"EntryPoint\",\"urlTemplate\":\"https:\/\/futbolhoy.co\/?s={search_term_string}\"},\"query-input\":{\"@type\":\"PropertyValueSpecification\",\"valueRequired\":true,\"valueName\":\"search_term_string\"}}],\"inLanguage\":\"es\"},{\"@type\":\"Organization\",\"@id\":\"https:\/\/futbolhoy.co\/#organization\",\"name\":\"Futbolhoy.co\",\"url\":\"https:\/\/futbolhoy.co\/\",\"logo\":{\"@type\":\"ImageObject\",\"inLanguage\":\"es\",\"@id\":\"https:\/\/futbolhoy.co\/#\/schema\/logo\/image\/\",\"url\":\"https:\/\/futbolhoy.co\/wp-content\/uploads\/2018\/08\/17426380_1906371736249227_6326180412931521141_n.jpg\",\"contentUrl\":\"https:\/\/futbolhoy.co\/wp-content\/uploads\/2018\/08\/17426380_1906371736249227_6326180412931521141_n.jpg\",\"width\":960,\"height\":960,\"caption\":\"Futbolhoy.co\"},\"image\":{\"@id\":\"https:\/\/futbolhoy.co\/#\/schema\/logo\/image\/\"},\"sameAs\":[\"https:\/\/www.facebook.com\/FutbolHoyCol\/\",\"https:\/\/x.com\/FutbolHoyCol\",\"https:\/\/www.instagram.com\/futbolhoycol\/\"]},{\"@type\":\"Person\",\"@id\":\"https:\/\/futbolhoy.co\/#\/schema\/person\/c4a353a512b127643723a34bb1812f7d\",\"name\":\"Laura Hern\u00e1ndez\",\"image\":{\"@type\":\"ImageObject\",\"inLanguage\":\"es\",\"@id\":\"https:\/\/futbolhoy.co\/#\/schema\/person\/image\/\",\"url\":\"https:\/\/secure.gravatar.com\/avatar\/d25959a15b9b293a743f99181c7cfd01?s=96&d=mm&r=g\",\"contentUrl\":\"https:\/\/secure.gravatar.com\/avatar\/d25959a15b9b293a743f99181c7cfd01?s=96&d=mm&r=g\",\"caption\":\"Laura Hern\u00e1ndez\"}}]}<\/script>\n<!-- \/ Yoast SEO plugin. -->","yoast_head_json":{"title":"Intenso cl\u00e1sico de rojos -","robots":{"index":"index","follow":"follow","max-snippet":"max-snippet:-1","max-image-preview":"max-image-preview:large","max-video-preview":"max-video-preview:-1"},"canonical":"https:\/\/futbolhoy.co\/index.php\/2022\/02\/07\/intenso-clasico-de-rojos\/","og_locale":"es_ES","og_type":"article","og_title":"Intenso cl\u00e1sico de rojos -","og_description":"Am\u00e9rica y Santa Fe empataron 2-2 en el juego m\u00e1s atractivo por la quinta fecha de la Liga BetPlay Dimayor I 2022, disputado en el estadio Pascual Guerrero de Cali. Wilson Morelo (12\u2019) abri\u00f3 la cuenta para la visita, luego de un rebote, tras un tiro libre que ejecut\u00f3 Mat\u00edas Mier y que dej\u00f3 flotando [&hellip;]","og_url":"https:\/\/futbolhoy.co\/index.php\/2022\/02\/07\/intenso-clasico-de-rojos\/","article_publisher":"https:\/\/www.facebook.com\/FutbolHoyCol\/","article_published_time":"2022-02-08T03:29:15+00:00","article_modified_time":"2022-02-08T20:23:29+00:00","og_image":[{"width":2400,"height":1613,"url":"https:\/\/futbolhoy.co\/wp-content\/uploads\/2022\/02\/CbtXwfQ0.jpeg.jpg","type":"image\/jpeg"}],"author":"Laura Hern\u00e1ndez","twitter_card":"summary_large_image","twitter_creator":"@FutbolHoyCol","twitter_site":"@FutbolHoyCol","twitter_misc":{"Escrito por":"Laura Hern\u00e1ndez","Tiempo de lectura":"2 minutos"},"schema":{"@context":"https:\/\/schema.org","@graph":[{"@type":"Article","@id":"https:\/\/futbolhoy.co\/index.php\/2022\/02\/07\/intenso-clasico-de-rojos\/#article","isPartOf":{"@id":"https:\/\/futbolhoy.co\/index.php\/2022\/02\/07\/intenso-clasico-de-rojos\/"},"author":{"name":"Laura Hern\u00e1ndez","@id":"https:\/\/futbolhoy.co\/#\/schema\/person\/c4a353a512b127643723a34bb1812f7d"},"headline":"Intenso cl\u00e1sico de rojos","datePublished":"2022-02-08T03:29:15+00:00","dateModified":"2022-02-08T20:23:29+00:00","mainEntityOfPage":{"@id":"https:\/\/futbolhoy.co\/index.php\/2022\/02\/07\/intenso-clasico-de-rojos\/"},"wordCount":293,"commentCount":0,"publisher":{"@id":"https:\/\/futbolhoy.co\/#organization"},"image":{"@id":"https:\/\/futbolhoy.co\/index.php\/2022\/02\/07\/intenso-clasico-de-rojos\/#primaryimage"},"thumbnailUrl":"https:\/\/futbolhoy.co\/wp-content\/uploads\/2022\/02\/CbtXwfQ0.jpeg.jpg","articleSection":["Liga BetPlay"],"inLanguage":"es","potentialAction":[{"@type":"CommentAction","name":"Comment","target":["https:\/\/futbolhoy.co\/index.php\/2022\/02\/07\/intenso-clasico-de-rojos\/#respond"]}]},{"@type":"WebPage","@id":"https:\/\/futbolhoy.co\/index.php\/2022\/02\/07\/intenso-clasico-de-rojos\/","url":"https:\/\/futbolhoy.co\/index.php\/2022\/02\/07\/intenso-clasico-de-rojos\/","name":"Intenso cl\u00e1sico de rojos -","isPartOf":{"@id":"https:\/\/futbolhoy.co\/#website"},"primaryImageOfPage":{"@id":"https:\/\/futbolhoy.co\/index.php\/2022\/02\/07\/intenso-clasico-de-rojos\/#primaryimage"},"image":{"@id":"https:\/\/futbolhoy.co\/index.php\/2022\/02\/07\/intenso-clasico-de-rojos\/#primaryimage"},"thumbnailUrl":"https:\/\/futbolhoy.co\/wp-content\/uploads\/2022\/02\/CbtXwfQ0.jpeg.jpg","datePublished":"2022-02-08T03:29:15+00:00","dateModified":"2022-02-08T20:23:29+00:00","breadcrumb":{"@id":"https:\/\/futbolhoy.co\/index.php\/2022\/02\/07\/intenso-clasico-de-rojos\/#breadcrumb"},"inLanguage":"es","potentialAction":[{"@type":"ReadAction","target":["https:\/\/futbolhoy.co\/index.php\/2022\/02\/07\/intenso-clasico-de-rojos\/"]}]},{"@type":"ImageObject","inLanguage":"es","@id":"https:\/\/futbolhoy.co\/index.php\/2022\/02\/07\/intenso-clasico-de-rojos\/#primaryimage","url":"https:\/\/futbolhoy.co\/wp-content\/uploads\/2022\/02\/CbtXwfQ0.jpeg.jpg","contentUrl":"https:\/\/futbolhoy.co\/wp-content\/uploads\/2022\/02\/CbtXwfQ0.jpeg.jpg","width":2400,"height":1613},{"@type":"BreadcrumbList","@id":"https:\/\/futbolhoy.co\/index.php\/2022\/02\/07\/intenso-clasico-de-rojos\/#breadcrumb","itemListElement":[{"@type":"ListItem","position":1,"name":"Portada","item":"https:\/\/futbolhoy.co\/"},{"@type":"ListItem","position":2,"name":"Intenso cl\u00e1sico de rojos"}]},{"@type":"WebSite","@id":"https:\/\/futbolhoy.co\/#website","url":"https:\/\/futbolhoy.co\/","name":"FutbolHoy","description":"","publisher":{"@id":"https:\/\/futbolhoy.co\/#organization"},"potentialAction":[{"@type":"SearchAction","target":{"@type":"EntryPoint","urlTemplate":"https:\/\/futbolhoy.co\/?s={search_term_string}"},"query-input":{"@type":"PropertyValueSpecification","valueRequired":true,"valueName":"search_term_string"}}],"inLanguage":"es"},{"@type":"Organization","@id":"https:\/\/futbolhoy.co\/#organization","name":"Futbolhoy.co","url":"https:\/\/futbolhoy.co\/","logo":{"@type":"ImageObject","inLanguage":"es","@id":"https:\/\/futbolhoy.co\/#\/schema\/logo\/image\/","url":"https:\/\/futbolhoy.co\/wp-content\/uploads\/2018\/08\/17426380_1906371736249227_6326180412931521141_n.jpg","contentUrl":"https:\/\/futbolhoy.co\/wp-content\/uploads\/2018\/08\/17426380_1906371736249227_6326180412931521141_n.jpg","width":960,"height":960,"caption":"Futbolhoy.co"},"image":{"@id":"https:\/\/futbolhoy.co\/#\/schema\/logo\/image\/"},"sameAs":["https:\/\/www.facebook.com\/FutbolHoyCol\/","https:\/\/x.com\/FutbolHoyCol","https:\/\/www.instagram.com\/futbolhoycol\/"]},{"@type":"Person","@id":"https:\/\/futbolhoy.co\/#\/schema\/person\/c4a353a512b127643723a34bb1812f7d","name":"Laura Hern\u00e1ndez","image":{"@type":"ImageObject","inLanguage":"es","@id":"https:\/\/futbolhoy.co\/#\/schema\/person\/image\/","url":"https:\/\/secure.gravatar.com\/avatar\/d25959a15b9b293a743f99181c7cfd01?s=96&d=mm&r=g","contentUrl":"https:\/\/secure.gravatar.com\/avatar\/d25959a15b9b293a743f99181c7cfd01?s=96&d=mm&r=g","caption":"Laura Hern\u00e1ndez"}}]}},"publishpress_future_action":{"enabled":false,"date":"2026-05-05 03:55:48","action":"change-status","newStatus":"draft","terms":[],"taxonomy":"category","extraData":[]},"publishpress_future_workflow_manual_trigger":{"enabledWorkflows":[]},"_links":{"self":[{"href":"https:\/\/futbolhoy.co\/index.php\/wp-json\/wp\/v2\/posts\/75799","targetHints":{"allow":["GET"]}}],"collection":[{"href":"https:\/\/futbolhoy.co\/index.php\/wp-json\/wp\/v2\/posts"}],"about":[{"href":"https:\/\/futbolhoy.co\/index.php\/wp-json\/wp\/v2\/types\/post"}],"author":[{"embeddable":true,"href":"https:\/\/futbolhoy.co\/index.php\/wp-json\/wp\/v2\/users\/5"}],"replies":[{"embeddable":true,"href":"https:\/\/futbolhoy.co\/index.php\/wp-json\/wp\/v2\/comments?post=75799"}],"version-history":[{"count":1,"href":"https:\/\/futbolhoy.co\/index.php\/wp-json\/wp\/v2\/posts\/75799\/revisions"}],"predecessor-version":[{"id":75801,"href":"https:\/\/futbolhoy.co\/index.php\/wp-json\/wp\/v2\/posts\/75799\/revisions\/75801"}],"wp:featuredmedia":[{"embeddable":true,"href":"https:\/\/futbolhoy.co\/index.php\/wp-json\/wp\/v2\/media\/75800"}],"wp:attachment":[{"href":"https:\/\/futbolhoy.co\/index.php\/wp-json\/wp\/v2\/media?parent=75799"}],"wp:term":[{"taxonomy":"category","embeddable":true,"href":"https:\/\/futbolhoy.co\/index.php\/wp-json\/wp\/v2\/categories?post=75799"},{"taxonomy":"post_tag","embeddable":true,"href":"https:\/\/futbolhoy.co\/index.php\/wp-json\/wp\/v2\/tags?post=75799"}],"curies":[{"name":"wp","href":"https:\/\/api.w.org\/{rel}","templated":true}]}}