{"id":76108,"date":"2022-02-16T11:05:09","date_gmt":"2022-02-16T16:05:09","guid":{"rendered":"https:\/\/futbolhoy.co\/?p=76108"},"modified":"2022-02-16T13:03:23","modified_gmt":"2022-02-16T18:03:23","slug":"yaser-debe-entender-que-hay-10-mas-dt","status":"publish","type":"post","link":"https:\/\/futbolhoy.co\/index.php\/2022\/02\/16\/yaser-debe-entender-que-hay-10-mas-dt\/","title":{"rendered":"Yaser debe entender que hay 10 m\u00e1s: DT"},"content":{"rendered":"<!--[if lt IE 9]><script>document.createElement('audio');<\/script><![endif]-->\n<audio class=\"wp-audio-shortcode\" id=\"audio-76108-1\" preload=\"none\" style=\"width: 100%;\" controls=\"controls\"><source type=\"audio\/mpeg\" src=\"https:\/\/futbolhoy.co\/wp-content\/uploads\/2022\/02\/ALBERTO-SUAREZ2022-02-16.mp3?_=1\" \/><a href=\"https:\/\/futbolhoy.co\/wp-content\/uploads\/2022\/02\/ALBERTO-SUAREZ2022-02-16.mp3\">https:\/\/futbolhoy.co\/wp-content\/uploads\/2022\/02\/ALBERTO-SUAREZ2022-02-16.mp3<\/a><\/audio>\n<p>(Alberto Su\u00e1rez, DT del Envigado, en rueda de prensa)<\/p>\n<p style=\"text-align: justify;\"><span style=\"font-family: helvetica, arial, sans-serif;\">El t\u00e9cnico del <strong>Envigado, Alberto Su\u00e1rez,<\/strong> le llam\u00f3 la atenci\u00f3n p\u00fablicamente al juvenil <strong>Yaser Asprilla,<\/strong> considerado como una de las figuras nacientes del f\u00fatbol colombiano.<\/span><\/p>\n<p style=\"text-align: justify;\"><span style=\"font-family: helvetica, arial, sans-serif;\">El entrenador le pidi\u00f3 a Asprilla ser m\u00e1s colectivo, para que \u00e9l brille, y los equipos logren su mejor rendimiento.<\/span><\/p>\n<p style=\"text-align: justify;\"><span style=\"font-family: helvetica, arial, sans-serif;\">\u201cLa mejor forma de acompa\u00f1ar a Yaser es que entienda que hay 10 alrededor de \u00e9l. Es que a veces cree que es \u00e9l y los otros 10 no existen. Yo le puedo poner a <strong>Maradona,<\/strong> a <strong>Pel\u00e9<\/strong> y a <strong>Messi<\/strong> al lado, y si \u00e9l no la comparte se va a meter en problemas, entonces la mejor forma es que \u00e9l se vea, mostrarle los videos y que entienda que el f\u00fatbol es colectivo, que no puede pretender sacarse a los 10 del rival y despu\u00e9s rematar al arco\u201d, sostuvo Su\u00e1rez.<\/span><\/p>\n<p style=\"text-align: justify;\"><span style=\"font-family: helvetica, arial, sans-serif;\">\u201cEso es un mensaje p\u00fablico que le mando, ojal\u00e1 que lo entienda porque es con cari\u00f1o y con amor, pero el acompa\u00f1amiento parte de \u00e9l. Usted puede tener la mejor compa\u00f1\u00eda, pero si usted no se le acerca va a ser muy dif\u00edcil (\u2026) Quien juegue al lado de \u00e9l tiene que generar la sociedad suficiente como para compartir las responsabilidades porque tampoco a \u00e9l se le puede cargar toda la responsabilidad de la creaci\u00f3n del equipo. El equipo era otro sin Yaser y deber\u00eda ser mejor con Yaser, siendo Yaser un gran jugador porque lo demostr\u00f3, pero \u00e9l tiene que ser m\u00e1s colectivo y eso es parte del aprendizaje de \u00e9l tambi\u00e9n\u201d, agreg\u00f3.<\/span><\/p>\n<p style=\"text-align: justify;\"><span style=\"font-family: helvetica, arial, sans-serif;\">Asprilla, cuyos derechos deportivos fueron adquiridos por el <strong>Watford<\/strong> de <strong>Inglaterra,<\/strong> en la pasada temporada disput\u00f3 20 partidos y marc\u00f3 5 goles.<\/span><\/p>\n","protected":false},"excerpt":{"rendered":"<p>(Alberto Su\u00e1rez, DT del Envigado, en rueda de prensa) El t\u00e9cnico del Envigado, Alberto Su\u00e1rez, le llam\u00f3 la atenci\u00f3n p\u00fablicamente al juvenil Yaser Asprilla, considerado como una de las figuras nacientes del f\u00fatbol colombiano. El entrenador le pidi\u00f3 a Asprilla ser m\u00e1s colectivo, para que \u00e9l brille, y los equipos logren su mejor rendimiento. \u201cLa [&hellip;]<\/p>\n","protected":false},"author":5,"featured_media":76111,"comment_status":"open","ping_status":"open","sticky":false,"template":"","format":"video","meta":{"_acf_changed":false,"footnotes":""},"categories":[7],"tags":[234,2192],"class_list":{"0":"post-76108","1":"post","2":"type-post","3":"status-publish","4":"format-video","5":"has-post-thumbnail","7":"category-liga-betplay","8":"tag-envigado","9":"tag-yaser-asprilla","10":"post_format-post-format-video"},"acf":[],"yoast_head":"<!-- This site is optimized with the Yoast SEO plugin v26.8 - https:\/\/yoast.com\/product\/yoast-seo-wordpress\/ -->\n<title>Yaser debe entender que hay 10 m\u00e1s: DT -<\/title>\n<meta name=\"robots\" content=\"index, follow, max-snippet:-1, max-image-preview:large, max-video-preview:-1\" \/>\n<link rel=\"canonical\" href=\"https:\/\/futbolhoy.co\/index.php\/2022\/02\/16\/yaser-debe-entender-que-hay-10-mas-dt\/\" \/>\n<meta property=\"og:locale\" content=\"es_ES\" \/>\n<meta property=\"og:type\" content=\"article\" \/>\n<meta property=\"og:title\" content=\"Yaser debe entender que hay 10 m\u00e1s: DT -\" \/>\n<meta property=\"og:description\" content=\"(Alberto Su\u00e1rez, DT del Envigado, en rueda de prensa) El t\u00e9cnico del Envigado, Alberto Su\u00e1rez, le llam\u00f3 la atenci\u00f3n p\u00fablicamente al juvenil Yaser Asprilla, considerado como una de las figuras nacientes del f\u00fatbol colombiano. El entrenador le pidi\u00f3 a Asprilla ser m\u00e1s colectivo, para que \u00e9l brille, y los equipos logren su mejor rendimiento. \u201cLa [&hellip;]\" \/>\n<meta property=\"og:url\" content=\"https:\/\/futbolhoy.co\/index.php\/2022\/02\/16\/yaser-debe-entender-que-hay-10-mas-dt\/\" \/>\n<meta property=\"article:publisher\" content=\"https:\/\/www.facebook.com\/FutbolHoyCol\/\" \/>\n<meta property=\"article:published_time\" content=\"2022-02-16T16:05:09+00:00\" \/>\n<meta property=\"article:modified_time\" content=\"2022-02-16T18:03:23+00:00\" \/>\n<meta property=\"og:image\" content=\"https:\/\/futbolhoy.co\/wp-content\/uploads\/2022\/02\/Yaser-1024x621.png\" \/>\n\t<meta property=\"og:image:width\" content=\"1024\" \/>\n\t<meta property=\"og:image:height\" content=\"621\" \/>\n\t<meta property=\"og:image:type\" content=\"image\/png\" \/>\n<meta name=\"author\" content=\"Laura Hern\u00e1ndez\" \/>\n<meta name=\"twitter:card\" content=\"summary_large_image\" \/>\n<meta name=\"twitter:creator\" content=\"@FutbolHoyCol\" \/>\n<meta name=\"twitter:site\" content=\"@FutbolHoyCol\" \/>\n<meta name=\"twitter:label1\" content=\"Escrito por\" \/>\n\t<meta name=\"twitter:data1\" content=\"Laura Hern\u00e1ndez\" \/>\n\t<meta name=\"twitter:label2\" content=\"Tiempo de lectura\" \/>\n\t<meta name=\"twitter:data2\" content=\"2 minutos\" \/>\n<script type=\"application\/ld+json\" class=\"yoast-schema-graph\">{\"@context\":\"https:\/\/schema.org\",\"@graph\":[{\"@type\":\"Article\",\"@id\":\"https:\/\/futbolhoy.co\/index.php\/2022\/02\/16\/yaser-debe-entender-que-hay-10-mas-dt\/#article\",\"isPartOf\":{\"@id\":\"https:\/\/futbolhoy.co\/index.php\/2022\/02\/16\/yaser-debe-entender-que-hay-10-mas-dt\/\"},\"author\":{\"name\":\"Laura Hern\u00e1ndez\",\"@id\":\"https:\/\/futbolhoy.co\/#\/schema\/person\/c4a353a512b127643723a34bb1812f7d\"},\"headline\":\"Yaser debe entender que hay 10 m\u00e1s: DT\",\"datePublished\":\"2022-02-16T16:05:09+00:00\",\"dateModified\":\"2022-02-16T18:03:23+00:00\",\"mainEntityOfPage\":{\"@id\":\"https:\/\/futbolhoy.co\/index.php\/2022\/02\/16\/yaser-debe-entender-que-hay-10-mas-dt\/\"},\"wordCount\":316,\"commentCount\":0,\"publisher\":{\"@id\":\"https:\/\/futbolhoy.co\/#organization\"},\"image\":{\"@id\":\"https:\/\/futbolhoy.co\/index.php\/2022\/02\/16\/yaser-debe-entender-que-hay-10-mas-dt\/#primaryimage\"},\"thumbnailUrl\":\"https:\/\/futbolhoy.co\/wp-content\/uploads\/2022\/02\/Yaser.png\",\"keywords\":[\"Envigado\",\"Yaser Asprilla\"],\"articleSection\":[\"Liga BetPlay\"],\"inLanguage\":\"es\",\"potentialAction\":[{\"@type\":\"CommentAction\",\"name\":\"Comment\",\"target\":[\"https:\/\/futbolhoy.co\/index.php\/2022\/02\/16\/yaser-debe-entender-que-hay-10-mas-dt\/#respond\"]}]},{\"@type\":\"WebPage\",\"@id\":\"https:\/\/futbolhoy.co\/index.php\/2022\/02\/16\/yaser-debe-entender-que-hay-10-mas-dt\/\",\"url\":\"https:\/\/futbolhoy.co\/index.php\/2022\/02\/16\/yaser-debe-entender-que-hay-10-mas-dt\/\",\"name\":\"Yaser debe entender que hay 10 m\u00e1s: DT -\",\"isPartOf\":{\"@id\":\"https:\/\/futbolhoy.co\/#website\"},\"primaryImageOfPage\":{\"@id\":\"https:\/\/futbolhoy.co\/index.php\/2022\/02\/16\/yaser-debe-entender-que-hay-10-mas-dt\/#primaryimage\"},\"image\":{\"@id\":\"https:\/\/futbolhoy.co\/index.php\/2022\/02\/16\/yaser-debe-entender-que-hay-10-mas-dt\/#primaryimage\"},\"thumbnailUrl\":\"https:\/\/futbolhoy.co\/wp-content\/uploads\/2022\/02\/Yaser.png\",\"datePublished\":\"2022-02-16T16:05:09+00:00\",\"dateModified\":\"2022-02-16T18:03:23+00:00\",\"breadcrumb\":{\"@id\":\"https:\/\/futbolhoy.co\/index.php\/2022\/02\/16\/yaser-debe-entender-que-hay-10-mas-dt\/#breadcrumb\"},\"inLanguage\":\"es\",\"potentialAction\":[{\"@type\":\"ReadAction\",\"target\":[\"https:\/\/futbolhoy.co\/index.php\/2022\/02\/16\/yaser-debe-entender-que-hay-10-mas-dt\/\"]}]},{\"@type\":\"ImageObject\",\"inLanguage\":\"es\",\"@id\":\"https:\/\/futbolhoy.co\/index.php\/2022\/02\/16\/yaser-debe-entender-que-hay-10-mas-dt\/#primaryimage\",\"url\":\"https:\/\/futbolhoy.co\/wp-content\/uploads\/2022\/02\/Yaser.png\",\"contentUrl\":\"https:\/\/futbolhoy.co\/wp-content\/uploads\/2022\/02\/Yaser.png\",\"width\":1108,\"height\":672},{\"@type\":\"BreadcrumbList\",\"@id\":\"https:\/\/futbolhoy.co\/index.php\/2022\/02\/16\/yaser-debe-entender-que-hay-10-mas-dt\/#breadcrumb\",\"itemListElement\":[{\"@type\":\"ListItem\",\"position\":1,\"name\":\"Portada\",\"item\":\"https:\/\/futbolhoy.co\/\"},{\"@type\":\"ListItem\",\"position\":2,\"name\":\"Yaser debe entender que hay 10 m\u00e1s: DT\"}]},{\"@type\":\"WebSite\",\"@id\":\"https:\/\/futbolhoy.co\/#website\",\"url\":\"https:\/\/futbolhoy.co\/\",\"name\":\"FutbolHoy\",\"description\":\"\",\"publisher\":{\"@id\":\"https:\/\/futbolhoy.co\/#organization\"},\"potentialAction\":[{\"@type\":\"SearchAction\",\"target\":{\"@type\":\"EntryPoint\",\"urlTemplate\":\"https:\/\/futbolhoy.co\/?s={search_term_string}\"},\"query-input\":{\"@type\":\"PropertyValueSpecification\",\"valueRequired\":true,\"valueName\":\"search_term_string\"}}],\"inLanguage\":\"es\"},{\"@type\":\"Organization\",\"@id\":\"https:\/\/futbolhoy.co\/#organization\",\"name\":\"Futbolhoy.co\",\"url\":\"https:\/\/futbolhoy.co\/\",\"logo\":{\"@type\":\"ImageObject\",\"inLanguage\":\"es\",\"@id\":\"https:\/\/futbolhoy.co\/#\/schema\/logo\/image\/\",\"url\":\"https:\/\/futbolhoy.co\/wp-content\/uploads\/2018\/08\/17426380_1906371736249227_6326180412931521141_n.jpg\",\"contentUrl\":\"https:\/\/futbolhoy.co\/wp-content\/uploads\/2018\/08\/17426380_1906371736249227_6326180412931521141_n.jpg\",\"width\":960,\"height\":960,\"caption\":\"Futbolhoy.co\"},\"image\":{\"@id\":\"https:\/\/futbolhoy.co\/#\/schema\/logo\/image\/\"},\"sameAs\":[\"https:\/\/www.facebook.com\/FutbolHoyCol\/\",\"https:\/\/x.com\/FutbolHoyCol\",\"https:\/\/www.instagram.com\/futbolhoycol\/\"]},{\"@type\":\"Person\",\"@id\":\"https:\/\/futbolhoy.co\/#\/schema\/person\/c4a353a512b127643723a34bb1812f7d\",\"name\":\"Laura Hern\u00e1ndez\",\"image\":{\"@type\":\"ImageObject\",\"inLanguage\":\"es\",\"@id\":\"https:\/\/futbolhoy.co\/#\/schema\/person\/image\/\",\"url\":\"https:\/\/secure.gravatar.com\/avatar\/d25959a15b9b293a743f99181c7cfd01?s=96&d=mm&r=g\",\"contentUrl\":\"https:\/\/secure.gravatar.com\/avatar\/d25959a15b9b293a743f99181c7cfd01?s=96&d=mm&r=g\",\"caption\":\"Laura Hern\u00e1ndez\"}}]}<\/script>\n<!-- \/ Yoast SEO plugin. -->","yoast_head_json":{"title":"Yaser debe entender que hay 10 m\u00e1s: DT -","robots":{"index":"index","follow":"follow","max-snippet":"max-snippet:-1","max-image-preview":"max-image-preview:large","max-video-preview":"max-video-preview:-1"},"canonical":"https:\/\/futbolhoy.co\/index.php\/2022\/02\/16\/yaser-debe-entender-que-hay-10-mas-dt\/","og_locale":"es_ES","og_type":"article","og_title":"Yaser debe entender que hay 10 m\u00e1s: DT -","og_description":"(Alberto Su\u00e1rez, DT del Envigado, en rueda de prensa) El t\u00e9cnico del Envigado, Alberto Su\u00e1rez, le llam\u00f3 la atenci\u00f3n p\u00fablicamente al juvenil Yaser Asprilla, considerado como una de las figuras nacientes del f\u00fatbol colombiano. El entrenador le pidi\u00f3 a Asprilla ser m\u00e1s colectivo, para que \u00e9l brille, y los equipos logren su mejor rendimiento. \u201cLa [&hellip;]","og_url":"https:\/\/futbolhoy.co\/index.php\/2022\/02\/16\/yaser-debe-entender-que-hay-10-mas-dt\/","article_publisher":"https:\/\/www.facebook.com\/FutbolHoyCol\/","article_published_time":"2022-02-16T16:05:09+00:00","article_modified_time":"2022-02-16T18:03:23+00:00","og_image":[{"width":1024,"height":621,"url":"https:\/\/futbolhoy.co\/wp-content\/uploads\/2022\/02\/Yaser-1024x621.png","type":"image\/png"}],"author":"Laura Hern\u00e1ndez","twitter_card":"summary_large_image","twitter_creator":"@FutbolHoyCol","twitter_site":"@FutbolHoyCol","twitter_misc":{"Escrito por":"Laura Hern\u00e1ndez","Tiempo de lectura":"2 minutos"},"schema":{"@context":"https:\/\/schema.org","@graph":[{"@type":"Article","@id":"https:\/\/futbolhoy.co\/index.php\/2022\/02\/16\/yaser-debe-entender-que-hay-10-mas-dt\/#article","isPartOf":{"@id":"https:\/\/futbolhoy.co\/index.php\/2022\/02\/16\/yaser-debe-entender-que-hay-10-mas-dt\/"},"author":{"name":"Laura Hern\u00e1ndez","@id":"https:\/\/futbolhoy.co\/#\/schema\/person\/c4a353a512b127643723a34bb1812f7d"},"headline":"Yaser debe entender que hay 10 m\u00e1s: DT","datePublished":"2022-02-16T16:05:09+00:00","dateModified":"2022-02-16T18:03:23+00:00","mainEntityOfPage":{"@id":"https:\/\/futbolhoy.co\/index.php\/2022\/02\/16\/yaser-debe-entender-que-hay-10-mas-dt\/"},"wordCount":316,"commentCount":0,"publisher":{"@id":"https:\/\/futbolhoy.co\/#organization"},"image":{"@id":"https:\/\/futbolhoy.co\/index.php\/2022\/02\/16\/yaser-debe-entender-que-hay-10-mas-dt\/#primaryimage"},"thumbnailUrl":"https:\/\/futbolhoy.co\/wp-content\/uploads\/2022\/02\/Yaser.png","keywords":["Envigado","Yaser Asprilla"],"articleSection":["Liga BetPlay"],"inLanguage":"es","potentialAction":[{"@type":"CommentAction","name":"Comment","target":["https:\/\/futbolhoy.co\/index.php\/2022\/02\/16\/yaser-debe-entender-que-hay-10-mas-dt\/#respond"]}]},{"@type":"WebPage","@id":"https:\/\/futbolhoy.co\/index.php\/2022\/02\/16\/yaser-debe-entender-que-hay-10-mas-dt\/","url":"https:\/\/futbolhoy.co\/index.php\/2022\/02\/16\/yaser-debe-entender-que-hay-10-mas-dt\/","name":"Yaser debe entender que hay 10 m\u00e1s: DT -","isPartOf":{"@id":"https:\/\/futbolhoy.co\/#website"},"primaryImageOfPage":{"@id":"https:\/\/futbolhoy.co\/index.php\/2022\/02\/16\/yaser-debe-entender-que-hay-10-mas-dt\/#primaryimage"},"image":{"@id":"https:\/\/futbolhoy.co\/index.php\/2022\/02\/16\/yaser-debe-entender-que-hay-10-mas-dt\/#primaryimage"},"thumbnailUrl":"https:\/\/futbolhoy.co\/wp-content\/uploads\/2022\/02\/Yaser.png","datePublished":"2022-02-16T16:05:09+00:00","dateModified":"2022-02-16T18:03:23+00:00","breadcrumb":{"@id":"https:\/\/futbolhoy.co\/index.php\/2022\/02\/16\/yaser-debe-entender-que-hay-10-mas-dt\/#breadcrumb"},"inLanguage":"es","potentialAction":[{"@type":"ReadAction","target":["https:\/\/futbolhoy.co\/index.php\/2022\/02\/16\/yaser-debe-entender-que-hay-10-mas-dt\/"]}]},{"@type":"ImageObject","inLanguage":"es","@id":"https:\/\/futbolhoy.co\/index.php\/2022\/02\/16\/yaser-debe-entender-que-hay-10-mas-dt\/#primaryimage","url":"https:\/\/futbolhoy.co\/wp-content\/uploads\/2022\/02\/Yaser.png","contentUrl":"https:\/\/futbolhoy.co\/wp-content\/uploads\/2022\/02\/Yaser.png","width":1108,"height":672},{"@type":"BreadcrumbList","@id":"https:\/\/futbolhoy.co\/index.php\/2022\/02\/16\/yaser-debe-entender-que-hay-10-mas-dt\/#breadcrumb","itemListElement":[{"@type":"ListItem","position":1,"name":"Portada","item":"https:\/\/futbolhoy.co\/"},{"@type":"ListItem","position":2,"name":"Yaser debe entender que hay 10 m\u00e1s: DT"}]},{"@type":"WebSite","@id":"https:\/\/futbolhoy.co\/#website","url":"https:\/\/futbolhoy.co\/","name":"FutbolHoy","description":"","publisher":{"@id":"https:\/\/futbolhoy.co\/#organization"},"potentialAction":[{"@type":"SearchAction","target":{"@type":"EntryPoint","urlTemplate":"https:\/\/futbolhoy.co\/?s={search_term_string}"},"query-input":{"@type":"PropertyValueSpecification","valueRequired":true,"valueName":"search_term_string"}}],"inLanguage":"es"},{"@type":"Organization","@id":"https:\/\/futbolhoy.co\/#organization","name":"Futbolhoy.co","url":"https:\/\/futbolhoy.co\/","logo":{"@type":"ImageObject","inLanguage":"es","@id":"https:\/\/futbolhoy.co\/#\/schema\/logo\/image\/","url":"https:\/\/futbolhoy.co\/wp-content\/uploads\/2018\/08\/17426380_1906371736249227_6326180412931521141_n.jpg","contentUrl":"https:\/\/futbolhoy.co\/wp-content\/uploads\/2018\/08\/17426380_1906371736249227_6326180412931521141_n.jpg","width":960,"height":960,"caption":"Futbolhoy.co"},"image":{"@id":"https:\/\/futbolhoy.co\/#\/schema\/logo\/image\/"},"sameAs":["https:\/\/www.facebook.com\/FutbolHoyCol\/","https:\/\/x.com\/FutbolHoyCol","https:\/\/www.instagram.com\/futbolhoycol\/"]},{"@type":"Person","@id":"https:\/\/futbolhoy.co\/#\/schema\/person\/c4a353a512b127643723a34bb1812f7d","name":"Laura Hern\u00e1ndez","image":{"@type":"ImageObject","inLanguage":"es","@id":"https:\/\/futbolhoy.co\/#\/schema\/person\/image\/","url":"https:\/\/secure.gravatar.com\/avatar\/d25959a15b9b293a743f99181c7cfd01?s=96&d=mm&r=g","contentUrl":"https:\/\/secure.gravatar.com\/avatar\/d25959a15b9b293a743f99181c7cfd01?s=96&d=mm&r=g","caption":"Laura Hern\u00e1ndez"}}]}},"publishpress_future_action":{"enabled":false,"date":"2026-05-05 03:26:16","action":"change-status","newStatus":"draft","terms":[],"taxonomy":"category","extraData":[]},"publishpress_future_workflow_manual_trigger":{"enabledWorkflows":[]},"_links":{"self":[{"href":"https:\/\/futbolhoy.co\/index.php\/wp-json\/wp\/v2\/posts\/76108","targetHints":{"allow":["GET"]}}],"collection":[{"href":"https:\/\/futbolhoy.co\/index.php\/wp-json\/wp\/v2\/posts"}],"about":[{"href":"https:\/\/futbolhoy.co\/index.php\/wp-json\/wp\/v2\/types\/post"}],"author":[{"embeddable":true,"href":"https:\/\/futbolhoy.co\/index.php\/wp-json\/wp\/v2\/users\/5"}],"replies":[{"embeddable":true,"href":"https:\/\/futbolhoy.co\/index.php\/wp-json\/wp\/v2\/comments?post=76108"}],"version-history":[{"count":1,"href":"https:\/\/futbolhoy.co\/index.php\/wp-json\/wp\/v2\/posts\/76108\/revisions"}],"predecessor-version":[{"id":76112,"href":"https:\/\/futbolhoy.co\/index.php\/wp-json\/wp\/v2\/posts\/76108\/revisions\/76112"}],"wp:featuredmedia":[{"embeddable":true,"href":"https:\/\/futbolhoy.co\/index.php\/wp-json\/wp\/v2\/media\/76111"}],"wp:attachment":[{"href":"https:\/\/futbolhoy.co\/index.php\/wp-json\/wp\/v2\/media?parent=76108"}],"wp:term":[{"taxonomy":"category","embeddable":true,"href":"https:\/\/futbolhoy.co\/index.php\/wp-json\/wp\/v2\/categories?post=76108"},{"taxonomy":"post_tag","embeddable":true,"href":"https:\/\/futbolhoy.co\/index.php\/wp-json\/wp\/v2\/tags?post=76108"}],"curies":[{"name":"wp","href":"https:\/\/api.w.org\/{rel}","templated":true}]}}