{"id":7612,"date":"2017-10-12T13:30:14","date_gmt":"2017-10-12T18:30:14","guid":{"rendered":"http:\/\/futbolhoy.co\/?p=7612"},"modified":"2017-10-12T13:30:14","modified_gmt":"2017-10-12T18:30:14","slug":"francia-negocia-renovacion-con-deschamps","status":"publish","type":"post","link":"https:\/\/futbolhoy.co\/index.php\/2017\/10\/12\/francia-negocia-renovacion-con-deschamps\/","title":{"rendered":"Francia negocia renovaci\u00f3n con Deschamps"},"content":{"rendered":"<p style=\"text-align: justify;\">El presidente de la Federaci\u00f3n Francesa de F\u00fatbol, No\u00ebl Le Gra\u00ebt, asegur\u00f3 que negocian con el seleccionador, Didier Deschamps, la prolongaci\u00f3n de su contrato, que acaba tras el Mundial de Rusia del a\u00f1o pr\u00f3ximo.<\/p>\n<p>En declaraciones a la radio \u00abRMC\u00bb, Le Gra\u00ebt asegur\u00f3 que en los pr\u00f3ximos d\u00edas mantendr\u00e1 una reuni\u00f3n con el t\u00e9cnico para proponerle seguir en el cargo.<\/p>\n<p>La toma de postura del presidente de la FFF se produce en un momento en el que arrecian las cr\u00edticas contra Deschamps por el mal juego del equipo en los \u00faltimos partidos de Francia durante la fase de clasificaci\u00f3n para el Mundial de Rusia.<\/p>\n","protected":false},"excerpt":{"rendered":"<p>El presidente de la Federaci\u00f3n Francesa de F\u00fatbol, No\u00ebl Le Gra\u00ebt, asegur\u00f3 que negocian con el seleccionador, Didier Deschamps, la prolongaci\u00f3n de su contrato, que acaba tras el Mundial de Rusia del a\u00f1o pr\u00f3ximo. En declaraciones a la radio \u00abRMC\u00bb, Le Gra\u00ebt asegur\u00f3 que en los pr\u00f3ximos d\u00edas mantendr\u00e1 una reuni\u00f3n con el t\u00e9cnico para [&hellip;]<\/p>\n","protected":false},"author":5,"featured_media":7615,"comment_status":"open","ping_status":"closed","sticky":false,"template":"","format":"standard","meta":{"_acf_changed":false,"footnotes":""},"categories":[152],"tags":[],"class_list":{"0":"post-7612","1":"post","2":"type-post","3":"status-publish","4":"format-standard","5":"has-post-thumbnail","7":"category-mundo-futbol"},"acf":[],"_links":{"self":[{"href":"https:\/\/futbolhoy.co\/index.php\/wp-json\/wp\/v2\/posts\/7612","targetHints":{"allow":["GET"]}}],"collection":[{"href":"https:\/\/futbolhoy.co\/index.php\/wp-json\/wp\/v2\/posts"}],"about":[{"href":"https:\/\/futbolhoy.co\/index.php\/wp-json\/wp\/v2\/types\/post"}],"author":[{"embeddable":true,"href":"https:\/\/futbolhoy.co\/index.php\/wp-json\/wp\/v2\/users\/5"}],"replies":[{"embeddable":true,"href":"https:\/\/futbolhoy.co\/index.php\/wp-json\/wp\/v2\/comments?post=7612"}],"version-history":[{"count":1,"href":"https:\/\/futbolhoy.co\/index.php\/wp-json\/wp\/v2\/posts\/7612\/revisions"}],"predecessor-version":[{"id":7617,"href":"https:\/\/futbolhoy.co\/index.php\/wp-json\/wp\/v2\/posts\/7612\/revisions\/7617"}],"wp:featuredmedia":[{"embeddable":true,"href":"https:\/\/futbolhoy.co\/index.php\/wp-json\/wp\/v2\/media\/7615"}],"wp:attachment":[{"href":"https:\/\/futbolhoy.co\/index.php\/wp-json\/wp\/v2\/media?parent=7612"}],"wp:term":[{"taxonomy":"category","embeddable":true,"href":"https:\/\/futbolhoy.co\/index.php\/wp-json\/wp\/v2\/categories?post=7612"},{"taxonomy":"post_tag","embeddable":true,"href":"https:\/\/futbolhoy.co\/index.php\/wp-json\/wp\/v2\/tags?post=7612"}],"curies":[{"name":"wp","href":"https:\/\/api.w.org\/{rel}","templated":true}]}}