{"id":76127,"date":"2022-02-16T13:34:15","date_gmt":"2022-02-16T18:34:15","guid":{"rendered":"https:\/\/futbolhoy.co\/?p=76127"},"modified":"2022-02-16T19:29:26","modified_gmt":"2022-02-17T00:29:26","slug":"fifa-fcf-cies-y-la-sergio-arboleda-presentan-programa-de-gestion-deportiva","status":"publish","type":"post","link":"https:\/\/futbolhoy.co\/index.php\/2022\/02\/16\/fifa-fcf-cies-y-la-sergio-arboleda-presentan-programa-de-gestion-deportiva\/","title":{"rendered":"FIFA, FCF, CIES y la Sergio Arboleda presentan programa de gesti\u00f3n deportiva"},"content":{"rendered":"<p style=\"text-align: justify;\"><span style=\"font-family: helvetica, arial, sans-serif;\">Este mi\u00e9rcoles ser\u00e1 presentado el\u00a0<b>Programa Internacional FIFA\/CIES de Gesti\u00f3n del Deporte<\/b>, en asocio con la\u00a0<b>Universidad Sergio Arboleda<\/b>, en acto que contar\u00e1 con la participaci\u00f3n de\u00a0<b>Ram\u00f3n Jesur\u00fan<\/b>, presidente de la\u00a0<b>Federaci\u00f3n Colombiana de F\u00fatbol; Jair Bertoni<\/b>, director de\u00a0<b>Federaciones Miembro Am\u00e9ricas de la FIFA, Vincent Monnier<\/b>, gerente senior de relaciones internacionales del\u00a0<b>CIES<\/b>, y\u00a0<b>Ernesto Lucena Barrero<\/b>, exministro del Deporte y decano de PRIMEdeportiva Business School de la Universidad Sergio Arboleda.<\/span><\/p>\n<p style=\"text-align: justify;\"><span style=\"font-family: helvetica, arial, sans-serif;\">Este programa se oferta actualmente en 19 pa\u00edses con el apoyo de reconocidas universidades y tendr\u00e1 como prop\u00f3sito formar a los participantes en las \u00e1reas claves de la gesti\u00f3n deportiva, como derecho deportivo, marketing y patrocinio, comunicaci\u00f3n en el deporte, administraci\u00f3n, finanzas y organizaci\u00f3n de eventos deportivos.<\/span><\/p>\n<p style=\"text-align: justify;\"><span style=\"font-family: helvetica, arial, sans-serif;\">\u201cEl objetivo de esta alianza es ofrecer a los directivos e interesados en el deporte colombiano una visi\u00f3n lo m\u00e1s amplia posible sobre este panorama del deporte moderno. Asimismo, les facilitar\u00e1 las herramientas que les permitir\u00e1n administrar de manera integral su federaci\u00f3n, asociaci\u00f3n o club de forma eficaz, teniendo en cuenta las particularidades y realidades del deporte en nuestro pa\u00eds\u201d, expres\u00f3 Jesur\u00fan, presidente de la\u00a0<b>FCF<\/b>.<\/span><\/p>\n<p style=\"text-align: justify;\"><span style=\"font-family: helvetica, arial, sans-serif;\">De acuerdo con Lucena, este programa es cada vez m\u00e1s necesario, debido al alto rendimiento de los deportistas colombianos.<\/span><\/p>\n<p style=\"text-align: justify;\"><span style=\"font-family: helvetica, arial, sans-serif;\">\u201cPara la Universidad Sergio Arboleda es motivo de orgullo realizar el \u2018Programa Internacional\u00a0<b>FIFA\/CIES<\/b>\u00a0de gesti\u00f3n del deporte\u2019 en alianza con la Federaci\u00f3n Colombiana de F\u00fatbol FCF y el CIES, dado que nuestros deportistas, cada vez m\u00e1s, obtienen resultados positivos a nivel nacional e internacional, y es necesario continuar formando nuevos dirigentes y fortaleciendo los que ya se encuentran liderando estos procesos y as\u00ed potencializar a\u00fan m\u00e1s la industria deportiva del pa\u00eds\u201d, coment\u00f3 el decano Sergista.<\/span><\/p>\n<p style=\"text-align: justify;\"><span style=\"font-family: helvetica, arial, sans-serif;\">Por su parte, Vincent Schatzmann, secretario general del CIES, afirm\u00f3 que esta alianza refleja el buen momento del deporte colombiano. \u201cEs un gran placer para nosotros organizar el Programa Internacional FIFA\/CIES de Gesti\u00f3n del Deporte en estrecha colaboraci\u00f3n con la Universidad Sergio Arboleda y la Federaci\u00f3n Colombiana de F\u00fatbol. Nuestra presencia en Colombia responde a las necesidades de un gran pa\u00eds del deporte y del f\u00fatbol, a la necesidad de formar a una nueva generaci\u00f3n de directivos que tienen que enfrentarse a un entorno complejo y con cada vez m\u00e1s retos\u201d.<\/span><\/p>\n<p style=\"text-align: justify;\"><span style=\"font-family: helvetica, arial, sans-serif;\">Entre las personas destacadas que se han formado en este importante programa est\u00e1n el ex volante brasile\u00f1o\u00a0<b>Kak\u00e1; Francisca Crovetto<\/b>, deportista ol\u00edmpica y presidente de la\u00a0<b>Comisi\u00f3n Nacional de Atletas del Comit\u00e9 Ol\u00edmpico de Chile; Roman Shirokov<\/b>, ganador de la\u00a0<b>Copa de la UEFA<\/b>\u00a0(hoy\u00a0<b>UEFA Europa League<\/b>) y ex-capit\u00e1n de la selecci\u00f3n nacional de f\u00fatbol de\u00a0<b>Rusia<\/b>;\u00a0<b>Solomon Mudege<\/b>, jefe de Grupo de Programas de Desarrollo de la FIFA;\u00a0<b>Abel Mart\u00edn Garc\u00eda<\/b>, jefe de prensa de la Selecci\u00f3n Espa\u00f1ola de F\u00fatbol Sala;\u00a0<b>Luis Castro<\/b>, manager de desarrollo de la\u00a0<b>Asociaci\u00f3n del F\u00fatbol Argentino<\/b>\u00a0y miembro de la\u00a0<b>Comisi\u00f3n T\u00e9cnica Docente de la Conmebol,<\/b>\u00a0entre otros.<\/span><\/p>\n<p style=\"text-align: justify;\"><span style=\"font-family: helvetica, arial, sans-serif;\">El programa, desde su creaci\u00f3n en 2004, ha contado con la participaci\u00f3n de m\u00e1s de 5.000 personas de distintas \u00e1reas profesionales que est\u00e1n vinculadas a diversos deportes y entidades deportivas; y que han disfrutado del intercambio de experiencias con importantes ejecutivos y expertos mundiales relacionados con el f\u00fatbol y el deporte.<\/span><\/p>\n","protected":false},"excerpt":{"rendered":"<p>Este mi\u00e9rcoles ser\u00e1 presentado el\u00a0Programa Internacional FIFA\/CIES de Gesti\u00f3n del Deporte, en asocio con la\u00a0Universidad Sergio Arboleda, en acto que contar\u00e1 con la participaci\u00f3n de\u00a0Ram\u00f3n Jesur\u00fan, presidente de la\u00a0Federaci\u00f3n Colombiana de F\u00fatbol; Jair Bertoni, director de\u00a0Federaciones Miembro Am\u00e9ricas de la FIFA, Vincent Monnier, gerente senior de relaciones internacionales del\u00a0CIES, y\u00a0Ernesto Lucena Barrero, exministro del Deporte [&hellip;]<\/p>\n","protected":false},"author":5,"featured_media":76128,"comment_status":"open","ping_status":"open","sticky":false,"template":"","format":"standard","meta":{"_acf_changed":false,"footnotes":""},"categories":[152],"tags":[],"class_list":{"0":"post-76127","1":"post","2":"type-post","3":"status-publish","4":"format-standard","5":"has-post-thumbnail","7":"category-mundo-futbol"},"acf":[],"yoast_head":"<!-- This site is optimized with the Yoast SEO plugin v26.8 - https:\/\/yoast.com\/product\/yoast-seo-wordpress\/ -->\n<title>FIFA, FCF, CIES y la Sergio Arboleda presentan programa de gesti\u00f3n deportiva -<\/title>\n<meta name=\"robots\" content=\"index, follow, max-snippet:-1, max-image-preview:large, max-video-preview:-1\" \/>\n<link rel=\"canonical\" href=\"https:\/\/futbolhoy.co\/index.php\/2022\/02\/16\/fifa-fcf-cies-y-la-sergio-arboleda-presentan-programa-de-gestion-deportiva\/\" \/>\n<meta property=\"og:locale\" content=\"es_ES\" \/>\n<meta property=\"og:type\" content=\"article\" \/>\n<meta property=\"og:title\" content=\"FIFA, FCF, CIES y la Sergio Arboleda presentan programa de gesti\u00f3n deportiva -\" \/>\n<meta property=\"og:description\" content=\"Este mi\u00e9rcoles ser\u00e1 presentado el\u00a0Programa Internacional FIFA\/CIES de Gesti\u00f3n del Deporte, en asocio con la\u00a0Universidad Sergio Arboleda, en acto que contar\u00e1 con la participaci\u00f3n de\u00a0Ram\u00f3n Jesur\u00fan, presidente de la\u00a0Federaci\u00f3n Colombiana de F\u00fatbol; Jair Bertoni, director de\u00a0Federaciones Miembro Am\u00e9ricas de la FIFA, Vincent Monnier, gerente senior de relaciones internacionales del\u00a0CIES, y\u00a0Ernesto Lucena Barrero, exministro del Deporte [&hellip;]\" \/>\n<meta property=\"og:url\" content=\"https:\/\/futbolhoy.co\/index.php\/2022\/02\/16\/fifa-fcf-cies-y-la-sergio-arboleda-presentan-programa-de-gestion-deportiva\/\" \/>\n<meta property=\"article:publisher\" content=\"https:\/\/www.facebook.com\/FutbolHoyCol\/\" \/>\n<meta property=\"article:published_time\" content=\"2022-02-16T18:34:15+00:00\" \/>\n<meta property=\"article:modified_time\" content=\"2022-02-17T00:29:26+00:00\" \/>\n<meta property=\"og:image\" content=\"https:\/\/futbolhoy.co\/wp-content\/uploads\/2022\/02\/20220216_143604-scaled.jpg\" \/>\n\t<meta property=\"og:image:width\" content=\"2560\" \/>\n\t<meta property=\"og:image:height\" content=\"1259\" \/>\n\t<meta property=\"og:image:type\" content=\"image\/jpeg\" \/>\n<meta name=\"author\" content=\"Laura Hern\u00e1ndez\" \/>\n<meta name=\"twitter:card\" content=\"summary_large_image\" \/>\n<meta name=\"twitter:creator\" content=\"@FutbolHoyCol\" \/>\n<meta name=\"twitter:site\" content=\"@FutbolHoyCol\" \/>\n<meta name=\"twitter:label1\" content=\"Escrito por\" \/>\n\t<meta name=\"twitter:data1\" content=\"Laura Hern\u00e1ndez\" \/>\n\t<meta name=\"twitter:label2\" content=\"Tiempo de lectura\" \/>\n\t<meta name=\"twitter:data2\" content=\"3 minutos\" \/>\n<script type=\"application\/ld+json\" class=\"yoast-schema-graph\">{\"@context\":\"https:\/\/schema.org\",\"@graph\":[{\"@type\":\"Article\",\"@id\":\"https:\/\/futbolhoy.co\/index.php\/2022\/02\/16\/fifa-fcf-cies-y-la-sergio-arboleda-presentan-programa-de-gestion-deportiva\/#article\",\"isPartOf\":{\"@id\":\"https:\/\/futbolhoy.co\/index.php\/2022\/02\/16\/fifa-fcf-cies-y-la-sergio-arboleda-presentan-programa-de-gestion-deportiva\/\"},\"author\":{\"name\":\"Laura Hern\u00e1ndez\",\"@id\":\"https:\/\/futbolhoy.co\/#\/schema\/person\/c4a353a512b127643723a34bb1812f7d\"},\"headline\":\"FIFA, FCF, CIES y la Sergio Arboleda presentan programa de gesti\u00f3n deportiva\",\"datePublished\":\"2022-02-16T18:34:15+00:00\",\"dateModified\":\"2022-02-17T00:29:26+00:00\",\"mainEntityOfPage\":{\"@id\":\"https:\/\/futbolhoy.co\/index.php\/2022\/02\/16\/fifa-fcf-cies-y-la-sergio-arboleda-presentan-programa-de-gestion-deportiva\/\"},\"wordCount\":601,\"commentCount\":0,\"publisher\":{\"@id\":\"https:\/\/futbolhoy.co\/#organization\"},\"image\":{\"@id\":\"https:\/\/futbolhoy.co\/index.php\/2022\/02\/16\/fifa-fcf-cies-y-la-sergio-arboleda-presentan-programa-de-gestion-deportiva\/#primaryimage\"},\"thumbnailUrl\":\"https:\/\/futbolhoy.co\/wp-content\/uploads\/2022\/02\/20220216_143604-scaled.jpg\",\"articleSection\":[\"Mundo Futbol\"],\"inLanguage\":\"es\",\"potentialAction\":[{\"@type\":\"CommentAction\",\"name\":\"Comment\",\"target\":[\"https:\/\/futbolhoy.co\/index.php\/2022\/02\/16\/fifa-fcf-cies-y-la-sergio-arboleda-presentan-programa-de-gestion-deportiva\/#respond\"]}]},{\"@type\":\"WebPage\",\"@id\":\"https:\/\/futbolhoy.co\/index.php\/2022\/02\/16\/fifa-fcf-cies-y-la-sergio-arboleda-presentan-programa-de-gestion-deportiva\/\",\"url\":\"https:\/\/futbolhoy.co\/index.php\/2022\/02\/16\/fifa-fcf-cies-y-la-sergio-arboleda-presentan-programa-de-gestion-deportiva\/\",\"name\":\"FIFA, FCF, CIES y la Sergio Arboleda presentan programa de gesti\u00f3n deportiva -\",\"isPartOf\":{\"@id\":\"https:\/\/futbolhoy.co\/#website\"},\"primaryImageOfPage\":{\"@id\":\"https:\/\/futbolhoy.co\/index.php\/2022\/02\/16\/fifa-fcf-cies-y-la-sergio-arboleda-presentan-programa-de-gestion-deportiva\/#primaryimage\"},\"image\":{\"@id\":\"https:\/\/futbolhoy.co\/index.php\/2022\/02\/16\/fifa-fcf-cies-y-la-sergio-arboleda-presentan-programa-de-gestion-deportiva\/#primaryimage\"},\"thumbnailUrl\":\"https:\/\/futbolhoy.co\/wp-content\/uploads\/2022\/02\/20220216_143604-scaled.jpg\",\"datePublished\":\"2022-02-16T18:34:15+00:00\",\"dateModified\":\"2022-02-17T00:29:26+00:00\",\"breadcrumb\":{\"@id\":\"https:\/\/futbolhoy.co\/index.php\/2022\/02\/16\/fifa-fcf-cies-y-la-sergio-arboleda-presentan-programa-de-gestion-deportiva\/#breadcrumb\"},\"inLanguage\":\"es\",\"potentialAction\":[{\"@type\":\"ReadAction\",\"target\":[\"https:\/\/futbolhoy.co\/index.php\/2022\/02\/16\/fifa-fcf-cies-y-la-sergio-arboleda-presentan-programa-de-gestion-deportiva\/\"]}]},{\"@type\":\"ImageObject\",\"inLanguage\":\"es\",\"@id\":\"https:\/\/futbolhoy.co\/index.php\/2022\/02\/16\/fifa-fcf-cies-y-la-sergio-arboleda-presentan-programa-de-gestion-deportiva\/#primaryimage\",\"url\":\"https:\/\/futbolhoy.co\/wp-content\/uploads\/2022\/02\/20220216_143604-scaled.jpg\",\"contentUrl\":\"https:\/\/futbolhoy.co\/wp-content\/uploads\/2022\/02\/20220216_143604-scaled.jpg\",\"width\":2560,\"height\":1259},{\"@type\":\"BreadcrumbList\",\"@id\":\"https:\/\/futbolhoy.co\/index.php\/2022\/02\/16\/fifa-fcf-cies-y-la-sergio-arboleda-presentan-programa-de-gestion-deportiva\/#breadcrumb\",\"itemListElement\":[{\"@type\":\"ListItem\",\"position\":1,\"name\":\"Portada\",\"item\":\"https:\/\/futbolhoy.co\/\"},{\"@type\":\"ListItem\",\"position\":2,\"name\":\"FIFA, FCF, CIES y la Sergio Arboleda presentan programa de gesti\u00f3n deportiva\"}]},{\"@type\":\"WebSite\",\"@id\":\"https:\/\/futbolhoy.co\/#website\",\"url\":\"https:\/\/futbolhoy.co\/\",\"name\":\"FutbolHoy\",\"description\":\"\",\"publisher\":{\"@id\":\"https:\/\/futbolhoy.co\/#organization\"},\"potentialAction\":[{\"@type\":\"SearchAction\",\"target\":{\"@type\":\"EntryPoint\",\"urlTemplate\":\"https:\/\/futbolhoy.co\/?s={search_term_string}\"},\"query-input\":{\"@type\":\"PropertyValueSpecification\",\"valueRequired\":true,\"valueName\":\"search_term_string\"}}],\"inLanguage\":\"es\"},{\"@type\":\"Organization\",\"@id\":\"https:\/\/futbolhoy.co\/#organization\",\"name\":\"Futbolhoy.co\",\"url\":\"https:\/\/futbolhoy.co\/\",\"logo\":{\"@type\":\"ImageObject\",\"inLanguage\":\"es\",\"@id\":\"https:\/\/futbolhoy.co\/#\/schema\/logo\/image\/\",\"url\":\"https:\/\/futbolhoy.co\/wp-content\/uploads\/2018\/08\/17426380_1906371736249227_6326180412931521141_n.jpg\",\"contentUrl\":\"https:\/\/futbolhoy.co\/wp-content\/uploads\/2018\/08\/17426380_1906371736249227_6326180412931521141_n.jpg\",\"width\":960,\"height\":960,\"caption\":\"Futbolhoy.co\"},\"image\":{\"@id\":\"https:\/\/futbolhoy.co\/#\/schema\/logo\/image\/\"},\"sameAs\":[\"https:\/\/www.facebook.com\/FutbolHoyCol\/\",\"https:\/\/x.com\/FutbolHoyCol\",\"https:\/\/www.instagram.com\/futbolhoycol\/\"]},{\"@type\":\"Person\",\"@id\":\"https:\/\/futbolhoy.co\/#\/schema\/person\/c4a353a512b127643723a34bb1812f7d\",\"name\":\"Laura Hern\u00e1ndez\",\"image\":{\"@type\":\"ImageObject\",\"inLanguage\":\"es\",\"@id\":\"https:\/\/futbolhoy.co\/#\/schema\/person\/image\/\",\"url\":\"https:\/\/secure.gravatar.com\/avatar\/d25959a15b9b293a743f99181c7cfd01?s=96&d=mm&r=g\",\"contentUrl\":\"https:\/\/secure.gravatar.com\/avatar\/d25959a15b9b293a743f99181c7cfd01?s=96&d=mm&r=g\",\"caption\":\"Laura Hern\u00e1ndez\"}}]}<\/script>\n<!-- \/ Yoast SEO plugin. -->","yoast_head_json":{"title":"FIFA, FCF, CIES y la Sergio Arboleda presentan programa de gesti\u00f3n deportiva -","robots":{"index":"index","follow":"follow","max-snippet":"max-snippet:-1","max-image-preview":"max-image-preview:large","max-video-preview":"max-video-preview:-1"},"canonical":"https:\/\/futbolhoy.co\/index.php\/2022\/02\/16\/fifa-fcf-cies-y-la-sergio-arboleda-presentan-programa-de-gestion-deportiva\/","og_locale":"es_ES","og_type":"article","og_title":"FIFA, FCF, CIES y la Sergio Arboleda presentan programa de gesti\u00f3n deportiva -","og_description":"Este mi\u00e9rcoles ser\u00e1 presentado el\u00a0Programa Internacional FIFA\/CIES de Gesti\u00f3n del Deporte, en asocio con la\u00a0Universidad Sergio Arboleda, en acto que contar\u00e1 con la participaci\u00f3n de\u00a0Ram\u00f3n Jesur\u00fan, presidente de la\u00a0Federaci\u00f3n Colombiana de F\u00fatbol; Jair Bertoni, director de\u00a0Federaciones Miembro Am\u00e9ricas de la FIFA, Vincent Monnier, gerente senior de relaciones internacionales del\u00a0CIES, y\u00a0Ernesto Lucena Barrero, exministro del Deporte [&hellip;]","og_url":"https:\/\/futbolhoy.co\/index.php\/2022\/02\/16\/fifa-fcf-cies-y-la-sergio-arboleda-presentan-programa-de-gestion-deportiva\/","article_publisher":"https:\/\/www.facebook.com\/FutbolHoyCol\/","article_published_time":"2022-02-16T18:34:15+00:00","article_modified_time":"2022-02-17T00:29:26+00:00","og_image":[{"width":2560,"height":1259,"url":"https:\/\/futbolhoy.co\/wp-content\/uploads\/2022\/02\/20220216_143604-scaled.jpg","type":"image\/jpeg"}],"author":"Laura Hern\u00e1ndez","twitter_card":"summary_large_image","twitter_creator":"@FutbolHoyCol","twitter_site":"@FutbolHoyCol","twitter_misc":{"Escrito por":"Laura Hern\u00e1ndez","Tiempo de lectura":"3 minutos"},"schema":{"@context":"https:\/\/schema.org","@graph":[{"@type":"Article","@id":"https:\/\/futbolhoy.co\/index.php\/2022\/02\/16\/fifa-fcf-cies-y-la-sergio-arboleda-presentan-programa-de-gestion-deportiva\/#article","isPartOf":{"@id":"https:\/\/futbolhoy.co\/index.php\/2022\/02\/16\/fifa-fcf-cies-y-la-sergio-arboleda-presentan-programa-de-gestion-deportiva\/"},"author":{"name":"Laura Hern\u00e1ndez","@id":"https:\/\/futbolhoy.co\/#\/schema\/person\/c4a353a512b127643723a34bb1812f7d"},"headline":"FIFA, FCF, CIES y la Sergio Arboleda presentan programa de gesti\u00f3n deportiva","datePublished":"2022-02-16T18:34:15+00:00","dateModified":"2022-02-17T00:29:26+00:00","mainEntityOfPage":{"@id":"https:\/\/futbolhoy.co\/index.php\/2022\/02\/16\/fifa-fcf-cies-y-la-sergio-arboleda-presentan-programa-de-gestion-deportiva\/"},"wordCount":601,"commentCount":0,"publisher":{"@id":"https:\/\/futbolhoy.co\/#organization"},"image":{"@id":"https:\/\/futbolhoy.co\/index.php\/2022\/02\/16\/fifa-fcf-cies-y-la-sergio-arboleda-presentan-programa-de-gestion-deportiva\/#primaryimage"},"thumbnailUrl":"https:\/\/futbolhoy.co\/wp-content\/uploads\/2022\/02\/20220216_143604-scaled.jpg","articleSection":["Mundo Futbol"],"inLanguage":"es","potentialAction":[{"@type":"CommentAction","name":"Comment","target":["https:\/\/futbolhoy.co\/index.php\/2022\/02\/16\/fifa-fcf-cies-y-la-sergio-arboleda-presentan-programa-de-gestion-deportiva\/#respond"]}]},{"@type":"WebPage","@id":"https:\/\/futbolhoy.co\/index.php\/2022\/02\/16\/fifa-fcf-cies-y-la-sergio-arboleda-presentan-programa-de-gestion-deportiva\/","url":"https:\/\/futbolhoy.co\/index.php\/2022\/02\/16\/fifa-fcf-cies-y-la-sergio-arboleda-presentan-programa-de-gestion-deportiva\/","name":"FIFA, FCF, CIES y la Sergio Arboleda presentan programa de gesti\u00f3n deportiva -","isPartOf":{"@id":"https:\/\/futbolhoy.co\/#website"},"primaryImageOfPage":{"@id":"https:\/\/futbolhoy.co\/index.php\/2022\/02\/16\/fifa-fcf-cies-y-la-sergio-arboleda-presentan-programa-de-gestion-deportiva\/#primaryimage"},"image":{"@id":"https:\/\/futbolhoy.co\/index.php\/2022\/02\/16\/fifa-fcf-cies-y-la-sergio-arboleda-presentan-programa-de-gestion-deportiva\/#primaryimage"},"thumbnailUrl":"https:\/\/futbolhoy.co\/wp-content\/uploads\/2022\/02\/20220216_143604-scaled.jpg","datePublished":"2022-02-16T18:34:15+00:00","dateModified":"2022-02-17T00:29:26+00:00","breadcrumb":{"@id":"https:\/\/futbolhoy.co\/index.php\/2022\/02\/16\/fifa-fcf-cies-y-la-sergio-arboleda-presentan-programa-de-gestion-deportiva\/#breadcrumb"},"inLanguage":"es","potentialAction":[{"@type":"ReadAction","target":["https:\/\/futbolhoy.co\/index.php\/2022\/02\/16\/fifa-fcf-cies-y-la-sergio-arboleda-presentan-programa-de-gestion-deportiva\/"]}]},{"@type":"ImageObject","inLanguage":"es","@id":"https:\/\/futbolhoy.co\/index.php\/2022\/02\/16\/fifa-fcf-cies-y-la-sergio-arboleda-presentan-programa-de-gestion-deportiva\/#primaryimage","url":"https:\/\/futbolhoy.co\/wp-content\/uploads\/2022\/02\/20220216_143604-scaled.jpg","contentUrl":"https:\/\/futbolhoy.co\/wp-content\/uploads\/2022\/02\/20220216_143604-scaled.jpg","width":2560,"height":1259},{"@type":"BreadcrumbList","@id":"https:\/\/futbolhoy.co\/index.php\/2022\/02\/16\/fifa-fcf-cies-y-la-sergio-arboleda-presentan-programa-de-gestion-deportiva\/#breadcrumb","itemListElement":[{"@type":"ListItem","position":1,"name":"Portada","item":"https:\/\/futbolhoy.co\/"},{"@type":"ListItem","position":2,"name":"FIFA, FCF, CIES y la Sergio Arboleda presentan programa de gesti\u00f3n deportiva"}]},{"@type":"WebSite","@id":"https:\/\/futbolhoy.co\/#website","url":"https:\/\/futbolhoy.co\/","name":"FutbolHoy","description":"","publisher":{"@id":"https:\/\/futbolhoy.co\/#organization"},"potentialAction":[{"@type":"SearchAction","target":{"@type":"EntryPoint","urlTemplate":"https:\/\/futbolhoy.co\/?s={search_term_string}"},"query-input":{"@type":"PropertyValueSpecification","valueRequired":true,"valueName":"search_term_string"}}],"inLanguage":"es"},{"@type":"Organization","@id":"https:\/\/futbolhoy.co\/#organization","name":"Futbolhoy.co","url":"https:\/\/futbolhoy.co\/","logo":{"@type":"ImageObject","inLanguage":"es","@id":"https:\/\/futbolhoy.co\/#\/schema\/logo\/image\/","url":"https:\/\/futbolhoy.co\/wp-content\/uploads\/2018\/08\/17426380_1906371736249227_6326180412931521141_n.jpg","contentUrl":"https:\/\/futbolhoy.co\/wp-content\/uploads\/2018\/08\/17426380_1906371736249227_6326180412931521141_n.jpg","width":960,"height":960,"caption":"Futbolhoy.co"},"image":{"@id":"https:\/\/futbolhoy.co\/#\/schema\/logo\/image\/"},"sameAs":["https:\/\/www.facebook.com\/FutbolHoyCol\/","https:\/\/x.com\/FutbolHoyCol","https:\/\/www.instagram.com\/futbolhoycol\/"]},{"@type":"Person","@id":"https:\/\/futbolhoy.co\/#\/schema\/person\/c4a353a512b127643723a34bb1812f7d","name":"Laura Hern\u00e1ndez","image":{"@type":"ImageObject","inLanguage":"es","@id":"https:\/\/futbolhoy.co\/#\/schema\/person\/image\/","url":"https:\/\/secure.gravatar.com\/avatar\/d25959a15b9b293a743f99181c7cfd01?s=96&d=mm&r=g","contentUrl":"https:\/\/secure.gravatar.com\/avatar\/d25959a15b9b293a743f99181c7cfd01?s=96&d=mm&r=g","caption":"Laura Hern\u00e1ndez"}}]}},"publishpress_future_action":{"enabled":false,"date":"2026-05-05 06:36:55","action":"change-status","newStatus":"draft","terms":[],"taxonomy":"category","extraData":[]},"publishpress_future_workflow_manual_trigger":{"enabledWorkflows":[]},"_links":{"self":[{"href":"https:\/\/futbolhoy.co\/index.php\/wp-json\/wp\/v2\/posts\/76127","targetHints":{"allow":["GET"]}}],"collection":[{"href":"https:\/\/futbolhoy.co\/index.php\/wp-json\/wp\/v2\/posts"}],"about":[{"href":"https:\/\/futbolhoy.co\/index.php\/wp-json\/wp\/v2\/types\/post"}],"author":[{"embeddable":true,"href":"https:\/\/futbolhoy.co\/index.php\/wp-json\/wp\/v2\/users\/5"}],"replies":[{"embeddable":true,"href":"https:\/\/futbolhoy.co\/index.php\/wp-json\/wp\/v2\/comments?post=76127"}],"version-history":[{"count":1,"href":"https:\/\/futbolhoy.co\/index.php\/wp-json\/wp\/v2\/posts\/76127\/revisions"}],"predecessor-version":[{"id":76129,"href":"https:\/\/futbolhoy.co\/index.php\/wp-json\/wp\/v2\/posts\/76127\/revisions\/76129"}],"wp:featuredmedia":[{"embeddable":true,"href":"https:\/\/futbolhoy.co\/index.php\/wp-json\/wp\/v2\/media\/76128"}],"wp:attachment":[{"href":"https:\/\/futbolhoy.co\/index.php\/wp-json\/wp\/v2\/media?parent=76127"}],"wp:term":[{"taxonomy":"category","embeddable":true,"href":"https:\/\/futbolhoy.co\/index.php\/wp-json\/wp\/v2\/categories?post=76127"},{"taxonomy":"post_tag","embeddable":true,"href":"https:\/\/futbolhoy.co\/index.php\/wp-json\/wp\/v2\/tags?post=76127"}],"curies":[{"name":"wp","href":"https:\/\/api.w.org\/{rel}","templated":true}]}}