{"id":76137,"date":"2022-02-16T16:59:23","date_gmt":"2022-02-16T21:59:23","guid":{"rendered":"https:\/\/futbolhoy.co\/?p=76137"},"modified":"2022-02-17T05:33:57","modified_gmt":"2022-02-17T10:33:57","slug":"liverpool-gano-en-milan-por-la-champions","status":"publish","type":"post","link":"https:\/\/futbolhoy.co\/index.php\/2022\/02\/16\/liverpool-gano-en-milan-por-la-champions\/","title":{"rendered":"Liverpool gan\u00f3 en Mil\u00e1n por la Champions"},"content":{"rendered":"<p style=\"text-align: justify;\"><span style=\"font-family: helvetica, arial, sans-serif;\"><b>Liverpool <\/b>logr\u00f3 un importante triunfo 0-2 sobre el<b> Inter de Mil\u00e1n<\/b>\u00a0en territorio italiano, en la ida por los octavos de final de la\u00a0<b>Champions<\/b>, con la presencia del guajiro\u00a0<b>Luis D\u00edaz<\/b>\u00a0en el equipo brit\u00e1nico desde el minuto 59.<\/span><\/p>\n<p style=\"text-align: justify;\"><span style=\"font-family: helvetica, arial, sans-serif;\">Los goles de los\u00a0<b>\u2018Reds\u2019<\/b>\u00a0fueron marcados por el brasile\u00f1o\u00a0<b>Roberto Firmino<\/b>\u00a0a la salida de un tiro de esquina a los 75 minutos; mientras que el egipcio\u00a0<b>Mohamed Salah\u00a0<\/b>sell\u00f3 la victoria a los 83.<\/span><\/p>\n<p style=\"text-align: justify;\"><span style=\"font-family: helvetica, arial, sans-serif;\">D\u00edaz, quien ingres\u00f3 por el senegal\u00e9s\u00a0<b>Sadio Man\u00e9<\/b>, jug\u00f3 como extremo por la banda izquierda, con perfil cambiado, pero fue incisivo en sus incursiones ofensivas y atrevido a la hora del uno a uno, incluso con un remate de larga distancia que se fue por encima del arco defendido por el esloveno\u00a0<b>Samir Handanovic.<\/b><\/span><\/p>\n<p style=\"text-align: justify;\"><span style=\"font-family: helvetica, arial, sans-serif;\">El partido result\u00f3 parejo en su tr\u00e1mite general, con mayor dominio de los locales en el inicio de la etapa complementaria, pero sin contundencia en las ocasiones creadas, la cual si tuvo la visita.<\/span><\/p>\n<p style=\"text-align: justify;\"><span style=\"font-family: helvetica, arial, sans-serif;\">En el otro duelo del d\u00eda, el\u00a0<b>Salzburgo<\/b>\u00a0austr\u00edaco igual\u00f3 1-1 con el poderoso\u00a0<b>Bayern M\u00fanich<\/b>, con goles de\u00a0<b>Chukwubuike Adamu<\/b>\u00a0(21\u2019) y\u00a0<b>Kingsley Coman<\/b> (90\u2019).\u00a0<\/span><\/p>\n","protected":false},"excerpt":{"rendered":"<p>Liverpool logr\u00f3 un importante triunfo 0-2 sobre el Inter de Mil\u00e1n\u00a0en territorio italiano, en la ida por los octavos de final de la\u00a0Champions, con la presencia del guajiro\u00a0Luis D\u00edaz\u00a0en el equipo brit\u00e1nico desde el minuto 59. Los goles de los\u00a0\u2018Reds\u2019\u00a0fueron marcados por el brasile\u00f1o\u00a0Roberto Firmino\u00a0a la salida de un tiro de esquina a los 75 [&hellip;]<\/p>\n","protected":false},"author":5,"featured_media":76138,"comment_status":"open","ping_status":"open","sticky":false,"template":"","format":"standard","meta":{"_acf_changed":false,"footnotes":""},"categories":[4],"tags":[],"class_list":{"0":"post-76137","1":"post","2":"type-post","3":"status-publish","4":"format-standard","5":"has-post-thumbnail","7":"category-champions-league"},"acf":[],"yoast_head":"<!-- This site is optimized with the Yoast SEO plugin v26.8 - https:\/\/yoast.com\/product\/yoast-seo-wordpress\/ -->\n<title>Liverpool gan\u00f3 en Mil\u00e1n por la Champions -<\/title>\n<meta name=\"robots\" content=\"index, follow, max-snippet:-1, max-image-preview:large, max-video-preview:-1\" \/>\n<link rel=\"canonical\" href=\"https:\/\/futbolhoy.co\/index.php\/2022\/02\/16\/liverpool-gano-en-milan-por-la-champions\/\" \/>\n<meta property=\"og:locale\" content=\"es_ES\" \/>\n<meta property=\"og:type\" content=\"article\" \/>\n<meta property=\"og:title\" content=\"Liverpool gan\u00f3 en Mil\u00e1n por la Champions -\" \/>\n<meta property=\"og:description\" content=\"Liverpool logr\u00f3 un importante triunfo 0-2 sobre el Inter de Mil\u00e1n\u00a0en territorio italiano, en la ida por los octavos de final de la\u00a0Champions, con la presencia del guajiro\u00a0Luis D\u00edaz\u00a0en el equipo brit\u00e1nico desde el minuto 59. Los goles de los\u00a0\u2018Reds\u2019\u00a0fueron marcados por el brasile\u00f1o\u00a0Roberto Firmino\u00a0a la salida de un tiro de esquina a los 75 [&hellip;]\" \/>\n<meta property=\"og:url\" content=\"https:\/\/futbolhoy.co\/index.php\/2022\/02\/16\/liverpool-gano-en-milan-por-la-champions\/\" \/>\n<meta property=\"article:publisher\" content=\"https:\/\/www.facebook.com\/FutbolHoyCol\/\" \/>\n<meta property=\"article:published_time\" content=\"2022-02-16T21:59:23+00:00\" \/>\n<meta property=\"article:modified_time\" content=\"2022-02-17T10:33:57+00:00\" \/>\n<meta property=\"og:image\" content=\"https:\/\/futbolhoy.co\/wp-content\/uploads\/2022\/02\/20220216_165901.jpg\" \/>\n\t<meta property=\"og:image:width\" content=\"620\" \/>\n\t<meta property=\"og:image:height\" content=\"420\" \/>\n\t<meta property=\"og:image:type\" content=\"image\/jpeg\" \/>\n<meta name=\"author\" content=\"Laura Hern\u00e1ndez\" \/>\n<meta name=\"twitter:card\" content=\"summary_large_image\" \/>\n<meta name=\"twitter:creator\" content=\"@FutbolHoyCol\" \/>\n<meta name=\"twitter:site\" content=\"@FutbolHoyCol\" \/>\n<meta name=\"twitter:label1\" content=\"Escrito por\" \/>\n\t<meta name=\"twitter:data1\" content=\"Laura Hern\u00e1ndez\" \/>\n\t<meta name=\"twitter:label2\" content=\"Tiempo de lectura\" \/>\n\t<meta name=\"twitter:data2\" content=\"1 minuto\" \/>\n<script type=\"application\/ld+json\" class=\"yoast-schema-graph\">{\"@context\":\"https:\/\/schema.org\",\"@graph\":[{\"@type\":\"Article\",\"@id\":\"https:\/\/futbolhoy.co\/index.php\/2022\/02\/16\/liverpool-gano-en-milan-por-la-champions\/#article\",\"isPartOf\":{\"@id\":\"https:\/\/futbolhoy.co\/index.php\/2022\/02\/16\/liverpool-gano-en-milan-por-la-champions\/\"},\"author\":{\"name\":\"Laura Hern\u00e1ndez\",\"@id\":\"https:\/\/futbolhoy.co\/#\/schema\/person\/c4a353a512b127643723a34bb1812f7d\"},\"headline\":\"Liverpool gan\u00f3 en Mil\u00e1n por la Champions\",\"datePublished\":\"2022-02-16T21:59:23+00:00\",\"dateModified\":\"2022-02-17T10:33:57+00:00\",\"mainEntityOfPage\":{\"@id\":\"https:\/\/futbolhoy.co\/index.php\/2022\/02\/16\/liverpool-gano-en-milan-por-la-champions\/\"},\"wordCount\":203,\"commentCount\":0,\"publisher\":{\"@id\":\"https:\/\/futbolhoy.co\/#organization\"},\"image\":{\"@id\":\"https:\/\/futbolhoy.co\/index.php\/2022\/02\/16\/liverpool-gano-en-milan-por-la-champions\/#primaryimage\"},\"thumbnailUrl\":\"https:\/\/futbolhoy.co\/wp-content\/uploads\/2022\/02\/20220216_165901.jpg\",\"articleSection\":[\"Champions League\"],\"inLanguage\":\"es\",\"potentialAction\":[{\"@type\":\"CommentAction\",\"name\":\"Comment\",\"target\":[\"https:\/\/futbolhoy.co\/index.php\/2022\/02\/16\/liverpool-gano-en-milan-por-la-champions\/#respond\"]}]},{\"@type\":\"WebPage\",\"@id\":\"https:\/\/futbolhoy.co\/index.php\/2022\/02\/16\/liverpool-gano-en-milan-por-la-champions\/\",\"url\":\"https:\/\/futbolhoy.co\/index.php\/2022\/02\/16\/liverpool-gano-en-milan-por-la-champions\/\",\"name\":\"Liverpool gan\u00f3 en Mil\u00e1n por la Champions -\",\"isPartOf\":{\"@id\":\"https:\/\/futbolhoy.co\/#website\"},\"primaryImageOfPage\":{\"@id\":\"https:\/\/futbolhoy.co\/index.php\/2022\/02\/16\/liverpool-gano-en-milan-por-la-champions\/#primaryimage\"},\"image\":{\"@id\":\"https:\/\/futbolhoy.co\/index.php\/2022\/02\/16\/liverpool-gano-en-milan-por-la-champions\/#primaryimage\"},\"thumbnailUrl\":\"https:\/\/futbolhoy.co\/wp-content\/uploads\/2022\/02\/20220216_165901.jpg\",\"datePublished\":\"2022-02-16T21:59:23+00:00\",\"dateModified\":\"2022-02-17T10:33:57+00:00\",\"breadcrumb\":{\"@id\":\"https:\/\/futbolhoy.co\/index.php\/2022\/02\/16\/liverpool-gano-en-milan-por-la-champions\/#breadcrumb\"},\"inLanguage\":\"es\",\"potentialAction\":[{\"@type\":\"ReadAction\",\"target\":[\"https:\/\/futbolhoy.co\/index.php\/2022\/02\/16\/liverpool-gano-en-milan-por-la-champions\/\"]}]},{\"@type\":\"ImageObject\",\"inLanguage\":\"es\",\"@id\":\"https:\/\/futbolhoy.co\/index.php\/2022\/02\/16\/liverpool-gano-en-milan-por-la-champions\/#primaryimage\",\"url\":\"https:\/\/futbolhoy.co\/wp-content\/uploads\/2022\/02\/20220216_165901.jpg\",\"contentUrl\":\"https:\/\/futbolhoy.co\/wp-content\/uploads\/2022\/02\/20220216_165901.jpg\",\"width\":620,\"height\":420},{\"@type\":\"BreadcrumbList\",\"@id\":\"https:\/\/futbolhoy.co\/index.php\/2022\/02\/16\/liverpool-gano-en-milan-por-la-champions\/#breadcrumb\",\"itemListElement\":[{\"@type\":\"ListItem\",\"position\":1,\"name\":\"Portada\",\"item\":\"https:\/\/futbolhoy.co\/\"},{\"@type\":\"ListItem\",\"position\":2,\"name\":\"Liverpool gan\u00f3 en Mil\u00e1n por la Champions\"}]},{\"@type\":\"WebSite\",\"@id\":\"https:\/\/futbolhoy.co\/#website\",\"url\":\"https:\/\/futbolhoy.co\/\",\"name\":\"FutbolHoy\",\"description\":\"\",\"publisher\":{\"@id\":\"https:\/\/futbolhoy.co\/#organization\"},\"potentialAction\":[{\"@type\":\"SearchAction\",\"target\":{\"@type\":\"EntryPoint\",\"urlTemplate\":\"https:\/\/futbolhoy.co\/?s={search_term_string}\"},\"query-input\":{\"@type\":\"PropertyValueSpecification\",\"valueRequired\":true,\"valueName\":\"search_term_string\"}}],\"inLanguage\":\"es\"},{\"@type\":\"Organization\",\"@id\":\"https:\/\/futbolhoy.co\/#organization\",\"name\":\"Futbolhoy.co\",\"url\":\"https:\/\/futbolhoy.co\/\",\"logo\":{\"@type\":\"ImageObject\",\"inLanguage\":\"es\",\"@id\":\"https:\/\/futbolhoy.co\/#\/schema\/logo\/image\/\",\"url\":\"https:\/\/futbolhoy.co\/wp-content\/uploads\/2018\/08\/17426380_1906371736249227_6326180412931521141_n.jpg\",\"contentUrl\":\"https:\/\/futbolhoy.co\/wp-content\/uploads\/2018\/08\/17426380_1906371736249227_6326180412931521141_n.jpg\",\"width\":960,\"height\":960,\"caption\":\"Futbolhoy.co\"},\"image\":{\"@id\":\"https:\/\/futbolhoy.co\/#\/schema\/logo\/image\/\"},\"sameAs\":[\"https:\/\/www.facebook.com\/FutbolHoyCol\/\",\"https:\/\/x.com\/FutbolHoyCol\",\"https:\/\/www.instagram.com\/futbolhoycol\/\"]},{\"@type\":\"Person\",\"@id\":\"https:\/\/futbolhoy.co\/#\/schema\/person\/c4a353a512b127643723a34bb1812f7d\",\"name\":\"Laura Hern\u00e1ndez\",\"image\":{\"@type\":\"ImageObject\",\"inLanguage\":\"es\",\"@id\":\"https:\/\/futbolhoy.co\/#\/schema\/person\/image\/\",\"url\":\"https:\/\/secure.gravatar.com\/avatar\/d25959a15b9b293a743f99181c7cfd01?s=96&d=mm&r=g\",\"contentUrl\":\"https:\/\/secure.gravatar.com\/avatar\/d25959a15b9b293a743f99181c7cfd01?s=96&d=mm&r=g\",\"caption\":\"Laura Hern\u00e1ndez\"}}]}<\/script>\n<!-- \/ Yoast SEO plugin. -->","yoast_head_json":{"title":"Liverpool gan\u00f3 en Mil\u00e1n por la Champions -","robots":{"index":"index","follow":"follow","max-snippet":"max-snippet:-1","max-image-preview":"max-image-preview:large","max-video-preview":"max-video-preview:-1"},"canonical":"https:\/\/futbolhoy.co\/index.php\/2022\/02\/16\/liverpool-gano-en-milan-por-la-champions\/","og_locale":"es_ES","og_type":"article","og_title":"Liverpool gan\u00f3 en Mil\u00e1n por la Champions -","og_description":"Liverpool logr\u00f3 un importante triunfo 0-2 sobre el Inter de Mil\u00e1n\u00a0en territorio italiano, en la ida por los octavos de final de la\u00a0Champions, con la presencia del guajiro\u00a0Luis D\u00edaz\u00a0en el equipo brit\u00e1nico desde el minuto 59. Los goles de los\u00a0\u2018Reds\u2019\u00a0fueron marcados por el brasile\u00f1o\u00a0Roberto Firmino\u00a0a la salida de un tiro de esquina a los 75 [&hellip;]","og_url":"https:\/\/futbolhoy.co\/index.php\/2022\/02\/16\/liverpool-gano-en-milan-por-la-champions\/","article_publisher":"https:\/\/www.facebook.com\/FutbolHoyCol\/","article_published_time":"2022-02-16T21:59:23+00:00","article_modified_time":"2022-02-17T10:33:57+00:00","og_image":[{"width":620,"height":420,"url":"https:\/\/futbolhoy.co\/wp-content\/uploads\/2022\/02\/20220216_165901.jpg","type":"image\/jpeg"}],"author":"Laura Hern\u00e1ndez","twitter_card":"summary_large_image","twitter_creator":"@FutbolHoyCol","twitter_site":"@FutbolHoyCol","twitter_misc":{"Escrito por":"Laura Hern\u00e1ndez","Tiempo de lectura":"1 minuto"},"schema":{"@context":"https:\/\/schema.org","@graph":[{"@type":"Article","@id":"https:\/\/futbolhoy.co\/index.php\/2022\/02\/16\/liverpool-gano-en-milan-por-la-champions\/#article","isPartOf":{"@id":"https:\/\/futbolhoy.co\/index.php\/2022\/02\/16\/liverpool-gano-en-milan-por-la-champions\/"},"author":{"name":"Laura Hern\u00e1ndez","@id":"https:\/\/futbolhoy.co\/#\/schema\/person\/c4a353a512b127643723a34bb1812f7d"},"headline":"Liverpool gan\u00f3 en Mil\u00e1n por la Champions","datePublished":"2022-02-16T21:59:23+00:00","dateModified":"2022-02-17T10:33:57+00:00","mainEntityOfPage":{"@id":"https:\/\/futbolhoy.co\/index.php\/2022\/02\/16\/liverpool-gano-en-milan-por-la-champions\/"},"wordCount":203,"commentCount":0,"publisher":{"@id":"https:\/\/futbolhoy.co\/#organization"},"image":{"@id":"https:\/\/futbolhoy.co\/index.php\/2022\/02\/16\/liverpool-gano-en-milan-por-la-champions\/#primaryimage"},"thumbnailUrl":"https:\/\/futbolhoy.co\/wp-content\/uploads\/2022\/02\/20220216_165901.jpg","articleSection":["Champions League"],"inLanguage":"es","potentialAction":[{"@type":"CommentAction","name":"Comment","target":["https:\/\/futbolhoy.co\/index.php\/2022\/02\/16\/liverpool-gano-en-milan-por-la-champions\/#respond"]}]},{"@type":"WebPage","@id":"https:\/\/futbolhoy.co\/index.php\/2022\/02\/16\/liverpool-gano-en-milan-por-la-champions\/","url":"https:\/\/futbolhoy.co\/index.php\/2022\/02\/16\/liverpool-gano-en-milan-por-la-champions\/","name":"Liverpool gan\u00f3 en Mil\u00e1n por la Champions -","isPartOf":{"@id":"https:\/\/futbolhoy.co\/#website"},"primaryImageOfPage":{"@id":"https:\/\/futbolhoy.co\/index.php\/2022\/02\/16\/liverpool-gano-en-milan-por-la-champions\/#primaryimage"},"image":{"@id":"https:\/\/futbolhoy.co\/index.php\/2022\/02\/16\/liverpool-gano-en-milan-por-la-champions\/#primaryimage"},"thumbnailUrl":"https:\/\/futbolhoy.co\/wp-content\/uploads\/2022\/02\/20220216_165901.jpg","datePublished":"2022-02-16T21:59:23+00:00","dateModified":"2022-02-17T10:33:57+00:00","breadcrumb":{"@id":"https:\/\/futbolhoy.co\/index.php\/2022\/02\/16\/liverpool-gano-en-milan-por-la-champions\/#breadcrumb"},"inLanguage":"es","potentialAction":[{"@type":"ReadAction","target":["https:\/\/futbolhoy.co\/index.php\/2022\/02\/16\/liverpool-gano-en-milan-por-la-champions\/"]}]},{"@type":"ImageObject","inLanguage":"es","@id":"https:\/\/futbolhoy.co\/index.php\/2022\/02\/16\/liverpool-gano-en-milan-por-la-champions\/#primaryimage","url":"https:\/\/futbolhoy.co\/wp-content\/uploads\/2022\/02\/20220216_165901.jpg","contentUrl":"https:\/\/futbolhoy.co\/wp-content\/uploads\/2022\/02\/20220216_165901.jpg","width":620,"height":420},{"@type":"BreadcrumbList","@id":"https:\/\/futbolhoy.co\/index.php\/2022\/02\/16\/liverpool-gano-en-milan-por-la-champions\/#breadcrumb","itemListElement":[{"@type":"ListItem","position":1,"name":"Portada","item":"https:\/\/futbolhoy.co\/"},{"@type":"ListItem","position":2,"name":"Liverpool gan\u00f3 en Mil\u00e1n por la Champions"}]},{"@type":"WebSite","@id":"https:\/\/futbolhoy.co\/#website","url":"https:\/\/futbolhoy.co\/","name":"FutbolHoy","description":"","publisher":{"@id":"https:\/\/futbolhoy.co\/#organization"},"potentialAction":[{"@type":"SearchAction","target":{"@type":"EntryPoint","urlTemplate":"https:\/\/futbolhoy.co\/?s={search_term_string}"},"query-input":{"@type":"PropertyValueSpecification","valueRequired":true,"valueName":"search_term_string"}}],"inLanguage":"es"},{"@type":"Organization","@id":"https:\/\/futbolhoy.co\/#organization","name":"Futbolhoy.co","url":"https:\/\/futbolhoy.co\/","logo":{"@type":"ImageObject","inLanguage":"es","@id":"https:\/\/futbolhoy.co\/#\/schema\/logo\/image\/","url":"https:\/\/futbolhoy.co\/wp-content\/uploads\/2018\/08\/17426380_1906371736249227_6326180412931521141_n.jpg","contentUrl":"https:\/\/futbolhoy.co\/wp-content\/uploads\/2018\/08\/17426380_1906371736249227_6326180412931521141_n.jpg","width":960,"height":960,"caption":"Futbolhoy.co"},"image":{"@id":"https:\/\/futbolhoy.co\/#\/schema\/logo\/image\/"},"sameAs":["https:\/\/www.facebook.com\/FutbolHoyCol\/","https:\/\/x.com\/FutbolHoyCol","https:\/\/www.instagram.com\/futbolhoycol\/"]},{"@type":"Person","@id":"https:\/\/futbolhoy.co\/#\/schema\/person\/c4a353a512b127643723a34bb1812f7d","name":"Laura Hern\u00e1ndez","image":{"@type":"ImageObject","inLanguage":"es","@id":"https:\/\/futbolhoy.co\/#\/schema\/person\/image\/","url":"https:\/\/secure.gravatar.com\/avatar\/d25959a15b9b293a743f99181c7cfd01?s=96&d=mm&r=g","contentUrl":"https:\/\/secure.gravatar.com\/avatar\/d25959a15b9b293a743f99181c7cfd01?s=96&d=mm&r=g","caption":"Laura Hern\u00e1ndez"}}]}},"publishpress_future_action":{"enabled":false,"date":"2026-05-05 05:02:14","action":"change-status","newStatus":"draft","terms":[],"taxonomy":"category","extraData":[]},"publishpress_future_workflow_manual_trigger":{"enabledWorkflows":[]},"_links":{"self":[{"href":"https:\/\/futbolhoy.co\/index.php\/wp-json\/wp\/v2\/posts\/76137","targetHints":{"allow":["GET"]}}],"collection":[{"href":"https:\/\/futbolhoy.co\/index.php\/wp-json\/wp\/v2\/posts"}],"about":[{"href":"https:\/\/futbolhoy.co\/index.php\/wp-json\/wp\/v2\/types\/post"}],"author":[{"embeddable":true,"href":"https:\/\/futbolhoy.co\/index.php\/wp-json\/wp\/v2\/users\/5"}],"replies":[{"embeddable":true,"href":"https:\/\/futbolhoy.co\/index.php\/wp-json\/wp\/v2\/comments?post=76137"}],"version-history":[{"count":2,"href":"https:\/\/futbolhoy.co\/index.php\/wp-json\/wp\/v2\/posts\/76137\/revisions"}],"predecessor-version":[{"id":76140,"href":"https:\/\/futbolhoy.co\/index.php\/wp-json\/wp\/v2\/posts\/76137\/revisions\/76140"}],"wp:featuredmedia":[{"embeddable":true,"href":"https:\/\/futbolhoy.co\/index.php\/wp-json\/wp\/v2\/media\/76138"}],"wp:attachment":[{"href":"https:\/\/futbolhoy.co\/index.php\/wp-json\/wp\/v2\/media?parent=76137"}],"wp:term":[{"taxonomy":"category","embeddable":true,"href":"https:\/\/futbolhoy.co\/index.php\/wp-json\/wp\/v2\/categories?post=76137"},{"taxonomy":"post_tag","embeddable":true,"href":"https:\/\/futbolhoy.co\/index.php\/wp-json\/wp\/v2\/tags?post=76137"}],"curies":[{"name":"wp","href":"https:\/\/api.w.org\/{rel}","templated":true}]}}