{"id":76147,"date":"2022-02-16T19:35:27","date_gmt":"2022-02-17T00:35:27","guid":{"rendered":"https:\/\/futbolhoy.co\/?p=76147"},"modified":"2022-02-16T22:18:35","modified_gmt":"2022-02-17T03:18:35","slug":"ultimas-fechas-de-las-eliminatorias-en-horario-unico","status":"publish","type":"post","link":"https:\/\/futbolhoy.co\/index.php\/2022\/02\/16\/ultimas-fechas-de-las-eliminatorias-en-horario-unico\/","title":{"rendered":"\u00daltimas fechas de las eliminatorias en horario \u00fanico"},"content":{"rendered":"<p style=\"text-align: justify;\"><span style=\"font-family: helvetica, arial, sans-serif;\">La\u00a0<b>FIFA<\/b>\u00a0determin\u00f3 que las jornadas 17 y 18, las \u00faltimas de las eliminatorias sudamericanas al\u00a0<b>Mundial Qatar 2022<\/b>\u00a0se deber\u00e1n disputar en horarios unificados de los partidos que tengan incidencia para lograr la clasificaci\u00f3n.<\/span><\/p>\n<p style=\"text-align: justify;\"><span style=\"font-family: helvetica, arial, sans-serif;\">La rectora del f\u00fatbol mundial se\u00f1al\u00f3 que los juegos programados para el jueves 24 de marzo y martes 29 del mismo mes se deber\u00e1n jugar a las 6.30PM en horario colombiano.<\/span><\/p>\n<p style=\"text-align: justify;\"><span style=\"font-family: helvetica, arial, sans-serif;\">Los \u00fanicos partidos que podr\u00e1n tener horarios diferentes ser\u00e1n\u00a0<b>Argentina-Venezuela\u00a0<\/b>por la fecha 17 y\u00a0<b>Bolivia-Brasil<\/b>\u00a0por la 18.<\/span><\/p>\n<p style=\"text-align: justify;\"><span style=\"font-family: helvetica, arial, sans-serif;\"><b>Colombia<\/b>\u00a0recibir\u00e1 a los bolivianos el jueves y visitar\u00e1 a Venezuela el martes siguiente.<\/span><\/p>\n<p style=\"text-align: justify;\"><span style=\"font-family: helvetica, arial, sans-serif;\">El equipo que dirige\u00a0<b>Reinaldo Rueda<\/b>, junto a\u00a0<b>Ecuador, Uruguay, Per\u00fa y Chile<\/b>\u00a0busca dos cupos directos y un repechaje a la\u00a0<b>Copa del Mundo<\/b>.<\/span><\/p>\n<p><img fetchpriority=\"high\" decoding=\"async\" class=\"alignnone size-full wp-image-76150\" src=\"https:\/\/futbolhoy.co\/wp-content\/uploads\/2022\/02\/FLwb5ESXMAQHJBC.jpg\" alt=\"\" width=\"662\" height=\"1024\" srcset=\"https:\/\/futbolhoy.co\/wp-content\/uploads\/2022\/02\/FLwb5ESXMAQHJBC.jpg 662w, https:\/\/futbolhoy.co\/wp-content\/uploads\/2022\/02\/FLwb5ESXMAQHJBC-194x300.jpg 194w, https:\/\/futbolhoy.co\/wp-content\/uploads\/2022\/02\/FLwb5ESXMAQHJBC-272x420.jpg 272w, https:\/\/futbolhoy.co\/wp-content\/uploads\/2022\/02\/FLwb5ESXMAQHJBC-83x128.jpg 83w, https:\/\/futbolhoy.co\/wp-content\/uploads\/2022\/02\/FLwb5ESXMAQHJBC-21x32.jpg 21w\" sizes=\"(max-width: 662px) 100vw, 662px\" \/><\/p>\n","protected":false},"excerpt":{"rendered":"<p>La\u00a0FIFA\u00a0determin\u00f3 que las jornadas 17 y 18, las \u00faltimas de las eliminatorias sudamericanas al\u00a0Mundial Qatar 2022\u00a0se deber\u00e1n disputar en horarios unificados de los partidos que tengan incidencia para lograr la clasificaci\u00f3n. La rectora del f\u00fatbol mundial se\u00f1al\u00f3 que los juegos programados para el jueves 24 de marzo y martes 29 del mismo mes se deber\u00e1n [&hellip;]<\/p>\n","protected":false},"author":5,"featured_media":76149,"comment_status":"open","ping_status":"open","sticky":false,"template":"","format":"standard","meta":{"_acf_changed":false,"footnotes":""},"categories":[1965],"tags":[],"class_list":{"0":"post-76147","1":"post","2":"type-post","3":"status-publish","4":"format-standard","5":"has-post-thumbnail","7":"category-eli"},"acf":[],"yoast_head":"<!-- This site is optimized with the Yoast SEO plugin v26.8 - https:\/\/yoast.com\/product\/yoast-seo-wordpress\/ -->\n<title>\u00daltimas fechas de las eliminatorias en horario \u00fanico -<\/title>\n<meta name=\"robots\" content=\"index, follow, max-snippet:-1, max-image-preview:large, max-video-preview:-1\" \/>\n<link rel=\"canonical\" href=\"https:\/\/futbolhoy.co\/index.php\/2022\/02\/16\/ultimas-fechas-de-las-eliminatorias-en-horario-unico\/\" \/>\n<meta property=\"og:locale\" content=\"es_ES\" \/>\n<meta property=\"og:type\" content=\"article\" \/>\n<meta property=\"og:title\" content=\"\u00daltimas fechas de las eliminatorias en horario \u00fanico -\" \/>\n<meta property=\"og:description\" content=\"La\u00a0FIFA\u00a0determin\u00f3 que las jornadas 17 y 18, las \u00faltimas de las eliminatorias sudamericanas al\u00a0Mundial Qatar 2022\u00a0se deber\u00e1n disputar en horarios unificados de los partidos que tengan incidencia para lograr la clasificaci\u00f3n. La rectora del f\u00fatbol mundial se\u00f1al\u00f3 que los juegos programados para el jueves 24 de marzo y martes 29 del mismo mes se deber\u00e1n [&hellip;]\" \/>\n<meta property=\"og:url\" content=\"https:\/\/futbolhoy.co\/index.php\/2022\/02\/16\/ultimas-fechas-de-las-eliminatorias-en-horario-unico\/\" \/>\n<meta property=\"article:publisher\" content=\"https:\/\/www.facebook.com\/FutbolHoyCol\/\" \/>\n<meta property=\"article:published_time\" content=\"2022-02-17T00:35:27+00:00\" \/>\n<meta property=\"article:modified_time\" content=\"2022-02-17T03:18:35+00:00\" \/>\n<meta property=\"og:image\" content=\"https:\/\/futbolhoy.co\/wp-content\/uploads\/2022\/02\/FKjqFhxWYAMDZ-u.jpg\" \/>\n\t<meta property=\"og:image:width\" content=\"679\" \/>\n\t<meta property=\"og:image:height\" content=\"453\" \/>\n\t<meta property=\"og:image:type\" content=\"image\/jpeg\" \/>\n<meta name=\"author\" content=\"Laura Hern\u00e1ndez\" \/>\n<meta name=\"twitter:card\" content=\"summary_large_image\" \/>\n<meta name=\"twitter:creator\" content=\"@FutbolHoyCol\" \/>\n<meta name=\"twitter:site\" content=\"@FutbolHoyCol\" \/>\n<meta name=\"twitter:label1\" content=\"Escrito por\" \/>\n\t<meta name=\"twitter:data1\" content=\"Laura Hern\u00e1ndez\" \/>\n\t<meta name=\"twitter:label2\" content=\"Tiempo de lectura\" \/>\n\t<meta name=\"twitter:data2\" content=\"1 minuto\" \/>\n<script type=\"application\/ld+json\" class=\"yoast-schema-graph\">{\"@context\":\"https:\/\/schema.org\",\"@graph\":[{\"@type\":\"Article\",\"@id\":\"https:\/\/futbolhoy.co\/index.php\/2022\/02\/16\/ultimas-fechas-de-las-eliminatorias-en-horario-unico\/#article\",\"isPartOf\":{\"@id\":\"https:\/\/futbolhoy.co\/index.php\/2022\/02\/16\/ultimas-fechas-de-las-eliminatorias-en-horario-unico\/\"},\"author\":{\"name\":\"Laura Hern\u00e1ndez\",\"@id\":\"https:\/\/futbolhoy.co\/#\/schema\/person\/c4a353a512b127643723a34bb1812f7d\"},\"headline\":\"\u00daltimas fechas de las eliminatorias en horario \u00fanico\",\"datePublished\":\"2022-02-17T00:35:27+00:00\",\"dateModified\":\"2022-02-17T03:18:35+00:00\",\"mainEntityOfPage\":{\"@id\":\"https:\/\/futbolhoy.co\/index.php\/2022\/02\/16\/ultimas-fechas-de-las-eliminatorias-en-horario-unico\/\"},\"wordCount\":132,\"commentCount\":0,\"publisher\":{\"@id\":\"https:\/\/futbolhoy.co\/#organization\"},\"image\":{\"@id\":\"https:\/\/futbolhoy.co\/index.php\/2022\/02\/16\/ultimas-fechas-de-las-eliminatorias-en-horario-unico\/#primaryimage\"},\"thumbnailUrl\":\"https:\/\/futbolhoy.co\/wp-content\/uploads\/2022\/02\/FKjqFhxWYAMDZ-u.jpg\",\"articleSection\":[\"Qatar 2022\"],\"inLanguage\":\"es\",\"potentialAction\":[{\"@type\":\"CommentAction\",\"name\":\"Comment\",\"target\":[\"https:\/\/futbolhoy.co\/index.php\/2022\/02\/16\/ultimas-fechas-de-las-eliminatorias-en-horario-unico\/#respond\"]}]},{\"@type\":\"WebPage\",\"@id\":\"https:\/\/futbolhoy.co\/index.php\/2022\/02\/16\/ultimas-fechas-de-las-eliminatorias-en-horario-unico\/\",\"url\":\"https:\/\/futbolhoy.co\/index.php\/2022\/02\/16\/ultimas-fechas-de-las-eliminatorias-en-horario-unico\/\",\"name\":\"\u00daltimas fechas de las eliminatorias en horario \u00fanico -\",\"isPartOf\":{\"@id\":\"https:\/\/futbolhoy.co\/#website\"},\"primaryImageOfPage\":{\"@id\":\"https:\/\/futbolhoy.co\/index.php\/2022\/02\/16\/ultimas-fechas-de-las-eliminatorias-en-horario-unico\/#primaryimage\"},\"image\":{\"@id\":\"https:\/\/futbolhoy.co\/index.php\/2022\/02\/16\/ultimas-fechas-de-las-eliminatorias-en-horario-unico\/#primaryimage\"},\"thumbnailUrl\":\"https:\/\/futbolhoy.co\/wp-content\/uploads\/2022\/02\/FKjqFhxWYAMDZ-u.jpg\",\"datePublished\":\"2022-02-17T00:35:27+00:00\",\"dateModified\":\"2022-02-17T03:18:35+00:00\",\"breadcrumb\":{\"@id\":\"https:\/\/futbolhoy.co\/index.php\/2022\/02\/16\/ultimas-fechas-de-las-eliminatorias-en-horario-unico\/#breadcrumb\"},\"inLanguage\":\"es\",\"potentialAction\":[{\"@type\":\"ReadAction\",\"target\":[\"https:\/\/futbolhoy.co\/index.php\/2022\/02\/16\/ultimas-fechas-de-las-eliminatorias-en-horario-unico\/\"]}]},{\"@type\":\"ImageObject\",\"inLanguage\":\"es\",\"@id\":\"https:\/\/futbolhoy.co\/index.php\/2022\/02\/16\/ultimas-fechas-de-las-eliminatorias-en-horario-unico\/#primaryimage\",\"url\":\"https:\/\/futbolhoy.co\/wp-content\/uploads\/2022\/02\/FKjqFhxWYAMDZ-u.jpg\",\"contentUrl\":\"https:\/\/futbolhoy.co\/wp-content\/uploads\/2022\/02\/FKjqFhxWYAMDZ-u.jpg\",\"width\":679,\"height\":453},{\"@type\":\"BreadcrumbList\",\"@id\":\"https:\/\/futbolhoy.co\/index.php\/2022\/02\/16\/ultimas-fechas-de-las-eliminatorias-en-horario-unico\/#breadcrumb\",\"itemListElement\":[{\"@type\":\"ListItem\",\"position\":1,\"name\":\"Portada\",\"item\":\"https:\/\/futbolhoy.co\/\"},{\"@type\":\"ListItem\",\"position\":2,\"name\":\"\u00daltimas fechas de las eliminatorias en horario \u00fanico\"}]},{\"@type\":\"WebSite\",\"@id\":\"https:\/\/futbolhoy.co\/#website\",\"url\":\"https:\/\/futbolhoy.co\/\",\"name\":\"FutbolHoy\",\"description\":\"\",\"publisher\":{\"@id\":\"https:\/\/futbolhoy.co\/#organization\"},\"potentialAction\":[{\"@type\":\"SearchAction\",\"target\":{\"@type\":\"EntryPoint\",\"urlTemplate\":\"https:\/\/futbolhoy.co\/?s={search_term_string}\"},\"query-input\":{\"@type\":\"PropertyValueSpecification\",\"valueRequired\":true,\"valueName\":\"search_term_string\"}}],\"inLanguage\":\"es\"},{\"@type\":\"Organization\",\"@id\":\"https:\/\/futbolhoy.co\/#organization\",\"name\":\"Futbolhoy.co\",\"url\":\"https:\/\/futbolhoy.co\/\",\"logo\":{\"@type\":\"ImageObject\",\"inLanguage\":\"es\",\"@id\":\"https:\/\/futbolhoy.co\/#\/schema\/logo\/image\/\",\"url\":\"https:\/\/futbolhoy.co\/wp-content\/uploads\/2018\/08\/17426380_1906371736249227_6326180412931521141_n.jpg\",\"contentUrl\":\"https:\/\/futbolhoy.co\/wp-content\/uploads\/2018\/08\/17426380_1906371736249227_6326180412931521141_n.jpg\",\"width\":960,\"height\":960,\"caption\":\"Futbolhoy.co\"},\"image\":{\"@id\":\"https:\/\/futbolhoy.co\/#\/schema\/logo\/image\/\"},\"sameAs\":[\"https:\/\/www.facebook.com\/FutbolHoyCol\/\",\"https:\/\/x.com\/FutbolHoyCol\",\"https:\/\/www.instagram.com\/futbolhoycol\/\"]},{\"@type\":\"Person\",\"@id\":\"https:\/\/futbolhoy.co\/#\/schema\/person\/c4a353a512b127643723a34bb1812f7d\",\"name\":\"Laura Hern\u00e1ndez\",\"image\":{\"@type\":\"ImageObject\",\"inLanguage\":\"es\",\"@id\":\"https:\/\/futbolhoy.co\/#\/schema\/person\/image\/\",\"url\":\"https:\/\/secure.gravatar.com\/avatar\/d25959a15b9b293a743f99181c7cfd01?s=96&d=mm&r=g\",\"contentUrl\":\"https:\/\/secure.gravatar.com\/avatar\/d25959a15b9b293a743f99181c7cfd01?s=96&d=mm&r=g\",\"caption\":\"Laura Hern\u00e1ndez\"}}]}<\/script>\n<!-- \/ Yoast SEO plugin. -->","yoast_head_json":{"title":"\u00daltimas fechas de las eliminatorias en horario \u00fanico -","robots":{"index":"index","follow":"follow","max-snippet":"max-snippet:-1","max-image-preview":"max-image-preview:large","max-video-preview":"max-video-preview:-1"},"canonical":"https:\/\/futbolhoy.co\/index.php\/2022\/02\/16\/ultimas-fechas-de-las-eliminatorias-en-horario-unico\/","og_locale":"es_ES","og_type":"article","og_title":"\u00daltimas fechas de las eliminatorias en horario \u00fanico -","og_description":"La\u00a0FIFA\u00a0determin\u00f3 que las jornadas 17 y 18, las \u00faltimas de las eliminatorias sudamericanas al\u00a0Mundial Qatar 2022\u00a0se deber\u00e1n disputar en horarios unificados de los partidos que tengan incidencia para lograr la clasificaci\u00f3n. La rectora del f\u00fatbol mundial se\u00f1al\u00f3 que los juegos programados para el jueves 24 de marzo y martes 29 del mismo mes se deber\u00e1n [&hellip;]","og_url":"https:\/\/futbolhoy.co\/index.php\/2022\/02\/16\/ultimas-fechas-de-las-eliminatorias-en-horario-unico\/","article_publisher":"https:\/\/www.facebook.com\/FutbolHoyCol\/","article_published_time":"2022-02-17T00:35:27+00:00","article_modified_time":"2022-02-17T03:18:35+00:00","og_image":[{"width":679,"height":453,"url":"https:\/\/futbolhoy.co\/wp-content\/uploads\/2022\/02\/FKjqFhxWYAMDZ-u.jpg","type":"image\/jpeg"}],"author":"Laura Hern\u00e1ndez","twitter_card":"summary_large_image","twitter_creator":"@FutbolHoyCol","twitter_site":"@FutbolHoyCol","twitter_misc":{"Escrito por":"Laura Hern\u00e1ndez","Tiempo de lectura":"1 minuto"},"schema":{"@context":"https:\/\/schema.org","@graph":[{"@type":"Article","@id":"https:\/\/futbolhoy.co\/index.php\/2022\/02\/16\/ultimas-fechas-de-las-eliminatorias-en-horario-unico\/#article","isPartOf":{"@id":"https:\/\/futbolhoy.co\/index.php\/2022\/02\/16\/ultimas-fechas-de-las-eliminatorias-en-horario-unico\/"},"author":{"name":"Laura Hern\u00e1ndez","@id":"https:\/\/futbolhoy.co\/#\/schema\/person\/c4a353a512b127643723a34bb1812f7d"},"headline":"\u00daltimas fechas de las eliminatorias en horario \u00fanico","datePublished":"2022-02-17T00:35:27+00:00","dateModified":"2022-02-17T03:18:35+00:00","mainEntityOfPage":{"@id":"https:\/\/futbolhoy.co\/index.php\/2022\/02\/16\/ultimas-fechas-de-las-eliminatorias-en-horario-unico\/"},"wordCount":132,"commentCount":0,"publisher":{"@id":"https:\/\/futbolhoy.co\/#organization"},"image":{"@id":"https:\/\/futbolhoy.co\/index.php\/2022\/02\/16\/ultimas-fechas-de-las-eliminatorias-en-horario-unico\/#primaryimage"},"thumbnailUrl":"https:\/\/futbolhoy.co\/wp-content\/uploads\/2022\/02\/FKjqFhxWYAMDZ-u.jpg","articleSection":["Qatar 2022"],"inLanguage":"es","potentialAction":[{"@type":"CommentAction","name":"Comment","target":["https:\/\/futbolhoy.co\/index.php\/2022\/02\/16\/ultimas-fechas-de-las-eliminatorias-en-horario-unico\/#respond"]}]},{"@type":"WebPage","@id":"https:\/\/futbolhoy.co\/index.php\/2022\/02\/16\/ultimas-fechas-de-las-eliminatorias-en-horario-unico\/","url":"https:\/\/futbolhoy.co\/index.php\/2022\/02\/16\/ultimas-fechas-de-las-eliminatorias-en-horario-unico\/","name":"\u00daltimas fechas de las eliminatorias en horario \u00fanico -","isPartOf":{"@id":"https:\/\/futbolhoy.co\/#website"},"primaryImageOfPage":{"@id":"https:\/\/futbolhoy.co\/index.php\/2022\/02\/16\/ultimas-fechas-de-las-eliminatorias-en-horario-unico\/#primaryimage"},"image":{"@id":"https:\/\/futbolhoy.co\/index.php\/2022\/02\/16\/ultimas-fechas-de-las-eliminatorias-en-horario-unico\/#primaryimage"},"thumbnailUrl":"https:\/\/futbolhoy.co\/wp-content\/uploads\/2022\/02\/FKjqFhxWYAMDZ-u.jpg","datePublished":"2022-02-17T00:35:27+00:00","dateModified":"2022-02-17T03:18:35+00:00","breadcrumb":{"@id":"https:\/\/futbolhoy.co\/index.php\/2022\/02\/16\/ultimas-fechas-de-las-eliminatorias-en-horario-unico\/#breadcrumb"},"inLanguage":"es","potentialAction":[{"@type":"ReadAction","target":["https:\/\/futbolhoy.co\/index.php\/2022\/02\/16\/ultimas-fechas-de-las-eliminatorias-en-horario-unico\/"]}]},{"@type":"ImageObject","inLanguage":"es","@id":"https:\/\/futbolhoy.co\/index.php\/2022\/02\/16\/ultimas-fechas-de-las-eliminatorias-en-horario-unico\/#primaryimage","url":"https:\/\/futbolhoy.co\/wp-content\/uploads\/2022\/02\/FKjqFhxWYAMDZ-u.jpg","contentUrl":"https:\/\/futbolhoy.co\/wp-content\/uploads\/2022\/02\/FKjqFhxWYAMDZ-u.jpg","width":679,"height":453},{"@type":"BreadcrumbList","@id":"https:\/\/futbolhoy.co\/index.php\/2022\/02\/16\/ultimas-fechas-de-las-eliminatorias-en-horario-unico\/#breadcrumb","itemListElement":[{"@type":"ListItem","position":1,"name":"Portada","item":"https:\/\/futbolhoy.co\/"},{"@type":"ListItem","position":2,"name":"\u00daltimas fechas de las eliminatorias en horario \u00fanico"}]},{"@type":"WebSite","@id":"https:\/\/futbolhoy.co\/#website","url":"https:\/\/futbolhoy.co\/","name":"FutbolHoy","description":"","publisher":{"@id":"https:\/\/futbolhoy.co\/#organization"},"potentialAction":[{"@type":"SearchAction","target":{"@type":"EntryPoint","urlTemplate":"https:\/\/futbolhoy.co\/?s={search_term_string}"},"query-input":{"@type":"PropertyValueSpecification","valueRequired":true,"valueName":"search_term_string"}}],"inLanguage":"es"},{"@type":"Organization","@id":"https:\/\/futbolhoy.co\/#organization","name":"Futbolhoy.co","url":"https:\/\/futbolhoy.co\/","logo":{"@type":"ImageObject","inLanguage":"es","@id":"https:\/\/futbolhoy.co\/#\/schema\/logo\/image\/","url":"https:\/\/futbolhoy.co\/wp-content\/uploads\/2018\/08\/17426380_1906371736249227_6326180412931521141_n.jpg","contentUrl":"https:\/\/futbolhoy.co\/wp-content\/uploads\/2018\/08\/17426380_1906371736249227_6326180412931521141_n.jpg","width":960,"height":960,"caption":"Futbolhoy.co"},"image":{"@id":"https:\/\/futbolhoy.co\/#\/schema\/logo\/image\/"},"sameAs":["https:\/\/www.facebook.com\/FutbolHoyCol\/","https:\/\/x.com\/FutbolHoyCol","https:\/\/www.instagram.com\/futbolhoycol\/"]},{"@type":"Person","@id":"https:\/\/futbolhoy.co\/#\/schema\/person\/c4a353a512b127643723a34bb1812f7d","name":"Laura Hern\u00e1ndez","image":{"@type":"ImageObject","inLanguage":"es","@id":"https:\/\/futbolhoy.co\/#\/schema\/person\/image\/","url":"https:\/\/secure.gravatar.com\/avatar\/d25959a15b9b293a743f99181c7cfd01?s=96&d=mm&r=g","contentUrl":"https:\/\/secure.gravatar.com\/avatar\/d25959a15b9b293a743f99181c7cfd01?s=96&d=mm&r=g","caption":"Laura Hern\u00e1ndez"}}]}},"publishpress_future_action":{"enabled":false,"date":"2026-05-05 05:32:45","action":"change-status","newStatus":"draft","terms":[],"taxonomy":"category","extraData":[]},"publishpress_future_workflow_manual_trigger":{"enabledWorkflows":[]},"_links":{"self":[{"href":"https:\/\/futbolhoy.co\/index.php\/wp-json\/wp\/v2\/posts\/76147","targetHints":{"allow":["GET"]}}],"collection":[{"href":"https:\/\/futbolhoy.co\/index.php\/wp-json\/wp\/v2\/posts"}],"about":[{"href":"https:\/\/futbolhoy.co\/index.php\/wp-json\/wp\/v2\/types\/post"}],"author":[{"embeddable":true,"href":"https:\/\/futbolhoy.co\/index.php\/wp-json\/wp\/v2\/users\/5"}],"replies":[{"embeddable":true,"href":"https:\/\/futbolhoy.co\/index.php\/wp-json\/wp\/v2\/comments?post=76147"}],"version-history":[{"count":1,"href":"https:\/\/futbolhoy.co\/index.php\/wp-json\/wp\/v2\/posts\/76147\/revisions"}],"predecessor-version":[{"id":76151,"href":"https:\/\/futbolhoy.co\/index.php\/wp-json\/wp\/v2\/posts\/76147\/revisions\/76151"}],"wp:featuredmedia":[{"embeddable":true,"href":"https:\/\/futbolhoy.co\/index.php\/wp-json\/wp\/v2\/media\/76149"}],"wp:attachment":[{"href":"https:\/\/futbolhoy.co\/index.php\/wp-json\/wp\/v2\/media?parent=76147"}],"wp:term":[{"taxonomy":"category","embeddable":true,"href":"https:\/\/futbolhoy.co\/index.php\/wp-json\/wp\/v2\/categories?post=76147"},{"taxonomy":"post_tag","embeddable":true,"href":"https:\/\/futbolhoy.co\/index.php\/wp-json\/wp\/v2\/tags?post=76147"}],"curies":[{"name":"wp","href":"https:\/\/api.w.org\/{rel}","templated":true}]}}