{"id":76191,"date":"2022-02-17T14:57:14","date_gmt":"2022-02-17T19:57:14","guid":{"rendered":"https:\/\/futbolhoy.co\/?p=76191"},"modified":"2022-02-17T19:57:31","modified_gmt":"2022-02-18T00:57:31","slug":"morelos-marco-con-rangers-en-europa","status":"publish","type":"post","link":"https:\/\/futbolhoy.co\/index.php\/2022\/02\/17\/morelos-marco-con-rangers-en-europa\/","title":{"rendered":"Morelos marc\u00f3 con Rangers en Europa"},"content":{"rendered":"<p style=\"text-align: justify;\"><span style=\"font-family: helvetica, arial, sans-serif;\">El delantero colombiano\u00a0<b>Alfredo Morelos<\/b>\u00a0contribuy\u00f3 con el segundo gol en la victoria de visitante de su equipo\u00a0<b>Rangers<\/b>\u00a02-4 sobre el\u00a0<b>Borussia Dortmund<\/b>\u00a0en la ida por el repechaje a los octavos de final de la\u00a0<b>Europa League<\/b>.<\/span><\/p>\n<p style=\"text-align: justify;\"><span style=\"font-family: helvetica, arial, sans-serif;\">El equipo escoc\u00e9s tuvo una excelente presentaci\u00f3n y logr\u00f3 un resultado muy importante para definir la serie en su patio la pr\u00f3xima semana.<\/span><\/p>\n<p style=\"text-align: justify;\"><span style=\"font-family: helvetica, arial, sans-serif;\">El gol del cordob\u00e9s lleg\u00f3 a los 41 minutos, tras asistencia de\u00a0<b>Joe Aribo<\/b>.<\/span><\/p>\n<p style=\"text-align: justify;\"><span style=\"font-family: helvetica, arial, sans-serif;\">En otro partido,\u00a0<b>Barcelona y N\u00e1poli<\/b>\u00a0empataron 1-1 en el\u00a0<b>Camp Nou<\/b>, con el portero colombiano\u00a0<b>David Ospina<\/b>\u00a0suplente en los italianos; y goles de\u00a0<b>Piotr Zielinski<\/b>\u00a0(29\u2019) para la visita y\u00a0<b>Ferr\u00e1n Torres<\/b>\u00a0(59\u2019), de penalti para el\u00a0<b>\u2018blaugrana\u2019<\/b>.<\/span><\/p>\n<p style=\"text-align: justify;\"><span style=\"font-family: helvetica, arial, sans-serif;\">En una jornada que est\u00e1 siendo favorable para los visitantes,\u00a0<b>Betis<\/b>\u00a0dobleg\u00f3 2-3 al\u00a0<b>Zenit de San Petersburgo<\/b>, donde actu\u00f3 todo el compromiso el volante colombiano\u00a0<b>Wilmar Barrios<\/b>, quien fue amonestado al minuto 90+2.<\/span><\/p>\n<p style=\"text-align: justify;\"><span style=\"font-family: helvetica, arial, sans-serif;\">En otro juego,\u00a0<b>Sheriff de Moldavia<\/b>\u00a0super\u00f3 2-0 al\u00a0<b>Braga<\/b>\u00a0portugu\u00e9s.<\/span><\/p>\n<p style=\"text-align: justify;\"><span style=\"font-family: helvetica, arial, sans-serif;\">En los partidos de cierre de la jornada, <strong>Atalanta<\/strong> derrot\u00f3 2-1 al <strong>Olympiacos<\/strong> en B\u00e9rgamo, con la presencia de <strong>Luis Fernando Muriel<\/strong> durante el Irineo tiempo y goles de <strong>Berat Djimsiti<\/strong> para el local.<\/span><\/p>\n<p style=\"text-align: justify;\"><span style=\"font-family: helvetica, arial, sans-serif;\"><strong>Porto<\/strong> tambi\u00e9n hizo respetar su casa y se impuso sobre la <strong>Lazio<\/strong> 2-1 con <strong>Matheus Uribe<\/strong> todo el compromiso y anotaciones de Toni Mart\u00ednez.<\/span><\/p>\n<p style=\"text-align: justify;\"><span style=\"font-family: helvetica, arial, sans-serif;\"><strong>Sevilla<\/strong> venci\u00f3 3-1 al <strong>Dinamo de Zagreb<\/strong> y Leipzig igual\u00f3 2-2 con la Real Sociedad<\/span>.<\/p>\n","protected":false},"excerpt":{"rendered":"<p>El delantero colombiano\u00a0Alfredo Morelos\u00a0contribuy\u00f3 con el segundo gol en la victoria de visitante de su equipo\u00a0Rangers\u00a02-4 sobre el\u00a0Borussia Dortmund\u00a0en la ida por el repechaje a los octavos de final de la\u00a0Europa League. El equipo escoc\u00e9s tuvo una excelente presentaci\u00f3n y logr\u00f3 un resultado muy importante para definir la serie en su patio la pr\u00f3xima semana. [&hellip;]<\/p>\n","protected":false},"author":5,"featured_media":76192,"comment_status":"open","ping_status":"open","sticky":false,"template":"","format":"standard","meta":{"_acf_changed":false,"footnotes":""},"categories":[418],"tags":[],"class_list":{"0":"post-76191","1":"post","2":"type-post","3":"status-publish","4":"format-standard","5":"has-post-thumbnail","7":"category-colombia"},"acf":[],"yoast_head":"<!-- This site is optimized with the Yoast SEO plugin v26.8 - https:\/\/yoast.com\/product\/yoast-seo-wordpress\/ -->\n<title>Morelos marc\u00f3 con Rangers en Europa -<\/title>\n<meta name=\"robots\" content=\"index, follow, max-snippet:-1, max-image-preview:large, max-video-preview:-1\" \/>\n<link rel=\"canonical\" href=\"https:\/\/futbolhoy.co\/index.php\/2022\/02\/17\/morelos-marco-con-rangers-en-europa\/\" \/>\n<meta property=\"og:locale\" content=\"es_ES\" \/>\n<meta property=\"og:type\" content=\"article\" \/>\n<meta property=\"og:title\" content=\"Morelos marc\u00f3 con Rangers en Europa -\" \/>\n<meta property=\"og:description\" content=\"El delantero colombiano\u00a0Alfredo Morelos\u00a0contribuy\u00f3 con el segundo gol en la victoria de visitante de su equipo\u00a0Rangers\u00a02-4 sobre el\u00a0Borussia Dortmund\u00a0en la ida por el repechaje a los octavos de final de la\u00a0Europa League. El equipo escoc\u00e9s tuvo una excelente presentaci\u00f3n y logr\u00f3 un resultado muy importante para definir la serie en su patio la pr\u00f3xima semana. [&hellip;]\" \/>\n<meta property=\"og:url\" content=\"https:\/\/futbolhoy.co\/index.php\/2022\/02\/17\/morelos-marco-con-rangers-en-europa\/\" \/>\n<meta property=\"article:publisher\" content=\"https:\/\/www.facebook.com\/FutbolHoyCol\/\" \/>\n<meta property=\"article:published_time\" content=\"2022-02-17T19:57:14+00:00\" \/>\n<meta property=\"article:modified_time\" content=\"2022-02-18T00:57:31+00:00\" \/>\n<meta property=\"og:image\" content=\"https:\/\/futbolhoy.co\/wp-content\/uploads\/2022\/02\/FL0reS8WQAIt8Y8.jpg\" \/>\n\t<meta property=\"og:image:width\" content=\"680\" \/>\n\t<meta property=\"og:image:height\" content=\"453\" \/>\n\t<meta property=\"og:image:type\" content=\"image\/jpeg\" \/>\n<meta name=\"author\" content=\"Laura Hern\u00e1ndez\" \/>\n<meta name=\"twitter:card\" content=\"summary_large_image\" \/>\n<meta name=\"twitter:creator\" content=\"@FutbolHoyCol\" \/>\n<meta name=\"twitter:site\" content=\"@FutbolHoyCol\" \/>\n<meta name=\"twitter:label1\" content=\"Escrito por\" \/>\n\t<meta name=\"twitter:data1\" content=\"Laura Hern\u00e1ndez\" \/>\n\t<meta name=\"twitter:label2\" content=\"Tiempo de lectura\" \/>\n\t<meta name=\"twitter:data2\" content=\"2 minutos\" \/>\n<script type=\"application\/ld+json\" class=\"yoast-schema-graph\">{\"@context\":\"https:\/\/schema.org\",\"@graph\":[{\"@type\":\"Article\",\"@id\":\"https:\/\/futbolhoy.co\/index.php\/2022\/02\/17\/morelos-marco-con-rangers-en-europa\/#article\",\"isPartOf\":{\"@id\":\"https:\/\/futbolhoy.co\/index.php\/2022\/02\/17\/morelos-marco-con-rangers-en-europa\/\"},\"author\":{\"name\":\"Laura Hern\u00e1ndez\",\"@id\":\"https:\/\/futbolhoy.co\/#\/schema\/person\/c4a353a512b127643723a34bb1812f7d\"},\"headline\":\"Morelos marc\u00f3 con Rangers en Europa\",\"datePublished\":\"2022-02-17T19:57:14+00:00\",\"dateModified\":\"2022-02-18T00:57:31+00:00\",\"mainEntityOfPage\":{\"@id\":\"https:\/\/futbolhoy.co\/index.php\/2022\/02\/17\/morelos-marco-con-rangers-en-europa\/\"},\"wordCount\":246,\"commentCount\":0,\"publisher\":{\"@id\":\"https:\/\/futbolhoy.co\/#organization\"},\"image\":{\"@id\":\"https:\/\/futbolhoy.co\/index.php\/2022\/02\/17\/morelos-marco-con-rangers-en-europa\/#primaryimage\"},\"thumbnailUrl\":\"https:\/\/futbolhoy.co\/wp-content\/uploads\/2022\/02\/FL0reS8WQAIt8Y8.jpg\",\"articleSection\":[\"Colombia\"],\"inLanguage\":\"es\",\"potentialAction\":[{\"@type\":\"CommentAction\",\"name\":\"Comment\",\"target\":[\"https:\/\/futbolhoy.co\/index.php\/2022\/02\/17\/morelos-marco-con-rangers-en-europa\/#respond\"]}]},{\"@type\":\"WebPage\",\"@id\":\"https:\/\/futbolhoy.co\/index.php\/2022\/02\/17\/morelos-marco-con-rangers-en-europa\/\",\"url\":\"https:\/\/futbolhoy.co\/index.php\/2022\/02\/17\/morelos-marco-con-rangers-en-europa\/\",\"name\":\"Morelos marc\u00f3 con Rangers en Europa -\",\"isPartOf\":{\"@id\":\"https:\/\/futbolhoy.co\/#website\"},\"primaryImageOfPage\":{\"@id\":\"https:\/\/futbolhoy.co\/index.php\/2022\/02\/17\/morelos-marco-con-rangers-en-europa\/#primaryimage\"},\"image\":{\"@id\":\"https:\/\/futbolhoy.co\/index.php\/2022\/02\/17\/morelos-marco-con-rangers-en-europa\/#primaryimage\"},\"thumbnailUrl\":\"https:\/\/futbolhoy.co\/wp-content\/uploads\/2022\/02\/FL0reS8WQAIt8Y8.jpg\",\"datePublished\":\"2022-02-17T19:57:14+00:00\",\"dateModified\":\"2022-02-18T00:57:31+00:00\",\"breadcrumb\":{\"@id\":\"https:\/\/futbolhoy.co\/index.php\/2022\/02\/17\/morelos-marco-con-rangers-en-europa\/#breadcrumb\"},\"inLanguage\":\"es\",\"potentialAction\":[{\"@type\":\"ReadAction\",\"target\":[\"https:\/\/futbolhoy.co\/index.php\/2022\/02\/17\/morelos-marco-con-rangers-en-europa\/\"]}]},{\"@type\":\"ImageObject\",\"inLanguage\":\"es\",\"@id\":\"https:\/\/futbolhoy.co\/index.php\/2022\/02\/17\/morelos-marco-con-rangers-en-europa\/#primaryimage\",\"url\":\"https:\/\/futbolhoy.co\/wp-content\/uploads\/2022\/02\/FL0reS8WQAIt8Y8.jpg\",\"contentUrl\":\"https:\/\/futbolhoy.co\/wp-content\/uploads\/2022\/02\/FL0reS8WQAIt8Y8.jpg\",\"width\":680,\"height\":453},{\"@type\":\"BreadcrumbList\",\"@id\":\"https:\/\/futbolhoy.co\/index.php\/2022\/02\/17\/morelos-marco-con-rangers-en-europa\/#breadcrumb\",\"itemListElement\":[{\"@type\":\"ListItem\",\"position\":1,\"name\":\"Portada\",\"item\":\"https:\/\/futbolhoy.co\/\"},{\"@type\":\"ListItem\",\"position\":2,\"name\":\"Morelos marc\u00f3 con Rangers en Europa\"}]},{\"@type\":\"WebSite\",\"@id\":\"https:\/\/futbolhoy.co\/#website\",\"url\":\"https:\/\/futbolhoy.co\/\",\"name\":\"FutbolHoy\",\"description\":\"\",\"publisher\":{\"@id\":\"https:\/\/futbolhoy.co\/#organization\"},\"potentialAction\":[{\"@type\":\"SearchAction\",\"target\":{\"@type\":\"EntryPoint\",\"urlTemplate\":\"https:\/\/futbolhoy.co\/?s={search_term_string}\"},\"query-input\":{\"@type\":\"PropertyValueSpecification\",\"valueRequired\":true,\"valueName\":\"search_term_string\"}}],\"inLanguage\":\"es\"},{\"@type\":\"Organization\",\"@id\":\"https:\/\/futbolhoy.co\/#organization\",\"name\":\"Futbolhoy.co\",\"url\":\"https:\/\/futbolhoy.co\/\",\"logo\":{\"@type\":\"ImageObject\",\"inLanguage\":\"es\",\"@id\":\"https:\/\/futbolhoy.co\/#\/schema\/logo\/image\/\",\"url\":\"https:\/\/futbolhoy.co\/wp-content\/uploads\/2018\/08\/17426380_1906371736249227_6326180412931521141_n.jpg\",\"contentUrl\":\"https:\/\/futbolhoy.co\/wp-content\/uploads\/2018\/08\/17426380_1906371736249227_6326180412931521141_n.jpg\",\"width\":960,\"height\":960,\"caption\":\"Futbolhoy.co\"},\"image\":{\"@id\":\"https:\/\/futbolhoy.co\/#\/schema\/logo\/image\/\"},\"sameAs\":[\"https:\/\/www.facebook.com\/FutbolHoyCol\/\",\"https:\/\/x.com\/FutbolHoyCol\",\"https:\/\/www.instagram.com\/futbolhoycol\/\"]},{\"@type\":\"Person\",\"@id\":\"https:\/\/futbolhoy.co\/#\/schema\/person\/c4a353a512b127643723a34bb1812f7d\",\"name\":\"Laura Hern\u00e1ndez\",\"image\":{\"@type\":\"ImageObject\",\"inLanguage\":\"es\",\"@id\":\"https:\/\/futbolhoy.co\/#\/schema\/person\/image\/\",\"url\":\"https:\/\/secure.gravatar.com\/avatar\/d25959a15b9b293a743f99181c7cfd01?s=96&d=mm&r=g\",\"contentUrl\":\"https:\/\/secure.gravatar.com\/avatar\/d25959a15b9b293a743f99181c7cfd01?s=96&d=mm&r=g\",\"caption\":\"Laura Hern\u00e1ndez\"}}]}<\/script>\n<!-- \/ Yoast SEO plugin. -->","yoast_head_json":{"title":"Morelos marc\u00f3 con Rangers en Europa -","robots":{"index":"index","follow":"follow","max-snippet":"max-snippet:-1","max-image-preview":"max-image-preview:large","max-video-preview":"max-video-preview:-1"},"canonical":"https:\/\/futbolhoy.co\/index.php\/2022\/02\/17\/morelos-marco-con-rangers-en-europa\/","og_locale":"es_ES","og_type":"article","og_title":"Morelos marc\u00f3 con Rangers en Europa -","og_description":"El delantero colombiano\u00a0Alfredo Morelos\u00a0contribuy\u00f3 con el segundo gol en la victoria de visitante de su equipo\u00a0Rangers\u00a02-4 sobre el\u00a0Borussia Dortmund\u00a0en la ida por el repechaje a los octavos de final de la\u00a0Europa League. El equipo escoc\u00e9s tuvo una excelente presentaci\u00f3n y logr\u00f3 un resultado muy importante para definir la serie en su patio la pr\u00f3xima semana. [&hellip;]","og_url":"https:\/\/futbolhoy.co\/index.php\/2022\/02\/17\/morelos-marco-con-rangers-en-europa\/","article_publisher":"https:\/\/www.facebook.com\/FutbolHoyCol\/","article_published_time":"2022-02-17T19:57:14+00:00","article_modified_time":"2022-02-18T00:57:31+00:00","og_image":[{"width":680,"height":453,"url":"https:\/\/futbolhoy.co\/wp-content\/uploads\/2022\/02\/FL0reS8WQAIt8Y8.jpg","type":"image\/jpeg"}],"author":"Laura Hern\u00e1ndez","twitter_card":"summary_large_image","twitter_creator":"@FutbolHoyCol","twitter_site":"@FutbolHoyCol","twitter_misc":{"Escrito por":"Laura Hern\u00e1ndez","Tiempo de lectura":"2 minutos"},"schema":{"@context":"https:\/\/schema.org","@graph":[{"@type":"Article","@id":"https:\/\/futbolhoy.co\/index.php\/2022\/02\/17\/morelos-marco-con-rangers-en-europa\/#article","isPartOf":{"@id":"https:\/\/futbolhoy.co\/index.php\/2022\/02\/17\/morelos-marco-con-rangers-en-europa\/"},"author":{"name":"Laura Hern\u00e1ndez","@id":"https:\/\/futbolhoy.co\/#\/schema\/person\/c4a353a512b127643723a34bb1812f7d"},"headline":"Morelos marc\u00f3 con Rangers en Europa","datePublished":"2022-02-17T19:57:14+00:00","dateModified":"2022-02-18T00:57:31+00:00","mainEntityOfPage":{"@id":"https:\/\/futbolhoy.co\/index.php\/2022\/02\/17\/morelos-marco-con-rangers-en-europa\/"},"wordCount":246,"commentCount":0,"publisher":{"@id":"https:\/\/futbolhoy.co\/#organization"},"image":{"@id":"https:\/\/futbolhoy.co\/index.php\/2022\/02\/17\/morelos-marco-con-rangers-en-europa\/#primaryimage"},"thumbnailUrl":"https:\/\/futbolhoy.co\/wp-content\/uploads\/2022\/02\/FL0reS8WQAIt8Y8.jpg","articleSection":["Colombia"],"inLanguage":"es","potentialAction":[{"@type":"CommentAction","name":"Comment","target":["https:\/\/futbolhoy.co\/index.php\/2022\/02\/17\/morelos-marco-con-rangers-en-europa\/#respond"]}]},{"@type":"WebPage","@id":"https:\/\/futbolhoy.co\/index.php\/2022\/02\/17\/morelos-marco-con-rangers-en-europa\/","url":"https:\/\/futbolhoy.co\/index.php\/2022\/02\/17\/morelos-marco-con-rangers-en-europa\/","name":"Morelos marc\u00f3 con Rangers en Europa -","isPartOf":{"@id":"https:\/\/futbolhoy.co\/#website"},"primaryImageOfPage":{"@id":"https:\/\/futbolhoy.co\/index.php\/2022\/02\/17\/morelos-marco-con-rangers-en-europa\/#primaryimage"},"image":{"@id":"https:\/\/futbolhoy.co\/index.php\/2022\/02\/17\/morelos-marco-con-rangers-en-europa\/#primaryimage"},"thumbnailUrl":"https:\/\/futbolhoy.co\/wp-content\/uploads\/2022\/02\/FL0reS8WQAIt8Y8.jpg","datePublished":"2022-02-17T19:57:14+00:00","dateModified":"2022-02-18T00:57:31+00:00","breadcrumb":{"@id":"https:\/\/futbolhoy.co\/index.php\/2022\/02\/17\/morelos-marco-con-rangers-en-europa\/#breadcrumb"},"inLanguage":"es","potentialAction":[{"@type":"ReadAction","target":["https:\/\/futbolhoy.co\/index.php\/2022\/02\/17\/morelos-marco-con-rangers-en-europa\/"]}]},{"@type":"ImageObject","inLanguage":"es","@id":"https:\/\/futbolhoy.co\/index.php\/2022\/02\/17\/morelos-marco-con-rangers-en-europa\/#primaryimage","url":"https:\/\/futbolhoy.co\/wp-content\/uploads\/2022\/02\/FL0reS8WQAIt8Y8.jpg","contentUrl":"https:\/\/futbolhoy.co\/wp-content\/uploads\/2022\/02\/FL0reS8WQAIt8Y8.jpg","width":680,"height":453},{"@type":"BreadcrumbList","@id":"https:\/\/futbolhoy.co\/index.php\/2022\/02\/17\/morelos-marco-con-rangers-en-europa\/#breadcrumb","itemListElement":[{"@type":"ListItem","position":1,"name":"Portada","item":"https:\/\/futbolhoy.co\/"},{"@type":"ListItem","position":2,"name":"Morelos marc\u00f3 con Rangers en Europa"}]},{"@type":"WebSite","@id":"https:\/\/futbolhoy.co\/#website","url":"https:\/\/futbolhoy.co\/","name":"FutbolHoy","description":"","publisher":{"@id":"https:\/\/futbolhoy.co\/#organization"},"potentialAction":[{"@type":"SearchAction","target":{"@type":"EntryPoint","urlTemplate":"https:\/\/futbolhoy.co\/?s={search_term_string}"},"query-input":{"@type":"PropertyValueSpecification","valueRequired":true,"valueName":"search_term_string"}}],"inLanguage":"es"},{"@type":"Organization","@id":"https:\/\/futbolhoy.co\/#organization","name":"Futbolhoy.co","url":"https:\/\/futbolhoy.co\/","logo":{"@type":"ImageObject","inLanguage":"es","@id":"https:\/\/futbolhoy.co\/#\/schema\/logo\/image\/","url":"https:\/\/futbolhoy.co\/wp-content\/uploads\/2018\/08\/17426380_1906371736249227_6326180412931521141_n.jpg","contentUrl":"https:\/\/futbolhoy.co\/wp-content\/uploads\/2018\/08\/17426380_1906371736249227_6326180412931521141_n.jpg","width":960,"height":960,"caption":"Futbolhoy.co"},"image":{"@id":"https:\/\/futbolhoy.co\/#\/schema\/logo\/image\/"},"sameAs":["https:\/\/www.facebook.com\/FutbolHoyCol\/","https:\/\/x.com\/FutbolHoyCol","https:\/\/www.instagram.com\/futbolhoycol\/"]},{"@type":"Person","@id":"https:\/\/futbolhoy.co\/#\/schema\/person\/c4a353a512b127643723a34bb1812f7d","name":"Laura Hern\u00e1ndez","image":{"@type":"ImageObject","inLanguage":"es","@id":"https:\/\/futbolhoy.co\/#\/schema\/person\/image\/","url":"https:\/\/secure.gravatar.com\/avatar\/d25959a15b9b293a743f99181c7cfd01?s=96&d=mm&r=g","contentUrl":"https:\/\/secure.gravatar.com\/avatar\/d25959a15b9b293a743f99181c7cfd01?s=96&d=mm&r=g","caption":"Laura Hern\u00e1ndez"}}]}},"publishpress_future_action":{"enabled":false,"date":"2026-05-06 02:50:49","action":"change-status","newStatus":"draft","terms":[],"taxonomy":"category","extraData":[]},"publishpress_future_workflow_manual_trigger":{"enabledWorkflows":[]},"_links":{"self":[{"href":"https:\/\/futbolhoy.co\/index.php\/wp-json\/wp\/v2\/posts\/76191","targetHints":{"allow":["GET"]}}],"collection":[{"href":"https:\/\/futbolhoy.co\/index.php\/wp-json\/wp\/v2\/posts"}],"about":[{"href":"https:\/\/futbolhoy.co\/index.php\/wp-json\/wp\/v2\/types\/post"}],"author":[{"embeddable":true,"href":"https:\/\/futbolhoy.co\/index.php\/wp-json\/wp\/v2\/users\/5"}],"replies":[{"embeddable":true,"href":"https:\/\/futbolhoy.co\/index.php\/wp-json\/wp\/v2\/comments?post=76191"}],"version-history":[{"count":4,"href":"https:\/\/futbolhoy.co\/index.php\/wp-json\/wp\/v2\/posts\/76191\/revisions"}],"predecessor-version":[{"id":76199,"href":"https:\/\/futbolhoy.co\/index.php\/wp-json\/wp\/v2\/posts\/76191\/revisions\/76199"}],"wp:featuredmedia":[{"embeddable":true,"href":"https:\/\/futbolhoy.co\/index.php\/wp-json\/wp\/v2\/media\/76192"}],"wp:attachment":[{"href":"https:\/\/futbolhoy.co\/index.php\/wp-json\/wp\/v2\/media?parent=76191"}],"wp:term":[{"taxonomy":"category","embeddable":true,"href":"https:\/\/futbolhoy.co\/index.php\/wp-json\/wp\/v2\/categories?post=76191"},{"taxonomy":"post_tag","embeddable":true,"href":"https:\/\/futbolhoy.co\/index.php\/wp-json\/wp\/v2\/tags?post=76191"}],"curies":[{"name":"wp","href":"https:\/\/api.w.org\/{rel}","templated":true}]}}