{"id":76228,"date":"2022-02-18T07:14:46","date_gmt":"2022-02-18T12:14:46","guid":{"rendered":"https:\/\/futbolhoy.co\/?p=76228"},"modified":"2022-02-19T08:07:42","modified_gmt":"2022-02-19T13:07:42","slug":"jc-osorio-quiere-ser-ministro-del-deporte","status":"publish","type":"post","link":"https:\/\/futbolhoy.co\/index.php\/2022\/02\/18\/jc-osorio-quiere-ser-ministro-del-deporte\/","title":{"rendered":"JC Osorio quiere ser ministro del Deporte"},"content":{"rendered":"<!--[if lt IE 9]><script>document.createElement('audio');<\/script><![endif]-->\n<audio class=\"wp-audio-shortcode\" id=\"audio-76228-1\" preload=\"none\" style=\"width: 100%;\" controls=\"controls\"><source type=\"audio\/mpeg\" src=\"https:\/\/futbolhoy.co\/wp-content\/uploads\/2022\/02\/Juan-Carlos-Osorio-DT-America-de-Cali..mp3?_=1\" \/><a href=\"https:\/\/futbolhoy.co\/wp-content\/uploads\/2022\/02\/Juan-Carlos-Osorio-DT-America-de-Cali..mp3\">https:\/\/futbolhoy.co\/wp-content\/uploads\/2022\/02\/Juan-Carlos-Osorio-DT-America-de-Cali..mp3<\/a><\/audio>\n<p>(Juan Carlos Osorio, t\u00e9cnico del Am\u00e9rica en rueda de prensa)<\/p>\n<p class=\"x_ydp389853f8MsoNormal\" style=\"text-align: justify;\"><span style=\"font-family: helvetica, arial, sans-serif;\">El t\u00e9cnico del\u00a0<b>Am\u00e9rica de Cali, Juan Carlos Osorio,<\/b>\u00a0asegur\u00f3 que no ha expresado la intenci\u00f3n de dirigir gratuitamente la\u00a0<b>selecci\u00f3n Colombia<\/b>\u00a0y que en el futuro le gustar\u00eda ser\u00a0<b>ministro del Deporte<\/b>.<\/span><\/p>\n<p class=\"x_ydp389853f8MsoNormal\" style=\"text-align: justify;\"><span style=\"font-family: helvetica, arial, sans-serif;\">Osorio hizo sus declaraciones al t\u00e9rmino del partido que su equipo empat\u00f3 1-1 con\u00a0<b>La Equidad<\/b>\u00a0en el cierre de la s\u00e9ptima fecha de la\u00a0<b>Liga BetPlay Dimayor I 2022,<\/b>\u00a0donde los vallecaucanos celebraban sus 95 a\u00f1os de fundaci\u00f3n.<\/span><\/p>\n<p class=\"x_ydp389853f8MsoNormal\" style=\"text-align: justify;\"><span style=\"font-family: helvetica, arial, sans-serif;\">\u201cEs irrelevante, yo estoy feliz en\u00a0<b>Am\u00e9rica<\/b>\u00a0y es el proyecto al que le doy el 100 % y lo dem\u00e1s, creo que cada uno debe aclarar lo que dice, yo p\u00fablicamente nunca he manifestado nada (Ser DT de Colombia gratis), entonces no creo que tenga que aclarar nada. A futuro me encantar\u00eda analizar la posibilidad de llegar a ser ministro de Deporte y hacer algo por el deporte colombiano; y tambi\u00e9n lo har\u00eda de una manera desinteresada, pro que al final lo que quiero es aportar\u201d, indic\u00f3 Osorio (60).<\/span><\/p>\n<p class=\"x_ydp389853f8MsoNormal\" style=\"text-align: justify;\"><span style=\"font-family: helvetica, arial, sans-serif;\">Am\u00e9rica ocupa la d\u00e9cima casilla de la Liga con 9 puntos y el entrenador risaraldense ha alcanzado un 38,21 % de promedio en su rendimiento.<\/span><\/p>\n","protected":false},"excerpt":{"rendered":"<p>(Juan Carlos Osorio, t\u00e9cnico del Am\u00e9rica en rueda de prensa) El t\u00e9cnico del\u00a0Am\u00e9rica de Cali, Juan Carlos Osorio,\u00a0asegur\u00f3 que no ha expresado la intenci\u00f3n de dirigir gratuitamente la\u00a0selecci\u00f3n Colombia\u00a0y que en el futuro le gustar\u00eda ser\u00a0ministro del Deporte. Osorio hizo sus declaraciones al t\u00e9rmino del partido que su equipo empat\u00f3 1-1 con\u00a0La Equidad\u00a0en el cierre [&hellip;]<\/p>\n","protected":false},"author":5,"featured_media":76230,"comment_status":"open","ping_status":"open","sticky":false,"template":"","format":"video","meta":{"_acf_changed":false,"footnotes":""},"categories":[7],"tags":[308,2288],"class_list":{"0":"post-76228","1":"post","2":"type-post","3":"status-publish","4":"format-video","5":"has-post-thumbnail","7":"category-liga-betplay","8":"tag-juan-carlos-osorio","9":"tag-ministro-del-deporte","10":"post_format-post-format-video"},"acf":[],"yoast_head":"<!-- This site is optimized with the Yoast SEO plugin v26.8 - https:\/\/yoast.com\/product\/yoast-seo-wordpress\/ -->\n<title>JC Osorio quiere ser ministro del Deporte -<\/title>\n<meta name=\"robots\" content=\"index, follow, max-snippet:-1, max-image-preview:large, max-video-preview:-1\" \/>\n<link rel=\"canonical\" href=\"https:\/\/futbolhoy.co\/index.php\/2022\/02\/18\/jc-osorio-quiere-ser-ministro-del-deporte\/\" \/>\n<meta property=\"og:locale\" content=\"es_ES\" \/>\n<meta property=\"og:type\" content=\"article\" \/>\n<meta property=\"og:title\" content=\"JC Osorio quiere ser ministro del Deporte -\" \/>\n<meta property=\"og:description\" content=\"(Juan Carlos Osorio, t\u00e9cnico del Am\u00e9rica en rueda de prensa) El t\u00e9cnico del\u00a0Am\u00e9rica de Cali, Juan Carlos Osorio,\u00a0asegur\u00f3 que no ha expresado la intenci\u00f3n de dirigir gratuitamente la\u00a0selecci\u00f3n Colombia\u00a0y que en el futuro le gustar\u00eda ser\u00a0ministro del Deporte. Osorio hizo sus declaraciones al t\u00e9rmino del partido que su equipo empat\u00f3 1-1 con\u00a0La Equidad\u00a0en el cierre [&hellip;]\" \/>\n<meta property=\"og:url\" content=\"https:\/\/futbolhoy.co\/index.php\/2022\/02\/18\/jc-osorio-quiere-ser-ministro-del-deporte\/\" \/>\n<meta property=\"article:publisher\" content=\"https:\/\/www.facebook.com\/FutbolHoyCol\/\" \/>\n<meta property=\"article:published_time\" content=\"2022-02-18T12:14:46+00:00\" \/>\n<meta property=\"article:modified_time\" content=\"2022-02-19T13:07:42+00:00\" \/>\n<meta property=\"og:image\" content=\"https:\/\/futbolhoy.co\/wp-content\/uploads\/2022\/02\/lSiCCGv4.jpeg\" \/>\n\t<meta property=\"og:image:width\" content=\"2400\" \/>\n\t<meta property=\"og:image:height\" content=\"1600\" \/>\n\t<meta property=\"og:image:type\" content=\"image\/jpeg\" \/>\n<meta name=\"author\" content=\"Laura Hern\u00e1ndez\" \/>\n<meta name=\"twitter:card\" content=\"summary_large_image\" \/>\n<meta name=\"twitter:creator\" content=\"@FutbolHoyCol\" \/>\n<meta name=\"twitter:site\" content=\"@FutbolHoyCol\" \/>\n<meta name=\"twitter:label1\" content=\"Escrito por\" \/>\n\t<meta name=\"twitter:data1\" content=\"Laura Hern\u00e1ndez\" \/>\n\t<meta name=\"twitter:label2\" content=\"Tiempo de lectura\" \/>\n\t<meta name=\"twitter:data2\" content=\"1 minuto\" \/>\n<script type=\"application\/ld+json\" class=\"yoast-schema-graph\">{\"@context\":\"https:\/\/schema.org\",\"@graph\":[{\"@type\":\"Article\",\"@id\":\"https:\/\/futbolhoy.co\/index.php\/2022\/02\/18\/jc-osorio-quiere-ser-ministro-del-deporte\/#article\",\"isPartOf\":{\"@id\":\"https:\/\/futbolhoy.co\/index.php\/2022\/02\/18\/jc-osorio-quiere-ser-ministro-del-deporte\/\"},\"author\":{\"name\":\"Laura Hern\u00e1ndez\",\"@id\":\"https:\/\/futbolhoy.co\/#\/schema\/person\/c4a353a512b127643723a34bb1812f7d\"},\"headline\":\"JC Osorio quiere ser ministro del Deporte\",\"datePublished\":\"2022-02-18T12:14:46+00:00\",\"dateModified\":\"2022-02-19T13:07:42+00:00\",\"mainEntityOfPage\":{\"@id\":\"https:\/\/futbolhoy.co\/index.php\/2022\/02\/18\/jc-osorio-quiere-ser-ministro-del-deporte\/\"},\"wordCount\":225,\"commentCount\":0,\"publisher\":{\"@id\":\"https:\/\/futbolhoy.co\/#organization\"},\"image\":{\"@id\":\"https:\/\/futbolhoy.co\/index.php\/2022\/02\/18\/jc-osorio-quiere-ser-ministro-del-deporte\/#primaryimage\"},\"thumbnailUrl\":\"https:\/\/futbolhoy.co\/wp-content\/uploads\/2022\/02\/lSiCCGv4.jpeg\",\"keywords\":[\"Juan Carlos Osorio\",\"Ministro del Deporte\"],\"articleSection\":[\"Liga BetPlay\"],\"inLanguage\":\"es\",\"potentialAction\":[{\"@type\":\"CommentAction\",\"name\":\"Comment\",\"target\":[\"https:\/\/futbolhoy.co\/index.php\/2022\/02\/18\/jc-osorio-quiere-ser-ministro-del-deporte\/#respond\"]}]},{\"@type\":\"WebPage\",\"@id\":\"https:\/\/futbolhoy.co\/index.php\/2022\/02\/18\/jc-osorio-quiere-ser-ministro-del-deporte\/\",\"url\":\"https:\/\/futbolhoy.co\/index.php\/2022\/02\/18\/jc-osorio-quiere-ser-ministro-del-deporte\/\",\"name\":\"JC Osorio quiere ser ministro del Deporte -\",\"isPartOf\":{\"@id\":\"https:\/\/futbolhoy.co\/#website\"},\"primaryImageOfPage\":{\"@id\":\"https:\/\/futbolhoy.co\/index.php\/2022\/02\/18\/jc-osorio-quiere-ser-ministro-del-deporte\/#primaryimage\"},\"image\":{\"@id\":\"https:\/\/futbolhoy.co\/index.php\/2022\/02\/18\/jc-osorio-quiere-ser-ministro-del-deporte\/#primaryimage\"},\"thumbnailUrl\":\"https:\/\/futbolhoy.co\/wp-content\/uploads\/2022\/02\/lSiCCGv4.jpeg\",\"datePublished\":\"2022-02-18T12:14:46+00:00\",\"dateModified\":\"2022-02-19T13:07:42+00:00\",\"breadcrumb\":{\"@id\":\"https:\/\/futbolhoy.co\/index.php\/2022\/02\/18\/jc-osorio-quiere-ser-ministro-del-deporte\/#breadcrumb\"},\"inLanguage\":\"es\",\"potentialAction\":[{\"@type\":\"ReadAction\",\"target\":[\"https:\/\/futbolhoy.co\/index.php\/2022\/02\/18\/jc-osorio-quiere-ser-ministro-del-deporte\/\"]}]},{\"@type\":\"ImageObject\",\"inLanguage\":\"es\",\"@id\":\"https:\/\/futbolhoy.co\/index.php\/2022\/02\/18\/jc-osorio-quiere-ser-ministro-del-deporte\/#primaryimage\",\"url\":\"https:\/\/futbolhoy.co\/wp-content\/uploads\/2022\/02\/lSiCCGv4.jpeg\",\"contentUrl\":\"https:\/\/futbolhoy.co\/wp-content\/uploads\/2022\/02\/lSiCCGv4.jpeg\",\"width\":2400,\"height\":1600},{\"@type\":\"BreadcrumbList\",\"@id\":\"https:\/\/futbolhoy.co\/index.php\/2022\/02\/18\/jc-osorio-quiere-ser-ministro-del-deporte\/#breadcrumb\",\"itemListElement\":[{\"@type\":\"ListItem\",\"position\":1,\"name\":\"Portada\",\"item\":\"https:\/\/futbolhoy.co\/\"},{\"@type\":\"ListItem\",\"position\":2,\"name\":\"JC Osorio quiere ser ministro del Deporte\"}]},{\"@type\":\"WebSite\",\"@id\":\"https:\/\/futbolhoy.co\/#website\",\"url\":\"https:\/\/futbolhoy.co\/\",\"name\":\"FutbolHoy\",\"description\":\"\",\"publisher\":{\"@id\":\"https:\/\/futbolhoy.co\/#organization\"},\"potentialAction\":[{\"@type\":\"SearchAction\",\"target\":{\"@type\":\"EntryPoint\",\"urlTemplate\":\"https:\/\/futbolhoy.co\/?s={search_term_string}\"},\"query-input\":{\"@type\":\"PropertyValueSpecification\",\"valueRequired\":true,\"valueName\":\"search_term_string\"}}],\"inLanguage\":\"es\"},{\"@type\":\"Organization\",\"@id\":\"https:\/\/futbolhoy.co\/#organization\",\"name\":\"Futbolhoy.co\",\"url\":\"https:\/\/futbolhoy.co\/\",\"logo\":{\"@type\":\"ImageObject\",\"inLanguage\":\"es\",\"@id\":\"https:\/\/futbolhoy.co\/#\/schema\/logo\/image\/\",\"url\":\"https:\/\/futbolhoy.co\/wp-content\/uploads\/2018\/08\/17426380_1906371736249227_6326180412931521141_n.jpg\",\"contentUrl\":\"https:\/\/futbolhoy.co\/wp-content\/uploads\/2018\/08\/17426380_1906371736249227_6326180412931521141_n.jpg\",\"width\":960,\"height\":960,\"caption\":\"Futbolhoy.co\"},\"image\":{\"@id\":\"https:\/\/futbolhoy.co\/#\/schema\/logo\/image\/\"},\"sameAs\":[\"https:\/\/www.facebook.com\/FutbolHoyCol\/\",\"https:\/\/x.com\/FutbolHoyCol\",\"https:\/\/www.instagram.com\/futbolhoycol\/\"]},{\"@type\":\"Person\",\"@id\":\"https:\/\/futbolhoy.co\/#\/schema\/person\/c4a353a512b127643723a34bb1812f7d\",\"name\":\"Laura Hern\u00e1ndez\",\"image\":{\"@type\":\"ImageObject\",\"inLanguage\":\"es\",\"@id\":\"https:\/\/futbolhoy.co\/#\/schema\/person\/image\/\",\"url\":\"https:\/\/secure.gravatar.com\/avatar\/d25959a15b9b293a743f99181c7cfd01?s=96&d=mm&r=g\",\"contentUrl\":\"https:\/\/secure.gravatar.com\/avatar\/d25959a15b9b293a743f99181c7cfd01?s=96&d=mm&r=g\",\"caption\":\"Laura Hern\u00e1ndez\"}}]}<\/script>\n<!-- \/ Yoast SEO plugin. -->","yoast_head_json":{"title":"JC Osorio quiere ser ministro del Deporte -","robots":{"index":"index","follow":"follow","max-snippet":"max-snippet:-1","max-image-preview":"max-image-preview:large","max-video-preview":"max-video-preview:-1"},"canonical":"https:\/\/futbolhoy.co\/index.php\/2022\/02\/18\/jc-osorio-quiere-ser-ministro-del-deporte\/","og_locale":"es_ES","og_type":"article","og_title":"JC Osorio quiere ser ministro del Deporte -","og_description":"(Juan Carlos Osorio, t\u00e9cnico del Am\u00e9rica en rueda de prensa) El t\u00e9cnico del\u00a0Am\u00e9rica de Cali, Juan Carlos Osorio,\u00a0asegur\u00f3 que no ha expresado la intenci\u00f3n de dirigir gratuitamente la\u00a0selecci\u00f3n Colombia\u00a0y que en el futuro le gustar\u00eda ser\u00a0ministro del Deporte. Osorio hizo sus declaraciones al t\u00e9rmino del partido que su equipo empat\u00f3 1-1 con\u00a0La Equidad\u00a0en el cierre [&hellip;]","og_url":"https:\/\/futbolhoy.co\/index.php\/2022\/02\/18\/jc-osorio-quiere-ser-ministro-del-deporte\/","article_publisher":"https:\/\/www.facebook.com\/FutbolHoyCol\/","article_published_time":"2022-02-18T12:14:46+00:00","article_modified_time":"2022-02-19T13:07:42+00:00","og_image":[{"width":2400,"height":1600,"url":"https:\/\/futbolhoy.co\/wp-content\/uploads\/2022\/02\/lSiCCGv4.jpeg","type":"image\/jpeg"}],"author":"Laura Hern\u00e1ndez","twitter_card":"summary_large_image","twitter_creator":"@FutbolHoyCol","twitter_site":"@FutbolHoyCol","twitter_misc":{"Escrito por":"Laura Hern\u00e1ndez","Tiempo de lectura":"1 minuto"},"schema":{"@context":"https:\/\/schema.org","@graph":[{"@type":"Article","@id":"https:\/\/futbolhoy.co\/index.php\/2022\/02\/18\/jc-osorio-quiere-ser-ministro-del-deporte\/#article","isPartOf":{"@id":"https:\/\/futbolhoy.co\/index.php\/2022\/02\/18\/jc-osorio-quiere-ser-ministro-del-deporte\/"},"author":{"name":"Laura Hern\u00e1ndez","@id":"https:\/\/futbolhoy.co\/#\/schema\/person\/c4a353a512b127643723a34bb1812f7d"},"headline":"JC Osorio quiere ser ministro del Deporte","datePublished":"2022-02-18T12:14:46+00:00","dateModified":"2022-02-19T13:07:42+00:00","mainEntityOfPage":{"@id":"https:\/\/futbolhoy.co\/index.php\/2022\/02\/18\/jc-osorio-quiere-ser-ministro-del-deporte\/"},"wordCount":225,"commentCount":0,"publisher":{"@id":"https:\/\/futbolhoy.co\/#organization"},"image":{"@id":"https:\/\/futbolhoy.co\/index.php\/2022\/02\/18\/jc-osorio-quiere-ser-ministro-del-deporte\/#primaryimage"},"thumbnailUrl":"https:\/\/futbolhoy.co\/wp-content\/uploads\/2022\/02\/lSiCCGv4.jpeg","keywords":["Juan Carlos Osorio","Ministro del Deporte"],"articleSection":["Liga BetPlay"],"inLanguage":"es","potentialAction":[{"@type":"CommentAction","name":"Comment","target":["https:\/\/futbolhoy.co\/index.php\/2022\/02\/18\/jc-osorio-quiere-ser-ministro-del-deporte\/#respond"]}]},{"@type":"WebPage","@id":"https:\/\/futbolhoy.co\/index.php\/2022\/02\/18\/jc-osorio-quiere-ser-ministro-del-deporte\/","url":"https:\/\/futbolhoy.co\/index.php\/2022\/02\/18\/jc-osorio-quiere-ser-ministro-del-deporte\/","name":"JC Osorio quiere ser ministro del Deporte -","isPartOf":{"@id":"https:\/\/futbolhoy.co\/#website"},"primaryImageOfPage":{"@id":"https:\/\/futbolhoy.co\/index.php\/2022\/02\/18\/jc-osorio-quiere-ser-ministro-del-deporte\/#primaryimage"},"image":{"@id":"https:\/\/futbolhoy.co\/index.php\/2022\/02\/18\/jc-osorio-quiere-ser-ministro-del-deporte\/#primaryimage"},"thumbnailUrl":"https:\/\/futbolhoy.co\/wp-content\/uploads\/2022\/02\/lSiCCGv4.jpeg","datePublished":"2022-02-18T12:14:46+00:00","dateModified":"2022-02-19T13:07:42+00:00","breadcrumb":{"@id":"https:\/\/futbolhoy.co\/index.php\/2022\/02\/18\/jc-osorio-quiere-ser-ministro-del-deporte\/#breadcrumb"},"inLanguage":"es","potentialAction":[{"@type":"ReadAction","target":["https:\/\/futbolhoy.co\/index.php\/2022\/02\/18\/jc-osorio-quiere-ser-ministro-del-deporte\/"]}]},{"@type":"ImageObject","inLanguage":"es","@id":"https:\/\/futbolhoy.co\/index.php\/2022\/02\/18\/jc-osorio-quiere-ser-ministro-del-deporte\/#primaryimage","url":"https:\/\/futbolhoy.co\/wp-content\/uploads\/2022\/02\/lSiCCGv4.jpeg","contentUrl":"https:\/\/futbolhoy.co\/wp-content\/uploads\/2022\/02\/lSiCCGv4.jpeg","width":2400,"height":1600},{"@type":"BreadcrumbList","@id":"https:\/\/futbolhoy.co\/index.php\/2022\/02\/18\/jc-osorio-quiere-ser-ministro-del-deporte\/#breadcrumb","itemListElement":[{"@type":"ListItem","position":1,"name":"Portada","item":"https:\/\/futbolhoy.co\/"},{"@type":"ListItem","position":2,"name":"JC Osorio quiere ser ministro del Deporte"}]},{"@type":"WebSite","@id":"https:\/\/futbolhoy.co\/#website","url":"https:\/\/futbolhoy.co\/","name":"FutbolHoy","description":"","publisher":{"@id":"https:\/\/futbolhoy.co\/#organization"},"potentialAction":[{"@type":"SearchAction","target":{"@type":"EntryPoint","urlTemplate":"https:\/\/futbolhoy.co\/?s={search_term_string}"},"query-input":{"@type":"PropertyValueSpecification","valueRequired":true,"valueName":"search_term_string"}}],"inLanguage":"es"},{"@type":"Organization","@id":"https:\/\/futbolhoy.co\/#organization","name":"Futbolhoy.co","url":"https:\/\/futbolhoy.co\/","logo":{"@type":"ImageObject","inLanguage":"es","@id":"https:\/\/futbolhoy.co\/#\/schema\/logo\/image\/","url":"https:\/\/futbolhoy.co\/wp-content\/uploads\/2018\/08\/17426380_1906371736249227_6326180412931521141_n.jpg","contentUrl":"https:\/\/futbolhoy.co\/wp-content\/uploads\/2018\/08\/17426380_1906371736249227_6326180412931521141_n.jpg","width":960,"height":960,"caption":"Futbolhoy.co"},"image":{"@id":"https:\/\/futbolhoy.co\/#\/schema\/logo\/image\/"},"sameAs":["https:\/\/www.facebook.com\/FutbolHoyCol\/","https:\/\/x.com\/FutbolHoyCol","https:\/\/www.instagram.com\/futbolhoycol\/"]},{"@type":"Person","@id":"https:\/\/futbolhoy.co\/#\/schema\/person\/c4a353a512b127643723a34bb1812f7d","name":"Laura Hern\u00e1ndez","image":{"@type":"ImageObject","inLanguage":"es","@id":"https:\/\/futbolhoy.co\/#\/schema\/person\/image\/","url":"https:\/\/secure.gravatar.com\/avatar\/d25959a15b9b293a743f99181c7cfd01?s=96&d=mm&r=g","contentUrl":"https:\/\/secure.gravatar.com\/avatar\/d25959a15b9b293a743f99181c7cfd01?s=96&d=mm&r=g","caption":"Laura Hern\u00e1ndez"}}]}},"publishpress_future_action":{"enabled":false,"date":"2026-05-05 05:02:40","action":"change-status","newStatus":"draft","terms":[],"taxonomy":"category","extraData":[]},"publishpress_future_workflow_manual_trigger":{"enabledWorkflows":[]},"_links":{"self":[{"href":"https:\/\/futbolhoy.co\/index.php\/wp-json\/wp\/v2\/posts\/76228","targetHints":{"allow":["GET"]}}],"collection":[{"href":"https:\/\/futbolhoy.co\/index.php\/wp-json\/wp\/v2\/posts"}],"about":[{"href":"https:\/\/futbolhoy.co\/index.php\/wp-json\/wp\/v2\/types\/post"}],"author":[{"embeddable":true,"href":"https:\/\/futbolhoy.co\/index.php\/wp-json\/wp\/v2\/users\/5"}],"replies":[{"embeddable":true,"href":"https:\/\/futbolhoy.co\/index.php\/wp-json\/wp\/v2\/comments?post=76228"}],"version-history":[{"count":1,"href":"https:\/\/futbolhoy.co\/index.php\/wp-json\/wp\/v2\/posts\/76228\/revisions"}],"predecessor-version":[{"id":76231,"href":"https:\/\/futbolhoy.co\/index.php\/wp-json\/wp\/v2\/posts\/76228\/revisions\/76231"}],"wp:featuredmedia":[{"embeddable":true,"href":"https:\/\/futbolhoy.co\/index.php\/wp-json\/wp\/v2\/media\/76230"}],"wp:attachment":[{"href":"https:\/\/futbolhoy.co\/index.php\/wp-json\/wp\/v2\/media?parent=76228"}],"wp:term":[{"taxonomy":"category","embeddable":true,"href":"https:\/\/futbolhoy.co\/index.php\/wp-json\/wp\/v2\/categories?post=76228"},{"taxonomy":"post_tag","embeddable":true,"href":"https:\/\/futbolhoy.co\/index.php\/wp-json\/wp\/v2\/tags?post=76228"}],"curies":[{"name":"wp","href":"https:\/\/api.w.org\/{rel}","templated":true}]}}