{"id":7624,"date":"2017-10-12T19:50:08","date_gmt":"2017-10-13T00:50:08","guid":{"rendered":"http:\/\/futbolhoy.co\/?p=7624"},"modified":"2017-10-17T14:18:29","modified_gmt":"2017-10-17T19:18:29","slug":"federacion-de-ecuador-sanciono-cinco-jugadores-por-indisciplina","status":"publish","type":"post","link":"https:\/\/futbolhoy.co\/index.php\/2017\/10\/12\/federacion-de-ecuador-sanciono-cinco-jugadores-por-indisciplina\/","title":{"rendered":"Federaci\u00f3n de Ecuador sancion\u00f3 cinco jugadores por indisciplina"},"content":{"rendered":"<p style=\"text-align: justify;\">La <strong>Federaci\u00f3n Ecuatoriana de F\u00fatbol<\/strong> suspendi\u00f3 de forma indefinida a cinco jugadores de la selecci\u00f3n absoluta por actos de indisciplina previo al partido frente a Argentina, \u00faltimo de las eliminatorias al Mundial de Rusia, inform\u00f3 el diario El Comercio.<\/p>\n<p style=\"text-align: justify;\">La Federaci\u00f3n apart\u00f3 de cualquier actividad con el equipo nacional a <strong>Enner Valencia, Jefferson Orejuela, Robert Arboleda, Gabriel Cortes <\/strong>y<strong> Joao Plata,<\/strong> aunque los tres primeros jugaron contra los argentinos.<\/p>\n<p style=\"text-align: justify;\">\u00abAbandonaron la concentraci\u00f3n de la selecci\u00f3n en Quito para salir supuestamente de fiesta y regresar bebidos la noche del viernes 6 de octubre, un d\u00eda despu\u00e9s de que la selecci\u00f3n cayera 2-1 en su visita a Chile\u00bb, a\u00f1adi\u00f3 el rotativo.<\/p>\n","protected":false},"excerpt":{"rendered":"<p>La Federaci\u00f3n Ecuatoriana de F\u00fatbol suspendi\u00f3 de forma indefinida a cinco jugadores de la selecci\u00f3n absoluta por actos de indisciplina previo al partido frente a Argentina, \u00faltimo de las eliminatorias al Mundial de Rusia, inform\u00f3 el diario El Comercio. La Federaci\u00f3n apart\u00f3 de cualquier actividad con el equipo nacional a Enner Valencia, Jefferson Orejuela, Robert [&hellip;]<\/p>\n","protected":false},"author":5,"featured_media":7625,"comment_status":"open","ping_status":"closed","sticky":false,"template":"","format":"standard","meta":{"_acf_changed":false,"footnotes":""},"categories":[6],"tags":[329,328,95],"class_list":{"0":"post-7624","1":"post","2":"type-post","3":"status-publish","4":"format-standard","5":"has-post-thumbnail","7":"category-mundial","8":"tag-federacion-ecuatoriana-de-futbol","9":"tag-sancion","10":"tag-seleccion-ecuador"},"acf":[],"_links":{"self":[{"href":"https:\/\/futbolhoy.co\/index.php\/wp-json\/wp\/v2\/posts\/7624","targetHints":{"allow":["GET"]}}],"collection":[{"href":"https:\/\/futbolhoy.co\/index.php\/wp-json\/wp\/v2\/posts"}],"about":[{"href":"https:\/\/futbolhoy.co\/index.php\/wp-json\/wp\/v2\/types\/post"}],"author":[{"embeddable":true,"href":"https:\/\/futbolhoy.co\/index.php\/wp-json\/wp\/v2\/users\/5"}],"replies":[{"embeddable":true,"href":"https:\/\/futbolhoy.co\/index.php\/wp-json\/wp\/v2\/comments?post=7624"}],"version-history":[{"count":2,"href":"https:\/\/futbolhoy.co\/index.php\/wp-json\/wp\/v2\/posts\/7624\/revisions"}],"predecessor-version":[{"id":7641,"href":"https:\/\/futbolhoy.co\/index.php\/wp-json\/wp\/v2\/posts\/7624\/revisions\/7641"}],"wp:featuredmedia":[{"embeddable":true,"href":"https:\/\/futbolhoy.co\/index.php\/wp-json\/wp\/v2\/media\/7625"}],"wp:attachment":[{"href":"https:\/\/futbolhoy.co\/index.php\/wp-json\/wp\/v2\/media?parent=7624"}],"wp:term":[{"taxonomy":"category","embeddable":true,"href":"https:\/\/futbolhoy.co\/index.php\/wp-json\/wp\/v2\/categories?post=7624"},{"taxonomy":"post_tag","embeddable":true,"href":"https:\/\/futbolhoy.co\/index.php\/wp-json\/wp\/v2\/tags?post=7624"}],"curies":[{"name":"wp","href":"https:\/\/api.w.org\/{rel}","templated":true}]}}