{"id":76527,"date":"2022-02-24T12:14:11","date_gmt":"2022-02-24T17:14:11","guid":{"rendered":"https:\/\/futbolhoy.co\/?p=76527"},"modified":"2022-02-24T17:27:43","modified_gmt":"2022-02-24T22:27:43","slug":"bucaramanga-nombro-tecnico","status":"publish","type":"post","link":"https:\/\/futbolhoy.co\/index.php\/2022\/02\/24\/bucaramanga-nombro-tecnico\/","title":{"rendered":"Bucaramanga nombr\u00f3 t\u00e9cnico"},"content":{"rendered":"<p class=\"ydp37ef96bdMsoNormal\" style=\"text-align: justify;\"><span lang=\"ES\" style=\"font-family: helvetica, arial, sans-serif;\">El santandereano <strong>Armando \u2018Piripi\u2019 Osma<\/strong> fue designado como nuevo t\u00e9cnico del <strong>Atl\u00e9tico Bucaramanga,<\/strong> donde reemplazar\u00e1 al argentino <strong>N\u00e9stor Craviotto,<\/strong> que renunci\u00f3 tras la derrota 1-2 frente a <strong>Envigado<\/strong>.<\/span><\/p>\n<p class=\"ydp37ef96bdMsoNormal\" style=\"text-align: justify;\"><span lang=\"ES\" style=\"font-family: helvetica, arial, sans-serif;\">\u2018El Piripi\u2019, quien ha hecho la mayor parte de su carrera como entrenador en <strong>Ecuador<\/strong>, se inici\u00f3 como futbolista en el equipo \u2018Leopardo\u2019. Tambi\u00e9n jug\u00f3 con <strong>Once Caldas, Cali, Tolima, Millonarios y Cortulu\u00e1.<\/strong><\/span><\/p>\n<p style=\"text-align: justify;\"><span style=\"font-family: helvetica, arial, sans-serif;\"><strong>Jos\u00e9 Joaqu\u00edn Castro<\/strong> ser\u00e1 su asistente t\u00e9cnico y <strong>Osvaldo Garc\u00eda<\/strong> su preparador f\u00edsico<\/span>.<\/p>\n<p class=\"ydp37ef96bdMsoNormal\" style=\"text-align: justify;\"><span lang=\"ES\" style=\"font-family: helvetica, arial, sans-serif;\">Osma fue asistente t\u00e9cnico del antioque\u00f1o <strong>Luis Fernando Su\u00e1rez<\/strong> en la selecci\u00f3n de Ecuador, <strong>Aucas de Quito y Juan Aurich del Per\u00fa<\/strong>. En Colombia tambi\u00e9n lo acompa\u00f1\u00f3 en <strong>Tolima, La Equidad y Junior.<\/strong><\/span><\/p>\n<p class=\"ydp37ef96bdMsoNormal\" style=\"text-align: justify;\"><span lang=\"ES\" style=\"font-family: helvetica, arial, sans-serif;\">Como t\u00e9cnico titular, estuvo al frente de la Sub-23 de <strong>Ecuador, Olmedo, Manta, Deportivo Macar\u00e1, El Nacional, Aucas y Am\u00e9rica de Quito<\/strong> en ese pa\u00eds, al igual que <strong>\u00c1guila<\/strong> de <strong>El Salvador.<\/strong><\/span><\/p>\n<p class=\"ydp37ef96bdMsoNormal\" style=\"text-align: justify;\"><span lang=\"ES\" style=\"font-family: helvetica, arial, sans-serif;\">Bucaramanga, que se prepara para recibir el fin de semana a Atl\u00e9tico Nacional, ocupa la posici\u00f3n 18 de la Liga BetPlay Dimayor I 2002 con 5 puntos, luego de una victoria, 2 empates y 4 derrotas.<\/span><\/p>\n<p><img fetchpriority=\"high\" decoding=\"async\" class=\"alignnone size-full wp-image-76528\" src=\"https:\/\/futbolhoy.co\/wp-content\/uploads\/2022\/02\/A4CF772B-754B-4561-B979-B3DEB8AD15E8.jpeg\" alt=\"\" width=\"1280\" height=\"1280\" srcset=\"https:\/\/futbolhoy.co\/wp-content\/uploads\/2022\/02\/A4CF772B-754B-4561-B979-B3DEB8AD15E8.jpeg 1280w, https:\/\/futbolhoy.co\/wp-content\/uploads\/2022\/02\/A4CF772B-754B-4561-B979-B3DEB8AD15E8-300x300.jpeg 300w, https:\/\/futbolhoy.co\/wp-content\/uploads\/2022\/02\/A4CF772B-754B-4561-B979-B3DEB8AD15E8-1024x1024.jpeg 1024w, https:\/\/futbolhoy.co\/wp-content\/uploads\/2022\/02\/A4CF772B-754B-4561-B979-B3DEB8AD15E8-150x150.jpeg 150w, https:\/\/futbolhoy.co\/wp-content\/uploads\/2022\/02\/A4CF772B-754B-4561-B979-B3DEB8AD15E8-768x768.jpeg 768w, https:\/\/futbolhoy.co\/wp-content\/uploads\/2022\/02\/A4CF772B-754B-4561-B979-B3DEB8AD15E8-696x696.jpeg 696w, https:\/\/futbolhoy.co\/wp-content\/uploads\/2022\/02\/A4CF772B-754B-4561-B979-B3DEB8AD15E8-1068x1068.jpeg 1068w, https:\/\/futbolhoy.co\/wp-content\/uploads\/2022\/02\/A4CF772B-754B-4561-B979-B3DEB8AD15E8-420x420.jpeg 420w, https:\/\/futbolhoy.co\/wp-content\/uploads\/2022\/02\/A4CF772B-754B-4561-B979-B3DEB8AD15E8-128x128.jpeg 128w, https:\/\/futbolhoy.co\/wp-content\/uploads\/2022\/02\/A4CF772B-754B-4561-B979-B3DEB8AD15E8-32x32.jpeg 32w\" sizes=\"(max-width: 1280px) 100vw, 1280px\" \/><\/p>\n","protected":false},"excerpt":{"rendered":"<p>El santandereano Armando \u2018Piripi\u2019 Osma fue designado como nuevo t\u00e9cnico del Atl\u00e9tico Bucaramanga, donde reemplazar\u00e1 al argentino N\u00e9stor Craviotto, que renunci\u00f3 tras la derrota 1-2 frente a Envigado. \u2018El Piripi\u2019, quien ha hecho la mayor parte de su carrera como entrenador en Ecuador, se inici\u00f3 como futbolista en el equipo \u2018Leopardo\u2019. Tambi\u00e9n jug\u00f3 con Once [&hellip;]<\/p>\n","protected":false},"author":5,"featured_media":76529,"comment_status":"open","ping_status":"open","sticky":false,"template":"","format":"standard","meta":{"_acf_changed":false,"footnotes":""},"categories":[7],"tags":[],"class_list":{"0":"post-76527","1":"post","2":"type-post","3":"status-publish","4":"format-standard","5":"has-post-thumbnail","7":"category-liga-betplay"},"acf":[],"yoast_head":"<!-- This site is optimized with the Yoast SEO plugin v26.8 - https:\/\/yoast.com\/product\/yoast-seo-wordpress\/ -->\n<title>Bucaramanga nombr\u00f3 t\u00e9cnico -<\/title>\n<meta name=\"robots\" content=\"index, follow, max-snippet:-1, max-image-preview:large, max-video-preview:-1\" \/>\n<link rel=\"canonical\" href=\"https:\/\/futbolhoy.co\/index.php\/2022\/02\/24\/bucaramanga-nombro-tecnico\/\" \/>\n<meta property=\"og:locale\" content=\"es_ES\" \/>\n<meta property=\"og:type\" content=\"article\" \/>\n<meta property=\"og:title\" content=\"Bucaramanga nombr\u00f3 t\u00e9cnico -\" \/>\n<meta property=\"og:description\" content=\"El santandereano Armando \u2018Piripi\u2019 Osma fue designado como nuevo t\u00e9cnico del Atl\u00e9tico Bucaramanga, donde reemplazar\u00e1 al argentino N\u00e9stor Craviotto, que renunci\u00f3 tras la derrota 1-2 frente a Envigado. \u2018El Piripi\u2019, quien ha hecho la mayor parte de su carrera como entrenador en Ecuador, se inici\u00f3 como futbolista en el equipo \u2018Leopardo\u2019. Tambi\u00e9n jug\u00f3 con Once [&hellip;]\" \/>\n<meta property=\"og:url\" content=\"https:\/\/futbolhoy.co\/index.php\/2022\/02\/24\/bucaramanga-nombro-tecnico\/\" \/>\n<meta property=\"article:publisher\" content=\"https:\/\/www.facebook.com\/FutbolHoyCol\/\" \/>\n<meta property=\"article:published_time\" content=\"2022-02-24T17:14:11+00:00\" \/>\n<meta property=\"article:modified_time\" content=\"2022-02-24T22:27:43+00:00\" \/>\n<meta property=\"og:image\" content=\"https:\/\/futbolhoy.co\/wp-content\/uploads\/2022\/02\/56EF96ED-5B22-4F31-8791-279D3F811EA9.jpeg\" \/>\n\t<meta property=\"og:image:width\" content=\"1080\" \/>\n\t<meta property=\"og:image:height\" content=\"1080\" \/>\n\t<meta property=\"og:image:type\" content=\"image\/jpeg\" \/>\n<meta name=\"author\" content=\"Laura Hern\u00e1ndez\" \/>\n<meta name=\"twitter:card\" content=\"summary_large_image\" \/>\n<meta name=\"twitter:creator\" content=\"@FutbolHoyCol\" \/>\n<meta name=\"twitter:site\" content=\"@FutbolHoyCol\" \/>\n<meta name=\"twitter:label1\" content=\"Escrito por\" \/>\n\t<meta name=\"twitter:data1\" content=\"Laura Hern\u00e1ndez\" \/>\n\t<meta name=\"twitter:label2\" content=\"Tiempo de lectura\" \/>\n\t<meta name=\"twitter:data2\" content=\"1 minuto\" \/>\n<script type=\"application\/ld+json\" class=\"yoast-schema-graph\">{\"@context\":\"https:\/\/schema.org\",\"@graph\":[{\"@type\":\"Article\",\"@id\":\"https:\/\/futbolhoy.co\/index.php\/2022\/02\/24\/bucaramanga-nombro-tecnico\/#article\",\"isPartOf\":{\"@id\":\"https:\/\/futbolhoy.co\/index.php\/2022\/02\/24\/bucaramanga-nombro-tecnico\/\"},\"author\":{\"name\":\"Laura Hern\u00e1ndez\",\"@id\":\"https:\/\/futbolhoy.co\/#\/schema\/person\/c4a353a512b127643723a34bb1812f7d\"},\"headline\":\"Bucaramanga nombr\u00f3 t\u00e9cnico\",\"datePublished\":\"2022-02-24T17:14:11+00:00\",\"dateModified\":\"2022-02-24T22:27:43+00:00\",\"mainEntityOfPage\":{\"@id\":\"https:\/\/futbolhoy.co\/index.php\/2022\/02\/24\/bucaramanga-nombro-tecnico\/\"},\"wordCount\":192,\"commentCount\":0,\"publisher\":{\"@id\":\"https:\/\/futbolhoy.co\/#organization\"},\"image\":{\"@id\":\"https:\/\/futbolhoy.co\/index.php\/2022\/02\/24\/bucaramanga-nombro-tecnico\/#primaryimage\"},\"thumbnailUrl\":\"https:\/\/futbolhoy.co\/wp-content\/uploads\/2022\/02\/56EF96ED-5B22-4F31-8791-279D3F811EA9.jpeg\",\"articleSection\":[\"Liga BetPlay\"],\"inLanguage\":\"es\",\"potentialAction\":[{\"@type\":\"CommentAction\",\"name\":\"Comment\",\"target\":[\"https:\/\/futbolhoy.co\/index.php\/2022\/02\/24\/bucaramanga-nombro-tecnico\/#respond\"]}]},{\"@type\":\"WebPage\",\"@id\":\"https:\/\/futbolhoy.co\/index.php\/2022\/02\/24\/bucaramanga-nombro-tecnico\/\",\"url\":\"https:\/\/futbolhoy.co\/index.php\/2022\/02\/24\/bucaramanga-nombro-tecnico\/\",\"name\":\"Bucaramanga nombr\u00f3 t\u00e9cnico -\",\"isPartOf\":{\"@id\":\"https:\/\/futbolhoy.co\/#website\"},\"primaryImageOfPage\":{\"@id\":\"https:\/\/futbolhoy.co\/index.php\/2022\/02\/24\/bucaramanga-nombro-tecnico\/#primaryimage\"},\"image\":{\"@id\":\"https:\/\/futbolhoy.co\/index.php\/2022\/02\/24\/bucaramanga-nombro-tecnico\/#primaryimage\"},\"thumbnailUrl\":\"https:\/\/futbolhoy.co\/wp-content\/uploads\/2022\/02\/56EF96ED-5B22-4F31-8791-279D3F811EA9.jpeg\",\"datePublished\":\"2022-02-24T17:14:11+00:00\",\"dateModified\":\"2022-02-24T22:27:43+00:00\",\"breadcrumb\":{\"@id\":\"https:\/\/futbolhoy.co\/index.php\/2022\/02\/24\/bucaramanga-nombro-tecnico\/#breadcrumb\"},\"inLanguage\":\"es\",\"potentialAction\":[{\"@type\":\"ReadAction\",\"target\":[\"https:\/\/futbolhoy.co\/index.php\/2022\/02\/24\/bucaramanga-nombro-tecnico\/\"]}]},{\"@type\":\"ImageObject\",\"inLanguage\":\"es\",\"@id\":\"https:\/\/futbolhoy.co\/index.php\/2022\/02\/24\/bucaramanga-nombro-tecnico\/#primaryimage\",\"url\":\"https:\/\/futbolhoy.co\/wp-content\/uploads\/2022\/02\/56EF96ED-5B22-4F31-8791-279D3F811EA9.jpeg\",\"contentUrl\":\"https:\/\/futbolhoy.co\/wp-content\/uploads\/2022\/02\/56EF96ED-5B22-4F31-8791-279D3F811EA9.jpeg\",\"width\":1080,\"height\":1080},{\"@type\":\"BreadcrumbList\",\"@id\":\"https:\/\/futbolhoy.co\/index.php\/2022\/02\/24\/bucaramanga-nombro-tecnico\/#breadcrumb\",\"itemListElement\":[{\"@type\":\"ListItem\",\"position\":1,\"name\":\"Portada\",\"item\":\"https:\/\/futbolhoy.co\/\"},{\"@type\":\"ListItem\",\"position\":2,\"name\":\"Bucaramanga nombr\u00f3 t\u00e9cnico\"}]},{\"@type\":\"WebSite\",\"@id\":\"https:\/\/futbolhoy.co\/#website\",\"url\":\"https:\/\/futbolhoy.co\/\",\"name\":\"FutbolHoy\",\"description\":\"\",\"publisher\":{\"@id\":\"https:\/\/futbolhoy.co\/#organization\"},\"potentialAction\":[{\"@type\":\"SearchAction\",\"target\":{\"@type\":\"EntryPoint\",\"urlTemplate\":\"https:\/\/futbolhoy.co\/?s={search_term_string}\"},\"query-input\":{\"@type\":\"PropertyValueSpecification\",\"valueRequired\":true,\"valueName\":\"search_term_string\"}}],\"inLanguage\":\"es\"},{\"@type\":\"Organization\",\"@id\":\"https:\/\/futbolhoy.co\/#organization\",\"name\":\"Futbolhoy.co\",\"url\":\"https:\/\/futbolhoy.co\/\",\"logo\":{\"@type\":\"ImageObject\",\"inLanguage\":\"es\",\"@id\":\"https:\/\/futbolhoy.co\/#\/schema\/logo\/image\/\",\"url\":\"https:\/\/futbolhoy.co\/wp-content\/uploads\/2018\/08\/17426380_1906371736249227_6326180412931521141_n.jpg\",\"contentUrl\":\"https:\/\/futbolhoy.co\/wp-content\/uploads\/2018\/08\/17426380_1906371736249227_6326180412931521141_n.jpg\",\"width\":960,\"height\":960,\"caption\":\"Futbolhoy.co\"},\"image\":{\"@id\":\"https:\/\/futbolhoy.co\/#\/schema\/logo\/image\/\"},\"sameAs\":[\"https:\/\/www.facebook.com\/FutbolHoyCol\/\",\"https:\/\/x.com\/FutbolHoyCol\",\"https:\/\/www.instagram.com\/futbolhoycol\/\"]},{\"@type\":\"Person\",\"@id\":\"https:\/\/futbolhoy.co\/#\/schema\/person\/c4a353a512b127643723a34bb1812f7d\",\"name\":\"Laura Hern\u00e1ndez\",\"image\":{\"@type\":\"ImageObject\",\"inLanguage\":\"es\",\"@id\":\"https:\/\/futbolhoy.co\/#\/schema\/person\/image\/\",\"url\":\"https:\/\/secure.gravatar.com\/avatar\/d25959a15b9b293a743f99181c7cfd01?s=96&d=mm&r=g\",\"contentUrl\":\"https:\/\/secure.gravatar.com\/avatar\/d25959a15b9b293a743f99181c7cfd01?s=96&d=mm&r=g\",\"caption\":\"Laura Hern\u00e1ndez\"}}]}<\/script>\n<!-- \/ Yoast SEO plugin. -->","yoast_head_json":{"title":"Bucaramanga nombr\u00f3 t\u00e9cnico -","robots":{"index":"index","follow":"follow","max-snippet":"max-snippet:-1","max-image-preview":"max-image-preview:large","max-video-preview":"max-video-preview:-1"},"canonical":"https:\/\/futbolhoy.co\/index.php\/2022\/02\/24\/bucaramanga-nombro-tecnico\/","og_locale":"es_ES","og_type":"article","og_title":"Bucaramanga nombr\u00f3 t\u00e9cnico -","og_description":"El santandereano Armando \u2018Piripi\u2019 Osma fue designado como nuevo t\u00e9cnico del Atl\u00e9tico Bucaramanga, donde reemplazar\u00e1 al argentino N\u00e9stor Craviotto, que renunci\u00f3 tras la derrota 1-2 frente a Envigado. \u2018El Piripi\u2019, quien ha hecho la mayor parte de su carrera como entrenador en Ecuador, se inici\u00f3 como futbolista en el equipo \u2018Leopardo\u2019. Tambi\u00e9n jug\u00f3 con Once [&hellip;]","og_url":"https:\/\/futbolhoy.co\/index.php\/2022\/02\/24\/bucaramanga-nombro-tecnico\/","article_publisher":"https:\/\/www.facebook.com\/FutbolHoyCol\/","article_published_time":"2022-02-24T17:14:11+00:00","article_modified_time":"2022-02-24T22:27:43+00:00","og_image":[{"width":1080,"height":1080,"url":"https:\/\/futbolhoy.co\/wp-content\/uploads\/2022\/02\/56EF96ED-5B22-4F31-8791-279D3F811EA9.jpeg","type":"image\/jpeg"}],"author":"Laura Hern\u00e1ndez","twitter_card":"summary_large_image","twitter_creator":"@FutbolHoyCol","twitter_site":"@FutbolHoyCol","twitter_misc":{"Escrito por":"Laura Hern\u00e1ndez","Tiempo de lectura":"1 minuto"},"schema":{"@context":"https:\/\/schema.org","@graph":[{"@type":"Article","@id":"https:\/\/futbolhoy.co\/index.php\/2022\/02\/24\/bucaramanga-nombro-tecnico\/#article","isPartOf":{"@id":"https:\/\/futbolhoy.co\/index.php\/2022\/02\/24\/bucaramanga-nombro-tecnico\/"},"author":{"name":"Laura Hern\u00e1ndez","@id":"https:\/\/futbolhoy.co\/#\/schema\/person\/c4a353a512b127643723a34bb1812f7d"},"headline":"Bucaramanga nombr\u00f3 t\u00e9cnico","datePublished":"2022-02-24T17:14:11+00:00","dateModified":"2022-02-24T22:27:43+00:00","mainEntityOfPage":{"@id":"https:\/\/futbolhoy.co\/index.php\/2022\/02\/24\/bucaramanga-nombro-tecnico\/"},"wordCount":192,"commentCount":0,"publisher":{"@id":"https:\/\/futbolhoy.co\/#organization"},"image":{"@id":"https:\/\/futbolhoy.co\/index.php\/2022\/02\/24\/bucaramanga-nombro-tecnico\/#primaryimage"},"thumbnailUrl":"https:\/\/futbolhoy.co\/wp-content\/uploads\/2022\/02\/56EF96ED-5B22-4F31-8791-279D3F811EA9.jpeg","articleSection":["Liga BetPlay"],"inLanguage":"es","potentialAction":[{"@type":"CommentAction","name":"Comment","target":["https:\/\/futbolhoy.co\/index.php\/2022\/02\/24\/bucaramanga-nombro-tecnico\/#respond"]}]},{"@type":"WebPage","@id":"https:\/\/futbolhoy.co\/index.php\/2022\/02\/24\/bucaramanga-nombro-tecnico\/","url":"https:\/\/futbolhoy.co\/index.php\/2022\/02\/24\/bucaramanga-nombro-tecnico\/","name":"Bucaramanga nombr\u00f3 t\u00e9cnico -","isPartOf":{"@id":"https:\/\/futbolhoy.co\/#website"},"primaryImageOfPage":{"@id":"https:\/\/futbolhoy.co\/index.php\/2022\/02\/24\/bucaramanga-nombro-tecnico\/#primaryimage"},"image":{"@id":"https:\/\/futbolhoy.co\/index.php\/2022\/02\/24\/bucaramanga-nombro-tecnico\/#primaryimage"},"thumbnailUrl":"https:\/\/futbolhoy.co\/wp-content\/uploads\/2022\/02\/56EF96ED-5B22-4F31-8791-279D3F811EA9.jpeg","datePublished":"2022-02-24T17:14:11+00:00","dateModified":"2022-02-24T22:27:43+00:00","breadcrumb":{"@id":"https:\/\/futbolhoy.co\/index.php\/2022\/02\/24\/bucaramanga-nombro-tecnico\/#breadcrumb"},"inLanguage":"es","potentialAction":[{"@type":"ReadAction","target":["https:\/\/futbolhoy.co\/index.php\/2022\/02\/24\/bucaramanga-nombro-tecnico\/"]}]},{"@type":"ImageObject","inLanguage":"es","@id":"https:\/\/futbolhoy.co\/index.php\/2022\/02\/24\/bucaramanga-nombro-tecnico\/#primaryimage","url":"https:\/\/futbolhoy.co\/wp-content\/uploads\/2022\/02\/56EF96ED-5B22-4F31-8791-279D3F811EA9.jpeg","contentUrl":"https:\/\/futbolhoy.co\/wp-content\/uploads\/2022\/02\/56EF96ED-5B22-4F31-8791-279D3F811EA9.jpeg","width":1080,"height":1080},{"@type":"BreadcrumbList","@id":"https:\/\/futbolhoy.co\/index.php\/2022\/02\/24\/bucaramanga-nombro-tecnico\/#breadcrumb","itemListElement":[{"@type":"ListItem","position":1,"name":"Portada","item":"https:\/\/futbolhoy.co\/"},{"@type":"ListItem","position":2,"name":"Bucaramanga nombr\u00f3 t\u00e9cnico"}]},{"@type":"WebSite","@id":"https:\/\/futbolhoy.co\/#website","url":"https:\/\/futbolhoy.co\/","name":"FutbolHoy","description":"","publisher":{"@id":"https:\/\/futbolhoy.co\/#organization"},"potentialAction":[{"@type":"SearchAction","target":{"@type":"EntryPoint","urlTemplate":"https:\/\/futbolhoy.co\/?s={search_term_string}"},"query-input":{"@type":"PropertyValueSpecification","valueRequired":true,"valueName":"search_term_string"}}],"inLanguage":"es"},{"@type":"Organization","@id":"https:\/\/futbolhoy.co\/#organization","name":"Futbolhoy.co","url":"https:\/\/futbolhoy.co\/","logo":{"@type":"ImageObject","inLanguage":"es","@id":"https:\/\/futbolhoy.co\/#\/schema\/logo\/image\/","url":"https:\/\/futbolhoy.co\/wp-content\/uploads\/2018\/08\/17426380_1906371736249227_6326180412931521141_n.jpg","contentUrl":"https:\/\/futbolhoy.co\/wp-content\/uploads\/2018\/08\/17426380_1906371736249227_6326180412931521141_n.jpg","width":960,"height":960,"caption":"Futbolhoy.co"},"image":{"@id":"https:\/\/futbolhoy.co\/#\/schema\/logo\/image\/"},"sameAs":["https:\/\/www.facebook.com\/FutbolHoyCol\/","https:\/\/x.com\/FutbolHoyCol","https:\/\/www.instagram.com\/futbolhoycol\/"]},{"@type":"Person","@id":"https:\/\/futbolhoy.co\/#\/schema\/person\/c4a353a512b127643723a34bb1812f7d","name":"Laura Hern\u00e1ndez","image":{"@type":"ImageObject","inLanguage":"es","@id":"https:\/\/futbolhoy.co\/#\/schema\/person\/image\/","url":"https:\/\/secure.gravatar.com\/avatar\/d25959a15b9b293a743f99181c7cfd01?s=96&d=mm&r=g","contentUrl":"https:\/\/secure.gravatar.com\/avatar\/d25959a15b9b293a743f99181c7cfd01?s=96&d=mm&r=g","caption":"Laura Hern\u00e1ndez"}}]}},"publishpress_future_action":{"enabled":false,"date":"2026-05-05 14:46:37","action":"change-status","newStatus":"draft","terms":[],"taxonomy":"category","extraData":[]},"publishpress_future_workflow_manual_trigger":{"enabledWorkflows":[]},"_links":{"self":[{"href":"https:\/\/futbolhoy.co\/index.php\/wp-json\/wp\/v2\/posts\/76527","targetHints":{"allow":["GET"]}}],"collection":[{"href":"https:\/\/futbolhoy.co\/index.php\/wp-json\/wp\/v2\/posts"}],"about":[{"href":"https:\/\/futbolhoy.co\/index.php\/wp-json\/wp\/v2\/types\/post"}],"author":[{"embeddable":true,"href":"https:\/\/futbolhoy.co\/index.php\/wp-json\/wp\/v2\/users\/5"}],"replies":[{"embeddable":true,"href":"https:\/\/futbolhoy.co\/index.php\/wp-json\/wp\/v2\/comments?post=76527"}],"version-history":[{"count":1,"href":"https:\/\/futbolhoy.co\/index.php\/wp-json\/wp\/v2\/posts\/76527\/revisions"}],"predecessor-version":[{"id":76530,"href":"https:\/\/futbolhoy.co\/index.php\/wp-json\/wp\/v2\/posts\/76527\/revisions\/76530"}],"wp:featuredmedia":[{"embeddable":true,"href":"https:\/\/futbolhoy.co\/index.php\/wp-json\/wp\/v2\/media\/76529"}],"wp:attachment":[{"href":"https:\/\/futbolhoy.co\/index.php\/wp-json\/wp\/v2\/media?parent=76527"}],"wp:term":[{"taxonomy":"category","embeddable":true,"href":"https:\/\/futbolhoy.co\/index.php\/wp-json\/wp\/v2\/categories?post=76527"},{"taxonomy":"post_tag","embeddable":true,"href":"https:\/\/futbolhoy.co\/index.php\/wp-json\/wp\/v2\/tags?post=76527"}],"curies":[{"name":"wp","href":"https:\/\/api.w.org\/{rel}","templated":true}]}}