{"id":76563,"date":"2022-02-25T07:03:21","date_gmt":"2022-02-25T12:03:21","guid":{"rendered":"https:\/\/futbolhoy.co\/?p=76563"},"modified":"2022-02-25T18:33:05","modified_gmt":"2022-02-25T23:33:05","slug":"barcelona-tendra-rival-turco-en-octavos","status":"publish","type":"post","link":"https:\/\/futbolhoy.co\/index.php\/2022\/02\/25\/barcelona-tendra-rival-turco-en-octavos\/","title":{"rendered":"Barcelona tendr\u00e1 rival turco en octavos"},"content":{"rendered":"<p style=\"text-align: justify;\"><span lang=\"ES\" style=\"font-family: helvetica, arial, sans-serif;\">El <strong>Barcelona<\/strong> de Espa\u00f1a se enfrentar\u00e1 al <strong>Galatasaray<\/strong> de Turqu\u00eda en los octavos de final de la <strong>Liga de Europa<\/strong>, de acuerdo al sorteo celebrado este viernes en Nyon, Suiza.<\/span><\/p>\n<p style=\"text-align: justify;\"><span lang=\"ES\" style=\"font-family: helvetica, arial, sans-serif;\">El equipo azulgrana, que super\u00f3 al <strong>Napoli<\/strong> en los play-off de acceso a octavos (5-3 en el acumulado), recibir\u00e1 en la ida del cruce al <strong>Galatasaray,<\/strong> clasificado como primero de su grupo.<\/span><\/p>\n<p style=\"text-align: justify;\"><span lang=\"ES\" style=\"font-family: helvetica, arial, sans-serif;\">El <strong>Betis,<\/strong> que sufri\u00f3 frente al <strong>Zenit<\/strong> de San Petersburgo para avanzar, se enfrentar\u00e1 al <strong>Eintracht<\/strong> de Frankfurt, donde juega el colombiano <strong>Rafael Santos Borr\u00e9<\/strong>.<\/span><\/p>\n<p style=\"text-align: justify;\"><span lang=\"ES\" style=\"font-family: helvetica, arial, sans-serif;\">En otros atractivos, <strong>Rangers,<\/strong> donde act\u00faa <strong>Alfredo Morelos<\/strong>, se medir\u00e1 al <strong>Estrella Roja<\/strong> de Belgrado; Porto, de <strong>Matheus Uribe<\/strong>, jugar\u00e1 contra <strong>Lyon<\/strong> franc\u00e9s y <strong>Atalanta<\/strong> (<strong>Duv\u00e1n Zapata y Luis Fernando Muriel<\/strong>) chocar\u00e1 con <strong>Bayer Leverkusen.<\/strong><\/span><\/p>\n<p style=\"text-align: justify;\"><span lang=\"ES\" style=\"font-family: helvetica, arial, sans-serif;\">La fase de octavos de final se jugar\u00e1 los d\u00edas 10 y el 17 de marzo, excepto los encuentros <strong>Betis-Eintracht Fr\u00e1ncfort<\/strong> y <strong>Oporto-Lyon,<\/strong> que se disputar\u00e1n el mi\u00e9rcoles 9 para no coincidir con los choques del <strong>Sevilla<\/strong> y el <strong>Braga.<\/strong><\/span><\/p>\n<p style=\"text-align: justify;\"><span lang=\"ES\" style=\"font-family: helvetica, arial, sans-serif;\">Programa de octavos:<\/span><\/p>\n<p style=\"text-align: justify;\"><span lang=\"ES\" style=\"font-family: helvetica, arial, sans-serif;\">Barcelona (ESP) &#8211; Galatasaray (TUR)<\/span><\/p>\n<p style=\"text-align: justify;\"><span lang=\"ES\" style=\"font-family: helvetica, arial, sans-serif;\">Rangers (Alfredo Morelos-ESC) &#8211; Estrella Roja (SRB)<\/span><\/p>\n<p style=\"text-align: justify;\"><span lang=\"ES\" style=\"font-family: helvetica, arial, sans-serif;\">Braga (POR) &#8211; M\u00f3naco (FRA)<\/span><\/p>\n<p style=\"text-align: justify;\"><span lang=\"ES\" style=\"font-family: helvetica, arial, sans-serif;\">Oporto (POR) &#8211; Lyon (FRA)<\/span><\/p>\n<p style=\"text-align: justify;\"><span lang=\"ES\" style=\"font-family: helvetica, arial, sans-serif;\">Atalanta (Duv\u00e1n Zapata, Luis Fernando Muriel-ITA) &#8211; Bayer Leverkusen (ALE)<\/span><\/p>\n<p style=\"text-align: justify;\"><span lang=\"ES\" style=\"font-family: helvetica, arial, sans-serif;\">Sevilla (ESP) &#8211; West Ham (ING)<\/span><\/p>\n<p style=\"text-align: justify;\"><span lang=\"ES\" style=\"font-family: helvetica, arial, sans-serif;\">RB Leipzig (ALE) &#8211; Spartak Mosc\u00fa (RUS)<\/span><\/p>\n<p style=\"text-align: justify;\"><span lang=\"ES\" style=\"font-family: helvetica, arial, sans-serif;\">Betis (ESP) &#8211; Eintracht Fr\u00e1ncfort (Rafael Santos Borr\u00e9-ALE)<\/span><\/p>\n","protected":false},"excerpt":{"rendered":"<p>El Barcelona de Espa\u00f1a se enfrentar\u00e1 al Galatasaray de Turqu\u00eda en los octavos de final de la Liga de Europa, de acuerdo al sorteo celebrado este viernes en Nyon, Suiza. El equipo azulgrana, que super\u00f3 al Napoli en los play-off de acceso a octavos (5-3 en el acumulado), recibir\u00e1 en la ida del cruce al [&hellip;]<\/p>\n","protected":false},"author":5,"featured_media":76564,"comment_status":"open","ping_status":"closed","sticky":false,"template":"","format":"standard","meta":{"_acf_changed":false,"footnotes":""},"categories":[152],"tags":[],"class_list":["post-76563","post","type-post","status-publish","format-standard","has-post-thumbnail","category-mundo-futbol"],"acf":[],"yoast_head":"<!-- This site is optimized with the Yoast SEO plugin v28.4 - https:\/\/yoast.com\/product\/yoast-seo-wordpress\/ -->\n<title>Barcelona tendr\u00e1 rival turco en octavos -<\/title>\n<meta name=\"robots\" content=\"index, follow, max-snippet:-1, max-image-preview:large, max-video-preview:-1\" \/>\n<link rel=\"canonical\" href=\"https:\/\/futbolhoy.co\/index.php\/2022\/02\/25\/barcelona-tendra-rival-turco-en-octavos\/\" \/>\n<meta property=\"og:locale\" content=\"es_ES\" \/>\n<meta property=\"og:type\" content=\"article\" \/>\n<meta property=\"og:title\" content=\"Barcelona tendr\u00e1 rival turco en octavos -\" \/>\n<meta property=\"og:description\" content=\"El Barcelona de Espa\u00f1a se enfrentar\u00e1 al Galatasaray de Turqu\u00eda en los octavos de final de la Liga de Europa, de acuerdo al sorteo celebrado este viernes en Nyon, Suiza. El equipo azulgrana, que super\u00f3 al Napoli en los play-off de acceso a octavos (5-3 en el acumulado), recibir\u00e1 en la ida del cruce al [&hellip;]\" \/>\n<meta property=\"og:url\" content=\"https:\/\/futbolhoy.co\/index.php\/2022\/02\/25\/barcelona-tendra-rival-turco-en-octavos\/\" \/>\n<meta property=\"article:publisher\" content=\"https:\/\/www.facebook.com\/FutbolHoyCol\/\" \/>\n<meta property=\"article:published_time\" content=\"2022-02-25T12:03:21+00:00\" \/>\n<meta property=\"article:modified_time\" content=\"2022-02-25T23:33:05+00:00\" \/>\n<meta property=\"og:image\" content=\"https:\/\/futbolhoy.co\/wp-content\/uploads\/2022\/02\/20220225_070038.jpg\" \/>\n\t<meta property=\"og:image:width\" content=\"1280\" \/>\n\t<meta property=\"og:image:height\" content=\"800\" \/>\n\t<meta property=\"og:image:type\" content=\"image\/jpeg\" \/>\n<meta name=\"author\" content=\"Laura Hern\u00e1ndez\" \/>\n<meta name=\"twitter:card\" content=\"summary_large_image\" \/>\n<meta name=\"twitter:creator\" content=\"@FutbolHoyCol\" \/>\n<meta name=\"twitter:site\" content=\"@FutbolHoyCol\" \/>\n<meta name=\"twitter:label1\" content=\"Escrito por\" \/>\n\t<meta name=\"twitter:data1\" content=\"Laura Hern\u00e1ndez\" \/>\n\t<meta name=\"twitter:label2\" content=\"Tiempo de lectura\" \/>\n\t<meta name=\"twitter:data2\" content=\"1 minuto\" \/>\n<script type=\"application\/ld+json\" class=\"yoast-schema-graph\">{\"@context\":\"https:\\\/\\\/schema.org\",\"@graph\":[{\"@type\":\"Article\",\"@id\":\"https:\\\/\\\/futbolhoy.co\\\/index.php\\\/2022\\\/02\\\/25\\\/barcelona-tendra-rival-turco-en-octavos\\\/#article\",\"isPartOf\":{\"@id\":\"https:\\\/\\\/futbolhoy.co\\\/index.php\\\/2022\\\/02\\\/25\\\/barcelona-tendra-rival-turco-en-octavos\\\/\"},\"author\":{\"name\":\"Laura Hern\u00e1ndez\",\"@id\":\"https:\\\/\\\/futbolhoy.co\\\/#\\\/schema\\\/person\\\/c4a353a512b127643723a34bb1812f7d\"},\"headline\":\"Barcelona tendr\u00e1 rival turco en octavos\",\"datePublished\":\"2022-02-25T12:03:21+00:00\",\"dateModified\":\"2022-02-25T23:33:05+00:00\",\"mainEntityOfPage\":{\"@id\":\"https:\\\/\\\/futbolhoy.co\\\/index.php\\\/2022\\\/02\\\/25\\\/barcelona-tendra-rival-turco-en-octavos\\\/\"},\"wordCount\":234,\"commentCount\":0,\"image\":{\"@id\":\"https:\\\/\\\/futbolhoy.co\\\/index.php\\\/2022\\\/02\\\/25\\\/barcelona-tendra-rival-turco-en-octavos\\\/#primaryimage\"},\"thumbnailUrl\":\"https:\\\/\\\/futbolhoy.co\\\/wp-content\\\/uploads\\\/2022\\\/02\\\/20220225_070038.jpg\",\"articleSection\":[\"Mundo Futbol\"],\"inLanguage\":\"es\",\"potentialAction\":[{\"@type\":\"CommentAction\",\"name\":\"Comment\",\"target\":[\"https:\\\/\\\/futbolhoy.co\\\/index.php\\\/2022\\\/02\\\/25\\\/barcelona-tendra-rival-turco-en-octavos\\\/#respond\"]}]},{\"@type\":\"WebPage\",\"@id\":\"https:\\\/\\\/futbolhoy.co\\\/index.php\\\/2022\\\/02\\\/25\\\/barcelona-tendra-rival-turco-en-octavos\\\/\",\"url\":\"https:\\\/\\\/futbolhoy.co\\\/index.php\\\/2022\\\/02\\\/25\\\/barcelona-tendra-rival-turco-en-octavos\\\/\",\"name\":\"Barcelona tendr\u00e1 rival turco en octavos -\",\"isPartOf\":{\"@id\":\"https:\\\/\\\/futbolhoy.co\\\/#website\"},\"primaryImageOfPage\":{\"@id\":\"https:\\\/\\\/futbolhoy.co\\\/index.php\\\/2022\\\/02\\\/25\\\/barcelona-tendra-rival-turco-en-octavos\\\/#primaryimage\"},\"image\":{\"@id\":\"https:\\\/\\\/futbolhoy.co\\\/index.php\\\/2022\\\/02\\\/25\\\/barcelona-tendra-rival-turco-en-octavos\\\/#primaryimage\"},\"thumbnailUrl\":\"https:\\\/\\\/futbolhoy.co\\\/wp-content\\\/uploads\\\/2022\\\/02\\\/20220225_070038.jpg\",\"datePublished\":\"2022-02-25T12:03:21+00:00\",\"dateModified\":\"2022-02-25T23:33:05+00:00\",\"author\":{\"@id\":\"https:\\\/\\\/futbolhoy.co\\\/#\\\/schema\\\/person\\\/c4a353a512b127643723a34bb1812f7d\"},\"breadcrumb\":{\"@id\":\"https:\\\/\\\/futbolhoy.co\\\/index.php\\\/2022\\\/02\\\/25\\\/barcelona-tendra-rival-turco-en-octavos\\\/#breadcrumb\"},\"inLanguage\":\"es\",\"potentialAction\":[{\"@type\":\"ReadAction\",\"target\":[\"https:\\\/\\\/futbolhoy.co\\\/index.php\\\/2022\\\/02\\\/25\\\/barcelona-tendra-rival-turco-en-octavos\\\/\"]}]},{\"@type\":\"ImageObject\",\"inLanguage\":\"es\",\"@id\":\"https:\\\/\\\/futbolhoy.co\\\/index.php\\\/2022\\\/02\\\/25\\\/barcelona-tendra-rival-turco-en-octavos\\\/#primaryimage\",\"url\":\"https:\\\/\\\/futbolhoy.co\\\/wp-content\\\/uploads\\\/2022\\\/02\\\/20220225_070038.jpg\",\"contentUrl\":\"https:\\\/\\\/futbolhoy.co\\\/wp-content\\\/uploads\\\/2022\\\/02\\\/20220225_070038.jpg\",\"width\":1280,\"height\":800},{\"@type\":\"BreadcrumbList\",\"@id\":\"https:\\\/\\\/futbolhoy.co\\\/index.php\\\/2022\\\/02\\\/25\\\/barcelona-tendra-rival-turco-en-octavos\\\/#breadcrumb\",\"itemListElement\":[{\"@type\":\"ListItem\",\"position\":1,\"name\":\"Portada\",\"item\":\"https:\\\/\\\/futbolhoy.co\\\/\"},{\"@type\":\"ListItem\",\"position\":2,\"name\":\"Barcelona tendr\u00e1 rival turco en octavos\"}]},{\"@type\":\"WebSite\",\"@id\":\"https:\\\/\\\/futbolhoy.co\\\/#website\",\"url\":\"https:\\\/\\\/futbolhoy.co\\\/\",\"name\":\"FutbolHoy\",\"description\":\"\",\"potentialAction\":[{\"@type\":\"SearchAction\",\"target\":{\"@type\":\"EntryPoint\",\"urlTemplate\":\"https:\\\/\\\/futbolhoy.co\\\/?s={search_term_string}\"},\"query-input\":{\"@type\":\"PropertyValueSpecification\",\"valueRequired\":true,\"valueName\":\"search_term_string\"}}],\"inLanguage\":\"es\"},{\"@type\":\"Person\",\"@id\":\"https:\\\/\\\/futbolhoy.co\\\/#\\\/schema\\\/person\\\/c4a353a512b127643723a34bb1812f7d\",\"name\":\"Laura Hern\u00e1ndez\",\"image\":{\"@type\":\"ImageObject\",\"inLanguage\":\"es\",\"@id\":\"https:\\\/\\\/secure.gravatar.com\\\/avatar\\\/1ae6b7966942c60c822ea71afe0e5cf4105b8e983193883c6d026db4d508431d?s=96&d=mm&r=g\",\"url\":\"https:\\\/\\\/secure.gravatar.com\\\/avatar\\\/1ae6b7966942c60c822ea71afe0e5cf4105b8e983193883c6d026db4d508431d?s=96&d=mm&r=g\",\"contentUrl\":\"https:\\\/\\\/secure.gravatar.com\\\/avatar\\\/1ae6b7966942c60c822ea71afe0e5cf4105b8e983193883c6d026db4d508431d?s=96&d=mm&r=g\",\"caption\":\"Laura Hern\u00e1ndez\"}}]}<\/script>\n<!-- \/ Yoast SEO plugin. -->","yoast_head_json":{"title":"Barcelona tendr\u00e1 rival turco en octavos -","robots":{"index":"index","follow":"follow","max-snippet":"max-snippet:-1","max-image-preview":"max-image-preview:large","max-video-preview":"max-video-preview:-1"},"canonical":"https:\/\/futbolhoy.co\/index.php\/2022\/02\/25\/barcelona-tendra-rival-turco-en-octavos\/","og_locale":"es_ES","og_type":"article","og_title":"Barcelona tendr\u00e1 rival turco en octavos -","og_description":"El Barcelona de Espa\u00f1a se enfrentar\u00e1 al Galatasaray de Turqu\u00eda en los octavos de final de la Liga de Europa, de acuerdo al sorteo celebrado este viernes en Nyon, Suiza. El equipo azulgrana, que super\u00f3 al Napoli en los play-off de acceso a octavos (5-3 en el acumulado), recibir\u00e1 en la ida del cruce al [&hellip;]","og_url":"https:\/\/futbolhoy.co\/index.php\/2022\/02\/25\/barcelona-tendra-rival-turco-en-octavos\/","article_publisher":"https:\/\/www.facebook.com\/FutbolHoyCol\/","article_published_time":"2022-02-25T12:03:21+00:00","article_modified_time":"2022-02-25T23:33:05+00:00","og_image":[{"width":1280,"height":800,"url":"https:\/\/futbolhoy.co\/wp-content\/uploads\/2022\/02\/20220225_070038.jpg","type":"image\/jpeg"}],"author":"Laura Hern\u00e1ndez","twitter_card":"summary_large_image","twitter_creator":"@FutbolHoyCol","twitter_site":"@FutbolHoyCol","twitter_misc":{"Escrito por":"Laura Hern\u00e1ndez","Tiempo de lectura":"1 minuto"},"schema":{"@context":"https:\/\/schema.org","@graph":[{"@type":"Article","@id":"https:\/\/futbolhoy.co\/index.php\/2022\/02\/25\/barcelona-tendra-rival-turco-en-octavos\/#article","isPartOf":{"@id":"https:\/\/futbolhoy.co\/index.php\/2022\/02\/25\/barcelona-tendra-rival-turco-en-octavos\/"},"author":{"name":"Laura Hern\u00e1ndez","@id":"https:\/\/futbolhoy.co\/#\/schema\/person\/c4a353a512b127643723a34bb1812f7d"},"headline":"Barcelona tendr\u00e1 rival turco en octavos","datePublished":"2022-02-25T12:03:21+00:00","dateModified":"2022-02-25T23:33:05+00:00","mainEntityOfPage":{"@id":"https:\/\/futbolhoy.co\/index.php\/2022\/02\/25\/barcelona-tendra-rival-turco-en-octavos\/"},"wordCount":234,"commentCount":0,"image":{"@id":"https:\/\/futbolhoy.co\/index.php\/2022\/02\/25\/barcelona-tendra-rival-turco-en-octavos\/#primaryimage"},"thumbnailUrl":"https:\/\/futbolhoy.co\/wp-content\/uploads\/2022\/02\/20220225_070038.jpg","articleSection":["Mundo Futbol"],"inLanguage":"es","potentialAction":[{"@type":"CommentAction","name":"Comment","target":["https:\/\/futbolhoy.co\/index.php\/2022\/02\/25\/barcelona-tendra-rival-turco-en-octavos\/#respond"]}]},{"@type":"WebPage","@id":"https:\/\/futbolhoy.co\/index.php\/2022\/02\/25\/barcelona-tendra-rival-turco-en-octavos\/","url":"https:\/\/futbolhoy.co\/index.php\/2022\/02\/25\/barcelona-tendra-rival-turco-en-octavos\/","name":"Barcelona tendr\u00e1 rival turco en octavos -","isPartOf":{"@id":"https:\/\/futbolhoy.co\/#website"},"primaryImageOfPage":{"@id":"https:\/\/futbolhoy.co\/index.php\/2022\/02\/25\/barcelona-tendra-rival-turco-en-octavos\/#primaryimage"},"image":{"@id":"https:\/\/futbolhoy.co\/index.php\/2022\/02\/25\/barcelona-tendra-rival-turco-en-octavos\/#primaryimage"},"thumbnailUrl":"https:\/\/futbolhoy.co\/wp-content\/uploads\/2022\/02\/20220225_070038.jpg","datePublished":"2022-02-25T12:03:21+00:00","dateModified":"2022-02-25T23:33:05+00:00","author":{"@id":"https:\/\/futbolhoy.co\/#\/schema\/person\/c4a353a512b127643723a34bb1812f7d"},"breadcrumb":{"@id":"https:\/\/futbolhoy.co\/index.php\/2022\/02\/25\/barcelona-tendra-rival-turco-en-octavos\/#breadcrumb"},"inLanguage":"es","potentialAction":[{"@type":"ReadAction","target":["https:\/\/futbolhoy.co\/index.php\/2022\/02\/25\/barcelona-tendra-rival-turco-en-octavos\/"]}]},{"@type":"ImageObject","inLanguage":"es","@id":"https:\/\/futbolhoy.co\/index.php\/2022\/02\/25\/barcelona-tendra-rival-turco-en-octavos\/#primaryimage","url":"https:\/\/futbolhoy.co\/wp-content\/uploads\/2022\/02\/20220225_070038.jpg","contentUrl":"https:\/\/futbolhoy.co\/wp-content\/uploads\/2022\/02\/20220225_070038.jpg","width":1280,"height":800},{"@type":"BreadcrumbList","@id":"https:\/\/futbolhoy.co\/index.php\/2022\/02\/25\/barcelona-tendra-rival-turco-en-octavos\/#breadcrumb","itemListElement":[{"@type":"ListItem","position":1,"name":"Portada","item":"https:\/\/futbolhoy.co\/"},{"@type":"ListItem","position":2,"name":"Barcelona tendr\u00e1 rival turco en octavos"}]},{"@type":"WebSite","@id":"https:\/\/futbolhoy.co\/#website","url":"https:\/\/futbolhoy.co\/","name":"FutbolHoy","description":"","potentialAction":[{"@type":"SearchAction","target":{"@type":"EntryPoint","urlTemplate":"https:\/\/futbolhoy.co\/?s={search_term_string}"},"query-input":{"@type":"PropertyValueSpecification","valueRequired":true,"valueName":"search_term_string"}}],"inLanguage":"es"},{"@type":"Person","@id":"https:\/\/futbolhoy.co\/#\/schema\/person\/c4a353a512b127643723a34bb1812f7d","name":"Laura Hern\u00e1ndez","image":{"@type":"ImageObject","inLanguage":"es","@id":"https:\/\/secure.gravatar.com\/avatar\/1ae6b7966942c60c822ea71afe0e5cf4105b8e983193883c6d026db4d508431d?s=96&d=mm&r=g","url":"https:\/\/secure.gravatar.com\/avatar\/1ae6b7966942c60c822ea71afe0e5cf4105b8e983193883c6d026db4d508431d?s=96&d=mm&r=g","contentUrl":"https:\/\/secure.gravatar.com\/avatar\/1ae6b7966942c60c822ea71afe0e5cf4105b8e983193883c6d026db4d508431d?s=96&d=mm&r=g","caption":"Laura Hern\u00e1ndez"}}]}},"_links":{"self":[{"href":"https:\/\/futbolhoy.co\/index.php\/wp-json\/wp\/v2\/posts\/76563","targetHints":{"allow":["GET"]}}],"collection":[{"href":"https:\/\/futbolhoy.co\/index.php\/wp-json\/wp\/v2\/posts"}],"about":[{"href":"https:\/\/futbolhoy.co\/index.php\/wp-json\/wp\/v2\/types\/post"}],"author":[{"embeddable":true,"href":"https:\/\/futbolhoy.co\/index.php\/wp-json\/wp\/v2\/users\/5"}],"replies":[{"embeddable":true,"href":"https:\/\/futbolhoy.co\/index.php\/wp-json\/wp\/v2\/comments?post=76563"}],"version-history":[{"count":3,"href":"https:\/\/futbolhoy.co\/index.php\/wp-json\/wp\/v2\/posts\/76563\/revisions"}],"predecessor-version":[{"id":76571,"href":"https:\/\/futbolhoy.co\/index.php\/wp-json\/wp\/v2\/posts\/76563\/revisions\/76571"}],"wp:featuredmedia":[{"embeddable":true,"href":"https:\/\/futbolhoy.co\/index.php\/wp-json\/wp\/v2\/media\/76564"}],"wp:attachment":[{"href":"https:\/\/futbolhoy.co\/index.php\/wp-json\/wp\/v2\/media?parent=76563"}],"wp:term":[{"taxonomy":"category","embeddable":true,"href":"https:\/\/futbolhoy.co\/index.php\/wp-json\/wp\/v2\/categories?post=76563"},{"taxonomy":"post_tag","embeddable":true,"href":"https:\/\/futbolhoy.co\/index.php\/wp-json\/wp\/v2\/tags?post=76563"}],"curies":[{"name":"wp","href":"https:\/\/api.w.org\/{rel}","templated":true}]}}