{"id":76578,"date":"2022-02-25T17:26:37","date_gmt":"2022-02-25T22:26:37","guid":{"rendered":"https:\/\/futbolhoy.co\/?p=76578"},"modified":"2022-02-26T15:31:07","modified_gmt":"2022-02-26T20:31:07","slug":"enfrentar-al-madrid-es-motivante-falcao","status":"publish","type":"post","link":"https:\/\/futbolhoy.co\/index.php\/2022\/02\/25\/enfrentar-al-madrid-es-motivante-falcao\/","title":{"rendered":"Enfrentar al Madrid es motivante: Falcao"},"content":{"rendered":"<p><iframe title=\"YouTube video player\" src=\"\/\/www.youtube.com\/embed\/rK2-rL0nqRc\" width=\"560\" height=\"315\" frameborder=\"0\" allowfullscreen=\"allowfullscreen\"><\/iframe><\/p>\n<p style=\"text-align: justify;\"><span style=\"font-family: helvetica, arial, sans-serif;\">El delantero colombiano del <strong>Rayo Vallecano<\/strong>, <strong>Falcao Garcia<\/strong>, asegur\u00f3 que le motiva el partido que disputar\u00e1 este s\u00e1bado frente al <strong>Real Madrid<\/strong>, por la fecha 26 de <strong>LaLiga.<\/strong><\/span><\/p>\n<p style=\"text-align: justify;\"><span style=\"font-family: helvetica, arial, sans-serif;\">\u201cEstamos con mucha expectativa porque es una oportunidad despu\u00e9s de resultados que no han sido positivos. Adem\u00e1s, enfrentarse al <strong>Real Madrid<\/strong> es muy motivante (\u2026)\u00a0\u00a0Lo m\u00e1s importante es que el equipo pueda hacer el partido necesario para lograr un resultado favorable\u201d, sostuvo <strong>Falcao<\/strong> en declaraciones que difundi\u00f3 la cervecera Mahou, uno de los patrocinadores del equipo de <strong>Vallecas.<\/strong><\/span><\/p>\n<p style=\"text-align: justify;\"><span style=\"font-family: helvetica, arial, sans-serif;\">Luego de su paso por el f\u00fatbol turco, <strong>Falcao<\/strong> agreg\u00f3 que ten\u00eda \u201cganas de volver a Espa\u00f1a para jugar en un torneo competitivo (\u2026) El Rayo tiene un gran plantel y es un club que tiene ganas de crecer. Para m\u00ed era un lugar ideal para seguir mi carrera y que la selecci\u00f3n (Colombia) me siguiera convocando\u201d.<\/span><\/p>\n<p style=\"text-align: justify;\"><span style=\"font-family: helvetica, arial, sans-serif;\"><strong>Rayo,<\/strong> que se alista para juego ante el <strong>Madrid,<\/strong> figura en mitad de tabla del campeonato con 31 puntos. El equipo \u2018merengue\u2019 domina con 57.<\/span><\/p>\n","protected":false},"excerpt":{"rendered":"<p>El delantero colombiano del Rayo Vallecano, Falcao Garcia, asegur\u00f3 que le motiva el partido que disputar\u00e1 este s\u00e1bado frente al Real Madrid, por la fecha 26 de LaLiga. \u201cEstamos con mucha expectativa porque es una oportunidad despu\u00e9s de resultados que no han sido positivos. Adem\u00e1s, enfrentarse al Real Madrid es muy motivante (\u2026)\u00a0\u00a0Lo m\u00e1s importante [&hellip;]<\/p>\n","protected":false},"author":5,"featured_media":76579,"comment_status":"open","ping_status":"closed","sticky":false,"template":"","format":"video","meta":{"_acf_changed":false,"footnotes":""},"categories":[418,5],"tags":[],"class_list":["post-76578","post","type-post","status-publish","format-video","has-post-thumbnail","category-colombia","category-destacados","post_format-post-format-video"],"acf":[],"yoast_head":"<!-- This site is optimized with the Yoast SEO plugin v28.4 - https:\/\/yoast.com\/product\/yoast-seo-wordpress\/ -->\n<title>Enfrentar al Madrid es motivante: Falcao -<\/title>\n<meta name=\"robots\" content=\"index, follow, max-snippet:-1, max-image-preview:large, max-video-preview:-1\" \/>\n<link rel=\"canonical\" href=\"https:\/\/futbolhoy.co\/index.php\/2022\/02\/25\/enfrentar-al-madrid-es-motivante-falcao\/\" \/>\n<meta property=\"og:locale\" content=\"es_ES\" \/>\n<meta property=\"og:type\" content=\"article\" \/>\n<meta property=\"og:title\" content=\"Enfrentar al Madrid es motivante: Falcao -\" \/>\n<meta property=\"og:description\" content=\"El delantero colombiano del Rayo Vallecano, Falcao Garcia, asegur\u00f3 que le motiva el partido que disputar\u00e1 este s\u00e1bado frente al Real Madrid, por la fecha 26 de LaLiga. \u201cEstamos con mucha expectativa porque es una oportunidad despu\u00e9s de resultados que no han sido positivos. Adem\u00e1s, enfrentarse al Real Madrid es muy motivante (\u2026)\u00a0\u00a0Lo m\u00e1s importante [&hellip;]\" \/>\n<meta property=\"og:url\" content=\"https:\/\/futbolhoy.co\/index.php\/2022\/02\/25\/enfrentar-al-madrid-es-motivante-falcao\/\" \/>\n<meta property=\"article:publisher\" content=\"https:\/\/www.facebook.com\/FutbolHoyCol\/\" \/>\n<meta property=\"article:published_time\" content=\"2022-02-25T22:26:37+00:00\" \/>\n<meta property=\"article:modified_time\" content=\"2022-02-26T20:31:07+00:00\" \/>\n<meta property=\"og:image\" content=\"https:\/\/futbolhoy.co\/wp-content\/uploads\/2022\/02\/20220225_165933.jpg\" \/>\n\t<meta property=\"og:image:width\" content=\"1024\" \/>\n\t<meta property=\"og:image:height\" content=\"570\" \/>\n\t<meta property=\"og:image:type\" content=\"image\/jpeg\" \/>\n<meta name=\"author\" content=\"Laura Hern\u00e1ndez\" \/>\n<meta name=\"twitter:card\" content=\"summary_large_image\" \/>\n<meta name=\"twitter:creator\" content=\"@FutbolHoyCol\" \/>\n<meta name=\"twitter:site\" content=\"@FutbolHoyCol\" \/>\n<meta name=\"twitter:label1\" content=\"Escrito por\" \/>\n\t<meta name=\"twitter:data1\" content=\"Laura Hern\u00e1ndez\" \/>\n\t<meta name=\"twitter:label2\" content=\"Tiempo de lectura\" \/>\n\t<meta name=\"twitter:data2\" content=\"1 minuto\" \/>\n<script type=\"application\/ld+json\" class=\"yoast-schema-graph\">{\"@context\":\"https:\\\/\\\/schema.org\",\"@graph\":[{\"@type\":\"Article\",\"@id\":\"https:\\\/\\\/futbolhoy.co\\\/index.php\\\/2022\\\/02\\\/25\\\/enfrentar-al-madrid-es-motivante-falcao\\\/#article\",\"isPartOf\":{\"@id\":\"https:\\\/\\\/futbolhoy.co\\\/index.php\\\/2022\\\/02\\\/25\\\/enfrentar-al-madrid-es-motivante-falcao\\\/\"},\"author\":{\"name\":\"Laura Hern\u00e1ndez\",\"@id\":\"https:\\\/\\\/futbolhoy.co\\\/#\\\/schema\\\/person\\\/c4a353a512b127643723a34bb1812f7d\"},\"headline\":\"Enfrentar al Madrid es motivante: Falcao\",\"datePublished\":\"2022-02-25T22:26:37+00:00\",\"dateModified\":\"2022-02-26T20:31:07+00:00\",\"mainEntityOfPage\":{\"@id\":\"https:\\\/\\\/futbolhoy.co\\\/index.php\\\/2022\\\/02\\\/25\\\/enfrentar-al-madrid-es-motivante-falcao\\\/\"},\"wordCount\":178,\"commentCount\":0,\"image\":{\"@id\":\"https:\\\/\\\/futbolhoy.co\\\/index.php\\\/2022\\\/02\\\/25\\\/enfrentar-al-madrid-es-motivante-falcao\\\/#primaryimage\"},\"thumbnailUrl\":\"https:\\\/\\\/futbolhoy.co\\\/wp-content\\\/uploads\\\/2022\\\/02\\\/20220225_165933.jpg\",\"articleSection\":[\"Colombia\",\"Destacados\"],\"inLanguage\":\"es\",\"potentialAction\":[{\"@type\":\"CommentAction\",\"name\":\"Comment\",\"target\":[\"https:\\\/\\\/futbolhoy.co\\\/index.php\\\/2022\\\/02\\\/25\\\/enfrentar-al-madrid-es-motivante-falcao\\\/#respond\"]}]},{\"@type\":\"WebPage\",\"@id\":\"https:\\\/\\\/futbolhoy.co\\\/index.php\\\/2022\\\/02\\\/25\\\/enfrentar-al-madrid-es-motivante-falcao\\\/\",\"url\":\"https:\\\/\\\/futbolhoy.co\\\/index.php\\\/2022\\\/02\\\/25\\\/enfrentar-al-madrid-es-motivante-falcao\\\/\",\"name\":\"Enfrentar al Madrid es motivante: Falcao -\",\"isPartOf\":{\"@id\":\"https:\\\/\\\/futbolhoy.co\\\/#website\"},\"primaryImageOfPage\":{\"@id\":\"https:\\\/\\\/futbolhoy.co\\\/index.php\\\/2022\\\/02\\\/25\\\/enfrentar-al-madrid-es-motivante-falcao\\\/#primaryimage\"},\"image\":{\"@id\":\"https:\\\/\\\/futbolhoy.co\\\/index.php\\\/2022\\\/02\\\/25\\\/enfrentar-al-madrid-es-motivante-falcao\\\/#primaryimage\"},\"thumbnailUrl\":\"https:\\\/\\\/futbolhoy.co\\\/wp-content\\\/uploads\\\/2022\\\/02\\\/20220225_165933.jpg\",\"datePublished\":\"2022-02-25T22:26:37+00:00\",\"dateModified\":\"2022-02-26T20:31:07+00:00\",\"author\":{\"@id\":\"https:\\\/\\\/futbolhoy.co\\\/#\\\/schema\\\/person\\\/c4a353a512b127643723a34bb1812f7d\"},\"breadcrumb\":{\"@id\":\"https:\\\/\\\/futbolhoy.co\\\/index.php\\\/2022\\\/02\\\/25\\\/enfrentar-al-madrid-es-motivante-falcao\\\/#breadcrumb\"},\"inLanguage\":\"es\",\"potentialAction\":[{\"@type\":\"ReadAction\",\"target\":[\"https:\\\/\\\/futbolhoy.co\\\/index.php\\\/2022\\\/02\\\/25\\\/enfrentar-al-madrid-es-motivante-falcao\\\/\"]}]},{\"@type\":\"ImageObject\",\"inLanguage\":\"es\",\"@id\":\"https:\\\/\\\/futbolhoy.co\\\/index.php\\\/2022\\\/02\\\/25\\\/enfrentar-al-madrid-es-motivante-falcao\\\/#primaryimage\",\"url\":\"https:\\\/\\\/futbolhoy.co\\\/wp-content\\\/uploads\\\/2022\\\/02\\\/20220225_165933.jpg\",\"contentUrl\":\"https:\\\/\\\/futbolhoy.co\\\/wp-content\\\/uploads\\\/2022\\\/02\\\/20220225_165933.jpg\",\"width\":1024,\"height\":570},{\"@type\":\"BreadcrumbList\",\"@id\":\"https:\\\/\\\/futbolhoy.co\\\/index.php\\\/2022\\\/02\\\/25\\\/enfrentar-al-madrid-es-motivante-falcao\\\/#breadcrumb\",\"itemListElement\":[{\"@type\":\"ListItem\",\"position\":1,\"name\":\"Portada\",\"item\":\"https:\\\/\\\/futbolhoy.co\\\/\"},{\"@type\":\"ListItem\",\"position\":2,\"name\":\"Enfrentar al Madrid es motivante: Falcao\"}]},{\"@type\":\"WebSite\",\"@id\":\"https:\\\/\\\/futbolhoy.co\\\/#website\",\"url\":\"https:\\\/\\\/futbolhoy.co\\\/\",\"name\":\"FutbolHoy\",\"description\":\"\",\"potentialAction\":[{\"@type\":\"SearchAction\",\"target\":{\"@type\":\"EntryPoint\",\"urlTemplate\":\"https:\\\/\\\/futbolhoy.co\\\/?s={search_term_string}\"},\"query-input\":{\"@type\":\"PropertyValueSpecification\",\"valueRequired\":true,\"valueName\":\"search_term_string\"}}],\"inLanguage\":\"es\"},{\"@type\":\"Person\",\"@id\":\"https:\\\/\\\/futbolhoy.co\\\/#\\\/schema\\\/person\\\/c4a353a512b127643723a34bb1812f7d\",\"name\":\"Laura Hern\u00e1ndez\",\"image\":{\"@type\":\"ImageObject\",\"inLanguage\":\"es\",\"@id\":\"https:\\\/\\\/secure.gravatar.com\\\/avatar\\\/1ae6b7966942c60c822ea71afe0e5cf4105b8e983193883c6d026db4d508431d?s=96&d=mm&r=g\",\"url\":\"https:\\\/\\\/secure.gravatar.com\\\/avatar\\\/1ae6b7966942c60c822ea71afe0e5cf4105b8e983193883c6d026db4d508431d?s=96&d=mm&r=g\",\"contentUrl\":\"https:\\\/\\\/secure.gravatar.com\\\/avatar\\\/1ae6b7966942c60c822ea71afe0e5cf4105b8e983193883c6d026db4d508431d?s=96&d=mm&r=g\",\"caption\":\"Laura Hern\u00e1ndez\"}}]}<\/script>\n<!-- \/ Yoast SEO plugin. -->","yoast_head_json":{"title":"Enfrentar al Madrid es motivante: Falcao -","robots":{"index":"index","follow":"follow","max-snippet":"max-snippet:-1","max-image-preview":"max-image-preview:large","max-video-preview":"max-video-preview:-1"},"canonical":"https:\/\/futbolhoy.co\/index.php\/2022\/02\/25\/enfrentar-al-madrid-es-motivante-falcao\/","og_locale":"es_ES","og_type":"article","og_title":"Enfrentar al Madrid es motivante: Falcao -","og_description":"El delantero colombiano del Rayo Vallecano, Falcao Garcia, asegur\u00f3 que le motiva el partido que disputar\u00e1 este s\u00e1bado frente al Real Madrid, por la fecha 26 de LaLiga. \u201cEstamos con mucha expectativa porque es una oportunidad despu\u00e9s de resultados que no han sido positivos. Adem\u00e1s, enfrentarse al Real Madrid es muy motivante (\u2026)\u00a0\u00a0Lo m\u00e1s importante [&hellip;]","og_url":"https:\/\/futbolhoy.co\/index.php\/2022\/02\/25\/enfrentar-al-madrid-es-motivante-falcao\/","article_publisher":"https:\/\/www.facebook.com\/FutbolHoyCol\/","article_published_time":"2022-02-25T22:26:37+00:00","article_modified_time":"2022-02-26T20:31:07+00:00","og_image":[{"width":1024,"height":570,"url":"https:\/\/futbolhoy.co\/wp-content\/uploads\/2022\/02\/20220225_165933.jpg","type":"image\/jpeg"}],"author":"Laura Hern\u00e1ndez","twitter_card":"summary_large_image","twitter_creator":"@FutbolHoyCol","twitter_site":"@FutbolHoyCol","twitter_misc":{"Escrito por":"Laura Hern\u00e1ndez","Tiempo de lectura":"1 minuto"},"schema":{"@context":"https:\/\/schema.org","@graph":[{"@type":"Article","@id":"https:\/\/futbolhoy.co\/index.php\/2022\/02\/25\/enfrentar-al-madrid-es-motivante-falcao\/#article","isPartOf":{"@id":"https:\/\/futbolhoy.co\/index.php\/2022\/02\/25\/enfrentar-al-madrid-es-motivante-falcao\/"},"author":{"name":"Laura Hern\u00e1ndez","@id":"https:\/\/futbolhoy.co\/#\/schema\/person\/c4a353a512b127643723a34bb1812f7d"},"headline":"Enfrentar al Madrid es motivante: Falcao","datePublished":"2022-02-25T22:26:37+00:00","dateModified":"2022-02-26T20:31:07+00:00","mainEntityOfPage":{"@id":"https:\/\/futbolhoy.co\/index.php\/2022\/02\/25\/enfrentar-al-madrid-es-motivante-falcao\/"},"wordCount":178,"commentCount":0,"image":{"@id":"https:\/\/futbolhoy.co\/index.php\/2022\/02\/25\/enfrentar-al-madrid-es-motivante-falcao\/#primaryimage"},"thumbnailUrl":"https:\/\/futbolhoy.co\/wp-content\/uploads\/2022\/02\/20220225_165933.jpg","articleSection":["Colombia","Destacados"],"inLanguage":"es","potentialAction":[{"@type":"CommentAction","name":"Comment","target":["https:\/\/futbolhoy.co\/index.php\/2022\/02\/25\/enfrentar-al-madrid-es-motivante-falcao\/#respond"]}]},{"@type":"WebPage","@id":"https:\/\/futbolhoy.co\/index.php\/2022\/02\/25\/enfrentar-al-madrid-es-motivante-falcao\/","url":"https:\/\/futbolhoy.co\/index.php\/2022\/02\/25\/enfrentar-al-madrid-es-motivante-falcao\/","name":"Enfrentar al Madrid es motivante: Falcao -","isPartOf":{"@id":"https:\/\/futbolhoy.co\/#website"},"primaryImageOfPage":{"@id":"https:\/\/futbolhoy.co\/index.php\/2022\/02\/25\/enfrentar-al-madrid-es-motivante-falcao\/#primaryimage"},"image":{"@id":"https:\/\/futbolhoy.co\/index.php\/2022\/02\/25\/enfrentar-al-madrid-es-motivante-falcao\/#primaryimage"},"thumbnailUrl":"https:\/\/futbolhoy.co\/wp-content\/uploads\/2022\/02\/20220225_165933.jpg","datePublished":"2022-02-25T22:26:37+00:00","dateModified":"2022-02-26T20:31:07+00:00","author":{"@id":"https:\/\/futbolhoy.co\/#\/schema\/person\/c4a353a512b127643723a34bb1812f7d"},"breadcrumb":{"@id":"https:\/\/futbolhoy.co\/index.php\/2022\/02\/25\/enfrentar-al-madrid-es-motivante-falcao\/#breadcrumb"},"inLanguage":"es","potentialAction":[{"@type":"ReadAction","target":["https:\/\/futbolhoy.co\/index.php\/2022\/02\/25\/enfrentar-al-madrid-es-motivante-falcao\/"]}]},{"@type":"ImageObject","inLanguage":"es","@id":"https:\/\/futbolhoy.co\/index.php\/2022\/02\/25\/enfrentar-al-madrid-es-motivante-falcao\/#primaryimage","url":"https:\/\/futbolhoy.co\/wp-content\/uploads\/2022\/02\/20220225_165933.jpg","contentUrl":"https:\/\/futbolhoy.co\/wp-content\/uploads\/2022\/02\/20220225_165933.jpg","width":1024,"height":570},{"@type":"BreadcrumbList","@id":"https:\/\/futbolhoy.co\/index.php\/2022\/02\/25\/enfrentar-al-madrid-es-motivante-falcao\/#breadcrumb","itemListElement":[{"@type":"ListItem","position":1,"name":"Portada","item":"https:\/\/futbolhoy.co\/"},{"@type":"ListItem","position":2,"name":"Enfrentar al Madrid es motivante: Falcao"}]},{"@type":"WebSite","@id":"https:\/\/futbolhoy.co\/#website","url":"https:\/\/futbolhoy.co\/","name":"FutbolHoy","description":"","potentialAction":[{"@type":"SearchAction","target":{"@type":"EntryPoint","urlTemplate":"https:\/\/futbolhoy.co\/?s={search_term_string}"},"query-input":{"@type":"PropertyValueSpecification","valueRequired":true,"valueName":"search_term_string"}}],"inLanguage":"es"},{"@type":"Person","@id":"https:\/\/futbolhoy.co\/#\/schema\/person\/c4a353a512b127643723a34bb1812f7d","name":"Laura Hern\u00e1ndez","image":{"@type":"ImageObject","inLanguage":"es","@id":"https:\/\/secure.gravatar.com\/avatar\/1ae6b7966942c60c822ea71afe0e5cf4105b8e983193883c6d026db4d508431d?s=96&d=mm&r=g","url":"https:\/\/secure.gravatar.com\/avatar\/1ae6b7966942c60c822ea71afe0e5cf4105b8e983193883c6d026db4d508431d?s=96&d=mm&r=g","contentUrl":"https:\/\/secure.gravatar.com\/avatar\/1ae6b7966942c60c822ea71afe0e5cf4105b8e983193883c6d026db4d508431d?s=96&d=mm&r=g","caption":"Laura Hern\u00e1ndez"}}]}},"_links":{"self":[{"href":"https:\/\/futbolhoy.co\/index.php\/wp-json\/wp\/v2\/posts\/76578","targetHints":{"allow":["GET"]}}],"collection":[{"href":"https:\/\/futbolhoy.co\/index.php\/wp-json\/wp\/v2\/posts"}],"about":[{"href":"https:\/\/futbolhoy.co\/index.php\/wp-json\/wp\/v2\/types\/post"}],"author":[{"embeddable":true,"href":"https:\/\/futbolhoy.co\/index.php\/wp-json\/wp\/v2\/users\/5"}],"replies":[{"embeddable":true,"href":"https:\/\/futbolhoy.co\/index.php\/wp-json\/wp\/v2\/comments?post=76578"}],"version-history":[{"count":4,"href":"https:\/\/futbolhoy.co\/index.php\/wp-json\/wp\/v2\/posts\/76578\/revisions"}],"predecessor-version":[{"id":76590,"href":"https:\/\/futbolhoy.co\/index.php\/wp-json\/wp\/v2\/posts\/76578\/revisions\/76590"}],"wp:featuredmedia":[{"embeddable":true,"href":"https:\/\/futbolhoy.co\/index.php\/wp-json\/wp\/v2\/media\/76579"}],"wp:attachment":[{"href":"https:\/\/futbolhoy.co\/index.php\/wp-json\/wp\/v2\/media?parent=76578"}],"wp:term":[{"taxonomy":"category","embeddable":true,"href":"https:\/\/futbolhoy.co\/index.php\/wp-json\/wp\/v2\/categories?post=76578"},{"taxonomy":"post_tag","embeddable":true,"href":"https:\/\/futbolhoy.co\/index.php\/wp-json\/wp\/v2\/tags?post=76578"}],"curies":[{"name":"wp","href":"https:\/\/api.w.org\/{rel}","templated":true}]}}