{"id":76586,"date":"2022-02-25T18:40:10","date_gmt":"2022-02-25T23:40:10","guid":{"rendered":"https:\/\/futbolhoy.co\/?p=76586"},"modified":"2022-02-26T15:58:39","modified_gmt":"2022-02-26T20:58:39","slug":"rodallega-ileso-en-ataque-al-bus-de-bahia","status":"publish","type":"post","link":"https:\/\/futbolhoy.co\/index.php\/2022\/02\/25\/rodallega-ileso-en-ataque-al-bus-de-bahia\/","title":{"rendered":"Rodallega ileso en ataque al bus de Bah\u00eda"},"content":{"rendered":"<p style=\"text-align: justify;\"><span style=\"font-family: helvetica, arial, sans-serif;\">El bus que transportaba el equipo brasile\u00f1o <strong>Bah\u00eda,<\/strong> que se trasladaba en la noche del jueves para enfrentar a <strong>Sampaio Correa<\/strong> en el estadio Arena Fonte Nova por la <strong>Copa do Nordeste<\/strong>, fue atacado con explosivos.<\/span><\/p>\n<p style=\"text-align: justify;\"><span style=\"font-family: helvetica, arial, sans-serif;\">\u201cFue un susto grande. \u00cdbamos camino del hotel al estadio y, aproxim\u00e1ndonos, un artefacto muy fuerte estall\u00f3, lo sentimos dentro del bus. Luego estallaron dos m\u00e1s. Empez\u00f3 la griter\u00eda de los compa\u00f1eros de la parte de atr\u00e1s del bus. Hab\u00eda mucha sangre y hubo mucha preocupaci\u00f3n. Fue un gran susto el que vivimos. Nuestro compa\u00f1ero Danilo, el arquero, estuvo muy cerca de perder el ojo. Fue un momento muy feo y terrible\u201d, revel\u00f3 <strong>Hugo Rodallega<\/strong>, jugador de Bah\u00eda, en nota con \u2018Vicky en SEMANA\u2019.<\/span><\/p>\n<p style=\"text-align: justify;\"><span style=\"font-family: helvetica, arial, sans-serif;\">El futbolista colombiano, que iba en la mistad del bus, sali\u00f3 ileso y precis\u00f3 en la misma entrevista, que: \u201ctodo sucedi\u00f3 fue a mis espaldas, al lado derecho y en una de las \u00faltimas sillas. El primer impacto fue impresionante, el estruendo fue grav\u00edsimo y se ilumin\u00f3 como con un rel\u00e1mpago. Al segundo, fue el otro estallido y ah\u00ed es donde se perjudica uno de los compa\u00f1eros. Al principio pedimos parar el bus, pero nos dimos cuenta que no era la mejor idea y seguimos avanzando\u201d.<\/span><\/p>\n<p style=\"text-align: justify;\"><span style=\"font-family: helvetica, arial, sans-serif;\">Otro damnificado fue el lateral izquierdo Matheus Bahia, quien sufri\u00f3 cortes superficiales en los brazos.<\/span><\/p>\n<p style=\"text-align: justify;\"><span style=\"font-family: helvetica, arial, sans-serif;\">La realizaci\u00f3n del juego estuvo en duda, pero finalmente se present\u00f3 en la cancha \u201cpor dignidad, profesionalismo y para honrar los colores del Bah\u00eda\u201d, sostuvo el entrenador Guto Ferreira a la prensa brasile\u00f1a.<\/span><\/p>\n<p style=\"text-align: justify;\"><span style=\"font-family: helvetica, arial, sans-serif;\">En el choque, Rodallega anot\u00f3 el segundo gol en la victoria 2-0 sobre Sampaio Correa.<\/span><\/p>\n","protected":false},"excerpt":{"rendered":"<p>El bus que transportaba el equipo brasile\u00f1o Bah\u00eda, que se trasladaba en la noche del jueves para enfrentar a Sampaio Correa en el estadio Arena Fonte Nova por la Copa do Nordeste, fue atacado con explosivos. \u201cFue un susto grande. \u00cdbamos camino del hotel al estadio y, aproxim\u00e1ndonos, un artefacto muy fuerte estall\u00f3, lo sentimos [&hellip;]<\/p>\n","protected":false},"author":5,"featured_media":76587,"comment_status":"open","ping_status":"closed","sticky":false,"template":"","format":"standard","meta":{"_acf_changed":false,"footnotes":""},"categories":[152],"tags":[],"class_list":["post-76586","post","type-post","status-publish","format-standard","has-post-thumbnail","category-mundo-futbol"],"acf":[],"yoast_head":"<!-- This site is optimized with the Yoast SEO plugin v28.4 - https:\/\/yoast.com\/product\/yoast-seo-wordpress\/ -->\n<title>Rodallega ileso en ataque al bus de Bah\u00eda -<\/title>\n<meta name=\"robots\" content=\"index, follow, max-snippet:-1, max-image-preview:large, max-video-preview:-1\" \/>\n<link rel=\"canonical\" href=\"https:\/\/futbolhoy.co\/index.php\/2022\/02\/25\/rodallega-ileso-en-ataque-al-bus-de-bahia\/\" \/>\n<meta property=\"og:locale\" content=\"es_ES\" \/>\n<meta property=\"og:type\" content=\"article\" \/>\n<meta property=\"og:title\" content=\"Rodallega ileso en ataque al bus de Bah\u00eda -\" \/>\n<meta property=\"og:description\" content=\"El bus que transportaba el equipo brasile\u00f1o Bah\u00eda, que se trasladaba en la noche del jueves para enfrentar a Sampaio Correa en el estadio Arena Fonte Nova por la Copa do Nordeste, fue atacado con explosivos. \u201cFue un susto grande. \u00cdbamos camino del hotel al estadio y, aproxim\u00e1ndonos, un artefacto muy fuerte estall\u00f3, lo sentimos [&hellip;]\" \/>\n<meta property=\"og:url\" content=\"https:\/\/futbolhoy.co\/index.php\/2022\/02\/25\/rodallega-ileso-en-ataque-al-bus-de-bahia\/\" \/>\n<meta property=\"article:publisher\" content=\"https:\/\/www.facebook.com\/FutbolHoyCol\/\" \/>\n<meta property=\"article:published_time\" content=\"2022-02-25T23:40:10+00:00\" \/>\n<meta property=\"article:modified_time\" content=\"2022-02-26T20:58:39+00:00\" \/>\n<meta property=\"og:image\" content=\"https:\/\/futbolhoy.co\/wp-content\/uploads\/2022\/02\/20220225_183907.jpg\" \/>\n\t<meta property=\"og:image:width\" content=\"1024\" \/>\n\t<meta property=\"og:image:height\" content=\"691\" \/>\n\t<meta property=\"og:image:type\" content=\"image\/jpeg\" \/>\n<meta name=\"author\" content=\"Laura Hern\u00e1ndez\" \/>\n<meta name=\"twitter:card\" content=\"summary_large_image\" \/>\n<meta name=\"twitter:creator\" content=\"@FutbolHoyCol\" \/>\n<meta name=\"twitter:site\" content=\"@FutbolHoyCol\" \/>\n<meta name=\"twitter:label1\" content=\"Escrito por\" \/>\n\t<meta name=\"twitter:data1\" content=\"Laura Hern\u00e1ndez\" \/>\n\t<meta name=\"twitter:label2\" content=\"Tiempo de lectura\" \/>\n\t<meta name=\"twitter:data2\" content=\"2 minutos\" \/>\n<script type=\"application\/ld+json\" class=\"yoast-schema-graph\">{\"@context\":\"https:\\\/\\\/schema.org\",\"@graph\":[{\"@type\":\"Article\",\"@id\":\"https:\\\/\\\/futbolhoy.co\\\/index.php\\\/2022\\\/02\\\/25\\\/rodallega-ileso-en-ataque-al-bus-de-bahia\\\/#article\",\"isPartOf\":{\"@id\":\"https:\\\/\\\/futbolhoy.co\\\/index.php\\\/2022\\\/02\\\/25\\\/rodallega-ileso-en-ataque-al-bus-de-bahia\\\/\"},\"author\":{\"name\":\"Laura Hern\u00e1ndez\",\"@id\":\"https:\\\/\\\/futbolhoy.co\\\/#\\\/schema\\\/person\\\/c4a353a512b127643723a34bb1812f7d\"},\"headline\":\"Rodallega ileso en ataque al bus de Bah\u00eda\",\"datePublished\":\"2022-02-25T23:40:10+00:00\",\"dateModified\":\"2022-02-26T20:58:39+00:00\",\"mainEntityOfPage\":{\"@id\":\"https:\\\/\\\/futbolhoy.co\\\/index.php\\\/2022\\\/02\\\/25\\\/rodallega-ileso-en-ataque-al-bus-de-bahia\\\/\"},\"wordCount\":295,\"commentCount\":0,\"image\":{\"@id\":\"https:\\\/\\\/futbolhoy.co\\\/index.php\\\/2022\\\/02\\\/25\\\/rodallega-ileso-en-ataque-al-bus-de-bahia\\\/#primaryimage\"},\"thumbnailUrl\":\"https:\\\/\\\/futbolhoy.co\\\/wp-content\\\/uploads\\\/2022\\\/02\\\/20220225_183907.jpg\",\"articleSection\":[\"Mundo Futbol\"],\"inLanguage\":\"es\",\"potentialAction\":[{\"@type\":\"CommentAction\",\"name\":\"Comment\",\"target\":[\"https:\\\/\\\/futbolhoy.co\\\/index.php\\\/2022\\\/02\\\/25\\\/rodallega-ileso-en-ataque-al-bus-de-bahia\\\/#respond\"]}]},{\"@type\":\"WebPage\",\"@id\":\"https:\\\/\\\/futbolhoy.co\\\/index.php\\\/2022\\\/02\\\/25\\\/rodallega-ileso-en-ataque-al-bus-de-bahia\\\/\",\"url\":\"https:\\\/\\\/futbolhoy.co\\\/index.php\\\/2022\\\/02\\\/25\\\/rodallega-ileso-en-ataque-al-bus-de-bahia\\\/\",\"name\":\"Rodallega ileso en ataque al bus de Bah\u00eda -\",\"isPartOf\":{\"@id\":\"https:\\\/\\\/futbolhoy.co\\\/#website\"},\"primaryImageOfPage\":{\"@id\":\"https:\\\/\\\/futbolhoy.co\\\/index.php\\\/2022\\\/02\\\/25\\\/rodallega-ileso-en-ataque-al-bus-de-bahia\\\/#primaryimage\"},\"image\":{\"@id\":\"https:\\\/\\\/futbolhoy.co\\\/index.php\\\/2022\\\/02\\\/25\\\/rodallega-ileso-en-ataque-al-bus-de-bahia\\\/#primaryimage\"},\"thumbnailUrl\":\"https:\\\/\\\/futbolhoy.co\\\/wp-content\\\/uploads\\\/2022\\\/02\\\/20220225_183907.jpg\",\"datePublished\":\"2022-02-25T23:40:10+00:00\",\"dateModified\":\"2022-02-26T20:58:39+00:00\",\"author\":{\"@id\":\"https:\\\/\\\/futbolhoy.co\\\/#\\\/schema\\\/person\\\/c4a353a512b127643723a34bb1812f7d\"},\"breadcrumb\":{\"@id\":\"https:\\\/\\\/futbolhoy.co\\\/index.php\\\/2022\\\/02\\\/25\\\/rodallega-ileso-en-ataque-al-bus-de-bahia\\\/#breadcrumb\"},\"inLanguage\":\"es\",\"potentialAction\":[{\"@type\":\"ReadAction\",\"target\":[\"https:\\\/\\\/futbolhoy.co\\\/index.php\\\/2022\\\/02\\\/25\\\/rodallega-ileso-en-ataque-al-bus-de-bahia\\\/\"]}]},{\"@type\":\"ImageObject\",\"inLanguage\":\"es\",\"@id\":\"https:\\\/\\\/futbolhoy.co\\\/index.php\\\/2022\\\/02\\\/25\\\/rodallega-ileso-en-ataque-al-bus-de-bahia\\\/#primaryimage\",\"url\":\"https:\\\/\\\/futbolhoy.co\\\/wp-content\\\/uploads\\\/2022\\\/02\\\/20220225_183907.jpg\",\"contentUrl\":\"https:\\\/\\\/futbolhoy.co\\\/wp-content\\\/uploads\\\/2022\\\/02\\\/20220225_183907.jpg\",\"width\":1024,\"height\":691},{\"@type\":\"BreadcrumbList\",\"@id\":\"https:\\\/\\\/futbolhoy.co\\\/index.php\\\/2022\\\/02\\\/25\\\/rodallega-ileso-en-ataque-al-bus-de-bahia\\\/#breadcrumb\",\"itemListElement\":[{\"@type\":\"ListItem\",\"position\":1,\"name\":\"Portada\",\"item\":\"https:\\\/\\\/futbolhoy.co\\\/\"},{\"@type\":\"ListItem\",\"position\":2,\"name\":\"Rodallega ileso en ataque al bus de Bah\u00eda\"}]},{\"@type\":\"WebSite\",\"@id\":\"https:\\\/\\\/futbolhoy.co\\\/#website\",\"url\":\"https:\\\/\\\/futbolhoy.co\\\/\",\"name\":\"FutbolHoy\",\"description\":\"\",\"potentialAction\":[{\"@type\":\"SearchAction\",\"target\":{\"@type\":\"EntryPoint\",\"urlTemplate\":\"https:\\\/\\\/futbolhoy.co\\\/?s={search_term_string}\"},\"query-input\":{\"@type\":\"PropertyValueSpecification\",\"valueRequired\":true,\"valueName\":\"search_term_string\"}}],\"inLanguage\":\"es\"},{\"@type\":\"Person\",\"@id\":\"https:\\\/\\\/futbolhoy.co\\\/#\\\/schema\\\/person\\\/c4a353a512b127643723a34bb1812f7d\",\"name\":\"Laura Hern\u00e1ndez\",\"image\":{\"@type\":\"ImageObject\",\"inLanguage\":\"es\",\"@id\":\"https:\\\/\\\/secure.gravatar.com\\\/avatar\\\/1ae6b7966942c60c822ea71afe0e5cf4105b8e983193883c6d026db4d508431d?s=96&d=mm&r=g\",\"url\":\"https:\\\/\\\/secure.gravatar.com\\\/avatar\\\/1ae6b7966942c60c822ea71afe0e5cf4105b8e983193883c6d026db4d508431d?s=96&d=mm&r=g\",\"contentUrl\":\"https:\\\/\\\/secure.gravatar.com\\\/avatar\\\/1ae6b7966942c60c822ea71afe0e5cf4105b8e983193883c6d026db4d508431d?s=96&d=mm&r=g\",\"caption\":\"Laura Hern\u00e1ndez\"}}]}<\/script>\n<!-- \/ Yoast SEO plugin. -->","yoast_head_json":{"title":"Rodallega ileso en ataque al bus de Bah\u00eda -","robots":{"index":"index","follow":"follow","max-snippet":"max-snippet:-1","max-image-preview":"max-image-preview:large","max-video-preview":"max-video-preview:-1"},"canonical":"https:\/\/futbolhoy.co\/index.php\/2022\/02\/25\/rodallega-ileso-en-ataque-al-bus-de-bahia\/","og_locale":"es_ES","og_type":"article","og_title":"Rodallega ileso en ataque al bus de Bah\u00eda -","og_description":"El bus que transportaba el equipo brasile\u00f1o Bah\u00eda, que se trasladaba en la noche del jueves para enfrentar a Sampaio Correa en el estadio Arena Fonte Nova por la Copa do Nordeste, fue atacado con explosivos. \u201cFue un susto grande. \u00cdbamos camino del hotel al estadio y, aproxim\u00e1ndonos, un artefacto muy fuerte estall\u00f3, lo sentimos [&hellip;]","og_url":"https:\/\/futbolhoy.co\/index.php\/2022\/02\/25\/rodallega-ileso-en-ataque-al-bus-de-bahia\/","article_publisher":"https:\/\/www.facebook.com\/FutbolHoyCol\/","article_published_time":"2022-02-25T23:40:10+00:00","article_modified_time":"2022-02-26T20:58:39+00:00","og_image":[{"width":1024,"height":691,"url":"https:\/\/futbolhoy.co\/wp-content\/uploads\/2022\/02\/20220225_183907.jpg","type":"image\/jpeg"}],"author":"Laura Hern\u00e1ndez","twitter_card":"summary_large_image","twitter_creator":"@FutbolHoyCol","twitter_site":"@FutbolHoyCol","twitter_misc":{"Escrito por":"Laura Hern\u00e1ndez","Tiempo de lectura":"2 minutos"},"schema":{"@context":"https:\/\/schema.org","@graph":[{"@type":"Article","@id":"https:\/\/futbolhoy.co\/index.php\/2022\/02\/25\/rodallega-ileso-en-ataque-al-bus-de-bahia\/#article","isPartOf":{"@id":"https:\/\/futbolhoy.co\/index.php\/2022\/02\/25\/rodallega-ileso-en-ataque-al-bus-de-bahia\/"},"author":{"name":"Laura Hern\u00e1ndez","@id":"https:\/\/futbolhoy.co\/#\/schema\/person\/c4a353a512b127643723a34bb1812f7d"},"headline":"Rodallega ileso en ataque al bus de Bah\u00eda","datePublished":"2022-02-25T23:40:10+00:00","dateModified":"2022-02-26T20:58:39+00:00","mainEntityOfPage":{"@id":"https:\/\/futbolhoy.co\/index.php\/2022\/02\/25\/rodallega-ileso-en-ataque-al-bus-de-bahia\/"},"wordCount":295,"commentCount":0,"image":{"@id":"https:\/\/futbolhoy.co\/index.php\/2022\/02\/25\/rodallega-ileso-en-ataque-al-bus-de-bahia\/#primaryimage"},"thumbnailUrl":"https:\/\/futbolhoy.co\/wp-content\/uploads\/2022\/02\/20220225_183907.jpg","articleSection":["Mundo Futbol"],"inLanguage":"es","potentialAction":[{"@type":"CommentAction","name":"Comment","target":["https:\/\/futbolhoy.co\/index.php\/2022\/02\/25\/rodallega-ileso-en-ataque-al-bus-de-bahia\/#respond"]}]},{"@type":"WebPage","@id":"https:\/\/futbolhoy.co\/index.php\/2022\/02\/25\/rodallega-ileso-en-ataque-al-bus-de-bahia\/","url":"https:\/\/futbolhoy.co\/index.php\/2022\/02\/25\/rodallega-ileso-en-ataque-al-bus-de-bahia\/","name":"Rodallega ileso en ataque al bus de Bah\u00eda -","isPartOf":{"@id":"https:\/\/futbolhoy.co\/#website"},"primaryImageOfPage":{"@id":"https:\/\/futbolhoy.co\/index.php\/2022\/02\/25\/rodallega-ileso-en-ataque-al-bus-de-bahia\/#primaryimage"},"image":{"@id":"https:\/\/futbolhoy.co\/index.php\/2022\/02\/25\/rodallega-ileso-en-ataque-al-bus-de-bahia\/#primaryimage"},"thumbnailUrl":"https:\/\/futbolhoy.co\/wp-content\/uploads\/2022\/02\/20220225_183907.jpg","datePublished":"2022-02-25T23:40:10+00:00","dateModified":"2022-02-26T20:58:39+00:00","author":{"@id":"https:\/\/futbolhoy.co\/#\/schema\/person\/c4a353a512b127643723a34bb1812f7d"},"breadcrumb":{"@id":"https:\/\/futbolhoy.co\/index.php\/2022\/02\/25\/rodallega-ileso-en-ataque-al-bus-de-bahia\/#breadcrumb"},"inLanguage":"es","potentialAction":[{"@type":"ReadAction","target":["https:\/\/futbolhoy.co\/index.php\/2022\/02\/25\/rodallega-ileso-en-ataque-al-bus-de-bahia\/"]}]},{"@type":"ImageObject","inLanguage":"es","@id":"https:\/\/futbolhoy.co\/index.php\/2022\/02\/25\/rodallega-ileso-en-ataque-al-bus-de-bahia\/#primaryimage","url":"https:\/\/futbolhoy.co\/wp-content\/uploads\/2022\/02\/20220225_183907.jpg","contentUrl":"https:\/\/futbolhoy.co\/wp-content\/uploads\/2022\/02\/20220225_183907.jpg","width":1024,"height":691},{"@type":"BreadcrumbList","@id":"https:\/\/futbolhoy.co\/index.php\/2022\/02\/25\/rodallega-ileso-en-ataque-al-bus-de-bahia\/#breadcrumb","itemListElement":[{"@type":"ListItem","position":1,"name":"Portada","item":"https:\/\/futbolhoy.co\/"},{"@type":"ListItem","position":2,"name":"Rodallega ileso en ataque al bus de Bah\u00eda"}]},{"@type":"WebSite","@id":"https:\/\/futbolhoy.co\/#website","url":"https:\/\/futbolhoy.co\/","name":"FutbolHoy","description":"","potentialAction":[{"@type":"SearchAction","target":{"@type":"EntryPoint","urlTemplate":"https:\/\/futbolhoy.co\/?s={search_term_string}"},"query-input":{"@type":"PropertyValueSpecification","valueRequired":true,"valueName":"search_term_string"}}],"inLanguage":"es"},{"@type":"Person","@id":"https:\/\/futbolhoy.co\/#\/schema\/person\/c4a353a512b127643723a34bb1812f7d","name":"Laura Hern\u00e1ndez","image":{"@type":"ImageObject","inLanguage":"es","@id":"https:\/\/secure.gravatar.com\/avatar\/1ae6b7966942c60c822ea71afe0e5cf4105b8e983193883c6d026db4d508431d?s=96&d=mm&r=g","url":"https:\/\/secure.gravatar.com\/avatar\/1ae6b7966942c60c822ea71afe0e5cf4105b8e983193883c6d026db4d508431d?s=96&d=mm&r=g","contentUrl":"https:\/\/secure.gravatar.com\/avatar\/1ae6b7966942c60c822ea71afe0e5cf4105b8e983193883c6d026db4d508431d?s=96&d=mm&r=g","caption":"Laura Hern\u00e1ndez"}}]}},"_links":{"self":[{"href":"https:\/\/futbolhoy.co\/index.php\/wp-json\/wp\/v2\/posts\/76586","targetHints":{"allow":["GET"]}}],"collection":[{"href":"https:\/\/futbolhoy.co\/index.php\/wp-json\/wp\/v2\/posts"}],"about":[{"href":"https:\/\/futbolhoy.co\/index.php\/wp-json\/wp\/v2\/types\/post"}],"author":[{"embeddable":true,"href":"https:\/\/futbolhoy.co\/index.php\/wp-json\/wp\/v2\/users\/5"}],"replies":[{"embeddable":true,"href":"https:\/\/futbolhoy.co\/index.php\/wp-json\/wp\/v2\/comments?post=76586"}],"version-history":[{"count":1,"href":"https:\/\/futbolhoy.co\/index.php\/wp-json\/wp\/v2\/posts\/76586\/revisions"}],"predecessor-version":[{"id":76588,"href":"https:\/\/futbolhoy.co\/index.php\/wp-json\/wp\/v2\/posts\/76586\/revisions\/76588"}],"wp:featuredmedia":[{"embeddable":true,"href":"https:\/\/futbolhoy.co\/index.php\/wp-json\/wp\/v2\/media\/76587"}],"wp:attachment":[{"href":"https:\/\/futbolhoy.co\/index.php\/wp-json\/wp\/v2\/media?parent=76586"}],"wp:term":[{"taxonomy":"category","embeddable":true,"href":"https:\/\/futbolhoy.co\/index.php\/wp-json\/wp\/v2\/categories?post=76586"},{"taxonomy":"post_tag","embeddable":true,"href":"https:\/\/futbolhoy.co\/index.php\/wp-json\/wp\/v2\/tags?post=76586"}],"curies":[{"name":"wp","href":"https:\/\/api.w.org\/{rel}","templated":true}]}}