{"id":76591,"date":"2022-02-26T11:04:17","date_gmt":"2022-02-26T16:04:17","guid":{"rendered":"https:\/\/futbolhoy.co\/?p=76591"},"modified":"2022-02-26T20:09:39","modified_gmt":"2022-02-27T01:09:39","slug":"polonia-suecia-se-niega-a-enfrentar-a-rusia-en-la-repesca","status":"publish","type":"post","link":"https:\/\/futbolhoy.co\/index.php\/2022\/02\/26\/polonia-suecia-se-niega-a-enfrentar-a-rusia-en-la-repesca\/","title":{"rendered":"Polonia y Suecia se niegan a enfrentar a Rusia en la repesca"},"content":{"rendered":"<p style=\"text-align: justify;\"><span lang=\"ES\" style=\"font-family: helvetica, arial, sans-serif;\">El presidente de la <strong>Federaci\u00f3n Polaca, Cezary Kulesza<\/strong>, anunci\u00f3 que no jugar\u00e1n con <strong>Rusia<\/strong> la eliminatoria de repesca para el <strong>Mundial Qatar 2022<\/strong> por la invasi\u00f3n Ucrania.<\/span><\/p>\n<p style=\"text-align: justify;\"><span lang=\"ES\" style=\"font-family: helvetica, arial, sans-serif;\">En un mensaje en su cuenta de Twitter, el dirigente escribi\u00f3 que \u201cen relaci\u00f3n con la escalada de la agresi\u00f3n de Rusia contra Ucrania, la selecci\u00f3n polaca no tiene intenci\u00f3n de jugar con Rusia (\u2026) Esta es la \u00fanica decisi\u00f3n correcta\u201d.<\/span><\/p>\n<p style=\"text-align: justify;\"><span lang=\"ES\" style=\"font-family: helvetica, arial, sans-serif;\">El delantero polaco del <strong>Bayern M\u00fanich<\/strong>, <strong>Robert Lewandowski<\/strong>, anunci\u00f3 su apoy\u00f3 a Kulesza.<\/span><\/p>\n<p style=\"text-align: justify;\"><span lang=\"ES\" style=\"font-family: helvetica, arial, sans-serif;\">Entretanto, <strong>Suecia<\/strong> tambi\u00e9n anunci\u00f3 que no jugar\u00e1 contra los rusos, si ambos equipos deben enfrentarse en la repesca, inform\u00f3 la Federaci\u00f3n de ese pa\u00eds.<\/span><\/p>\n","protected":false},"excerpt":{"rendered":"<p>El presidente de la Federaci\u00f3n Polaca, Cezary Kulesza, anunci\u00f3 que no jugar\u00e1n con Rusia la eliminatoria de repesca para el Mundial Qatar 2022 por la invasi\u00f3n Ucrania. En un mensaje en su cuenta de Twitter, el dirigente escribi\u00f3 que \u201cen relaci\u00f3n con la escalada de la agresi\u00f3n de Rusia contra Ucrania, la selecci\u00f3n polaca no [&hellip;]<\/p>\n","protected":false},"author":5,"featured_media":76592,"comment_status":"open","ping_status":"closed","sticky":false,"template":"","format":"standard","meta":{"_acf_changed":false,"footnotes":""},"categories":[152],"tags":[],"class_list":["post-76591","post","type-post","status-publish","format-standard","has-post-thumbnail","category-mundo-futbol"],"acf":[],"yoast_head":"<!-- This site is optimized with the Yoast SEO plugin v28.4 - https:\/\/yoast.com\/product\/yoast-seo-wordpress\/ -->\n<title>Polonia y Suecia se niegan a enfrentar a Rusia en la repesca -<\/title>\n<meta name=\"robots\" content=\"index, follow, max-snippet:-1, max-image-preview:large, max-video-preview:-1\" \/>\n<link rel=\"canonical\" href=\"https:\/\/futbolhoy.co\/index.php\/2022\/02\/26\/polonia-suecia-se-niega-a-enfrentar-a-rusia-en-la-repesca\/\" \/>\n<meta property=\"og:locale\" content=\"es_ES\" \/>\n<meta property=\"og:type\" content=\"article\" \/>\n<meta property=\"og:title\" content=\"Polonia y Suecia se niegan a enfrentar a Rusia en la repesca -\" \/>\n<meta property=\"og:description\" content=\"El presidente de la Federaci\u00f3n Polaca, Cezary Kulesza, anunci\u00f3 que no jugar\u00e1n con Rusia la eliminatoria de repesca para el Mundial Qatar 2022 por la invasi\u00f3n Ucrania. En un mensaje en su cuenta de Twitter, el dirigente escribi\u00f3 que \u201cen relaci\u00f3n con la escalada de la agresi\u00f3n de Rusia contra Ucrania, la selecci\u00f3n polaca no [&hellip;]\" \/>\n<meta property=\"og:url\" content=\"https:\/\/futbolhoy.co\/index.php\/2022\/02\/26\/polonia-suecia-se-niega-a-enfrentar-a-rusia-en-la-repesca\/\" \/>\n<meta property=\"article:publisher\" content=\"https:\/\/www.facebook.com\/FutbolHoyCol\/\" \/>\n<meta property=\"article:published_time\" content=\"2022-02-26T16:04:17+00:00\" \/>\n<meta property=\"article:modified_time\" content=\"2022-02-27T01:09:39+00:00\" \/>\n<meta property=\"og:image\" content=\"https:\/\/futbolhoy.co\/wp-content\/uploads\/2022\/02\/20220226_084405.jpg\" \/>\n\t<meta property=\"og:image:width\" content=\"768\" \/>\n\t<meta property=\"og:image:height\" content=\"490\" \/>\n\t<meta property=\"og:image:type\" content=\"image\/jpeg\" \/>\n<meta name=\"author\" content=\"Laura Hern\u00e1ndez\" \/>\n<meta name=\"twitter:card\" content=\"summary_large_image\" \/>\n<meta name=\"twitter:creator\" content=\"@FutbolHoyCol\" \/>\n<meta name=\"twitter:site\" content=\"@FutbolHoyCol\" \/>\n<meta name=\"twitter:label1\" content=\"Escrito por\" \/>\n\t<meta name=\"twitter:data1\" content=\"Laura Hern\u00e1ndez\" \/>\n\t<meta name=\"twitter:label2\" content=\"Tiempo de lectura\" \/>\n\t<meta name=\"twitter:data2\" content=\"1 minuto\" \/>\n<script type=\"application\/ld+json\" class=\"yoast-schema-graph\">{\"@context\":\"https:\\\/\\\/schema.org\",\"@graph\":[{\"@type\":\"Article\",\"@id\":\"https:\\\/\\\/futbolhoy.co\\\/index.php\\\/2022\\\/02\\\/26\\\/polonia-suecia-se-niega-a-enfrentar-a-rusia-en-la-repesca\\\/#article\",\"isPartOf\":{\"@id\":\"https:\\\/\\\/futbolhoy.co\\\/index.php\\\/2022\\\/02\\\/26\\\/polonia-suecia-se-niega-a-enfrentar-a-rusia-en-la-repesca\\\/\"},\"author\":{\"name\":\"Laura Hern\u00e1ndez\",\"@id\":\"https:\\\/\\\/futbolhoy.co\\\/#\\\/schema\\\/person\\\/c4a353a512b127643723a34bb1812f7d\"},\"headline\":\"Polonia y Suecia se niegan a enfrentar a Rusia en la repesca\",\"datePublished\":\"2022-02-26T16:04:17+00:00\",\"dateModified\":\"2022-02-27T01:09:39+00:00\",\"mainEntityOfPage\":{\"@id\":\"https:\\\/\\\/futbolhoy.co\\\/index.php\\\/2022\\\/02\\\/26\\\/polonia-suecia-se-niega-a-enfrentar-a-rusia-en-la-repesca\\\/\"},\"wordCount\":127,\"commentCount\":0,\"image\":{\"@id\":\"https:\\\/\\\/futbolhoy.co\\\/index.php\\\/2022\\\/02\\\/26\\\/polonia-suecia-se-niega-a-enfrentar-a-rusia-en-la-repesca\\\/#primaryimage\"},\"thumbnailUrl\":\"https:\\\/\\\/futbolhoy.co\\\/wp-content\\\/uploads\\\/2022\\\/02\\\/20220226_084405.jpg\",\"articleSection\":[\"Mundo Futbol\"],\"inLanguage\":\"es\",\"potentialAction\":[{\"@type\":\"CommentAction\",\"name\":\"Comment\",\"target\":[\"https:\\\/\\\/futbolhoy.co\\\/index.php\\\/2022\\\/02\\\/26\\\/polonia-suecia-se-niega-a-enfrentar-a-rusia-en-la-repesca\\\/#respond\"]}]},{\"@type\":\"WebPage\",\"@id\":\"https:\\\/\\\/futbolhoy.co\\\/index.php\\\/2022\\\/02\\\/26\\\/polonia-suecia-se-niega-a-enfrentar-a-rusia-en-la-repesca\\\/\",\"url\":\"https:\\\/\\\/futbolhoy.co\\\/index.php\\\/2022\\\/02\\\/26\\\/polonia-suecia-se-niega-a-enfrentar-a-rusia-en-la-repesca\\\/\",\"name\":\"Polonia y Suecia se niegan a enfrentar a Rusia en la repesca -\",\"isPartOf\":{\"@id\":\"https:\\\/\\\/futbolhoy.co\\\/#website\"},\"primaryImageOfPage\":{\"@id\":\"https:\\\/\\\/futbolhoy.co\\\/index.php\\\/2022\\\/02\\\/26\\\/polonia-suecia-se-niega-a-enfrentar-a-rusia-en-la-repesca\\\/#primaryimage\"},\"image\":{\"@id\":\"https:\\\/\\\/futbolhoy.co\\\/index.php\\\/2022\\\/02\\\/26\\\/polonia-suecia-se-niega-a-enfrentar-a-rusia-en-la-repesca\\\/#primaryimage\"},\"thumbnailUrl\":\"https:\\\/\\\/futbolhoy.co\\\/wp-content\\\/uploads\\\/2022\\\/02\\\/20220226_084405.jpg\",\"datePublished\":\"2022-02-26T16:04:17+00:00\",\"dateModified\":\"2022-02-27T01:09:39+00:00\",\"author\":{\"@id\":\"https:\\\/\\\/futbolhoy.co\\\/#\\\/schema\\\/person\\\/c4a353a512b127643723a34bb1812f7d\"},\"breadcrumb\":{\"@id\":\"https:\\\/\\\/futbolhoy.co\\\/index.php\\\/2022\\\/02\\\/26\\\/polonia-suecia-se-niega-a-enfrentar-a-rusia-en-la-repesca\\\/#breadcrumb\"},\"inLanguage\":\"es\",\"potentialAction\":[{\"@type\":\"ReadAction\",\"target\":[\"https:\\\/\\\/futbolhoy.co\\\/index.php\\\/2022\\\/02\\\/26\\\/polonia-suecia-se-niega-a-enfrentar-a-rusia-en-la-repesca\\\/\"]}]},{\"@type\":\"ImageObject\",\"inLanguage\":\"es\",\"@id\":\"https:\\\/\\\/futbolhoy.co\\\/index.php\\\/2022\\\/02\\\/26\\\/polonia-suecia-se-niega-a-enfrentar-a-rusia-en-la-repesca\\\/#primaryimage\",\"url\":\"https:\\\/\\\/futbolhoy.co\\\/wp-content\\\/uploads\\\/2022\\\/02\\\/20220226_084405.jpg\",\"contentUrl\":\"https:\\\/\\\/futbolhoy.co\\\/wp-content\\\/uploads\\\/2022\\\/02\\\/20220226_084405.jpg\",\"width\":768,\"height\":490},{\"@type\":\"BreadcrumbList\",\"@id\":\"https:\\\/\\\/futbolhoy.co\\\/index.php\\\/2022\\\/02\\\/26\\\/polonia-suecia-se-niega-a-enfrentar-a-rusia-en-la-repesca\\\/#breadcrumb\",\"itemListElement\":[{\"@type\":\"ListItem\",\"position\":1,\"name\":\"Portada\",\"item\":\"https:\\\/\\\/futbolhoy.co\\\/\"},{\"@type\":\"ListItem\",\"position\":2,\"name\":\"Polonia y Suecia se niegan a enfrentar a Rusia en la repesca\"}]},{\"@type\":\"WebSite\",\"@id\":\"https:\\\/\\\/futbolhoy.co\\\/#website\",\"url\":\"https:\\\/\\\/futbolhoy.co\\\/\",\"name\":\"FutbolHoy\",\"description\":\"\",\"potentialAction\":[{\"@type\":\"SearchAction\",\"target\":{\"@type\":\"EntryPoint\",\"urlTemplate\":\"https:\\\/\\\/futbolhoy.co\\\/?s={search_term_string}\"},\"query-input\":{\"@type\":\"PropertyValueSpecification\",\"valueRequired\":true,\"valueName\":\"search_term_string\"}}],\"inLanguage\":\"es\"},{\"@type\":\"Person\",\"@id\":\"https:\\\/\\\/futbolhoy.co\\\/#\\\/schema\\\/person\\\/c4a353a512b127643723a34bb1812f7d\",\"name\":\"Laura Hern\u00e1ndez\",\"image\":{\"@type\":\"ImageObject\",\"inLanguage\":\"es\",\"@id\":\"https:\\\/\\\/secure.gravatar.com\\\/avatar\\\/1ae6b7966942c60c822ea71afe0e5cf4105b8e983193883c6d026db4d508431d?s=96&d=mm&r=g\",\"url\":\"https:\\\/\\\/secure.gravatar.com\\\/avatar\\\/1ae6b7966942c60c822ea71afe0e5cf4105b8e983193883c6d026db4d508431d?s=96&d=mm&r=g\",\"contentUrl\":\"https:\\\/\\\/secure.gravatar.com\\\/avatar\\\/1ae6b7966942c60c822ea71afe0e5cf4105b8e983193883c6d026db4d508431d?s=96&d=mm&r=g\",\"caption\":\"Laura Hern\u00e1ndez\"}}]}<\/script>\n<!-- \/ Yoast SEO plugin. -->","yoast_head_json":{"title":"Polonia y Suecia se niegan a enfrentar a Rusia en la repesca -","robots":{"index":"index","follow":"follow","max-snippet":"max-snippet:-1","max-image-preview":"max-image-preview:large","max-video-preview":"max-video-preview:-1"},"canonical":"https:\/\/futbolhoy.co\/index.php\/2022\/02\/26\/polonia-suecia-se-niega-a-enfrentar-a-rusia-en-la-repesca\/","og_locale":"es_ES","og_type":"article","og_title":"Polonia y Suecia se niegan a enfrentar a Rusia en la repesca -","og_description":"El presidente de la Federaci\u00f3n Polaca, Cezary Kulesza, anunci\u00f3 que no jugar\u00e1n con Rusia la eliminatoria de repesca para el Mundial Qatar 2022 por la invasi\u00f3n Ucrania. En un mensaje en su cuenta de Twitter, el dirigente escribi\u00f3 que \u201cen relaci\u00f3n con la escalada de la agresi\u00f3n de Rusia contra Ucrania, la selecci\u00f3n polaca no [&hellip;]","og_url":"https:\/\/futbolhoy.co\/index.php\/2022\/02\/26\/polonia-suecia-se-niega-a-enfrentar-a-rusia-en-la-repesca\/","article_publisher":"https:\/\/www.facebook.com\/FutbolHoyCol\/","article_published_time":"2022-02-26T16:04:17+00:00","article_modified_time":"2022-02-27T01:09:39+00:00","og_image":[{"width":768,"height":490,"url":"https:\/\/futbolhoy.co\/wp-content\/uploads\/2022\/02\/20220226_084405.jpg","type":"image\/jpeg"}],"author":"Laura Hern\u00e1ndez","twitter_card":"summary_large_image","twitter_creator":"@FutbolHoyCol","twitter_site":"@FutbolHoyCol","twitter_misc":{"Escrito por":"Laura Hern\u00e1ndez","Tiempo de lectura":"1 minuto"},"schema":{"@context":"https:\/\/schema.org","@graph":[{"@type":"Article","@id":"https:\/\/futbolhoy.co\/index.php\/2022\/02\/26\/polonia-suecia-se-niega-a-enfrentar-a-rusia-en-la-repesca\/#article","isPartOf":{"@id":"https:\/\/futbolhoy.co\/index.php\/2022\/02\/26\/polonia-suecia-se-niega-a-enfrentar-a-rusia-en-la-repesca\/"},"author":{"name":"Laura Hern\u00e1ndez","@id":"https:\/\/futbolhoy.co\/#\/schema\/person\/c4a353a512b127643723a34bb1812f7d"},"headline":"Polonia y Suecia se niegan a enfrentar a Rusia en la repesca","datePublished":"2022-02-26T16:04:17+00:00","dateModified":"2022-02-27T01:09:39+00:00","mainEntityOfPage":{"@id":"https:\/\/futbolhoy.co\/index.php\/2022\/02\/26\/polonia-suecia-se-niega-a-enfrentar-a-rusia-en-la-repesca\/"},"wordCount":127,"commentCount":0,"image":{"@id":"https:\/\/futbolhoy.co\/index.php\/2022\/02\/26\/polonia-suecia-se-niega-a-enfrentar-a-rusia-en-la-repesca\/#primaryimage"},"thumbnailUrl":"https:\/\/futbolhoy.co\/wp-content\/uploads\/2022\/02\/20220226_084405.jpg","articleSection":["Mundo Futbol"],"inLanguage":"es","potentialAction":[{"@type":"CommentAction","name":"Comment","target":["https:\/\/futbolhoy.co\/index.php\/2022\/02\/26\/polonia-suecia-se-niega-a-enfrentar-a-rusia-en-la-repesca\/#respond"]}]},{"@type":"WebPage","@id":"https:\/\/futbolhoy.co\/index.php\/2022\/02\/26\/polonia-suecia-se-niega-a-enfrentar-a-rusia-en-la-repesca\/","url":"https:\/\/futbolhoy.co\/index.php\/2022\/02\/26\/polonia-suecia-se-niega-a-enfrentar-a-rusia-en-la-repesca\/","name":"Polonia y Suecia se niegan a enfrentar a Rusia en la repesca -","isPartOf":{"@id":"https:\/\/futbolhoy.co\/#website"},"primaryImageOfPage":{"@id":"https:\/\/futbolhoy.co\/index.php\/2022\/02\/26\/polonia-suecia-se-niega-a-enfrentar-a-rusia-en-la-repesca\/#primaryimage"},"image":{"@id":"https:\/\/futbolhoy.co\/index.php\/2022\/02\/26\/polonia-suecia-se-niega-a-enfrentar-a-rusia-en-la-repesca\/#primaryimage"},"thumbnailUrl":"https:\/\/futbolhoy.co\/wp-content\/uploads\/2022\/02\/20220226_084405.jpg","datePublished":"2022-02-26T16:04:17+00:00","dateModified":"2022-02-27T01:09:39+00:00","author":{"@id":"https:\/\/futbolhoy.co\/#\/schema\/person\/c4a353a512b127643723a34bb1812f7d"},"breadcrumb":{"@id":"https:\/\/futbolhoy.co\/index.php\/2022\/02\/26\/polonia-suecia-se-niega-a-enfrentar-a-rusia-en-la-repesca\/#breadcrumb"},"inLanguage":"es","potentialAction":[{"@type":"ReadAction","target":["https:\/\/futbolhoy.co\/index.php\/2022\/02\/26\/polonia-suecia-se-niega-a-enfrentar-a-rusia-en-la-repesca\/"]}]},{"@type":"ImageObject","inLanguage":"es","@id":"https:\/\/futbolhoy.co\/index.php\/2022\/02\/26\/polonia-suecia-se-niega-a-enfrentar-a-rusia-en-la-repesca\/#primaryimage","url":"https:\/\/futbolhoy.co\/wp-content\/uploads\/2022\/02\/20220226_084405.jpg","contentUrl":"https:\/\/futbolhoy.co\/wp-content\/uploads\/2022\/02\/20220226_084405.jpg","width":768,"height":490},{"@type":"BreadcrumbList","@id":"https:\/\/futbolhoy.co\/index.php\/2022\/02\/26\/polonia-suecia-se-niega-a-enfrentar-a-rusia-en-la-repesca\/#breadcrumb","itemListElement":[{"@type":"ListItem","position":1,"name":"Portada","item":"https:\/\/futbolhoy.co\/"},{"@type":"ListItem","position":2,"name":"Polonia y Suecia se niegan a enfrentar a Rusia en la repesca"}]},{"@type":"WebSite","@id":"https:\/\/futbolhoy.co\/#website","url":"https:\/\/futbolhoy.co\/","name":"FutbolHoy","description":"","potentialAction":[{"@type":"SearchAction","target":{"@type":"EntryPoint","urlTemplate":"https:\/\/futbolhoy.co\/?s={search_term_string}"},"query-input":{"@type":"PropertyValueSpecification","valueRequired":true,"valueName":"search_term_string"}}],"inLanguage":"es"},{"@type":"Person","@id":"https:\/\/futbolhoy.co\/#\/schema\/person\/c4a353a512b127643723a34bb1812f7d","name":"Laura Hern\u00e1ndez","image":{"@type":"ImageObject","inLanguage":"es","@id":"https:\/\/secure.gravatar.com\/avatar\/1ae6b7966942c60c822ea71afe0e5cf4105b8e983193883c6d026db4d508431d?s=96&d=mm&r=g","url":"https:\/\/secure.gravatar.com\/avatar\/1ae6b7966942c60c822ea71afe0e5cf4105b8e983193883c6d026db4d508431d?s=96&d=mm&r=g","contentUrl":"https:\/\/secure.gravatar.com\/avatar\/1ae6b7966942c60c822ea71afe0e5cf4105b8e983193883c6d026db4d508431d?s=96&d=mm&r=g","caption":"Laura Hern\u00e1ndez"}}]}},"_links":{"self":[{"href":"https:\/\/futbolhoy.co\/index.php\/wp-json\/wp\/v2\/posts\/76591","targetHints":{"allow":["GET"]}}],"collection":[{"href":"https:\/\/futbolhoy.co\/index.php\/wp-json\/wp\/v2\/posts"}],"about":[{"href":"https:\/\/futbolhoy.co\/index.php\/wp-json\/wp\/v2\/types\/post"}],"author":[{"embeddable":true,"href":"https:\/\/futbolhoy.co\/index.php\/wp-json\/wp\/v2\/users\/5"}],"replies":[{"embeddable":true,"href":"https:\/\/futbolhoy.co\/index.php\/wp-json\/wp\/v2\/comments?post=76591"}],"version-history":[{"count":4,"href":"https:\/\/futbolhoy.co\/index.php\/wp-json\/wp\/v2\/posts\/76591\/revisions"}],"predecessor-version":[{"id":76603,"href":"https:\/\/futbolhoy.co\/index.php\/wp-json\/wp\/v2\/posts\/76591\/revisions\/76603"}],"wp:featuredmedia":[{"embeddable":true,"href":"https:\/\/futbolhoy.co\/index.php\/wp-json\/wp\/v2\/media\/76592"}],"wp:attachment":[{"href":"https:\/\/futbolhoy.co\/index.php\/wp-json\/wp\/v2\/media?parent=76591"}],"wp:term":[{"taxonomy":"category","embeddable":true,"href":"https:\/\/futbolhoy.co\/index.php\/wp-json\/wp\/v2\/categories?post=76591"},{"taxonomy":"post_tag","embeddable":true,"href":"https:\/\/futbolhoy.co\/index.php\/wp-json\/wp\/v2\/tags?post=76591"}],"curies":[{"name":"wp","href":"https:\/\/api.w.org\/{rel}","templated":true}]}}