{"id":76621,"date":"2022-02-26T20:15:50","date_gmt":"2022-02-27T01:15:50","guid":{"rendered":"https:\/\/futbolhoy.co\/?p=76621"},"modified":"2022-02-26T21:02:02","modified_gmt":"2022-02-27T02:02:02","slug":"cayo-el-campeon-de-la-superliga","status":"publish","type":"post","link":"https:\/\/futbolhoy.co\/index.php\/2022\/02\/26\/cayo-el-campeon-de-la-superliga\/","title":{"rendered":"Cay\u00f3 el campe\u00f3n de la Superliga"},"content":{"rendered":"<p style=\"text-align: justify;\"><span style=\"font-family: helvetica, arial, sans-serif;\"><strong>Junior<\/strong> venci\u00f3 0-2 a <strong>Deportes Tolima<\/strong> en el partido m\u00e1s atractivo de la novena fecha por la <strong>Liga BetPlay Dimayor I 2022.<\/strong><\/span><\/p>\n<p style=\"text-align: justify;\"><span style=\"font-family: helvetica, arial, sans-serif;\">El equipo barranquillero abri\u00f3 el marcador con anotaci\u00f3n de penal de <strong>Miguel \u00c1ngel Borja<\/strong> (58\u2019), luego que el VAR confirm\u00f3 una mano de <strong>Juan Camilo Angulo<\/strong> en el \u00e1rea, tras un tiro de esquina.<\/span><\/p>\n<p style=\"text-align: justify;\"><span style=\"font-family: helvetica, arial, sans-serif;\">El ex volante tolimense, <strong>Omar Albornoz <\/strong>(83\u2019), confirm\u00f3 la victoria luego de un tiro de esquina donde se adelant\u00f3 a su marca y de cabeza venci\u00f3 al portero ecuatoriano, <strong>Alexander Dom\u00ednguez<\/strong>.<\/span><\/p>\n<p style=\"text-align: justify;\"><span style=\"font-family: helvetica, arial, sans-serif;\">El encuentro, que se disput\u00f3 en el estadio Manuel Murillo Toro de Ibagu\u00e9, result\u00f3 entretenido y con mayor dominio del visitante, que pudo golear pero fall\u00f3 en las acciones finales.<\/span><\/p>\n<p style=\"text-align: justify;\"><span style=\"font-family: helvetica, arial, sans-serif;\">El equipo \u2018Pijao\u2019, que ven\u00eda de ganar la <strong>Superliga<\/strong> frente al <strong>Deportivo Cali<\/strong>, continu\u00f3 con 19 puntos. El \u2018Tibur\u00f3n\u2019, que logr\u00f3 su primera victoria del a\u00f1o como visitante, lleg\u00f3 a 15 unidades.<\/span><\/p>\n<p style=\"text-align: justify;\"><span style=\"font-family: helvetica, arial, sans-serif;\">En la pr\u00f3xima jornada, <strong>Tolima<\/strong> visitar\u00e1 a <strong>Cortulu\u00e1<\/strong> y <strong>Junior<\/strong> recibir\u00e1 al <strong>Uni\u00f3n Magdalena<\/strong> en una nueva edici\u00f3n del cl\u00e1sico coste\u00f1o, que no se disputa desde el 30 de septiembre de 2019.<\/span><\/p>\n","protected":false},"excerpt":{"rendered":"<p>Junior venci\u00f3 0-2 a Deportes Tolima en el partido m\u00e1s atractivo de la novena fecha por la Liga BetPlay Dimayor I 2022. El equipo barranquillero abri\u00f3 el marcador con anotaci\u00f3n de penal de Miguel \u00c1ngel Borja (58\u2019), luego que el VAR confirm\u00f3 una mano de Juan Camilo Angulo en el \u00e1rea, tras un tiro de [&hellip;]<\/p>\n","protected":false},"author":5,"featured_media":76622,"comment_status":"open","ping_status":"open","sticky":false,"template":"","format":"standard","meta":{"_acf_changed":false,"footnotes":""},"categories":[5],"tags":[90,2253,231],"class_list":{"0":"post-76621","1":"post","2":"type-post","3":"status-publish","4":"format-standard","5":"has-post-thumbnail","7":"category-destacados","8":"tag-junior","9":"tag-liga-bet-play","10":"tag-tolima"},"acf":[],"yoast_head":"<!-- This site is optimized with the Yoast SEO plugin v26.8 - https:\/\/yoast.com\/product\/yoast-seo-wordpress\/ -->\n<title>Cay\u00f3 el campe\u00f3n de la Superliga -<\/title>\n<meta name=\"robots\" content=\"index, follow, max-snippet:-1, max-image-preview:large, max-video-preview:-1\" \/>\n<link rel=\"canonical\" href=\"https:\/\/futbolhoy.co\/index.php\/2022\/02\/26\/cayo-el-campeon-de-la-superliga\/\" \/>\n<meta property=\"og:locale\" content=\"es_ES\" \/>\n<meta property=\"og:type\" content=\"article\" \/>\n<meta property=\"og:title\" content=\"Cay\u00f3 el campe\u00f3n de la Superliga -\" \/>\n<meta property=\"og:description\" content=\"Junior venci\u00f3 0-2 a Deportes Tolima en el partido m\u00e1s atractivo de la novena fecha por la Liga BetPlay Dimayor I 2022. El equipo barranquillero abri\u00f3 el marcador con anotaci\u00f3n de penal de Miguel \u00c1ngel Borja (58\u2019), luego que el VAR confirm\u00f3 una mano de Juan Camilo Angulo en el \u00e1rea, tras un tiro de [&hellip;]\" \/>\n<meta property=\"og:url\" content=\"https:\/\/futbolhoy.co\/index.php\/2022\/02\/26\/cayo-el-campeon-de-la-superliga\/\" \/>\n<meta property=\"article:publisher\" content=\"https:\/\/www.facebook.com\/FutbolHoyCol\/\" \/>\n<meta property=\"article:published_time\" content=\"2022-02-27T01:15:50+00:00\" \/>\n<meta property=\"article:modified_time\" content=\"2022-02-27T02:02:02+00:00\" \/>\n<meta property=\"og:image\" content=\"https:\/\/futbolhoy.co\/wp-content\/uploads\/2022\/02\/WhA8X49A.jpeg\" \/>\n\t<meta property=\"og:image:width\" content=\"2400\" \/>\n\t<meta property=\"og:image:height\" content=\"1600\" \/>\n\t<meta property=\"og:image:type\" content=\"image\/jpeg\" \/>\n<meta name=\"author\" content=\"Laura Hern\u00e1ndez\" \/>\n<meta name=\"twitter:card\" content=\"summary_large_image\" \/>\n<meta name=\"twitter:creator\" content=\"@FutbolHoyCol\" \/>\n<meta name=\"twitter:site\" content=\"@FutbolHoyCol\" \/>\n<meta name=\"twitter:label1\" content=\"Escrito por\" \/>\n\t<meta name=\"twitter:data1\" content=\"Laura Hern\u00e1ndez\" \/>\n\t<meta name=\"twitter:label2\" content=\"Tiempo de lectura\" \/>\n\t<meta name=\"twitter:data2\" content=\"1 minuto\" \/>\n<script type=\"application\/ld+json\" class=\"yoast-schema-graph\">{\"@context\":\"https:\/\/schema.org\",\"@graph\":[{\"@type\":\"Article\",\"@id\":\"https:\/\/futbolhoy.co\/index.php\/2022\/02\/26\/cayo-el-campeon-de-la-superliga\/#article\",\"isPartOf\":{\"@id\":\"https:\/\/futbolhoy.co\/index.php\/2022\/02\/26\/cayo-el-campeon-de-la-superliga\/\"},\"author\":{\"name\":\"Laura Hern\u00e1ndez\",\"@id\":\"https:\/\/futbolhoy.co\/#\/schema\/person\/c4a353a512b127643723a34bb1812f7d\"},\"headline\":\"Cay\u00f3 el campe\u00f3n de la Superliga\",\"datePublished\":\"2022-02-27T01:15:50+00:00\",\"dateModified\":\"2022-02-27T02:02:02+00:00\",\"mainEntityOfPage\":{\"@id\":\"https:\/\/futbolhoy.co\/index.php\/2022\/02\/26\/cayo-el-campeon-de-la-superliga\/\"},\"wordCount\":192,\"commentCount\":0,\"publisher\":{\"@id\":\"https:\/\/futbolhoy.co\/#organization\"},\"image\":{\"@id\":\"https:\/\/futbolhoy.co\/index.php\/2022\/02\/26\/cayo-el-campeon-de-la-superliga\/#primaryimage\"},\"thumbnailUrl\":\"https:\/\/futbolhoy.co\/wp-content\/uploads\/2022\/02\/WhA8X49A.jpeg\",\"keywords\":[\"Junior\",\"liga bet play\",\"Tolima\"],\"articleSection\":[\"Destacados\"],\"inLanguage\":\"es\",\"potentialAction\":[{\"@type\":\"CommentAction\",\"name\":\"Comment\",\"target\":[\"https:\/\/futbolhoy.co\/index.php\/2022\/02\/26\/cayo-el-campeon-de-la-superliga\/#respond\"]}]},{\"@type\":\"WebPage\",\"@id\":\"https:\/\/futbolhoy.co\/index.php\/2022\/02\/26\/cayo-el-campeon-de-la-superliga\/\",\"url\":\"https:\/\/futbolhoy.co\/index.php\/2022\/02\/26\/cayo-el-campeon-de-la-superliga\/\",\"name\":\"Cay\u00f3 el campe\u00f3n de la Superliga -\",\"isPartOf\":{\"@id\":\"https:\/\/futbolhoy.co\/#website\"},\"primaryImageOfPage\":{\"@id\":\"https:\/\/futbolhoy.co\/index.php\/2022\/02\/26\/cayo-el-campeon-de-la-superliga\/#primaryimage\"},\"image\":{\"@id\":\"https:\/\/futbolhoy.co\/index.php\/2022\/02\/26\/cayo-el-campeon-de-la-superliga\/#primaryimage\"},\"thumbnailUrl\":\"https:\/\/futbolhoy.co\/wp-content\/uploads\/2022\/02\/WhA8X49A.jpeg\",\"datePublished\":\"2022-02-27T01:15:50+00:00\",\"dateModified\":\"2022-02-27T02:02:02+00:00\",\"breadcrumb\":{\"@id\":\"https:\/\/futbolhoy.co\/index.php\/2022\/02\/26\/cayo-el-campeon-de-la-superliga\/#breadcrumb\"},\"inLanguage\":\"es\",\"potentialAction\":[{\"@type\":\"ReadAction\",\"target\":[\"https:\/\/futbolhoy.co\/index.php\/2022\/02\/26\/cayo-el-campeon-de-la-superliga\/\"]}]},{\"@type\":\"ImageObject\",\"inLanguage\":\"es\",\"@id\":\"https:\/\/futbolhoy.co\/index.php\/2022\/02\/26\/cayo-el-campeon-de-la-superliga\/#primaryimage\",\"url\":\"https:\/\/futbolhoy.co\/wp-content\/uploads\/2022\/02\/WhA8X49A.jpeg\",\"contentUrl\":\"https:\/\/futbolhoy.co\/wp-content\/uploads\/2022\/02\/WhA8X49A.jpeg\",\"width\":2400,\"height\":1600},{\"@type\":\"BreadcrumbList\",\"@id\":\"https:\/\/futbolhoy.co\/index.php\/2022\/02\/26\/cayo-el-campeon-de-la-superliga\/#breadcrumb\",\"itemListElement\":[{\"@type\":\"ListItem\",\"position\":1,\"name\":\"Portada\",\"item\":\"https:\/\/futbolhoy.co\/\"},{\"@type\":\"ListItem\",\"position\":2,\"name\":\"Cay\u00f3 el campe\u00f3n de la Superliga\"}]},{\"@type\":\"WebSite\",\"@id\":\"https:\/\/futbolhoy.co\/#website\",\"url\":\"https:\/\/futbolhoy.co\/\",\"name\":\"FutbolHoy\",\"description\":\"\",\"publisher\":{\"@id\":\"https:\/\/futbolhoy.co\/#organization\"},\"potentialAction\":[{\"@type\":\"SearchAction\",\"target\":{\"@type\":\"EntryPoint\",\"urlTemplate\":\"https:\/\/futbolhoy.co\/?s={search_term_string}\"},\"query-input\":{\"@type\":\"PropertyValueSpecification\",\"valueRequired\":true,\"valueName\":\"search_term_string\"}}],\"inLanguage\":\"es\"},{\"@type\":\"Organization\",\"@id\":\"https:\/\/futbolhoy.co\/#organization\",\"name\":\"Futbolhoy.co\",\"url\":\"https:\/\/futbolhoy.co\/\",\"logo\":{\"@type\":\"ImageObject\",\"inLanguage\":\"es\",\"@id\":\"https:\/\/futbolhoy.co\/#\/schema\/logo\/image\/\",\"url\":\"https:\/\/futbolhoy.co\/wp-content\/uploads\/2018\/08\/17426380_1906371736249227_6326180412931521141_n.jpg\",\"contentUrl\":\"https:\/\/futbolhoy.co\/wp-content\/uploads\/2018\/08\/17426380_1906371736249227_6326180412931521141_n.jpg\",\"width\":960,\"height\":960,\"caption\":\"Futbolhoy.co\"},\"image\":{\"@id\":\"https:\/\/futbolhoy.co\/#\/schema\/logo\/image\/\"},\"sameAs\":[\"https:\/\/www.facebook.com\/FutbolHoyCol\/\",\"https:\/\/x.com\/FutbolHoyCol\",\"https:\/\/www.instagram.com\/futbolhoycol\/\"]},{\"@type\":\"Person\",\"@id\":\"https:\/\/futbolhoy.co\/#\/schema\/person\/c4a353a512b127643723a34bb1812f7d\",\"name\":\"Laura Hern\u00e1ndez\",\"image\":{\"@type\":\"ImageObject\",\"inLanguage\":\"es\",\"@id\":\"https:\/\/futbolhoy.co\/#\/schema\/person\/image\/\",\"url\":\"https:\/\/secure.gravatar.com\/avatar\/d25959a15b9b293a743f99181c7cfd01?s=96&d=mm&r=g\",\"contentUrl\":\"https:\/\/secure.gravatar.com\/avatar\/d25959a15b9b293a743f99181c7cfd01?s=96&d=mm&r=g\",\"caption\":\"Laura Hern\u00e1ndez\"}}]}<\/script>\n<!-- \/ Yoast SEO plugin. -->","yoast_head_json":{"title":"Cay\u00f3 el campe\u00f3n de la Superliga -","robots":{"index":"index","follow":"follow","max-snippet":"max-snippet:-1","max-image-preview":"max-image-preview:large","max-video-preview":"max-video-preview:-1"},"canonical":"https:\/\/futbolhoy.co\/index.php\/2022\/02\/26\/cayo-el-campeon-de-la-superliga\/","og_locale":"es_ES","og_type":"article","og_title":"Cay\u00f3 el campe\u00f3n de la Superliga -","og_description":"Junior venci\u00f3 0-2 a Deportes Tolima en el partido m\u00e1s atractivo de la novena fecha por la Liga BetPlay Dimayor I 2022. El equipo barranquillero abri\u00f3 el marcador con anotaci\u00f3n de penal de Miguel \u00c1ngel Borja (58\u2019), luego que el VAR confirm\u00f3 una mano de Juan Camilo Angulo en el \u00e1rea, tras un tiro de [&hellip;]","og_url":"https:\/\/futbolhoy.co\/index.php\/2022\/02\/26\/cayo-el-campeon-de-la-superliga\/","article_publisher":"https:\/\/www.facebook.com\/FutbolHoyCol\/","article_published_time":"2022-02-27T01:15:50+00:00","article_modified_time":"2022-02-27T02:02:02+00:00","og_image":[{"width":2400,"height":1600,"url":"https:\/\/futbolhoy.co\/wp-content\/uploads\/2022\/02\/WhA8X49A.jpeg","type":"image\/jpeg"}],"author":"Laura Hern\u00e1ndez","twitter_card":"summary_large_image","twitter_creator":"@FutbolHoyCol","twitter_site":"@FutbolHoyCol","twitter_misc":{"Escrito por":"Laura Hern\u00e1ndez","Tiempo de lectura":"1 minuto"},"schema":{"@context":"https:\/\/schema.org","@graph":[{"@type":"Article","@id":"https:\/\/futbolhoy.co\/index.php\/2022\/02\/26\/cayo-el-campeon-de-la-superliga\/#article","isPartOf":{"@id":"https:\/\/futbolhoy.co\/index.php\/2022\/02\/26\/cayo-el-campeon-de-la-superliga\/"},"author":{"name":"Laura Hern\u00e1ndez","@id":"https:\/\/futbolhoy.co\/#\/schema\/person\/c4a353a512b127643723a34bb1812f7d"},"headline":"Cay\u00f3 el campe\u00f3n de la Superliga","datePublished":"2022-02-27T01:15:50+00:00","dateModified":"2022-02-27T02:02:02+00:00","mainEntityOfPage":{"@id":"https:\/\/futbolhoy.co\/index.php\/2022\/02\/26\/cayo-el-campeon-de-la-superliga\/"},"wordCount":192,"commentCount":0,"publisher":{"@id":"https:\/\/futbolhoy.co\/#organization"},"image":{"@id":"https:\/\/futbolhoy.co\/index.php\/2022\/02\/26\/cayo-el-campeon-de-la-superliga\/#primaryimage"},"thumbnailUrl":"https:\/\/futbolhoy.co\/wp-content\/uploads\/2022\/02\/WhA8X49A.jpeg","keywords":["Junior","liga bet play","Tolima"],"articleSection":["Destacados"],"inLanguage":"es","potentialAction":[{"@type":"CommentAction","name":"Comment","target":["https:\/\/futbolhoy.co\/index.php\/2022\/02\/26\/cayo-el-campeon-de-la-superliga\/#respond"]}]},{"@type":"WebPage","@id":"https:\/\/futbolhoy.co\/index.php\/2022\/02\/26\/cayo-el-campeon-de-la-superliga\/","url":"https:\/\/futbolhoy.co\/index.php\/2022\/02\/26\/cayo-el-campeon-de-la-superliga\/","name":"Cay\u00f3 el campe\u00f3n de la Superliga -","isPartOf":{"@id":"https:\/\/futbolhoy.co\/#website"},"primaryImageOfPage":{"@id":"https:\/\/futbolhoy.co\/index.php\/2022\/02\/26\/cayo-el-campeon-de-la-superliga\/#primaryimage"},"image":{"@id":"https:\/\/futbolhoy.co\/index.php\/2022\/02\/26\/cayo-el-campeon-de-la-superliga\/#primaryimage"},"thumbnailUrl":"https:\/\/futbolhoy.co\/wp-content\/uploads\/2022\/02\/WhA8X49A.jpeg","datePublished":"2022-02-27T01:15:50+00:00","dateModified":"2022-02-27T02:02:02+00:00","breadcrumb":{"@id":"https:\/\/futbolhoy.co\/index.php\/2022\/02\/26\/cayo-el-campeon-de-la-superliga\/#breadcrumb"},"inLanguage":"es","potentialAction":[{"@type":"ReadAction","target":["https:\/\/futbolhoy.co\/index.php\/2022\/02\/26\/cayo-el-campeon-de-la-superliga\/"]}]},{"@type":"ImageObject","inLanguage":"es","@id":"https:\/\/futbolhoy.co\/index.php\/2022\/02\/26\/cayo-el-campeon-de-la-superliga\/#primaryimage","url":"https:\/\/futbolhoy.co\/wp-content\/uploads\/2022\/02\/WhA8X49A.jpeg","contentUrl":"https:\/\/futbolhoy.co\/wp-content\/uploads\/2022\/02\/WhA8X49A.jpeg","width":2400,"height":1600},{"@type":"BreadcrumbList","@id":"https:\/\/futbolhoy.co\/index.php\/2022\/02\/26\/cayo-el-campeon-de-la-superliga\/#breadcrumb","itemListElement":[{"@type":"ListItem","position":1,"name":"Portada","item":"https:\/\/futbolhoy.co\/"},{"@type":"ListItem","position":2,"name":"Cay\u00f3 el campe\u00f3n de la Superliga"}]},{"@type":"WebSite","@id":"https:\/\/futbolhoy.co\/#website","url":"https:\/\/futbolhoy.co\/","name":"FutbolHoy","description":"","publisher":{"@id":"https:\/\/futbolhoy.co\/#organization"},"potentialAction":[{"@type":"SearchAction","target":{"@type":"EntryPoint","urlTemplate":"https:\/\/futbolhoy.co\/?s={search_term_string}"},"query-input":{"@type":"PropertyValueSpecification","valueRequired":true,"valueName":"search_term_string"}}],"inLanguage":"es"},{"@type":"Organization","@id":"https:\/\/futbolhoy.co\/#organization","name":"Futbolhoy.co","url":"https:\/\/futbolhoy.co\/","logo":{"@type":"ImageObject","inLanguage":"es","@id":"https:\/\/futbolhoy.co\/#\/schema\/logo\/image\/","url":"https:\/\/futbolhoy.co\/wp-content\/uploads\/2018\/08\/17426380_1906371736249227_6326180412931521141_n.jpg","contentUrl":"https:\/\/futbolhoy.co\/wp-content\/uploads\/2018\/08\/17426380_1906371736249227_6326180412931521141_n.jpg","width":960,"height":960,"caption":"Futbolhoy.co"},"image":{"@id":"https:\/\/futbolhoy.co\/#\/schema\/logo\/image\/"},"sameAs":["https:\/\/www.facebook.com\/FutbolHoyCol\/","https:\/\/x.com\/FutbolHoyCol","https:\/\/www.instagram.com\/futbolhoycol\/"]},{"@type":"Person","@id":"https:\/\/futbolhoy.co\/#\/schema\/person\/c4a353a512b127643723a34bb1812f7d","name":"Laura Hern\u00e1ndez","image":{"@type":"ImageObject","inLanguage":"es","@id":"https:\/\/futbolhoy.co\/#\/schema\/person\/image\/","url":"https:\/\/secure.gravatar.com\/avatar\/d25959a15b9b293a743f99181c7cfd01?s=96&d=mm&r=g","contentUrl":"https:\/\/secure.gravatar.com\/avatar\/d25959a15b9b293a743f99181c7cfd01?s=96&d=mm&r=g","caption":"Laura Hern\u00e1ndez"}}]}},"publishpress_future_action":{"enabled":false,"date":"2026-05-05 18:45:07","action":"change-status","newStatus":"draft","terms":[],"taxonomy":"category","extraData":[]},"publishpress_future_workflow_manual_trigger":{"enabledWorkflows":[]},"_links":{"self":[{"href":"https:\/\/futbolhoy.co\/index.php\/wp-json\/wp\/v2\/posts\/76621","targetHints":{"allow":["GET"]}}],"collection":[{"href":"https:\/\/futbolhoy.co\/index.php\/wp-json\/wp\/v2\/posts"}],"about":[{"href":"https:\/\/futbolhoy.co\/index.php\/wp-json\/wp\/v2\/types\/post"}],"author":[{"embeddable":true,"href":"https:\/\/futbolhoy.co\/index.php\/wp-json\/wp\/v2\/users\/5"}],"replies":[{"embeddable":true,"href":"https:\/\/futbolhoy.co\/index.php\/wp-json\/wp\/v2\/comments?post=76621"}],"version-history":[{"count":2,"href":"https:\/\/futbolhoy.co\/index.php\/wp-json\/wp\/v2\/posts\/76621\/revisions"}],"predecessor-version":[{"id":76624,"href":"https:\/\/futbolhoy.co\/index.php\/wp-json\/wp\/v2\/posts\/76621\/revisions\/76624"}],"wp:featuredmedia":[{"embeddable":true,"href":"https:\/\/futbolhoy.co\/index.php\/wp-json\/wp\/v2\/media\/76622"}],"wp:attachment":[{"href":"https:\/\/futbolhoy.co\/index.php\/wp-json\/wp\/v2\/media?parent=76621"}],"wp:term":[{"taxonomy":"category","embeddable":true,"href":"https:\/\/futbolhoy.co\/index.php\/wp-json\/wp\/v2\/categories?post=76621"},{"taxonomy":"post_tag","embeddable":true,"href":"https:\/\/futbolhoy.co\/index.php\/wp-json\/wp\/v2\/tags?post=76621"}],"curies":[{"name":"wp","href":"https:\/\/api.w.org\/{rel}","templated":true}]}}