{"id":76683,"date":"2022-02-28T04:40:52","date_gmt":"2022-02-28T09:40:52","guid":{"rendered":"https:\/\/futbolhoy.co\/?p=76683"},"modified":"2022-02-28T12:24:17","modified_gmt":"2022-02-28T17:24:17","slug":"los-numeros-del-cierre-de-la-novena","status":"publish","type":"post","link":"https:\/\/futbolhoy.co\/index.php\/2022\/02\/28\/los-numeros-del-cierre-de-la-novena\/","title":{"rendered":"Los n\u00fameros del cierre de la novena"},"content":{"rendered":"<p style=\"text-align: justify;\"><strong><span style=\"font-family: helvetica, arial, sans-serif;\"><i>Patriotas-Santa Fe<\/i><\/span><\/strong><\/p>\n<p style=\"text-align: justify;\"><span style=\"font-family: helvetica, arial, sans-serif;\">- El equipo boyacense no ha marcado gol en sus \u00faltimos cuatro partidos ante Santa Fe en Liga (1E 3D) y no vence como local a los bogotanos desde septiembre de 2016 (2-0).<\/span><\/p>\n<p style=\"text-align: justify;\"><span style=\"font-family: helvetica, arial, sans-serif;\">- Patriotas no ha anotado en sus \u00faltimos cuatro encuentros del Apertura 2022 (1E 3D), despu\u00e9s de haber convertido en 10 de sus 11 partidos previos en la \u2018A\u2019 (17 goles en total). El equipo de Tunja ya hab\u00eda encadeno diez partidos sin marcar gol entre agosto y octubre de 2021.<\/span><\/p>\n<p style=\"text-align: justify;\"><span style=\"font-family: helvetica, arial, sans-serif;\">- Santa Fe no anot\u00f3 en su partido m\u00e1s reciente como visitante en la Liga BetPlay Diamyor I-2022 (3-0 vs Deportes Tolima).<\/span><\/p>\n<p style=\"text-align: justify;\"><span style=\"font-family: helvetica, arial, sans-serif;\">- El cardenal es uno de los dos equipos m\u00e1s goleadores en este torneo (11, al igual que Tolima, Nacional, Junior y Envigado. Pereira tiene 12).<\/span><\/p>\n<p style=\"text-align: justify;\"><strong><span style=\"font-family: helvetica, arial, sans-serif;\"><i>Deportivo Pasto-Alianza Petrolera<\/i><\/span><\/strong><\/p>\n<p style=\"text-align: justify;\"><span style=\"font-family: helvetica, arial, sans-serif;\">- Petrolera ha ganado solo uno de sus \u00faltimos siete enfrentamientos ante Pasto (1E 5D); el m\u00e1s reciente de ellos, fue el 2-0 como local en agosto. El equipo de Nari\u00f1o lleva cuatro victorias en fila jugando en casa ante el equipo de Barrancabermeja, tres de ellos sin recibir goles.<\/span><\/p>\n<p style=\"text-align: justify;\"><span style=\"font-family: helvetica, arial, sans-serif;\">- Los pastusos solo tiene una victoria en sus \u00faltimos seis encuentros como local (2E 3D); el m\u00e1s reciente fue 2-0 sobre Deportivo Cali en este mes de febrero.<\/span><\/p>\n<p style=\"text-align: justify;\"><span style=\"font-family: helvetica, arial, sans-serif;\">- El equipo santandereano ha empatado sus \u00faltimos tres partidos de la Liga y este martes podr\u00eda sumar cuatro empates, por primera vez desde marzo-abril de 2015 (4).<\/span><\/p>\n<p style=\"text-align: justify;\"><strong><span style=\"font-family: helvetica, arial, sans-serif;\"><i>Independiente Medell\u00edn-\u00c1guilas<\/i><\/span><\/strong><\/p>\n<p style=\"text-align: justify;\"><span style=\"font-family: helvetica, arial, sans-serif;\">- El equipo antioque\u00f1o suma 23 partidos sin perder como local en Liga (10V 13E), desde su \u00faltima derrota en casa en noviembre de 2020 (1-2 vs Deportivo Pereira). Es la segunda mejor racha del Medell\u00edn en el Atanasio Girardot desde el 2002.<\/span><\/p>\n<p style=\"text-align: justify;\"><span style=\"font-family: helvetica, arial, sans-serif;\">- \u00c1guilas ha perdido sus \u00faltimos dos partidos como visitante en esta temporada y podr\u00eda encadenar tres derrotas fuera de casa por primera vez, desde agosto-septiembre de 2017 (4).<\/span><\/p>\n<p style=\"text-align: justify;\"><span style=\"font-family: helvetica, arial, sans-serif;\">- El \u2018rojo\u2019 de la monta\u00f1a, es el equipo que menos goles ha recibido como local en este Apertura 2022. El \u00fanico en casa fue de penal ante Cortulu\u00e1 (Luis Carlos Ruiz).<\/span><\/p>\n","protected":false},"excerpt":{"rendered":"<p>Patriotas-Santa Fe - El equipo boyacense no ha marcado gol en sus \u00faltimos cuatro partidos ante Santa Fe en Liga (1E 3D) y no vence como local a los bogotanos desde septiembre de 2016 (2-0). - Patriotas no ha anotado en sus \u00faltimos cuatro encuentros del Apertura 2022 (1E 3D), despu\u00e9s de haber convertido en [&hellip;]<\/p>\n","protected":false},"author":5,"featured_media":76684,"comment_status":"open","ping_status":"open","sticky":false,"template":"","format":"standard","meta":{"_acf_changed":false,"footnotes":""},"categories":[7],"tags":[],"class_list":{"0":"post-76683","1":"post","2":"type-post","3":"status-publish","4":"format-standard","5":"has-post-thumbnail","7":"category-liga-betplay"},"acf":[],"yoast_head":"<!-- This site is optimized with the Yoast SEO plugin v26.8 - https:\/\/yoast.com\/product\/yoast-seo-wordpress\/ -->\n<title>Los n\u00fameros del cierre de la novena -<\/title>\n<meta name=\"robots\" content=\"index, follow, max-snippet:-1, max-image-preview:large, max-video-preview:-1\" \/>\n<link rel=\"canonical\" href=\"https:\/\/futbolhoy.co\/index.php\/2022\/02\/28\/los-numeros-del-cierre-de-la-novena\/\" \/>\n<meta property=\"og:locale\" content=\"es_ES\" \/>\n<meta property=\"og:type\" content=\"article\" \/>\n<meta property=\"og:title\" content=\"Los n\u00fameros del cierre de la novena -\" \/>\n<meta property=\"og:description\" content=\"Patriotas-Santa Fe - El equipo boyacense no ha marcado gol en sus \u00faltimos cuatro partidos ante Santa Fe en Liga (1E 3D) y no vence como local a los bogotanos desde septiembre de 2016 (2-0). - Patriotas no ha anotado en sus \u00faltimos cuatro encuentros del Apertura 2022 (1E 3D), despu\u00e9s de haber convertido en [&hellip;]\" \/>\n<meta property=\"og:url\" content=\"https:\/\/futbolhoy.co\/index.php\/2022\/02\/28\/los-numeros-del-cierre-de-la-novena\/\" \/>\n<meta property=\"article:publisher\" content=\"https:\/\/www.facebook.com\/FutbolHoyCol\/\" \/>\n<meta property=\"article:published_time\" content=\"2022-02-28T09:40:52+00:00\" \/>\n<meta property=\"article:modified_time\" content=\"2022-02-28T17:24:17+00:00\" \/>\n<meta property=\"og:image\" content=\"https:\/\/futbolhoy.co\/wp-content\/uploads\/2022\/02\/FMnOIZVXIAMwOHj.jpg\" \/>\n\t<meta property=\"og:image:width\" content=\"680\" \/>\n\t<meta property=\"og:image:height\" content=\"453\" \/>\n\t<meta property=\"og:image:type\" content=\"image\/jpeg\" \/>\n<meta name=\"author\" content=\"Laura Hern\u00e1ndez\" \/>\n<meta name=\"twitter:card\" content=\"summary_large_image\" \/>\n<meta name=\"twitter:creator\" content=\"@FutbolHoyCol\" \/>\n<meta name=\"twitter:site\" content=\"@FutbolHoyCol\" \/>\n<meta name=\"twitter:label1\" content=\"Escrito por\" \/>\n\t<meta name=\"twitter:data1\" content=\"Laura Hern\u00e1ndez\" \/>\n\t<meta name=\"twitter:label2\" content=\"Tiempo de lectura\" \/>\n\t<meta name=\"twitter:data2\" content=\"2 minutos\" \/>\n<script type=\"application\/ld+json\" class=\"yoast-schema-graph\">{\"@context\":\"https:\/\/schema.org\",\"@graph\":[{\"@type\":\"Article\",\"@id\":\"https:\/\/futbolhoy.co\/index.php\/2022\/02\/28\/los-numeros-del-cierre-de-la-novena\/#article\",\"isPartOf\":{\"@id\":\"https:\/\/futbolhoy.co\/index.php\/2022\/02\/28\/los-numeros-del-cierre-de-la-novena\/\"},\"author\":{\"name\":\"Laura Hern\u00e1ndez\",\"@id\":\"https:\/\/futbolhoy.co\/#\/schema\/person\/c4a353a512b127643723a34bb1812f7d\"},\"headline\":\"Los n\u00fameros del cierre de la novena\",\"datePublished\":\"2022-02-28T09:40:52+00:00\",\"dateModified\":\"2022-02-28T17:24:17+00:00\",\"mainEntityOfPage\":{\"@id\":\"https:\/\/futbolhoy.co\/index.php\/2022\/02\/28\/los-numeros-del-cierre-de-la-novena\/\"},\"wordCount\":356,\"commentCount\":0,\"publisher\":{\"@id\":\"https:\/\/futbolhoy.co\/#organization\"},\"image\":{\"@id\":\"https:\/\/futbolhoy.co\/index.php\/2022\/02\/28\/los-numeros-del-cierre-de-la-novena\/#primaryimage\"},\"thumbnailUrl\":\"https:\/\/futbolhoy.co\/wp-content\/uploads\/2022\/02\/FMnOIZVXIAMwOHj.jpg\",\"articleSection\":[\"Liga BetPlay\"],\"inLanguage\":\"es\",\"potentialAction\":[{\"@type\":\"CommentAction\",\"name\":\"Comment\",\"target\":[\"https:\/\/futbolhoy.co\/index.php\/2022\/02\/28\/los-numeros-del-cierre-de-la-novena\/#respond\"]}]},{\"@type\":\"WebPage\",\"@id\":\"https:\/\/futbolhoy.co\/index.php\/2022\/02\/28\/los-numeros-del-cierre-de-la-novena\/\",\"url\":\"https:\/\/futbolhoy.co\/index.php\/2022\/02\/28\/los-numeros-del-cierre-de-la-novena\/\",\"name\":\"Los n\u00fameros del cierre de la novena -\",\"isPartOf\":{\"@id\":\"https:\/\/futbolhoy.co\/#website\"},\"primaryImageOfPage\":{\"@id\":\"https:\/\/futbolhoy.co\/index.php\/2022\/02\/28\/los-numeros-del-cierre-de-la-novena\/#primaryimage\"},\"image\":{\"@id\":\"https:\/\/futbolhoy.co\/index.php\/2022\/02\/28\/los-numeros-del-cierre-de-la-novena\/#primaryimage\"},\"thumbnailUrl\":\"https:\/\/futbolhoy.co\/wp-content\/uploads\/2022\/02\/FMnOIZVXIAMwOHj.jpg\",\"datePublished\":\"2022-02-28T09:40:52+00:00\",\"dateModified\":\"2022-02-28T17:24:17+00:00\",\"breadcrumb\":{\"@id\":\"https:\/\/futbolhoy.co\/index.php\/2022\/02\/28\/los-numeros-del-cierre-de-la-novena\/#breadcrumb\"},\"inLanguage\":\"es\",\"potentialAction\":[{\"@type\":\"ReadAction\",\"target\":[\"https:\/\/futbolhoy.co\/index.php\/2022\/02\/28\/los-numeros-del-cierre-de-la-novena\/\"]}]},{\"@type\":\"ImageObject\",\"inLanguage\":\"es\",\"@id\":\"https:\/\/futbolhoy.co\/index.php\/2022\/02\/28\/los-numeros-del-cierre-de-la-novena\/#primaryimage\",\"url\":\"https:\/\/futbolhoy.co\/wp-content\/uploads\/2022\/02\/FMnOIZVXIAMwOHj.jpg\",\"contentUrl\":\"https:\/\/futbolhoy.co\/wp-content\/uploads\/2022\/02\/FMnOIZVXIAMwOHj.jpg\",\"width\":680,\"height\":453},{\"@type\":\"BreadcrumbList\",\"@id\":\"https:\/\/futbolhoy.co\/index.php\/2022\/02\/28\/los-numeros-del-cierre-de-la-novena\/#breadcrumb\",\"itemListElement\":[{\"@type\":\"ListItem\",\"position\":1,\"name\":\"Portada\",\"item\":\"https:\/\/futbolhoy.co\/\"},{\"@type\":\"ListItem\",\"position\":2,\"name\":\"Los n\u00fameros del cierre de la novena\"}]},{\"@type\":\"WebSite\",\"@id\":\"https:\/\/futbolhoy.co\/#website\",\"url\":\"https:\/\/futbolhoy.co\/\",\"name\":\"FutbolHoy\",\"description\":\"\",\"publisher\":{\"@id\":\"https:\/\/futbolhoy.co\/#organization\"},\"potentialAction\":[{\"@type\":\"SearchAction\",\"target\":{\"@type\":\"EntryPoint\",\"urlTemplate\":\"https:\/\/futbolhoy.co\/?s={search_term_string}\"},\"query-input\":{\"@type\":\"PropertyValueSpecification\",\"valueRequired\":true,\"valueName\":\"search_term_string\"}}],\"inLanguage\":\"es\"},{\"@type\":\"Organization\",\"@id\":\"https:\/\/futbolhoy.co\/#organization\",\"name\":\"Futbolhoy.co\",\"url\":\"https:\/\/futbolhoy.co\/\",\"logo\":{\"@type\":\"ImageObject\",\"inLanguage\":\"es\",\"@id\":\"https:\/\/futbolhoy.co\/#\/schema\/logo\/image\/\",\"url\":\"https:\/\/futbolhoy.co\/wp-content\/uploads\/2018\/08\/17426380_1906371736249227_6326180412931521141_n.jpg\",\"contentUrl\":\"https:\/\/futbolhoy.co\/wp-content\/uploads\/2018\/08\/17426380_1906371736249227_6326180412931521141_n.jpg\",\"width\":960,\"height\":960,\"caption\":\"Futbolhoy.co\"},\"image\":{\"@id\":\"https:\/\/futbolhoy.co\/#\/schema\/logo\/image\/\"},\"sameAs\":[\"https:\/\/www.facebook.com\/FutbolHoyCol\/\",\"https:\/\/x.com\/FutbolHoyCol\",\"https:\/\/www.instagram.com\/futbolhoycol\/\"]},{\"@type\":\"Person\",\"@id\":\"https:\/\/futbolhoy.co\/#\/schema\/person\/c4a353a512b127643723a34bb1812f7d\",\"name\":\"Laura Hern\u00e1ndez\",\"image\":{\"@type\":\"ImageObject\",\"inLanguage\":\"es\",\"@id\":\"https:\/\/futbolhoy.co\/#\/schema\/person\/image\/\",\"url\":\"https:\/\/secure.gravatar.com\/avatar\/d25959a15b9b293a743f99181c7cfd01?s=96&d=mm&r=g\",\"contentUrl\":\"https:\/\/secure.gravatar.com\/avatar\/d25959a15b9b293a743f99181c7cfd01?s=96&d=mm&r=g\",\"caption\":\"Laura Hern\u00e1ndez\"}}]}<\/script>\n<!-- \/ Yoast SEO plugin. -->","yoast_head_json":{"title":"Los n\u00fameros del cierre de la novena -","robots":{"index":"index","follow":"follow","max-snippet":"max-snippet:-1","max-image-preview":"max-image-preview:large","max-video-preview":"max-video-preview:-1"},"canonical":"https:\/\/futbolhoy.co\/index.php\/2022\/02\/28\/los-numeros-del-cierre-de-la-novena\/","og_locale":"es_ES","og_type":"article","og_title":"Los n\u00fameros del cierre de la novena -","og_description":"Patriotas-Santa Fe - El equipo boyacense no ha marcado gol en sus \u00faltimos cuatro partidos ante Santa Fe en Liga (1E 3D) y no vence como local a los bogotanos desde septiembre de 2016 (2-0). - Patriotas no ha anotado en sus \u00faltimos cuatro encuentros del Apertura 2022 (1E 3D), despu\u00e9s de haber convertido en [&hellip;]","og_url":"https:\/\/futbolhoy.co\/index.php\/2022\/02\/28\/los-numeros-del-cierre-de-la-novena\/","article_publisher":"https:\/\/www.facebook.com\/FutbolHoyCol\/","article_published_time":"2022-02-28T09:40:52+00:00","article_modified_time":"2022-02-28T17:24:17+00:00","og_image":[{"width":680,"height":453,"url":"https:\/\/futbolhoy.co\/wp-content\/uploads\/2022\/02\/FMnOIZVXIAMwOHj.jpg","type":"image\/jpeg"}],"author":"Laura Hern\u00e1ndez","twitter_card":"summary_large_image","twitter_creator":"@FutbolHoyCol","twitter_site":"@FutbolHoyCol","twitter_misc":{"Escrito por":"Laura Hern\u00e1ndez","Tiempo de lectura":"2 minutos"},"schema":{"@context":"https:\/\/schema.org","@graph":[{"@type":"Article","@id":"https:\/\/futbolhoy.co\/index.php\/2022\/02\/28\/los-numeros-del-cierre-de-la-novena\/#article","isPartOf":{"@id":"https:\/\/futbolhoy.co\/index.php\/2022\/02\/28\/los-numeros-del-cierre-de-la-novena\/"},"author":{"name":"Laura Hern\u00e1ndez","@id":"https:\/\/futbolhoy.co\/#\/schema\/person\/c4a353a512b127643723a34bb1812f7d"},"headline":"Los n\u00fameros del cierre de la novena","datePublished":"2022-02-28T09:40:52+00:00","dateModified":"2022-02-28T17:24:17+00:00","mainEntityOfPage":{"@id":"https:\/\/futbolhoy.co\/index.php\/2022\/02\/28\/los-numeros-del-cierre-de-la-novena\/"},"wordCount":356,"commentCount":0,"publisher":{"@id":"https:\/\/futbolhoy.co\/#organization"},"image":{"@id":"https:\/\/futbolhoy.co\/index.php\/2022\/02\/28\/los-numeros-del-cierre-de-la-novena\/#primaryimage"},"thumbnailUrl":"https:\/\/futbolhoy.co\/wp-content\/uploads\/2022\/02\/FMnOIZVXIAMwOHj.jpg","articleSection":["Liga BetPlay"],"inLanguage":"es","potentialAction":[{"@type":"CommentAction","name":"Comment","target":["https:\/\/futbolhoy.co\/index.php\/2022\/02\/28\/los-numeros-del-cierre-de-la-novena\/#respond"]}]},{"@type":"WebPage","@id":"https:\/\/futbolhoy.co\/index.php\/2022\/02\/28\/los-numeros-del-cierre-de-la-novena\/","url":"https:\/\/futbolhoy.co\/index.php\/2022\/02\/28\/los-numeros-del-cierre-de-la-novena\/","name":"Los n\u00fameros del cierre de la novena -","isPartOf":{"@id":"https:\/\/futbolhoy.co\/#website"},"primaryImageOfPage":{"@id":"https:\/\/futbolhoy.co\/index.php\/2022\/02\/28\/los-numeros-del-cierre-de-la-novena\/#primaryimage"},"image":{"@id":"https:\/\/futbolhoy.co\/index.php\/2022\/02\/28\/los-numeros-del-cierre-de-la-novena\/#primaryimage"},"thumbnailUrl":"https:\/\/futbolhoy.co\/wp-content\/uploads\/2022\/02\/FMnOIZVXIAMwOHj.jpg","datePublished":"2022-02-28T09:40:52+00:00","dateModified":"2022-02-28T17:24:17+00:00","breadcrumb":{"@id":"https:\/\/futbolhoy.co\/index.php\/2022\/02\/28\/los-numeros-del-cierre-de-la-novena\/#breadcrumb"},"inLanguage":"es","potentialAction":[{"@type":"ReadAction","target":["https:\/\/futbolhoy.co\/index.php\/2022\/02\/28\/los-numeros-del-cierre-de-la-novena\/"]}]},{"@type":"ImageObject","inLanguage":"es","@id":"https:\/\/futbolhoy.co\/index.php\/2022\/02\/28\/los-numeros-del-cierre-de-la-novena\/#primaryimage","url":"https:\/\/futbolhoy.co\/wp-content\/uploads\/2022\/02\/FMnOIZVXIAMwOHj.jpg","contentUrl":"https:\/\/futbolhoy.co\/wp-content\/uploads\/2022\/02\/FMnOIZVXIAMwOHj.jpg","width":680,"height":453},{"@type":"BreadcrumbList","@id":"https:\/\/futbolhoy.co\/index.php\/2022\/02\/28\/los-numeros-del-cierre-de-la-novena\/#breadcrumb","itemListElement":[{"@type":"ListItem","position":1,"name":"Portada","item":"https:\/\/futbolhoy.co\/"},{"@type":"ListItem","position":2,"name":"Los n\u00fameros del cierre de la novena"}]},{"@type":"WebSite","@id":"https:\/\/futbolhoy.co\/#website","url":"https:\/\/futbolhoy.co\/","name":"FutbolHoy","description":"","publisher":{"@id":"https:\/\/futbolhoy.co\/#organization"},"potentialAction":[{"@type":"SearchAction","target":{"@type":"EntryPoint","urlTemplate":"https:\/\/futbolhoy.co\/?s={search_term_string}"},"query-input":{"@type":"PropertyValueSpecification","valueRequired":true,"valueName":"search_term_string"}}],"inLanguage":"es"},{"@type":"Organization","@id":"https:\/\/futbolhoy.co\/#organization","name":"Futbolhoy.co","url":"https:\/\/futbolhoy.co\/","logo":{"@type":"ImageObject","inLanguage":"es","@id":"https:\/\/futbolhoy.co\/#\/schema\/logo\/image\/","url":"https:\/\/futbolhoy.co\/wp-content\/uploads\/2018\/08\/17426380_1906371736249227_6326180412931521141_n.jpg","contentUrl":"https:\/\/futbolhoy.co\/wp-content\/uploads\/2018\/08\/17426380_1906371736249227_6326180412931521141_n.jpg","width":960,"height":960,"caption":"Futbolhoy.co"},"image":{"@id":"https:\/\/futbolhoy.co\/#\/schema\/logo\/image\/"},"sameAs":["https:\/\/www.facebook.com\/FutbolHoyCol\/","https:\/\/x.com\/FutbolHoyCol","https:\/\/www.instagram.com\/futbolhoycol\/"]},{"@type":"Person","@id":"https:\/\/futbolhoy.co\/#\/schema\/person\/c4a353a512b127643723a34bb1812f7d","name":"Laura Hern\u00e1ndez","image":{"@type":"ImageObject","inLanguage":"es","@id":"https:\/\/futbolhoy.co\/#\/schema\/person\/image\/","url":"https:\/\/secure.gravatar.com\/avatar\/d25959a15b9b293a743f99181c7cfd01?s=96&d=mm&r=g","contentUrl":"https:\/\/secure.gravatar.com\/avatar\/d25959a15b9b293a743f99181c7cfd01?s=96&d=mm&r=g","caption":"Laura Hern\u00e1ndez"}}]}},"publishpress_future_action":{"enabled":false,"date":"2026-05-05 14:43:27","action":"change-status","newStatus":"draft","terms":[],"taxonomy":"category","extraData":[]},"publishpress_future_workflow_manual_trigger":{"enabledWorkflows":[]},"_links":{"self":[{"href":"https:\/\/futbolhoy.co\/index.php\/wp-json\/wp\/v2\/posts\/76683","targetHints":{"allow":["GET"]}}],"collection":[{"href":"https:\/\/futbolhoy.co\/index.php\/wp-json\/wp\/v2\/posts"}],"about":[{"href":"https:\/\/futbolhoy.co\/index.php\/wp-json\/wp\/v2\/types\/post"}],"author":[{"embeddable":true,"href":"https:\/\/futbolhoy.co\/index.php\/wp-json\/wp\/v2\/users\/5"}],"replies":[{"embeddable":true,"href":"https:\/\/futbolhoy.co\/index.php\/wp-json\/wp\/v2\/comments?post=76683"}],"version-history":[{"count":1,"href":"https:\/\/futbolhoy.co\/index.php\/wp-json\/wp\/v2\/posts\/76683\/revisions"}],"predecessor-version":[{"id":76685,"href":"https:\/\/futbolhoy.co\/index.php\/wp-json\/wp\/v2\/posts\/76683\/revisions\/76685"}],"wp:featuredmedia":[{"embeddable":true,"href":"https:\/\/futbolhoy.co\/index.php\/wp-json\/wp\/v2\/media\/76684"}],"wp:attachment":[{"href":"https:\/\/futbolhoy.co\/index.php\/wp-json\/wp\/v2\/media?parent=76683"}],"wp:term":[{"taxonomy":"category","embeddable":true,"href":"https:\/\/futbolhoy.co\/index.php\/wp-json\/wp\/v2\/categories?post=76683"},{"taxonomy":"post_tag","embeddable":true,"href":"https:\/\/futbolhoy.co\/index.php\/wp-json\/wp\/v2\/tags?post=76683"}],"curies":[{"name":"wp","href":"https:\/\/api.w.org\/{rel}","templated":true}]}}