{"id":7671,"date":"2017-10-13T20:10:17","date_gmt":"2017-10-14T01:10:17","guid":{"rendered":"http:\/\/futbolhoy.co\/?p=7671"},"modified":"2017-10-17T14:17:20","modified_gmt":"2017-10-17T19:17:20","slug":"james-tiene-que-adaptarse-al-futbol-aleman-tecnico-del-bayern","status":"publish","type":"post","link":"https:\/\/futbolhoy.co\/index.php\/2017\/10\/13\/james-tiene-que-adaptarse-al-futbol-aleman-tecnico-del-bayern\/","title":{"rendered":"James tiene que adaptarse al f\u00fatbol alem\u00e1n: T\u00e9cnico del Bayern"},"content":{"rendered":"<p style=\"text-align: justify;\">El entrenador del Bayern M\u00fanich, Jupp Heynckes, manifest\u00f3 que sabe que James Rodr\u00edguez es un excelente jugador aunque advirti\u00f3 que tiene que adaptarse al f\u00fatbol alem\u00e1n para lo cual espera poder ayudarle.<\/p>\n<p>\u00abConozco bien a James por los partidos que le vi con el Real Madrid, s\u00e9 que es un jugador excelente\u00bb, dijo Heynckes en la conferencia de prensa del Bayern, previa al partido ante Friburgo.<\/p>\n<p>Sin embargo \u00abhay que asumir que el f\u00fatbol alem\u00e1n es distinto, tenemos otra mentalidad, otra cultura y eso no siempre es f\u00e1cil&#8230;&#8230;Me ocupar\u00e9 de \u00e9l, podemos entendernos y creo que eso ser\u00e1 de gran ayuda\u00bb, agreg\u00f3.<\/p>\n<p>Heynckes estuvo varios a\u00f1os en la liga espa\u00f1ola, donde dirigi\u00f3 al Athletic de Bilbao, al Tenerife y al Real Madrid, y habla perfectamente espa\u00f1ol.<\/p>\n<p>James particip\u00f3 este viernes en el \u00faltimo entrenamiento antes del partido,\u00a0jornada donde entren\u00f3 por primera vez\u00a0bajo las \u00f3rdenes de\u00a0Heynckes debido a sus compromisos con la Selecci\u00f3n Colombia.<\/p>\n","protected":false},"excerpt":{"rendered":"<p>El entrenador del Bayern M\u00fanich, Jupp Heynckes, manifest\u00f3 que sabe que James Rodr\u00edguez es un excelente jugador aunque advirti\u00f3 que tiene que adaptarse al f\u00fatbol alem\u00e1n para lo cual espera poder ayudarle. \u00abConozco bien a James por los partidos que le vi con el Real Madrid, s\u00e9 que es un jugador excelente\u00bb, dijo Heynckes en [&hellip;]<\/p>\n","protected":false},"author":5,"featured_media":7672,"comment_status":"open","ping_status":"closed","sticky":false,"template":"","format":"standard","meta":{"_acf_changed":false,"footnotes":""},"categories":[4,153],"tags":[88,140,87,336],"class_list":{"0":"post-7671","1":"post","2":"type-post","3":"status-publish","4":"format-standard","5":"has-post-thumbnail","7":"category-champions-league","8":"category-selecion-colombia","9":"tag-bayern-munich","10":"tag-bundesliga","11":"tag-james-rodriguez","12":"tag-jupp-heynckes"},"acf":[],"_links":{"self":[{"href":"https:\/\/futbolhoy.co\/index.php\/wp-json\/wp\/v2\/posts\/7671","targetHints":{"allow":["GET"]}}],"collection":[{"href":"https:\/\/futbolhoy.co\/index.php\/wp-json\/wp\/v2\/posts"}],"about":[{"href":"https:\/\/futbolhoy.co\/index.php\/wp-json\/wp\/v2\/types\/post"}],"author":[{"embeddable":true,"href":"https:\/\/futbolhoy.co\/index.php\/wp-json\/wp\/v2\/users\/5"}],"replies":[{"embeddable":true,"href":"https:\/\/futbolhoy.co\/index.php\/wp-json\/wp\/v2\/comments?post=7671"}],"version-history":[{"count":2,"href":"https:\/\/futbolhoy.co\/index.php\/wp-json\/wp\/v2\/posts\/7671\/revisions"}],"predecessor-version":[{"id":7692,"href":"https:\/\/futbolhoy.co\/index.php\/wp-json\/wp\/v2\/posts\/7671\/revisions\/7692"}],"wp:featuredmedia":[{"embeddable":true,"href":"https:\/\/futbolhoy.co\/index.php\/wp-json\/wp\/v2\/media\/7672"}],"wp:attachment":[{"href":"https:\/\/futbolhoy.co\/index.php\/wp-json\/wp\/v2\/media?parent=7671"}],"wp:term":[{"taxonomy":"category","embeddable":true,"href":"https:\/\/futbolhoy.co\/index.php\/wp-json\/wp\/v2\/categories?post=7671"},{"taxonomy":"post_tag","embeddable":true,"href":"https:\/\/futbolhoy.co\/index.php\/wp-json\/wp\/v2\/tags?post=7671"}],"curies":[{"name":"wp","href":"https:\/\/api.w.org\/{rel}","templated":true}]}}