{"id":76714,"date":"2022-02-28T21:49:05","date_gmt":"2022-03-01T02:49:05","guid":{"rendered":"https:\/\/futbolhoy.co\/?p=76714"},"modified":"2022-03-01T16:41:58","modified_gmt":"2022-03-01T21:41:58","slug":"santa-fe-no-pudo-celebrar-con-victoria-sus-81-anos","status":"publish","type":"post","link":"https:\/\/futbolhoy.co\/index.php\/2022\/02\/28\/santa-fe-no-pudo-celebrar-con-victoria-sus-81-anos\/","title":{"rendered":"Santa Fe no pudo celebrar con victoria sus 81 a\u00f1os"},"content":{"rendered":"<p style=\"text-align: justify;\"><span style=\"font-family: helvetica, arial, sans-serif;\"><strong>Independiente Santa Fe<\/strong> igual\u00f3 1-1 con <strong>Patriotas<\/strong> en Tunja, en partido por la novena fecha de la <strong>Liga BetPlay Dimayor I 2022;<\/strong> y de esta manera celebr\u00f3 sus 81 a\u00f1os de fundaci\u00f3n.<\/span><\/p>\n<p style=\"text-align: justify;\"><span style=\"font-family: helvetica, arial, sans-serif;\">El gol del \u2018le\u00f3n\u2019 fue marcado por el defensa central <strong>Jerson Malag\u00f3n<\/strong>, quien remat\u00f3 un rebote del poste izquierdo, tras un disparo de <strong>Neyder Moreno<\/strong> a los 6 minutos.<\/span><\/p>\n<p style=\"text-align: justify;\"><span style=\"font-family: helvetica, arial, sans-serif;\">El elenco boyacense reaccion\u00f3 y tuvo varias oportunidades de igualar, con tres balones que se estrellaron en los postes; otros dos que rechaz\u00f3 el portero <strong>Jos\u00e9 Silva<\/strong> y uno m\u00e1s que golpe\u00f3 en el cuerpo a <strong>Yuli\u00e1n Anchico<\/strong> casi debajo del arco.<\/span><\/p>\n<p style=\"text-align: justify;\"><span style=\"font-family: helvetica, arial, sans-serif;\">En el tiempo de reposici\u00f3n, a la salida de un tiro de esquina, <strong>Yeiler G\u00f3ez<\/strong> agarr\u00f3 al portero local <strong>Carlos Mosquera<\/strong>, quien se hab\u00eda ido a buscar el empate, se sancion\u00f3 el penalti y lo transform\u00f3 en gol <strong>Cristian Barrios<\/strong> a los 90+7.<\/span><\/p>\n<p style=\"text-align: justify;\"><span style=\"font-family: helvetica, arial, sans-serif;\"><strong>Santa Fe<\/strong> termin\u00f3 el partido con 10 hombres por la expulsi\u00f3n de <strong>Jos\u00e9 Ortiz<\/strong> a los 87 minutos.<\/span><\/p>\n<p style=\"text-align: justify;\"><span style=\"font-family: helvetica, arial, sans-serif;\"><strong>Patriotas<\/strong> complet\u00f3 siete partidos sin ganar y cort\u00f3 en una racha de cuatro sin marcar gol.<\/span><\/p>\n<p style=\"text-align: justify;\"><span style=\"font-family: helvetica, arial, sans-serif;\"><strong>Santa Fe<\/strong> enfrentar\u00e1 a <strong>Millonarios<\/strong> en el cl\u00e1sico capitalino el domingo; mientras que <strong>Patriotas<\/strong> visitar\u00e1 a <strong>La Equidad<\/strong> el domingo.<\/span><\/p>\n","protected":false},"excerpt":{"rendered":"<p>Independiente Santa Fe igual\u00f3 1-1 con Patriotas en Tunja, en partido por la novena fecha de la Liga BetPlay Dimayor I 2022; y de esta manera celebr\u00f3 sus 81 a\u00f1os de fundaci\u00f3n. El gol del \u2018le\u00f3n\u2019 fue marcado por el defensa central Jerson Malag\u00f3n, quien remat\u00f3 un rebote del poste izquierdo, tras un disparo de [&hellip;]<\/p>\n","protected":false},"author":5,"featured_media":76716,"comment_status":"open","ping_status":"open","sticky":false,"template":"","format":"standard","meta":{"_acf_changed":false,"footnotes":""},"categories":[7],"tags":[],"class_list":{"0":"post-76714","1":"post","2":"type-post","3":"status-publish","4":"format-standard","5":"has-post-thumbnail","7":"category-liga-betplay"},"acf":[],"yoast_head":"<!-- This site is optimized with the Yoast SEO plugin v26.8 - https:\/\/yoast.com\/product\/yoast-seo-wordpress\/ -->\n<title>Santa Fe no pudo celebrar con victoria sus 81 a\u00f1os -<\/title>\n<meta name=\"robots\" content=\"index, follow, max-snippet:-1, max-image-preview:large, max-video-preview:-1\" \/>\n<link rel=\"canonical\" href=\"https:\/\/futbolhoy.co\/index.php\/2022\/02\/28\/santa-fe-no-pudo-celebrar-con-victoria-sus-81-anos\/\" \/>\n<meta property=\"og:locale\" content=\"es_ES\" \/>\n<meta property=\"og:type\" content=\"article\" \/>\n<meta property=\"og:title\" content=\"Santa Fe no pudo celebrar con victoria sus 81 a\u00f1os -\" \/>\n<meta property=\"og:description\" content=\"Independiente Santa Fe igual\u00f3 1-1 con Patriotas en Tunja, en partido por la novena fecha de la Liga BetPlay Dimayor I 2022; y de esta manera celebr\u00f3 sus 81 a\u00f1os de fundaci\u00f3n. El gol del \u2018le\u00f3n\u2019 fue marcado por el defensa central Jerson Malag\u00f3n, quien remat\u00f3 un rebote del poste izquierdo, tras un disparo de [&hellip;]\" \/>\n<meta property=\"og:url\" content=\"https:\/\/futbolhoy.co\/index.php\/2022\/02\/28\/santa-fe-no-pudo-celebrar-con-victoria-sus-81-anos\/\" \/>\n<meta property=\"article:publisher\" content=\"https:\/\/www.facebook.com\/FutbolHoyCol\/\" \/>\n<meta property=\"article:published_time\" content=\"2022-03-01T02:49:05+00:00\" \/>\n<meta property=\"article:modified_time\" content=\"2022-03-01T21:41:58+00:00\" \/>\n<meta property=\"og:image\" content=\"https:\/\/futbolhoy.co\/wp-content\/uploads\/2022\/02\/g_DsjlEw.jpeg.jpg\" \/>\n\t<meta property=\"og:image:width\" content=\"2400\" \/>\n\t<meta property=\"og:image:height\" content=\"1507\" \/>\n\t<meta property=\"og:image:type\" content=\"image\/jpeg\" \/>\n<meta name=\"author\" content=\"Laura Hern\u00e1ndez\" \/>\n<meta name=\"twitter:card\" content=\"summary_large_image\" \/>\n<meta name=\"twitter:creator\" content=\"@FutbolHoyCol\" \/>\n<meta name=\"twitter:site\" content=\"@FutbolHoyCol\" \/>\n<meta name=\"twitter:label1\" content=\"Escrito por\" \/>\n\t<meta name=\"twitter:data1\" content=\"Laura Hern\u00e1ndez\" \/>\n\t<meta name=\"twitter:label2\" content=\"Tiempo de lectura\" \/>\n\t<meta name=\"twitter:data2\" content=\"1 minuto\" \/>\n<script type=\"application\/ld+json\" class=\"yoast-schema-graph\">{\"@context\":\"https:\/\/schema.org\",\"@graph\":[{\"@type\":\"Article\",\"@id\":\"https:\/\/futbolhoy.co\/index.php\/2022\/02\/28\/santa-fe-no-pudo-celebrar-con-victoria-sus-81-anos\/#article\",\"isPartOf\":{\"@id\":\"https:\/\/futbolhoy.co\/index.php\/2022\/02\/28\/santa-fe-no-pudo-celebrar-con-victoria-sus-81-anos\/\"},\"author\":{\"name\":\"Laura Hern\u00e1ndez\",\"@id\":\"https:\/\/futbolhoy.co\/#\/schema\/person\/c4a353a512b127643723a34bb1812f7d\"},\"headline\":\"Santa Fe no pudo celebrar con victoria sus 81 a\u00f1os\",\"datePublished\":\"2022-03-01T02:49:05+00:00\",\"dateModified\":\"2022-03-01T21:41:58+00:00\",\"mainEntityOfPage\":{\"@id\":\"https:\/\/futbolhoy.co\/index.php\/2022\/02\/28\/santa-fe-no-pudo-celebrar-con-victoria-sus-81-anos\/\"},\"wordCount\":215,\"commentCount\":0,\"publisher\":{\"@id\":\"https:\/\/futbolhoy.co\/#organization\"},\"image\":{\"@id\":\"https:\/\/futbolhoy.co\/index.php\/2022\/02\/28\/santa-fe-no-pudo-celebrar-con-victoria-sus-81-anos\/#primaryimage\"},\"thumbnailUrl\":\"https:\/\/futbolhoy.co\/wp-content\/uploads\/2022\/02\/g_DsjlEw.jpeg.jpg\",\"articleSection\":[\"Liga BetPlay\"],\"inLanguage\":\"es\",\"potentialAction\":[{\"@type\":\"CommentAction\",\"name\":\"Comment\",\"target\":[\"https:\/\/futbolhoy.co\/index.php\/2022\/02\/28\/santa-fe-no-pudo-celebrar-con-victoria-sus-81-anos\/#respond\"]}]},{\"@type\":\"WebPage\",\"@id\":\"https:\/\/futbolhoy.co\/index.php\/2022\/02\/28\/santa-fe-no-pudo-celebrar-con-victoria-sus-81-anos\/\",\"url\":\"https:\/\/futbolhoy.co\/index.php\/2022\/02\/28\/santa-fe-no-pudo-celebrar-con-victoria-sus-81-anos\/\",\"name\":\"Santa Fe no pudo celebrar con victoria sus 81 a\u00f1os -\",\"isPartOf\":{\"@id\":\"https:\/\/futbolhoy.co\/#website\"},\"primaryImageOfPage\":{\"@id\":\"https:\/\/futbolhoy.co\/index.php\/2022\/02\/28\/santa-fe-no-pudo-celebrar-con-victoria-sus-81-anos\/#primaryimage\"},\"image\":{\"@id\":\"https:\/\/futbolhoy.co\/index.php\/2022\/02\/28\/santa-fe-no-pudo-celebrar-con-victoria-sus-81-anos\/#primaryimage\"},\"thumbnailUrl\":\"https:\/\/futbolhoy.co\/wp-content\/uploads\/2022\/02\/g_DsjlEw.jpeg.jpg\",\"datePublished\":\"2022-03-01T02:49:05+00:00\",\"dateModified\":\"2022-03-01T21:41:58+00:00\",\"breadcrumb\":{\"@id\":\"https:\/\/futbolhoy.co\/index.php\/2022\/02\/28\/santa-fe-no-pudo-celebrar-con-victoria-sus-81-anos\/#breadcrumb\"},\"inLanguage\":\"es\",\"potentialAction\":[{\"@type\":\"ReadAction\",\"target\":[\"https:\/\/futbolhoy.co\/index.php\/2022\/02\/28\/santa-fe-no-pudo-celebrar-con-victoria-sus-81-anos\/\"]}]},{\"@type\":\"ImageObject\",\"inLanguage\":\"es\",\"@id\":\"https:\/\/futbolhoy.co\/index.php\/2022\/02\/28\/santa-fe-no-pudo-celebrar-con-victoria-sus-81-anos\/#primaryimage\",\"url\":\"https:\/\/futbolhoy.co\/wp-content\/uploads\/2022\/02\/g_DsjlEw.jpeg.jpg\",\"contentUrl\":\"https:\/\/futbolhoy.co\/wp-content\/uploads\/2022\/02\/g_DsjlEw.jpeg.jpg\",\"width\":2400,\"height\":1507},{\"@type\":\"BreadcrumbList\",\"@id\":\"https:\/\/futbolhoy.co\/index.php\/2022\/02\/28\/santa-fe-no-pudo-celebrar-con-victoria-sus-81-anos\/#breadcrumb\",\"itemListElement\":[{\"@type\":\"ListItem\",\"position\":1,\"name\":\"Portada\",\"item\":\"https:\/\/futbolhoy.co\/\"},{\"@type\":\"ListItem\",\"position\":2,\"name\":\"Santa Fe no pudo celebrar con victoria sus 81 a\u00f1os\"}]},{\"@type\":\"WebSite\",\"@id\":\"https:\/\/futbolhoy.co\/#website\",\"url\":\"https:\/\/futbolhoy.co\/\",\"name\":\"FutbolHoy\",\"description\":\"\",\"publisher\":{\"@id\":\"https:\/\/futbolhoy.co\/#organization\"},\"potentialAction\":[{\"@type\":\"SearchAction\",\"target\":{\"@type\":\"EntryPoint\",\"urlTemplate\":\"https:\/\/futbolhoy.co\/?s={search_term_string}\"},\"query-input\":{\"@type\":\"PropertyValueSpecification\",\"valueRequired\":true,\"valueName\":\"search_term_string\"}}],\"inLanguage\":\"es\"},{\"@type\":\"Organization\",\"@id\":\"https:\/\/futbolhoy.co\/#organization\",\"name\":\"Futbolhoy.co\",\"url\":\"https:\/\/futbolhoy.co\/\",\"logo\":{\"@type\":\"ImageObject\",\"inLanguage\":\"es\",\"@id\":\"https:\/\/futbolhoy.co\/#\/schema\/logo\/image\/\",\"url\":\"https:\/\/futbolhoy.co\/wp-content\/uploads\/2018\/08\/17426380_1906371736249227_6326180412931521141_n.jpg\",\"contentUrl\":\"https:\/\/futbolhoy.co\/wp-content\/uploads\/2018\/08\/17426380_1906371736249227_6326180412931521141_n.jpg\",\"width\":960,\"height\":960,\"caption\":\"Futbolhoy.co\"},\"image\":{\"@id\":\"https:\/\/futbolhoy.co\/#\/schema\/logo\/image\/\"},\"sameAs\":[\"https:\/\/www.facebook.com\/FutbolHoyCol\/\",\"https:\/\/x.com\/FutbolHoyCol\",\"https:\/\/www.instagram.com\/futbolhoycol\/\"]},{\"@type\":\"Person\",\"@id\":\"https:\/\/futbolhoy.co\/#\/schema\/person\/c4a353a512b127643723a34bb1812f7d\",\"name\":\"Laura Hern\u00e1ndez\",\"image\":{\"@type\":\"ImageObject\",\"inLanguage\":\"es\",\"@id\":\"https:\/\/futbolhoy.co\/#\/schema\/person\/image\/\",\"url\":\"https:\/\/secure.gravatar.com\/avatar\/d25959a15b9b293a743f99181c7cfd01?s=96&d=mm&r=g\",\"contentUrl\":\"https:\/\/secure.gravatar.com\/avatar\/d25959a15b9b293a743f99181c7cfd01?s=96&d=mm&r=g\",\"caption\":\"Laura Hern\u00e1ndez\"}}]}<\/script>\n<!-- \/ Yoast SEO plugin. -->","yoast_head_json":{"title":"Santa Fe no pudo celebrar con victoria sus 81 a\u00f1os -","robots":{"index":"index","follow":"follow","max-snippet":"max-snippet:-1","max-image-preview":"max-image-preview:large","max-video-preview":"max-video-preview:-1"},"canonical":"https:\/\/futbolhoy.co\/index.php\/2022\/02\/28\/santa-fe-no-pudo-celebrar-con-victoria-sus-81-anos\/","og_locale":"es_ES","og_type":"article","og_title":"Santa Fe no pudo celebrar con victoria sus 81 a\u00f1os -","og_description":"Independiente Santa Fe igual\u00f3 1-1 con Patriotas en Tunja, en partido por la novena fecha de la Liga BetPlay Dimayor I 2022; y de esta manera celebr\u00f3 sus 81 a\u00f1os de fundaci\u00f3n. El gol del \u2018le\u00f3n\u2019 fue marcado por el defensa central Jerson Malag\u00f3n, quien remat\u00f3 un rebote del poste izquierdo, tras un disparo de [&hellip;]","og_url":"https:\/\/futbolhoy.co\/index.php\/2022\/02\/28\/santa-fe-no-pudo-celebrar-con-victoria-sus-81-anos\/","article_publisher":"https:\/\/www.facebook.com\/FutbolHoyCol\/","article_published_time":"2022-03-01T02:49:05+00:00","article_modified_time":"2022-03-01T21:41:58+00:00","og_image":[{"width":2400,"height":1507,"url":"https:\/\/futbolhoy.co\/wp-content\/uploads\/2022\/02\/g_DsjlEw.jpeg.jpg","type":"image\/jpeg"}],"author":"Laura Hern\u00e1ndez","twitter_card":"summary_large_image","twitter_creator":"@FutbolHoyCol","twitter_site":"@FutbolHoyCol","twitter_misc":{"Escrito por":"Laura Hern\u00e1ndez","Tiempo de lectura":"1 minuto"},"schema":{"@context":"https:\/\/schema.org","@graph":[{"@type":"Article","@id":"https:\/\/futbolhoy.co\/index.php\/2022\/02\/28\/santa-fe-no-pudo-celebrar-con-victoria-sus-81-anos\/#article","isPartOf":{"@id":"https:\/\/futbolhoy.co\/index.php\/2022\/02\/28\/santa-fe-no-pudo-celebrar-con-victoria-sus-81-anos\/"},"author":{"name":"Laura Hern\u00e1ndez","@id":"https:\/\/futbolhoy.co\/#\/schema\/person\/c4a353a512b127643723a34bb1812f7d"},"headline":"Santa Fe no pudo celebrar con victoria sus 81 a\u00f1os","datePublished":"2022-03-01T02:49:05+00:00","dateModified":"2022-03-01T21:41:58+00:00","mainEntityOfPage":{"@id":"https:\/\/futbolhoy.co\/index.php\/2022\/02\/28\/santa-fe-no-pudo-celebrar-con-victoria-sus-81-anos\/"},"wordCount":215,"commentCount":0,"publisher":{"@id":"https:\/\/futbolhoy.co\/#organization"},"image":{"@id":"https:\/\/futbolhoy.co\/index.php\/2022\/02\/28\/santa-fe-no-pudo-celebrar-con-victoria-sus-81-anos\/#primaryimage"},"thumbnailUrl":"https:\/\/futbolhoy.co\/wp-content\/uploads\/2022\/02\/g_DsjlEw.jpeg.jpg","articleSection":["Liga BetPlay"],"inLanguage":"es","potentialAction":[{"@type":"CommentAction","name":"Comment","target":["https:\/\/futbolhoy.co\/index.php\/2022\/02\/28\/santa-fe-no-pudo-celebrar-con-victoria-sus-81-anos\/#respond"]}]},{"@type":"WebPage","@id":"https:\/\/futbolhoy.co\/index.php\/2022\/02\/28\/santa-fe-no-pudo-celebrar-con-victoria-sus-81-anos\/","url":"https:\/\/futbolhoy.co\/index.php\/2022\/02\/28\/santa-fe-no-pudo-celebrar-con-victoria-sus-81-anos\/","name":"Santa Fe no pudo celebrar con victoria sus 81 a\u00f1os -","isPartOf":{"@id":"https:\/\/futbolhoy.co\/#website"},"primaryImageOfPage":{"@id":"https:\/\/futbolhoy.co\/index.php\/2022\/02\/28\/santa-fe-no-pudo-celebrar-con-victoria-sus-81-anos\/#primaryimage"},"image":{"@id":"https:\/\/futbolhoy.co\/index.php\/2022\/02\/28\/santa-fe-no-pudo-celebrar-con-victoria-sus-81-anos\/#primaryimage"},"thumbnailUrl":"https:\/\/futbolhoy.co\/wp-content\/uploads\/2022\/02\/g_DsjlEw.jpeg.jpg","datePublished":"2022-03-01T02:49:05+00:00","dateModified":"2022-03-01T21:41:58+00:00","breadcrumb":{"@id":"https:\/\/futbolhoy.co\/index.php\/2022\/02\/28\/santa-fe-no-pudo-celebrar-con-victoria-sus-81-anos\/#breadcrumb"},"inLanguage":"es","potentialAction":[{"@type":"ReadAction","target":["https:\/\/futbolhoy.co\/index.php\/2022\/02\/28\/santa-fe-no-pudo-celebrar-con-victoria-sus-81-anos\/"]}]},{"@type":"ImageObject","inLanguage":"es","@id":"https:\/\/futbolhoy.co\/index.php\/2022\/02\/28\/santa-fe-no-pudo-celebrar-con-victoria-sus-81-anos\/#primaryimage","url":"https:\/\/futbolhoy.co\/wp-content\/uploads\/2022\/02\/g_DsjlEw.jpeg.jpg","contentUrl":"https:\/\/futbolhoy.co\/wp-content\/uploads\/2022\/02\/g_DsjlEw.jpeg.jpg","width":2400,"height":1507},{"@type":"BreadcrumbList","@id":"https:\/\/futbolhoy.co\/index.php\/2022\/02\/28\/santa-fe-no-pudo-celebrar-con-victoria-sus-81-anos\/#breadcrumb","itemListElement":[{"@type":"ListItem","position":1,"name":"Portada","item":"https:\/\/futbolhoy.co\/"},{"@type":"ListItem","position":2,"name":"Santa Fe no pudo celebrar con victoria sus 81 a\u00f1os"}]},{"@type":"WebSite","@id":"https:\/\/futbolhoy.co\/#website","url":"https:\/\/futbolhoy.co\/","name":"FutbolHoy","description":"","publisher":{"@id":"https:\/\/futbolhoy.co\/#organization"},"potentialAction":[{"@type":"SearchAction","target":{"@type":"EntryPoint","urlTemplate":"https:\/\/futbolhoy.co\/?s={search_term_string}"},"query-input":{"@type":"PropertyValueSpecification","valueRequired":true,"valueName":"search_term_string"}}],"inLanguage":"es"},{"@type":"Organization","@id":"https:\/\/futbolhoy.co\/#organization","name":"Futbolhoy.co","url":"https:\/\/futbolhoy.co\/","logo":{"@type":"ImageObject","inLanguage":"es","@id":"https:\/\/futbolhoy.co\/#\/schema\/logo\/image\/","url":"https:\/\/futbolhoy.co\/wp-content\/uploads\/2018\/08\/17426380_1906371736249227_6326180412931521141_n.jpg","contentUrl":"https:\/\/futbolhoy.co\/wp-content\/uploads\/2018\/08\/17426380_1906371736249227_6326180412931521141_n.jpg","width":960,"height":960,"caption":"Futbolhoy.co"},"image":{"@id":"https:\/\/futbolhoy.co\/#\/schema\/logo\/image\/"},"sameAs":["https:\/\/www.facebook.com\/FutbolHoyCol\/","https:\/\/x.com\/FutbolHoyCol","https:\/\/www.instagram.com\/futbolhoycol\/"]},{"@type":"Person","@id":"https:\/\/futbolhoy.co\/#\/schema\/person\/c4a353a512b127643723a34bb1812f7d","name":"Laura Hern\u00e1ndez","image":{"@type":"ImageObject","inLanguage":"es","@id":"https:\/\/futbolhoy.co\/#\/schema\/person\/image\/","url":"https:\/\/secure.gravatar.com\/avatar\/d25959a15b9b293a743f99181c7cfd01?s=96&d=mm&r=g","contentUrl":"https:\/\/secure.gravatar.com\/avatar\/d25959a15b9b293a743f99181c7cfd01?s=96&d=mm&r=g","caption":"Laura Hern\u00e1ndez"}}]}},"publishpress_future_action":{"enabled":false,"date":"2026-05-05 14:43:17","action":"change-status","newStatus":"draft","terms":[],"taxonomy":"category","extraData":[]},"publishpress_future_workflow_manual_trigger":{"enabledWorkflows":[]},"_links":{"self":[{"href":"https:\/\/futbolhoy.co\/index.php\/wp-json\/wp\/v2\/posts\/76714","targetHints":{"allow":["GET"]}}],"collection":[{"href":"https:\/\/futbolhoy.co\/index.php\/wp-json\/wp\/v2\/posts"}],"about":[{"href":"https:\/\/futbolhoy.co\/index.php\/wp-json\/wp\/v2\/types\/post"}],"author":[{"embeddable":true,"href":"https:\/\/futbolhoy.co\/index.php\/wp-json\/wp\/v2\/users\/5"}],"replies":[{"embeddable":true,"href":"https:\/\/futbolhoy.co\/index.php\/wp-json\/wp\/v2\/comments?post=76714"}],"version-history":[{"count":2,"href":"https:\/\/futbolhoy.co\/index.php\/wp-json\/wp\/v2\/posts\/76714\/revisions"}],"predecessor-version":[{"id":76737,"href":"https:\/\/futbolhoy.co\/index.php\/wp-json\/wp\/v2\/posts\/76714\/revisions\/76737"}],"wp:featuredmedia":[{"embeddable":true,"href":"https:\/\/futbolhoy.co\/index.php\/wp-json\/wp\/v2\/media\/76716"}],"wp:attachment":[{"href":"https:\/\/futbolhoy.co\/index.php\/wp-json\/wp\/v2\/media?parent=76714"}],"wp:term":[{"taxonomy":"category","embeddable":true,"href":"https:\/\/futbolhoy.co\/index.php\/wp-json\/wp\/v2\/categories?post=76714"},{"taxonomy":"post_tag","embeddable":true,"href":"https:\/\/futbolhoy.co\/index.php\/wp-json\/wp\/v2\/tags?post=76714"}],"curies":[{"name":"wp","href":"https:\/\/api.w.org\/{rel}","templated":true}]}}