{"id":76731,"date":"2022-03-01T13:12:06","date_gmt":"2022-03-01T18:12:06","guid":{"rendered":"https:\/\/futbolhoy.co\/?p=76731"},"modified":"2022-03-02T07:55:28","modified_gmt":"2022-03-02T12:55:28","slug":"diaz-ha-comenzado-increiblemente-klopp","status":"publish","type":"post","link":"https:\/\/futbolhoy.co\/index.php\/2022\/03\/01\/diaz-ha-comenzado-increiblemente-klopp\/","title":{"rendered":"D\u00edaz ha comenzado incre\u00edblemente: Klopp"},"content":{"rendered":"<!--[if lt IE 9]><script>document.createElement('audio');<\/script><![endif]-->\n<audio class=\"wp-audio-shortcode\" id=\"audio-76731-1\" preload=\"none\" style=\"width: 100%;\" controls=\"controls\"><source type=\"audio\/mpeg\" src=\"https:\/\/futbolhoy.co\/wp-content\/uploads\/2022\/03\/KLOPP2022-03-01.mp3?_=1\" \/><a href=\"https:\/\/futbolhoy.co\/wp-content\/uploads\/2022\/03\/KLOPP2022-03-01.mp3\">https:\/\/futbolhoy.co\/wp-content\/uploads\/2022\/03\/KLOPP2022-03-01.mp3<\/a><\/audio>\n<p style=\"text-align: justify;\"><span style=\"font-family: helvetica, arial, sans-serif;\">El t\u00e9cnico del <strong>Liverpool<\/strong>, <strong>J\u00fcrgen<\/strong> <strong>Klopp<\/strong>, continu\u00f3 elogiando el nivel que ha mostrado el goleador colombiano <strong>Luis D\u00edaz<\/strong> en su equipo, luego de la conquista de la <strong>Copa de la Liga de Inglaterra<\/strong> tras vencer a <strong>Chelsea<\/strong> 11-10 en los penales.<\/span><\/p>\n<p style=\"text-align: justify;\"><span style=\"font-family: helvetica, arial, sans-serif;\">\u201cNecesitamos este tipo de calidad. No quisimos confundirlo mucho, con demasiada informaci\u00f3n. \u00c9l sabe c\u00f3mo queremos jugar y lo ha hecho realmente bien. (\u2026) \u00c9l ha comenzado incre\u00edblemente bien y confi\u00f3 que se mantenga as\u00ed, lo m\u00e1ximo que pueda\u201d, coment\u00f3 <strong>Klopp<\/strong> en la rueda de prensa previa al juego frente a <strong>Norwich City,<\/strong> por octavos de final de la <strong>FC Cup.<\/strong><\/span><\/p>\n<p style=\"text-align: justify;\"><span style=\"font-family: helvetica, arial, sans-serif;\">\u201cLo sacamos porque estaba cansado, lo estaba desde antes del cambio. (\u2026) \u00c9l estuvo luchando muy fuerte, fue un partido incre\u00edblemente intenso\u201d, agreg\u00f3 el entrenador al referirse a su cambio, en el primer tiempo suplementario de la final ante <strong>Chelsea.<\/strong><\/span><\/p>\n<p style=\"text-align: justify;\"><span style=\"font-family: helvetica, arial, sans-serif;\"><strong>D\u00edaz,<\/strong> quien ya marc\u00f3 su primer gol con el equipo ingl\u00e9s, acumula 6 partidos y 425 minutos de juegos durante esta temporada.<\/span><\/p>\n<p style=\"text-align: justify;\"><span style=\"font-family: helvetica, arial, sans-serif;\">El partido <strong>Liverpool-Norwich<\/strong> se disputar\u00e1 este mi\u00e9rcoles, desde las 3.15pm, hora colombiana.<\/span><\/p>\n","protected":false},"excerpt":{"rendered":"<p>El t\u00e9cnico del Liverpool, J\u00fcrgen Klopp, continu\u00f3 elogiando el nivel que ha mostrado el goleador colombiano Luis D\u00edaz en su equipo, luego de la conquista de la Copa de la Liga de Inglaterra tras vencer a Chelsea 11-10 en los penales. \u201cNecesitamos este tipo de calidad. No quisimos confundirlo mucho, con demasiada informaci\u00f3n. \u00c9l sabe [&hellip;]<\/p>\n","protected":false},"author":5,"featured_media":76732,"comment_status":"open","ping_status":"open","sticky":false,"template":"","format":"video","meta":{"_acf_changed":false,"footnotes":""},"categories":[418],"tags":[],"class_list":{"0":"post-76731","1":"post","2":"type-post","3":"status-publish","4":"format-video","5":"has-post-thumbnail","7":"category-colombia","8":"post_format-post-format-video"},"acf":[],"yoast_head":"<!-- This site is optimized with the Yoast SEO plugin v26.8 - https:\/\/yoast.com\/product\/yoast-seo-wordpress\/ -->\n<title>D\u00edaz ha comenzado incre\u00edblemente: Klopp -<\/title>\n<meta name=\"robots\" content=\"index, follow, max-snippet:-1, max-image-preview:large, max-video-preview:-1\" \/>\n<link rel=\"canonical\" href=\"https:\/\/futbolhoy.co\/index.php\/2022\/03\/01\/diaz-ha-comenzado-increiblemente-klopp\/\" \/>\n<meta property=\"og:locale\" content=\"es_ES\" \/>\n<meta property=\"og:type\" content=\"article\" \/>\n<meta property=\"og:title\" content=\"D\u00edaz ha comenzado incre\u00edblemente: Klopp -\" \/>\n<meta property=\"og:description\" content=\"El t\u00e9cnico del Liverpool, J\u00fcrgen Klopp, continu\u00f3 elogiando el nivel que ha mostrado el goleador colombiano Luis D\u00edaz en su equipo, luego de la conquista de la Copa de la Liga de Inglaterra tras vencer a Chelsea 11-10 en los penales. \u201cNecesitamos este tipo de calidad. No quisimos confundirlo mucho, con demasiada informaci\u00f3n. \u00c9l sabe [&hellip;]\" \/>\n<meta property=\"og:url\" content=\"https:\/\/futbolhoy.co\/index.php\/2022\/03\/01\/diaz-ha-comenzado-increiblemente-klopp\/\" \/>\n<meta property=\"article:publisher\" content=\"https:\/\/www.facebook.com\/FutbolHoyCol\/\" \/>\n<meta property=\"article:published_time\" content=\"2022-03-01T18:12:06+00:00\" \/>\n<meta property=\"article:modified_time\" content=\"2022-03-02T12:55:28+00:00\" \/>\n<meta property=\"og:image\" content=\"https:\/\/futbolhoy.co\/wp-content\/uploads\/2022\/03\/FMoI_bmX0Awh90S.jpg\" \/>\n\t<meta property=\"og:image:width\" content=\"680\" \/>\n\t<meta property=\"og:image:height\" content=\"453\" \/>\n\t<meta property=\"og:image:type\" content=\"image\/jpeg\" \/>\n<meta name=\"author\" content=\"Laura Hern\u00e1ndez\" \/>\n<meta name=\"twitter:card\" content=\"summary_large_image\" \/>\n<meta name=\"twitter:creator\" content=\"@FutbolHoyCol\" \/>\n<meta name=\"twitter:site\" content=\"@FutbolHoyCol\" \/>\n<meta name=\"twitter:label1\" content=\"Escrito por\" \/>\n\t<meta name=\"twitter:data1\" content=\"Laura Hern\u00e1ndez\" \/>\n\t<meta name=\"twitter:label2\" content=\"Tiempo de lectura\" \/>\n\t<meta name=\"twitter:data2\" content=\"1 minuto\" \/>\n<script type=\"application\/ld+json\" class=\"yoast-schema-graph\">{\"@context\":\"https:\/\/schema.org\",\"@graph\":[{\"@type\":\"Article\",\"@id\":\"https:\/\/futbolhoy.co\/index.php\/2022\/03\/01\/diaz-ha-comenzado-increiblemente-klopp\/#article\",\"isPartOf\":{\"@id\":\"https:\/\/futbolhoy.co\/index.php\/2022\/03\/01\/diaz-ha-comenzado-increiblemente-klopp\/\"},\"author\":{\"name\":\"Laura Hern\u00e1ndez\",\"@id\":\"https:\/\/futbolhoy.co\/#\/schema\/person\/c4a353a512b127643723a34bb1812f7d\"},\"headline\":\"D\u00edaz ha comenzado incre\u00edblemente: Klopp\",\"datePublished\":\"2022-03-01T18:12:06+00:00\",\"dateModified\":\"2022-03-02T12:55:28+00:00\",\"mainEntityOfPage\":{\"@id\":\"https:\/\/futbolhoy.co\/index.php\/2022\/03\/01\/diaz-ha-comenzado-increiblemente-klopp\/\"},\"wordCount\":202,\"commentCount\":0,\"publisher\":{\"@id\":\"https:\/\/futbolhoy.co\/#organization\"},\"image\":{\"@id\":\"https:\/\/futbolhoy.co\/index.php\/2022\/03\/01\/diaz-ha-comenzado-increiblemente-klopp\/#primaryimage\"},\"thumbnailUrl\":\"https:\/\/futbolhoy.co\/wp-content\/uploads\/2022\/03\/FMoI_bmX0Awh90S.jpg\",\"articleSection\":[\"Colombia\"],\"inLanguage\":\"es\",\"potentialAction\":[{\"@type\":\"CommentAction\",\"name\":\"Comment\",\"target\":[\"https:\/\/futbolhoy.co\/index.php\/2022\/03\/01\/diaz-ha-comenzado-increiblemente-klopp\/#respond\"]}]},{\"@type\":\"WebPage\",\"@id\":\"https:\/\/futbolhoy.co\/index.php\/2022\/03\/01\/diaz-ha-comenzado-increiblemente-klopp\/\",\"url\":\"https:\/\/futbolhoy.co\/index.php\/2022\/03\/01\/diaz-ha-comenzado-increiblemente-klopp\/\",\"name\":\"D\u00edaz ha comenzado incre\u00edblemente: Klopp -\",\"isPartOf\":{\"@id\":\"https:\/\/futbolhoy.co\/#website\"},\"primaryImageOfPage\":{\"@id\":\"https:\/\/futbolhoy.co\/index.php\/2022\/03\/01\/diaz-ha-comenzado-increiblemente-klopp\/#primaryimage\"},\"image\":{\"@id\":\"https:\/\/futbolhoy.co\/index.php\/2022\/03\/01\/diaz-ha-comenzado-increiblemente-klopp\/#primaryimage\"},\"thumbnailUrl\":\"https:\/\/futbolhoy.co\/wp-content\/uploads\/2022\/03\/FMoI_bmX0Awh90S.jpg\",\"datePublished\":\"2022-03-01T18:12:06+00:00\",\"dateModified\":\"2022-03-02T12:55:28+00:00\",\"breadcrumb\":{\"@id\":\"https:\/\/futbolhoy.co\/index.php\/2022\/03\/01\/diaz-ha-comenzado-increiblemente-klopp\/#breadcrumb\"},\"inLanguage\":\"es\",\"potentialAction\":[{\"@type\":\"ReadAction\",\"target\":[\"https:\/\/futbolhoy.co\/index.php\/2022\/03\/01\/diaz-ha-comenzado-increiblemente-klopp\/\"]}]},{\"@type\":\"ImageObject\",\"inLanguage\":\"es\",\"@id\":\"https:\/\/futbolhoy.co\/index.php\/2022\/03\/01\/diaz-ha-comenzado-increiblemente-klopp\/#primaryimage\",\"url\":\"https:\/\/futbolhoy.co\/wp-content\/uploads\/2022\/03\/FMoI_bmX0Awh90S.jpg\",\"contentUrl\":\"https:\/\/futbolhoy.co\/wp-content\/uploads\/2022\/03\/FMoI_bmX0Awh90S.jpg\",\"width\":680,\"height\":453},{\"@type\":\"BreadcrumbList\",\"@id\":\"https:\/\/futbolhoy.co\/index.php\/2022\/03\/01\/diaz-ha-comenzado-increiblemente-klopp\/#breadcrumb\",\"itemListElement\":[{\"@type\":\"ListItem\",\"position\":1,\"name\":\"Portada\",\"item\":\"https:\/\/futbolhoy.co\/\"},{\"@type\":\"ListItem\",\"position\":2,\"name\":\"D\u00edaz ha comenzado incre\u00edblemente: Klopp\"}]},{\"@type\":\"WebSite\",\"@id\":\"https:\/\/futbolhoy.co\/#website\",\"url\":\"https:\/\/futbolhoy.co\/\",\"name\":\"FutbolHoy\",\"description\":\"\",\"publisher\":{\"@id\":\"https:\/\/futbolhoy.co\/#organization\"},\"potentialAction\":[{\"@type\":\"SearchAction\",\"target\":{\"@type\":\"EntryPoint\",\"urlTemplate\":\"https:\/\/futbolhoy.co\/?s={search_term_string}\"},\"query-input\":{\"@type\":\"PropertyValueSpecification\",\"valueRequired\":true,\"valueName\":\"search_term_string\"}}],\"inLanguage\":\"es\"},{\"@type\":\"Organization\",\"@id\":\"https:\/\/futbolhoy.co\/#organization\",\"name\":\"Futbolhoy.co\",\"url\":\"https:\/\/futbolhoy.co\/\",\"logo\":{\"@type\":\"ImageObject\",\"inLanguage\":\"es\",\"@id\":\"https:\/\/futbolhoy.co\/#\/schema\/logo\/image\/\",\"url\":\"https:\/\/futbolhoy.co\/wp-content\/uploads\/2018\/08\/17426380_1906371736249227_6326180412931521141_n.jpg\",\"contentUrl\":\"https:\/\/futbolhoy.co\/wp-content\/uploads\/2018\/08\/17426380_1906371736249227_6326180412931521141_n.jpg\",\"width\":960,\"height\":960,\"caption\":\"Futbolhoy.co\"},\"image\":{\"@id\":\"https:\/\/futbolhoy.co\/#\/schema\/logo\/image\/\"},\"sameAs\":[\"https:\/\/www.facebook.com\/FutbolHoyCol\/\",\"https:\/\/x.com\/FutbolHoyCol\",\"https:\/\/www.instagram.com\/futbolhoycol\/\"]},{\"@type\":\"Person\",\"@id\":\"https:\/\/futbolhoy.co\/#\/schema\/person\/c4a353a512b127643723a34bb1812f7d\",\"name\":\"Laura Hern\u00e1ndez\",\"image\":{\"@type\":\"ImageObject\",\"inLanguage\":\"es\",\"@id\":\"https:\/\/futbolhoy.co\/#\/schema\/person\/image\/\",\"url\":\"https:\/\/secure.gravatar.com\/avatar\/d25959a15b9b293a743f99181c7cfd01?s=96&d=mm&r=g\",\"contentUrl\":\"https:\/\/secure.gravatar.com\/avatar\/d25959a15b9b293a743f99181c7cfd01?s=96&d=mm&r=g\",\"caption\":\"Laura Hern\u00e1ndez\"}}]}<\/script>\n<!-- \/ Yoast SEO plugin. -->","yoast_head_json":{"title":"D\u00edaz ha comenzado incre\u00edblemente: Klopp -","robots":{"index":"index","follow":"follow","max-snippet":"max-snippet:-1","max-image-preview":"max-image-preview:large","max-video-preview":"max-video-preview:-1"},"canonical":"https:\/\/futbolhoy.co\/index.php\/2022\/03\/01\/diaz-ha-comenzado-increiblemente-klopp\/","og_locale":"es_ES","og_type":"article","og_title":"D\u00edaz ha comenzado incre\u00edblemente: Klopp -","og_description":"El t\u00e9cnico del Liverpool, J\u00fcrgen Klopp, continu\u00f3 elogiando el nivel que ha mostrado el goleador colombiano Luis D\u00edaz en su equipo, luego de la conquista de la Copa de la Liga de Inglaterra tras vencer a Chelsea 11-10 en los penales. \u201cNecesitamos este tipo de calidad. No quisimos confundirlo mucho, con demasiada informaci\u00f3n. \u00c9l sabe [&hellip;]","og_url":"https:\/\/futbolhoy.co\/index.php\/2022\/03\/01\/diaz-ha-comenzado-increiblemente-klopp\/","article_publisher":"https:\/\/www.facebook.com\/FutbolHoyCol\/","article_published_time":"2022-03-01T18:12:06+00:00","article_modified_time":"2022-03-02T12:55:28+00:00","og_image":[{"width":680,"height":453,"url":"https:\/\/futbolhoy.co\/wp-content\/uploads\/2022\/03\/FMoI_bmX0Awh90S.jpg","type":"image\/jpeg"}],"author":"Laura Hern\u00e1ndez","twitter_card":"summary_large_image","twitter_creator":"@FutbolHoyCol","twitter_site":"@FutbolHoyCol","twitter_misc":{"Escrito por":"Laura Hern\u00e1ndez","Tiempo de lectura":"1 minuto"},"schema":{"@context":"https:\/\/schema.org","@graph":[{"@type":"Article","@id":"https:\/\/futbolhoy.co\/index.php\/2022\/03\/01\/diaz-ha-comenzado-increiblemente-klopp\/#article","isPartOf":{"@id":"https:\/\/futbolhoy.co\/index.php\/2022\/03\/01\/diaz-ha-comenzado-increiblemente-klopp\/"},"author":{"name":"Laura Hern\u00e1ndez","@id":"https:\/\/futbolhoy.co\/#\/schema\/person\/c4a353a512b127643723a34bb1812f7d"},"headline":"D\u00edaz ha comenzado incre\u00edblemente: Klopp","datePublished":"2022-03-01T18:12:06+00:00","dateModified":"2022-03-02T12:55:28+00:00","mainEntityOfPage":{"@id":"https:\/\/futbolhoy.co\/index.php\/2022\/03\/01\/diaz-ha-comenzado-increiblemente-klopp\/"},"wordCount":202,"commentCount":0,"publisher":{"@id":"https:\/\/futbolhoy.co\/#organization"},"image":{"@id":"https:\/\/futbolhoy.co\/index.php\/2022\/03\/01\/diaz-ha-comenzado-increiblemente-klopp\/#primaryimage"},"thumbnailUrl":"https:\/\/futbolhoy.co\/wp-content\/uploads\/2022\/03\/FMoI_bmX0Awh90S.jpg","articleSection":["Colombia"],"inLanguage":"es","potentialAction":[{"@type":"CommentAction","name":"Comment","target":["https:\/\/futbolhoy.co\/index.php\/2022\/03\/01\/diaz-ha-comenzado-increiblemente-klopp\/#respond"]}]},{"@type":"WebPage","@id":"https:\/\/futbolhoy.co\/index.php\/2022\/03\/01\/diaz-ha-comenzado-increiblemente-klopp\/","url":"https:\/\/futbolhoy.co\/index.php\/2022\/03\/01\/diaz-ha-comenzado-increiblemente-klopp\/","name":"D\u00edaz ha comenzado incre\u00edblemente: Klopp -","isPartOf":{"@id":"https:\/\/futbolhoy.co\/#website"},"primaryImageOfPage":{"@id":"https:\/\/futbolhoy.co\/index.php\/2022\/03\/01\/diaz-ha-comenzado-increiblemente-klopp\/#primaryimage"},"image":{"@id":"https:\/\/futbolhoy.co\/index.php\/2022\/03\/01\/diaz-ha-comenzado-increiblemente-klopp\/#primaryimage"},"thumbnailUrl":"https:\/\/futbolhoy.co\/wp-content\/uploads\/2022\/03\/FMoI_bmX0Awh90S.jpg","datePublished":"2022-03-01T18:12:06+00:00","dateModified":"2022-03-02T12:55:28+00:00","breadcrumb":{"@id":"https:\/\/futbolhoy.co\/index.php\/2022\/03\/01\/diaz-ha-comenzado-increiblemente-klopp\/#breadcrumb"},"inLanguage":"es","potentialAction":[{"@type":"ReadAction","target":["https:\/\/futbolhoy.co\/index.php\/2022\/03\/01\/diaz-ha-comenzado-increiblemente-klopp\/"]}]},{"@type":"ImageObject","inLanguage":"es","@id":"https:\/\/futbolhoy.co\/index.php\/2022\/03\/01\/diaz-ha-comenzado-increiblemente-klopp\/#primaryimage","url":"https:\/\/futbolhoy.co\/wp-content\/uploads\/2022\/03\/FMoI_bmX0Awh90S.jpg","contentUrl":"https:\/\/futbolhoy.co\/wp-content\/uploads\/2022\/03\/FMoI_bmX0Awh90S.jpg","width":680,"height":453},{"@type":"BreadcrumbList","@id":"https:\/\/futbolhoy.co\/index.php\/2022\/03\/01\/diaz-ha-comenzado-increiblemente-klopp\/#breadcrumb","itemListElement":[{"@type":"ListItem","position":1,"name":"Portada","item":"https:\/\/futbolhoy.co\/"},{"@type":"ListItem","position":2,"name":"D\u00edaz ha comenzado incre\u00edblemente: Klopp"}]},{"@type":"WebSite","@id":"https:\/\/futbolhoy.co\/#website","url":"https:\/\/futbolhoy.co\/","name":"FutbolHoy","description":"","publisher":{"@id":"https:\/\/futbolhoy.co\/#organization"},"potentialAction":[{"@type":"SearchAction","target":{"@type":"EntryPoint","urlTemplate":"https:\/\/futbolhoy.co\/?s={search_term_string}"},"query-input":{"@type":"PropertyValueSpecification","valueRequired":true,"valueName":"search_term_string"}}],"inLanguage":"es"},{"@type":"Organization","@id":"https:\/\/futbolhoy.co\/#organization","name":"Futbolhoy.co","url":"https:\/\/futbolhoy.co\/","logo":{"@type":"ImageObject","inLanguage":"es","@id":"https:\/\/futbolhoy.co\/#\/schema\/logo\/image\/","url":"https:\/\/futbolhoy.co\/wp-content\/uploads\/2018\/08\/17426380_1906371736249227_6326180412931521141_n.jpg","contentUrl":"https:\/\/futbolhoy.co\/wp-content\/uploads\/2018\/08\/17426380_1906371736249227_6326180412931521141_n.jpg","width":960,"height":960,"caption":"Futbolhoy.co"},"image":{"@id":"https:\/\/futbolhoy.co\/#\/schema\/logo\/image\/"},"sameAs":["https:\/\/www.facebook.com\/FutbolHoyCol\/","https:\/\/x.com\/FutbolHoyCol","https:\/\/www.instagram.com\/futbolhoycol\/"]},{"@type":"Person","@id":"https:\/\/futbolhoy.co\/#\/schema\/person\/c4a353a512b127643723a34bb1812f7d","name":"Laura Hern\u00e1ndez","image":{"@type":"ImageObject","inLanguage":"es","@id":"https:\/\/futbolhoy.co\/#\/schema\/person\/image\/","url":"https:\/\/secure.gravatar.com\/avatar\/d25959a15b9b293a743f99181c7cfd01?s=96&d=mm&r=g","contentUrl":"https:\/\/secure.gravatar.com\/avatar\/d25959a15b9b293a743f99181c7cfd01?s=96&d=mm&r=g","caption":"Laura Hern\u00e1ndez"}}]}},"publishpress_future_action":{"enabled":false,"date":"2026-05-06 00:51:55","action":"change-status","newStatus":"draft","terms":[],"taxonomy":"category","extraData":[]},"publishpress_future_workflow_manual_trigger":{"enabledWorkflows":[]},"_links":{"self":[{"href":"https:\/\/futbolhoy.co\/index.php\/wp-json\/wp\/v2\/posts\/76731","targetHints":{"allow":["GET"]}}],"collection":[{"href":"https:\/\/futbolhoy.co\/index.php\/wp-json\/wp\/v2\/posts"}],"about":[{"href":"https:\/\/futbolhoy.co\/index.php\/wp-json\/wp\/v2\/types\/post"}],"author":[{"embeddable":true,"href":"https:\/\/futbolhoy.co\/index.php\/wp-json\/wp\/v2\/users\/5"}],"replies":[{"embeddable":true,"href":"https:\/\/futbolhoy.co\/index.php\/wp-json\/wp\/v2\/comments?post=76731"}],"version-history":[{"count":2,"href":"https:\/\/futbolhoy.co\/index.php\/wp-json\/wp\/v2\/posts\/76731\/revisions"}],"predecessor-version":[{"id":76763,"href":"https:\/\/futbolhoy.co\/index.php\/wp-json\/wp\/v2\/posts\/76731\/revisions\/76763"}],"wp:featuredmedia":[{"embeddable":true,"href":"https:\/\/futbolhoy.co\/index.php\/wp-json\/wp\/v2\/media\/76732"}],"wp:attachment":[{"href":"https:\/\/futbolhoy.co\/index.php\/wp-json\/wp\/v2\/media?parent=76731"}],"wp:term":[{"taxonomy":"category","embeddable":true,"href":"https:\/\/futbolhoy.co\/index.php\/wp-json\/wp\/v2\/categories?post=76731"},{"taxonomy":"post_tag","embeddable":true,"href":"https:\/\/futbolhoy.co\/index.php\/wp-json\/wp\/v2\/tags?post=76731"}],"curies":[{"name":"wp","href":"https:\/\/api.w.org\/{rel}","templated":true}]}}