{"id":76743,"date":"2022-03-01T16:52:05","date_gmt":"2022-03-01T21:52:05","guid":{"rendered":"https:\/\/futbolhoy.co\/?p=76743"},"modified":"2022-03-02T10:16:55","modified_gmt":"2022-03-02T15:16:55","slug":"herrera-tecnico-encargado-de-nacional","status":"publish","type":"post","link":"https:\/\/futbolhoy.co\/index.php\/2022\/03\/01\/herrera-tecnico-encargado-de-nacional\/","title":{"rendered":"Herrera, t\u00e9cnico encargado de Nacional"},"content":{"rendered":"<!--[if lt IE 9]><script>document.createElement('audio');<\/script><![endif]-->\n<audio class=\"wp-audio-shortcode\" id=\"audio-76743-1\" preload=\"none\" style=\"width: 100%;\" controls=\"controls\"><source type=\"audio\/mpeg\" src=\"https:\/\/futbolhoy.co\/wp-content\/uploads\/2022\/03\/Hernan-Dario-Herrera-DT-encargado-de-Atletico-Nacional..mp3?_=1\" \/><a href=\"https:\/\/futbolhoy.co\/wp-content\/uploads\/2022\/03\/Hernan-Dario-Herrera-DT-encargado-de-Atletico-Nacional..mp3\">https:\/\/futbolhoy.co\/wp-content\/uploads\/2022\/03\/Hernan-Dario-Herrera-DT-encargado-de-Atletico-Nacional..mp3<\/a><\/audio>\n<p>&nbsp;<\/p>\n<p style=\"text-align: justify;\"><span lang=\"ES-MX\" style=\"font-family: helvetica, arial, sans-serif;\">El antioque\u00f1o <b>Hern\u00e1n Dar\u00edo Herrera<\/b>\u00a0fue encargado de la direcci\u00f3n t\u00e9cnica del primer equipo de\u00a0<b>Atl\u00e9tico Nacional<\/b>, ante la destituci\u00f3n de\u00a0<b>Alejandro Restrepo<\/b>.<\/span><\/p>\n<p style=\"text-align: justify;\"><span lang=\"ES-MX\" style=\"font-family: helvetica, arial, sans-serif;\">\u2018<b>El Arriero\u2019 Herrera<\/b>, a sus 64 a\u00f1os, regresa como entrenador del\u00a0<b>\u2018verde antioque\u00f1o\u2019<\/b>, club al que ya dirigi\u00f3 en 2018 y lo sac\u00f3 campe\u00f3n de la\u00a0<b>Copa Colombia.<\/b><\/span><\/p>\n<p style=\"text-align: justify;\"><span lang=\"ES-MX\" style=\"font-family: helvetica, arial, sans-serif;\">\u201cNo estoy preocupado por\u00a0<b>Hern\u00e1n Crespo<\/b>, Pedro o Juan; estoy preocupado por ganarle a\u00a0<b>Olimpia<\/b>. Quiero que este partido se disfrute, que la hinchada lo disfrute y que apoye, es lo que necesitamos, porque esto es de todos, no de Hern\u00e1n Dar\u00edo Herrera. Para m\u00ed el golpe es ganarle a Olimpia, remontar ese marcador, clasificar y ya lo que venga, estoy mentalizado para todo\u201d, declar\u00f3 Herrera.<\/span><\/p>\n<p style=\"text-align: justify;\"><span lang=\"ES-MX\" style=\"font-family: helvetica, arial, sans-serif;\">Nacional recibir\u00e1 este jueves a\u00a0<b>Olimpia de Paraguay<\/b>\u00a0en la vuelta por la segunda fase de la\u00a0<b>Copa Libertadores<\/b>\u00a0en la serie que pierde 3-1.<\/span><\/p>\n","protected":false},"excerpt":{"rendered":"<p>&nbsp; El antioque\u00f1o Hern\u00e1n Dar\u00edo Herrera\u00a0fue encargado de la direcci\u00f3n t\u00e9cnica del primer equipo de\u00a0Atl\u00e9tico Nacional, ante la destituci\u00f3n de\u00a0Alejandro Restrepo. \u2018El Arriero\u2019 Herrera, a sus 64 a\u00f1os, regresa como entrenador del\u00a0\u2018verde antioque\u00f1o\u2019, club al que ya dirigi\u00f3 en 2018 y lo sac\u00f3 campe\u00f3n de la\u00a0Copa Colombia. \u201cNo estoy preocupado por\u00a0Hern\u00e1n Crespo, Pedro o Juan; [&hellip;]<\/p>\n","protected":false},"author":5,"featured_media":76745,"comment_status":"open","ping_status":"open","sticky":false,"template":"","format":"video","meta":{"_acf_changed":false,"footnotes":""},"categories":[7],"tags":[],"class_list":{"0":"post-76743","1":"post","2":"type-post","3":"status-publish","4":"format-video","5":"has-post-thumbnail","7":"category-liga-betplay","8":"post_format-post-format-video"},"acf":[],"yoast_head":"<!-- This site is optimized with the Yoast SEO plugin v26.8 - https:\/\/yoast.com\/product\/yoast-seo-wordpress\/ -->\n<title>Herrera, t\u00e9cnico encargado de Nacional -<\/title>\n<meta name=\"robots\" content=\"index, follow, max-snippet:-1, max-image-preview:large, max-video-preview:-1\" \/>\n<link rel=\"canonical\" href=\"https:\/\/futbolhoy.co\/index.php\/2022\/03\/01\/herrera-tecnico-encargado-de-nacional\/\" \/>\n<meta property=\"og:locale\" content=\"es_ES\" \/>\n<meta property=\"og:type\" content=\"article\" \/>\n<meta property=\"og:title\" content=\"Herrera, t\u00e9cnico encargado de Nacional -\" \/>\n<meta property=\"og:description\" content=\"&nbsp; El antioque\u00f1o Hern\u00e1n Dar\u00edo Herrera\u00a0fue encargado de la direcci\u00f3n t\u00e9cnica del primer equipo de\u00a0Atl\u00e9tico Nacional, ante la destituci\u00f3n de\u00a0Alejandro Restrepo. \u2018El Arriero\u2019 Herrera, a sus 64 a\u00f1os, regresa como entrenador del\u00a0\u2018verde antioque\u00f1o\u2019, club al que ya dirigi\u00f3 en 2018 y lo sac\u00f3 campe\u00f3n de la\u00a0Copa Colombia. \u201cNo estoy preocupado por\u00a0Hern\u00e1n Crespo, Pedro o Juan; [&hellip;]\" \/>\n<meta property=\"og:url\" content=\"https:\/\/futbolhoy.co\/index.php\/2022\/03\/01\/herrera-tecnico-encargado-de-nacional\/\" \/>\n<meta property=\"article:publisher\" content=\"https:\/\/www.facebook.com\/FutbolHoyCol\/\" \/>\n<meta property=\"article:published_time\" content=\"2022-03-01T21:52:05+00:00\" \/>\n<meta property=\"article:modified_time\" content=\"2022-03-02T15:16:55+00:00\" \/>\n<meta property=\"og:image\" content=\"https:\/\/futbolhoy.co\/wp-content\/uploads\/2022\/03\/20220301_165124.jpg\" \/>\n\t<meta property=\"og:image:width\" content=\"2048\" \/>\n\t<meta property=\"og:image:height\" content=\"1152\" \/>\n\t<meta property=\"og:image:type\" content=\"image\/jpeg\" \/>\n<meta name=\"author\" content=\"Laura Hern\u00e1ndez\" \/>\n<meta name=\"twitter:card\" content=\"summary_large_image\" \/>\n<meta name=\"twitter:creator\" content=\"@FutbolHoyCol\" \/>\n<meta name=\"twitter:site\" content=\"@FutbolHoyCol\" \/>\n<meta name=\"twitter:label1\" content=\"Escrito por\" \/>\n\t<meta name=\"twitter:data1\" content=\"Laura Hern\u00e1ndez\" \/>\n\t<meta name=\"twitter:label2\" content=\"Tiempo de lectura\" \/>\n\t<meta name=\"twitter:data2\" content=\"1 minuto\" \/>\n<script type=\"application\/ld+json\" class=\"yoast-schema-graph\">{\"@context\":\"https:\/\/schema.org\",\"@graph\":[{\"@type\":\"Article\",\"@id\":\"https:\/\/futbolhoy.co\/index.php\/2022\/03\/01\/herrera-tecnico-encargado-de-nacional\/#article\",\"isPartOf\":{\"@id\":\"https:\/\/futbolhoy.co\/index.php\/2022\/03\/01\/herrera-tecnico-encargado-de-nacional\/\"},\"author\":{\"name\":\"Laura Hern\u00e1ndez\",\"@id\":\"https:\/\/futbolhoy.co\/#\/schema\/person\/c4a353a512b127643723a34bb1812f7d\"},\"headline\":\"Herrera, t\u00e9cnico encargado de Nacional\",\"datePublished\":\"2022-03-01T21:52:05+00:00\",\"dateModified\":\"2022-03-02T15:16:55+00:00\",\"mainEntityOfPage\":{\"@id\":\"https:\/\/futbolhoy.co\/index.php\/2022\/03\/01\/herrera-tecnico-encargado-de-nacional\/\"},\"wordCount\":170,\"commentCount\":0,\"publisher\":{\"@id\":\"https:\/\/futbolhoy.co\/#organization\"},\"image\":{\"@id\":\"https:\/\/futbolhoy.co\/index.php\/2022\/03\/01\/herrera-tecnico-encargado-de-nacional\/#primaryimage\"},\"thumbnailUrl\":\"https:\/\/futbolhoy.co\/wp-content\/uploads\/2022\/03\/20220301_165124.jpg\",\"articleSection\":[\"Liga BetPlay\"],\"inLanguage\":\"es\",\"potentialAction\":[{\"@type\":\"CommentAction\",\"name\":\"Comment\",\"target\":[\"https:\/\/futbolhoy.co\/index.php\/2022\/03\/01\/herrera-tecnico-encargado-de-nacional\/#respond\"]}]},{\"@type\":\"WebPage\",\"@id\":\"https:\/\/futbolhoy.co\/index.php\/2022\/03\/01\/herrera-tecnico-encargado-de-nacional\/\",\"url\":\"https:\/\/futbolhoy.co\/index.php\/2022\/03\/01\/herrera-tecnico-encargado-de-nacional\/\",\"name\":\"Herrera, t\u00e9cnico encargado de Nacional -\",\"isPartOf\":{\"@id\":\"https:\/\/futbolhoy.co\/#website\"},\"primaryImageOfPage\":{\"@id\":\"https:\/\/futbolhoy.co\/index.php\/2022\/03\/01\/herrera-tecnico-encargado-de-nacional\/#primaryimage\"},\"image\":{\"@id\":\"https:\/\/futbolhoy.co\/index.php\/2022\/03\/01\/herrera-tecnico-encargado-de-nacional\/#primaryimage\"},\"thumbnailUrl\":\"https:\/\/futbolhoy.co\/wp-content\/uploads\/2022\/03\/20220301_165124.jpg\",\"datePublished\":\"2022-03-01T21:52:05+00:00\",\"dateModified\":\"2022-03-02T15:16:55+00:00\",\"breadcrumb\":{\"@id\":\"https:\/\/futbolhoy.co\/index.php\/2022\/03\/01\/herrera-tecnico-encargado-de-nacional\/#breadcrumb\"},\"inLanguage\":\"es\",\"potentialAction\":[{\"@type\":\"ReadAction\",\"target\":[\"https:\/\/futbolhoy.co\/index.php\/2022\/03\/01\/herrera-tecnico-encargado-de-nacional\/\"]}]},{\"@type\":\"ImageObject\",\"inLanguage\":\"es\",\"@id\":\"https:\/\/futbolhoy.co\/index.php\/2022\/03\/01\/herrera-tecnico-encargado-de-nacional\/#primaryimage\",\"url\":\"https:\/\/futbolhoy.co\/wp-content\/uploads\/2022\/03\/20220301_165124.jpg\",\"contentUrl\":\"https:\/\/futbolhoy.co\/wp-content\/uploads\/2022\/03\/20220301_165124.jpg\",\"width\":2048,\"height\":1152},{\"@type\":\"BreadcrumbList\",\"@id\":\"https:\/\/futbolhoy.co\/index.php\/2022\/03\/01\/herrera-tecnico-encargado-de-nacional\/#breadcrumb\",\"itemListElement\":[{\"@type\":\"ListItem\",\"position\":1,\"name\":\"Portada\",\"item\":\"https:\/\/futbolhoy.co\/\"},{\"@type\":\"ListItem\",\"position\":2,\"name\":\"Herrera, t\u00e9cnico encargado de Nacional\"}]},{\"@type\":\"WebSite\",\"@id\":\"https:\/\/futbolhoy.co\/#website\",\"url\":\"https:\/\/futbolhoy.co\/\",\"name\":\"FutbolHoy\",\"description\":\"\",\"publisher\":{\"@id\":\"https:\/\/futbolhoy.co\/#organization\"},\"potentialAction\":[{\"@type\":\"SearchAction\",\"target\":{\"@type\":\"EntryPoint\",\"urlTemplate\":\"https:\/\/futbolhoy.co\/?s={search_term_string}\"},\"query-input\":{\"@type\":\"PropertyValueSpecification\",\"valueRequired\":true,\"valueName\":\"search_term_string\"}}],\"inLanguage\":\"es\"},{\"@type\":\"Organization\",\"@id\":\"https:\/\/futbolhoy.co\/#organization\",\"name\":\"Futbolhoy.co\",\"url\":\"https:\/\/futbolhoy.co\/\",\"logo\":{\"@type\":\"ImageObject\",\"inLanguage\":\"es\",\"@id\":\"https:\/\/futbolhoy.co\/#\/schema\/logo\/image\/\",\"url\":\"https:\/\/futbolhoy.co\/wp-content\/uploads\/2018\/08\/17426380_1906371736249227_6326180412931521141_n.jpg\",\"contentUrl\":\"https:\/\/futbolhoy.co\/wp-content\/uploads\/2018\/08\/17426380_1906371736249227_6326180412931521141_n.jpg\",\"width\":960,\"height\":960,\"caption\":\"Futbolhoy.co\"},\"image\":{\"@id\":\"https:\/\/futbolhoy.co\/#\/schema\/logo\/image\/\"},\"sameAs\":[\"https:\/\/www.facebook.com\/FutbolHoyCol\/\",\"https:\/\/x.com\/FutbolHoyCol\",\"https:\/\/www.instagram.com\/futbolhoycol\/\"]},{\"@type\":\"Person\",\"@id\":\"https:\/\/futbolhoy.co\/#\/schema\/person\/c4a353a512b127643723a34bb1812f7d\",\"name\":\"Laura Hern\u00e1ndez\",\"image\":{\"@type\":\"ImageObject\",\"inLanguage\":\"es\",\"@id\":\"https:\/\/futbolhoy.co\/#\/schema\/person\/image\/\",\"url\":\"https:\/\/secure.gravatar.com\/avatar\/d25959a15b9b293a743f99181c7cfd01?s=96&d=mm&r=g\",\"contentUrl\":\"https:\/\/secure.gravatar.com\/avatar\/d25959a15b9b293a743f99181c7cfd01?s=96&d=mm&r=g\",\"caption\":\"Laura Hern\u00e1ndez\"}}]}<\/script>\n<!-- \/ Yoast SEO plugin. -->","yoast_head_json":{"title":"Herrera, t\u00e9cnico encargado de Nacional -","robots":{"index":"index","follow":"follow","max-snippet":"max-snippet:-1","max-image-preview":"max-image-preview:large","max-video-preview":"max-video-preview:-1"},"canonical":"https:\/\/futbolhoy.co\/index.php\/2022\/03\/01\/herrera-tecnico-encargado-de-nacional\/","og_locale":"es_ES","og_type":"article","og_title":"Herrera, t\u00e9cnico encargado de Nacional -","og_description":"&nbsp; El antioque\u00f1o Hern\u00e1n Dar\u00edo Herrera\u00a0fue encargado de la direcci\u00f3n t\u00e9cnica del primer equipo de\u00a0Atl\u00e9tico Nacional, ante la destituci\u00f3n de\u00a0Alejandro Restrepo. \u2018El Arriero\u2019 Herrera, a sus 64 a\u00f1os, regresa como entrenador del\u00a0\u2018verde antioque\u00f1o\u2019, club al que ya dirigi\u00f3 en 2018 y lo sac\u00f3 campe\u00f3n de la\u00a0Copa Colombia. \u201cNo estoy preocupado por\u00a0Hern\u00e1n Crespo, Pedro o Juan; [&hellip;]","og_url":"https:\/\/futbolhoy.co\/index.php\/2022\/03\/01\/herrera-tecnico-encargado-de-nacional\/","article_publisher":"https:\/\/www.facebook.com\/FutbolHoyCol\/","article_published_time":"2022-03-01T21:52:05+00:00","article_modified_time":"2022-03-02T15:16:55+00:00","og_image":[{"width":2048,"height":1152,"url":"https:\/\/futbolhoy.co\/wp-content\/uploads\/2022\/03\/20220301_165124.jpg","type":"image\/jpeg"}],"author":"Laura Hern\u00e1ndez","twitter_card":"summary_large_image","twitter_creator":"@FutbolHoyCol","twitter_site":"@FutbolHoyCol","twitter_misc":{"Escrito por":"Laura Hern\u00e1ndez","Tiempo de lectura":"1 minuto"},"schema":{"@context":"https:\/\/schema.org","@graph":[{"@type":"Article","@id":"https:\/\/futbolhoy.co\/index.php\/2022\/03\/01\/herrera-tecnico-encargado-de-nacional\/#article","isPartOf":{"@id":"https:\/\/futbolhoy.co\/index.php\/2022\/03\/01\/herrera-tecnico-encargado-de-nacional\/"},"author":{"name":"Laura Hern\u00e1ndez","@id":"https:\/\/futbolhoy.co\/#\/schema\/person\/c4a353a512b127643723a34bb1812f7d"},"headline":"Herrera, t\u00e9cnico encargado de Nacional","datePublished":"2022-03-01T21:52:05+00:00","dateModified":"2022-03-02T15:16:55+00:00","mainEntityOfPage":{"@id":"https:\/\/futbolhoy.co\/index.php\/2022\/03\/01\/herrera-tecnico-encargado-de-nacional\/"},"wordCount":170,"commentCount":0,"publisher":{"@id":"https:\/\/futbolhoy.co\/#organization"},"image":{"@id":"https:\/\/futbolhoy.co\/index.php\/2022\/03\/01\/herrera-tecnico-encargado-de-nacional\/#primaryimage"},"thumbnailUrl":"https:\/\/futbolhoy.co\/wp-content\/uploads\/2022\/03\/20220301_165124.jpg","articleSection":["Liga BetPlay"],"inLanguage":"es","potentialAction":[{"@type":"CommentAction","name":"Comment","target":["https:\/\/futbolhoy.co\/index.php\/2022\/03\/01\/herrera-tecnico-encargado-de-nacional\/#respond"]}]},{"@type":"WebPage","@id":"https:\/\/futbolhoy.co\/index.php\/2022\/03\/01\/herrera-tecnico-encargado-de-nacional\/","url":"https:\/\/futbolhoy.co\/index.php\/2022\/03\/01\/herrera-tecnico-encargado-de-nacional\/","name":"Herrera, t\u00e9cnico encargado de Nacional -","isPartOf":{"@id":"https:\/\/futbolhoy.co\/#website"},"primaryImageOfPage":{"@id":"https:\/\/futbolhoy.co\/index.php\/2022\/03\/01\/herrera-tecnico-encargado-de-nacional\/#primaryimage"},"image":{"@id":"https:\/\/futbolhoy.co\/index.php\/2022\/03\/01\/herrera-tecnico-encargado-de-nacional\/#primaryimage"},"thumbnailUrl":"https:\/\/futbolhoy.co\/wp-content\/uploads\/2022\/03\/20220301_165124.jpg","datePublished":"2022-03-01T21:52:05+00:00","dateModified":"2022-03-02T15:16:55+00:00","breadcrumb":{"@id":"https:\/\/futbolhoy.co\/index.php\/2022\/03\/01\/herrera-tecnico-encargado-de-nacional\/#breadcrumb"},"inLanguage":"es","potentialAction":[{"@type":"ReadAction","target":["https:\/\/futbolhoy.co\/index.php\/2022\/03\/01\/herrera-tecnico-encargado-de-nacional\/"]}]},{"@type":"ImageObject","inLanguage":"es","@id":"https:\/\/futbolhoy.co\/index.php\/2022\/03\/01\/herrera-tecnico-encargado-de-nacional\/#primaryimage","url":"https:\/\/futbolhoy.co\/wp-content\/uploads\/2022\/03\/20220301_165124.jpg","contentUrl":"https:\/\/futbolhoy.co\/wp-content\/uploads\/2022\/03\/20220301_165124.jpg","width":2048,"height":1152},{"@type":"BreadcrumbList","@id":"https:\/\/futbolhoy.co\/index.php\/2022\/03\/01\/herrera-tecnico-encargado-de-nacional\/#breadcrumb","itemListElement":[{"@type":"ListItem","position":1,"name":"Portada","item":"https:\/\/futbolhoy.co\/"},{"@type":"ListItem","position":2,"name":"Herrera, t\u00e9cnico encargado de Nacional"}]},{"@type":"WebSite","@id":"https:\/\/futbolhoy.co\/#website","url":"https:\/\/futbolhoy.co\/","name":"FutbolHoy","description":"","publisher":{"@id":"https:\/\/futbolhoy.co\/#organization"},"potentialAction":[{"@type":"SearchAction","target":{"@type":"EntryPoint","urlTemplate":"https:\/\/futbolhoy.co\/?s={search_term_string}"},"query-input":{"@type":"PropertyValueSpecification","valueRequired":true,"valueName":"search_term_string"}}],"inLanguage":"es"},{"@type":"Organization","@id":"https:\/\/futbolhoy.co\/#organization","name":"Futbolhoy.co","url":"https:\/\/futbolhoy.co\/","logo":{"@type":"ImageObject","inLanguage":"es","@id":"https:\/\/futbolhoy.co\/#\/schema\/logo\/image\/","url":"https:\/\/futbolhoy.co\/wp-content\/uploads\/2018\/08\/17426380_1906371736249227_6326180412931521141_n.jpg","contentUrl":"https:\/\/futbolhoy.co\/wp-content\/uploads\/2018\/08\/17426380_1906371736249227_6326180412931521141_n.jpg","width":960,"height":960,"caption":"Futbolhoy.co"},"image":{"@id":"https:\/\/futbolhoy.co\/#\/schema\/logo\/image\/"},"sameAs":["https:\/\/www.facebook.com\/FutbolHoyCol\/","https:\/\/x.com\/FutbolHoyCol","https:\/\/www.instagram.com\/futbolhoycol\/"]},{"@type":"Person","@id":"https:\/\/futbolhoy.co\/#\/schema\/person\/c4a353a512b127643723a34bb1812f7d","name":"Laura Hern\u00e1ndez","image":{"@type":"ImageObject","inLanguage":"es","@id":"https:\/\/futbolhoy.co\/#\/schema\/person\/image\/","url":"https:\/\/secure.gravatar.com\/avatar\/d25959a15b9b293a743f99181c7cfd01?s=96&d=mm&r=g","contentUrl":"https:\/\/secure.gravatar.com\/avatar\/d25959a15b9b293a743f99181c7cfd01?s=96&d=mm&r=g","caption":"Laura Hern\u00e1ndez"}}]}},"publishpress_future_action":{"enabled":false,"date":"2026-05-05 14:43:38","action":"change-status","newStatus":"draft","terms":[],"taxonomy":"category","extraData":[]},"publishpress_future_workflow_manual_trigger":{"enabledWorkflows":[]},"_links":{"self":[{"href":"https:\/\/futbolhoy.co\/index.php\/wp-json\/wp\/v2\/posts\/76743","targetHints":{"allow":["GET"]}}],"collection":[{"href":"https:\/\/futbolhoy.co\/index.php\/wp-json\/wp\/v2\/posts"}],"about":[{"href":"https:\/\/futbolhoy.co\/index.php\/wp-json\/wp\/v2\/types\/post"}],"author":[{"embeddable":true,"href":"https:\/\/futbolhoy.co\/index.php\/wp-json\/wp\/v2\/users\/5"}],"replies":[{"embeddable":true,"href":"https:\/\/futbolhoy.co\/index.php\/wp-json\/wp\/v2\/comments?post=76743"}],"version-history":[{"count":1,"href":"https:\/\/futbolhoy.co\/index.php\/wp-json\/wp\/v2\/posts\/76743\/revisions"}],"predecessor-version":[{"id":76746,"href":"https:\/\/futbolhoy.co\/index.php\/wp-json\/wp\/v2\/posts\/76743\/revisions\/76746"}],"wp:featuredmedia":[{"embeddable":true,"href":"https:\/\/futbolhoy.co\/index.php\/wp-json\/wp\/v2\/media\/76745"}],"wp:attachment":[{"href":"https:\/\/futbolhoy.co\/index.php\/wp-json\/wp\/v2\/media?parent=76743"}],"wp:term":[{"taxonomy":"category","embeddable":true,"href":"https:\/\/futbolhoy.co\/index.php\/wp-json\/wp\/v2\/categories?post=76743"},{"taxonomy":"post_tag","embeddable":true,"href":"https:\/\/futbolhoy.co\/index.php\/wp-json\/wp\/v2\/tags?post=76743"}],"curies":[{"name":"wp","href":"https:\/\/api.w.org\/{rel}","templated":true}]}}