{"id":76766,"date":"2022-03-02T10:19:14","date_gmt":"2022-03-02T15:19:14","guid":{"rendered":"https:\/\/futbolhoy.co\/?p=76766"},"modified":"2022-03-03T10:26:31","modified_gmt":"2022-03-03T15:26:31","slug":"falcao-se-perdera-la-copa-del-rey","status":"publish","type":"post","link":"https:\/\/futbolhoy.co\/index.php\/2022\/03\/02\/falcao-se-perdera-la-copa-del-rey\/","title":{"rendered":"Falcao se perder\u00e1 la Copa del Rey"},"content":{"rendered":"<p style=\"text-align: justify;\"><span lang=\"ES-MX\" style=\"font-family: helvetica, arial, sans-serif;\">El delantero colombiano\u00a0<b>Falcao Garc\u00eda<\/b>\u00a0sufre un pinchazo en un gemelo y su presencia con el\u00a0<b>Rayo Vallecano<\/b>\u00a0en el partido de semifinales de la\u00a0<b>Copa del Rey<\/b>\u00a0frente al\u00a0<b>Betis<\/b>\u00a0este jueves est\u00e1 descartada, seg\u00fan anunci\u00f3 el t\u00e9cnico\u00a0<b>Andoni Iraola.<\/b><\/span><\/p>\n<p style=\"text-align: justify;\"><span lang=\"ES-MX\" style=\"font-family: helvetica, arial, sans-serif;\">El problema f\u00edsico de <strong>Falcao<\/strong> supone un contratiempo importante para <strong>Iraola<\/strong> que, al no poder contar finalmente con el samario, tendr\u00e1 que buscar otras variantes para su ataque, m\u00e1s considerando que pierden la serie 2-1.<\/span><\/p>\n<p style=\"text-align: justify;\"><span lang=\"ES-MX\" style=\"font-family: helvetica, arial, sans-serif;\">\"Radamel tiene una lesi\u00f3n muscular peque\u00f1ita y ah\u00ed no hay opci\u00f3n de poder arriesgar. El tema muscular hay que esperar a que cicatrice y hasta eso no podr\u00e1 estar con nosotros\", dijo Iraola en conferencia de prensa.<\/span><\/p>\n<p style=\"text-align: justify;\"><span lang=\"ES-MX\" style=\"font-family: helvetica, arial, sans-serif;\">Falcao, quien lleva doce partidos sin marcar, ha disputado esta temporada 20 partidos oficiales con el Rayo, ocho como titular, y ha marcado cinco goles.<\/span><\/p>\n","protected":false},"excerpt":{"rendered":"<p>El delantero colombiano\u00a0Falcao Garc\u00eda\u00a0sufre un pinchazo en un gemelo y su presencia con el\u00a0Rayo Vallecano\u00a0en el partido de semifinales de la\u00a0Copa del Rey\u00a0frente al\u00a0Betis\u00a0este jueves est\u00e1 descartada, seg\u00fan anunci\u00f3 el t\u00e9cnico\u00a0Andoni Iraola. El problema f\u00edsico de Falcao supone un contratiempo importante para Iraola que, al no poder contar finalmente con el samario, tendr\u00e1 que buscar [&hellip;]<\/p>\n","protected":false},"author":5,"featured_media":76767,"comment_status":"open","ping_status":"open","sticky":false,"template":"","format":"standard","meta":{"_acf_changed":false,"footnotes":""},"categories":[418],"tags":[],"class_list":{"0":"post-76766","1":"post","2":"type-post","3":"status-publish","4":"format-standard","5":"has-post-thumbnail","7":"category-colombia"},"acf":[],"yoast_head":"<!-- This site is optimized with the Yoast SEO plugin v26.8 - https:\/\/yoast.com\/product\/yoast-seo-wordpress\/ -->\n<title>Falcao se perder\u00e1 la Copa del Rey -<\/title>\n<meta name=\"robots\" content=\"index, follow, max-snippet:-1, max-image-preview:large, max-video-preview:-1\" \/>\n<link rel=\"canonical\" href=\"https:\/\/futbolhoy.co\/index.php\/2022\/03\/02\/falcao-se-perdera-la-copa-del-rey\/\" \/>\n<meta property=\"og:locale\" content=\"es_ES\" \/>\n<meta property=\"og:type\" content=\"article\" \/>\n<meta property=\"og:title\" content=\"Falcao se perder\u00e1 la Copa del Rey -\" \/>\n<meta property=\"og:description\" content=\"El delantero colombiano\u00a0Falcao Garc\u00eda\u00a0sufre un pinchazo en un gemelo y su presencia con el\u00a0Rayo Vallecano\u00a0en el partido de semifinales de la\u00a0Copa del Rey\u00a0frente al\u00a0Betis\u00a0este jueves est\u00e1 descartada, seg\u00fan anunci\u00f3 el t\u00e9cnico\u00a0Andoni Iraola. El problema f\u00edsico de Falcao supone un contratiempo importante para Iraola que, al no poder contar finalmente con el samario, tendr\u00e1 que buscar [&hellip;]\" \/>\n<meta property=\"og:url\" content=\"https:\/\/futbolhoy.co\/index.php\/2022\/03\/02\/falcao-se-perdera-la-copa-del-rey\/\" \/>\n<meta property=\"article:publisher\" content=\"https:\/\/www.facebook.com\/FutbolHoyCol\/\" \/>\n<meta property=\"article:published_time\" content=\"2022-03-02T15:19:14+00:00\" \/>\n<meta property=\"article:modified_time\" content=\"2022-03-03T15:26:31+00:00\" \/>\n<meta property=\"og:image\" content=\"https:\/\/futbolhoy.co\/wp-content\/uploads\/2022\/03\/FM2VpKcXsAQS_sq.jpg\" \/>\n\t<meta property=\"og:image:width\" content=\"680\" \/>\n\t<meta property=\"og:image:height\" content=\"454\" \/>\n\t<meta property=\"og:image:type\" content=\"image\/jpeg\" \/>\n<meta name=\"author\" content=\"Laura Hern\u00e1ndez\" \/>\n<meta name=\"twitter:card\" content=\"summary_large_image\" \/>\n<meta name=\"twitter:creator\" content=\"@FutbolHoyCol\" \/>\n<meta name=\"twitter:site\" content=\"@FutbolHoyCol\" \/>\n<meta name=\"twitter:label1\" content=\"Escrito por\" \/>\n\t<meta name=\"twitter:data1\" content=\"Laura Hern\u00e1ndez\" \/>\n\t<meta name=\"twitter:label2\" content=\"Tiempo de lectura\" \/>\n\t<meta name=\"twitter:data2\" content=\"1 minuto\" \/>\n<script type=\"application\/ld+json\" class=\"yoast-schema-graph\">{\"@context\":\"https:\/\/schema.org\",\"@graph\":[{\"@type\":\"Article\",\"@id\":\"https:\/\/futbolhoy.co\/index.php\/2022\/03\/02\/falcao-se-perdera-la-copa-del-rey\/#article\",\"isPartOf\":{\"@id\":\"https:\/\/futbolhoy.co\/index.php\/2022\/03\/02\/falcao-se-perdera-la-copa-del-rey\/\"},\"author\":{\"name\":\"Laura Hern\u00e1ndez\",\"@id\":\"https:\/\/futbolhoy.co\/#\/schema\/person\/c4a353a512b127643723a34bb1812f7d\"},\"headline\":\"Falcao se perder\u00e1 la Copa del Rey\",\"datePublished\":\"2022-03-02T15:19:14+00:00\",\"dateModified\":\"2022-03-03T15:26:31+00:00\",\"mainEntityOfPage\":{\"@id\":\"https:\/\/futbolhoy.co\/index.php\/2022\/03\/02\/falcao-se-perdera-la-copa-del-rey\/\"},\"wordCount\":152,\"commentCount\":0,\"publisher\":{\"@id\":\"https:\/\/futbolhoy.co\/#organization\"},\"image\":{\"@id\":\"https:\/\/futbolhoy.co\/index.php\/2022\/03\/02\/falcao-se-perdera-la-copa-del-rey\/#primaryimage\"},\"thumbnailUrl\":\"https:\/\/futbolhoy.co\/wp-content\/uploads\/2022\/03\/FM2VpKcXsAQS_sq.jpg\",\"articleSection\":[\"Colombia\"],\"inLanguage\":\"es\",\"potentialAction\":[{\"@type\":\"CommentAction\",\"name\":\"Comment\",\"target\":[\"https:\/\/futbolhoy.co\/index.php\/2022\/03\/02\/falcao-se-perdera-la-copa-del-rey\/#respond\"]}]},{\"@type\":\"WebPage\",\"@id\":\"https:\/\/futbolhoy.co\/index.php\/2022\/03\/02\/falcao-se-perdera-la-copa-del-rey\/\",\"url\":\"https:\/\/futbolhoy.co\/index.php\/2022\/03\/02\/falcao-se-perdera-la-copa-del-rey\/\",\"name\":\"Falcao se perder\u00e1 la Copa del Rey -\",\"isPartOf\":{\"@id\":\"https:\/\/futbolhoy.co\/#website\"},\"primaryImageOfPage\":{\"@id\":\"https:\/\/futbolhoy.co\/index.php\/2022\/03\/02\/falcao-se-perdera-la-copa-del-rey\/#primaryimage\"},\"image\":{\"@id\":\"https:\/\/futbolhoy.co\/index.php\/2022\/03\/02\/falcao-se-perdera-la-copa-del-rey\/#primaryimage\"},\"thumbnailUrl\":\"https:\/\/futbolhoy.co\/wp-content\/uploads\/2022\/03\/FM2VpKcXsAQS_sq.jpg\",\"datePublished\":\"2022-03-02T15:19:14+00:00\",\"dateModified\":\"2022-03-03T15:26:31+00:00\",\"breadcrumb\":{\"@id\":\"https:\/\/futbolhoy.co\/index.php\/2022\/03\/02\/falcao-se-perdera-la-copa-del-rey\/#breadcrumb\"},\"inLanguage\":\"es\",\"potentialAction\":[{\"@type\":\"ReadAction\",\"target\":[\"https:\/\/futbolhoy.co\/index.php\/2022\/03\/02\/falcao-se-perdera-la-copa-del-rey\/\"]}]},{\"@type\":\"ImageObject\",\"inLanguage\":\"es\",\"@id\":\"https:\/\/futbolhoy.co\/index.php\/2022\/03\/02\/falcao-se-perdera-la-copa-del-rey\/#primaryimage\",\"url\":\"https:\/\/futbolhoy.co\/wp-content\/uploads\/2022\/03\/FM2VpKcXsAQS_sq.jpg\",\"contentUrl\":\"https:\/\/futbolhoy.co\/wp-content\/uploads\/2022\/03\/FM2VpKcXsAQS_sq.jpg\",\"width\":680,\"height\":454},{\"@type\":\"BreadcrumbList\",\"@id\":\"https:\/\/futbolhoy.co\/index.php\/2022\/03\/02\/falcao-se-perdera-la-copa-del-rey\/#breadcrumb\",\"itemListElement\":[{\"@type\":\"ListItem\",\"position\":1,\"name\":\"Portada\",\"item\":\"https:\/\/futbolhoy.co\/\"},{\"@type\":\"ListItem\",\"position\":2,\"name\":\"Falcao se perder\u00e1 la Copa del Rey\"}]},{\"@type\":\"WebSite\",\"@id\":\"https:\/\/futbolhoy.co\/#website\",\"url\":\"https:\/\/futbolhoy.co\/\",\"name\":\"FutbolHoy\",\"description\":\"\",\"publisher\":{\"@id\":\"https:\/\/futbolhoy.co\/#organization\"},\"potentialAction\":[{\"@type\":\"SearchAction\",\"target\":{\"@type\":\"EntryPoint\",\"urlTemplate\":\"https:\/\/futbolhoy.co\/?s={search_term_string}\"},\"query-input\":{\"@type\":\"PropertyValueSpecification\",\"valueRequired\":true,\"valueName\":\"search_term_string\"}}],\"inLanguage\":\"es\"},{\"@type\":\"Organization\",\"@id\":\"https:\/\/futbolhoy.co\/#organization\",\"name\":\"Futbolhoy.co\",\"url\":\"https:\/\/futbolhoy.co\/\",\"logo\":{\"@type\":\"ImageObject\",\"inLanguage\":\"es\",\"@id\":\"https:\/\/futbolhoy.co\/#\/schema\/logo\/image\/\",\"url\":\"https:\/\/futbolhoy.co\/wp-content\/uploads\/2018\/08\/17426380_1906371736249227_6326180412931521141_n.jpg\",\"contentUrl\":\"https:\/\/futbolhoy.co\/wp-content\/uploads\/2018\/08\/17426380_1906371736249227_6326180412931521141_n.jpg\",\"width\":960,\"height\":960,\"caption\":\"Futbolhoy.co\"},\"image\":{\"@id\":\"https:\/\/futbolhoy.co\/#\/schema\/logo\/image\/\"},\"sameAs\":[\"https:\/\/www.facebook.com\/FutbolHoyCol\/\",\"https:\/\/x.com\/FutbolHoyCol\",\"https:\/\/www.instagram.com\/futbolhoycol\/\"]},{\"@type\":\"Person\",\"@id\":\"https:\/\/futbolhoy.co\/#\/schema\/person\/c4a353a512b127643723a34bb1812f7d\",\"name\":\"Laura Hern\u00e1ndez\",\"image\":{\"@type\":\"ImageObject\",\"inLanguage\":\"es\",\"@id\":\"https:\/\/futbolhoy.co\/#\/schema\/person\/image\/\",\"url\":\"https:\/\/secure.gravatar.com\/avatar\/d25959a15b9b293a743f99181c7cfd01?s=96&d=mm&r=g\",\"contentUrl\":\"https:\/\/secure.gravatar.com\/avatar\/d25959a15b9b293a743f99181c7cfd01?s=96&d=mm&r=g\",\"caption\":\"Laura Hern\u00e1ndez\"}}]}<\/script>\n<!-- \/ Yoast SEO plugin. -->","yoast_head_json":{"title":"Falcao se perder\u00e1 la Copa del Rey -","robots":{"index":"index","follow":"follow","max-snippet":"max-snippet:-1","max-image-preview":"max-image-preview:large","max-video-preview":"max-video-preview:-1"},"canonical":"https:\/\/futbolhoy.co\/index.php\/2022\/03\/02\/falcao-se-perdera-la-copa-del-rey\/","og_locale":"es_ES","og_type":"article","og_title":"Falcao se perder\u00e1 la Copa del Rey -","og_description":"El delantero colombiano\u00a0Falcao Garc\u00eda\u00a0sufre un pinchazo en un gemelo y su presencia con el\u00a0Rayo Vallecano\u00a0en el partido de semifinales de la\u00a0Copa del Rey\u00a0frente al\u00a0Betis\u00a0este jueves est\u00e1 descartada, seg\u00fan anunci\u00f3 el t\u00e9cnico\u00a0Andoni Iraola. El problema f\u00edsico de Falcao supone un contratiempo importante para Iraola que, al no poder contar finalmente con el samario, tendr\u00e1 que buscar [&hellip;]","og_url":"https:\/\/futbolhoy.co\/index.php\/2022\/03\/02\/falcao-se-perdera-la-copa-del-rey\/","article_publisher":"https:\/\/www.facebook.com\/FutbolHoyCol\/","article_published_time":"2022-03-02T15:19:14+00:00","article_modified_time":"2022-03-03T15:26:31+00:00","og_image":[{"width":680,"height":454,"url":"https:\/\/futbolhoy.co\/wp-content\/uploads\/2022\/03\/FM2VpKcXsAQS_sq.jpg","type":"image\/jpeg"}],"author":"Laura Hern\u00e1ndez","twitter_card":"summary_large_image","twitter_creator":"@FutbolHoyCol","twitter_site":"@FutbolHoyCol","twitter_misc":{"Escrito por":"Laura Hern\u00e1ndez","Tiempo de lectura":"1 minuto"},"schema":{"@context":"https:\/\/schema.org","@graph":[{"@type":"Article","@id":"https:\/\/futbolhoy.co\/index.php\/2022\/03\/02\/falcao-se-perdera-la-copa-del-rey\/#article","isPartOf":{"@id":"https:\/\/futbolhoy.co\/index.php\/2022\/03\/02\/falcao-se-perdera-la-copa-del-rey\/"},"author":{"name":"Laura Hern\u00e1ndez","@id":"https:\/\/futbolhoy.co\/#\/schema\/person\/c4a353a512b127643723a34bb1812f7d"},"headline":"Falcao se perder\u00e1 la Copa del Rey","datePublished":"2022-03-02T15:19:14+00:00","dateModified":"2022-03-03T15:26:31+00:00","mainEntityOfPage":{"@id":"https:\/\/futbolhoy.co\/index.php\/2022\/03\/02\/falcao-se-perdera-la-copa-del-rey\/"},"wordCount":152,"commentCount":0,"publisher":{"@id":"https:\/\/futbolhoy.co\/#organization"},"image":{"@id":"https:\/\/futbolhoy.co\/index.php\/2022\/03\/02\/falcao-se-perdera-la-copa-del-rey\/#primaryimage"},"thumbnailUrl":"https:\/\/futbolhoy.co\/wp-content\/uploads\/2022\/03\/FM2VpKcXsAQS_sq.jpg","articleSection":["Colombia"],"inLanguage":"es","potentialAction":[{"@type":"CommentAction","name":"Comment","target":["https:\/\/futbolhoy.co\/index.php\/2022\/03\/02\/falcao-se-perdera-la-copa-del-rey\/#respond"]}]},{"@type":"WebPage","@id":"https:\/\/futbolhoy.co\/index.php\/2022\/03\/02\/falcao-se-perdera-la-copa-del-rey\/","url":"https:\/\/futbolhoy.co\/index.php\/2022\/03\/02\/falcao-se-perdera-la-copa-del-rey\/","name":"Falcao se perder\u00e1 la Copa del Rey -","isPartOf":{"@id":"https:\/\/futbolhoy.co\/#website"},"primaryImageOfPage":{"@id":"https:\/\/futbolhoy.co\/index.php\/2022\/03\/02\/falcao-se-perdera-la-copa-del-rey\/#primaryimage"},"image":{"@id":"https:\/\/futbolhoy.co\/index.php\/2022\/03\/02\/falcao-se-perdera-la-copa-del-rey\/#primaryimage"},"thumbnailUrl":"https:\/\/futbolhoy.co\/wp-content\/uploads\/2022\/03\/FM2VpKcXsAQS_sq.jpg","datePublished":"2022-03-02T15:19:14+00:00","dateModified":"2022-03-03T15:26:31+00:00","breadcrumb":{"@id":"https:\/\/futbolhoy.co\/index.php\/2022\/03\/02\/falcao-se-perdera-la-copa-del-rey\/#breadcrumb"},"inLanguage":"es","potentialAction":[{"@type":"ReadAction","target":["https:\/\/futbolhoy.co\/index.php\/2022\/03\/02\/falcao-se-perdera-la-copa-del-rey\/"]}]},{"@type":"ImageObject","inLanguage":"es","@id":"https:\/\/futbolhoy.co\/index.php\/2022\/03\/02\/falcao-se-perdera-la-copa-del-rey\/#primaryimage","url":"https:\/\/futbolhoy.co\/wp-content\/uploads\/2022\/03\/FM2VpKcXsAQS_sq.jpg","contentUrl":"https:\/\/futbolhoy.co\/wp-content\/uploads\/2022\/03\/FM2VpKcXsAQS_sq.jpg","width":680,"height":454},{"@type":"BreadcrumbList","@id":"https:\/\/futbolhoy.co\/index.php\/2022\/03\/02\/falcao-se-perdera-la-copa-del-rey\/#breadcrumb","itemListElement":[{"@type":"ListItem","position":1,"name":"Portada","item":"https:\/\/futbolhoy.co\/"},{"@type":"ListItem","position":2,"name":"Falcao se perder\u00e1 la Copa del Rey"}]},{"@type":"WebSite","@id":"https:\/\/futbolhoy.co\/#website","url":"https:\/\/futbolhoy.co\/","name":"FutbolHoy","description":"","publisher":{"@id":"https:\/\/futbolhoy.co\/#organization"},"potentialAction":[{"@type":"SearchAction","target":{"@type":"EntryPoint","urlTemplate":"https:\/\/futbolhoy.co\/?s={search_term_string}"},"query-input":{"@type":"PropertyValueSpecification","valueRequired":true,"valueName":"search_term_string"}}],"inLanguage":"es"},{"@type":"Organization","@id":"https:\/\/futbolhoy.co\/#organization","name":"Futbolhoy.co","url":"https:\/\/futbolhoy.co\/","logo":{"@type":"ImageObject","inLanguage":"es","@id":"https:\/\/futbolhoy.co\/#\/schema\/logo\/image\/","url":"https:\/\/futbolhoy.co\/wp-content\/uploads\/2018\/08\/17426380_1906371736249227_6326180412931521141_n.jpg","contentUrl":"https:\/\/futbolhoy.co\/wp-content\/uploads\/2018\/08\/17426380_1906371736249227_6326180412931521141_n.jpg","width":960,"height":960,"caption":"Futbolhoy.co"},"image":{"@id":"https:\/\/futbolhoy.co\/#\/schema\/logo\/image\/"},"sameAs":["https:\/\/www.facebook.com\/FutbolHoyCol\/","https:\/\/x.com\/FutbolHoyCol","https:\/\/www.instagram.com\/futbolhoycol\/"]},{"@type":"Person","@id":"https:\/\/futbolhoy.co\/#\/schema\/person\/c4a353a512b127643723a34bb1812f7d","name":"Laura Hern\u00e1ndez","image":{"@type":"ImageObject","inLanguage":"es","@id":"https:\/\/futbolhoy.co\/#\/schema\/person\/image\/","url":"https:\/\/secure.gravatar.com\/avatar\/d25959a15b9b293a743f99181c7cfd01?s=96&d=mm&r=g","contentUrl":"https:\/\/secure.gravatar.com\/avatar\/d25959a15b9b293a743f99181c7cfd01?s=96&d=mm&r=g","caption":"Laura Hern\u00e1ndez"}}]}},"publishpress_future_action":{"enabled":false,"date":"2026-05-06 00:50:09","action":"change-status","newStatus":"draft","terms":[],"taxonomy":"category","extraData":[]},"publishpress_future_workflow_manual_trigger":{"enabledWorkflows":[]},"_links":{"self":[{"href":"https:\/\/futbolhoy.co\/index.php\/wp-json\/wp\/v2\/posts\/76766","targetHints":{"allow":["GET"]}}],"collection":[{"href":"https:\/\/futbolhoy.co\/index.php\/wp-json\/wp\/v2\/posts"}],"about":[{"href":"https:\/\/futbolhoy.co\/index.php\/wp-json\/wp\/v2\/types\/post"}],"author":[{"embeddable":true,"href":"https:\/\/futbolhoy.co\/index.php\/wp-json\/wp\/v2\/users\/5"}],"replies":[{"embeddable":true,"href":"https:\/\/futbolhoy.co\/index.php\/wp-json\/wp\/v2\/comments?post=76766"}],"version-history":[{"count":1,"href":"https:\/\/futbolhoy.co\/index.php\/wp-json\/wp\/v2\/posts\/76766\/revisions"}],"predecessor-version":[{"id":76768,"href":"https:\/\/futbolhoy.co\/index.php\/wp-json\/wp\/v2\/posts\/76766\/revisions\/76768"}],"wp:featuredmedia":[{"embeddable":true,"href":"https:\/\/futbolhoy.co\/index.php\/wp-json\/wp\/v2\/media\/76767"}],"wp:attachment":[{"href":"https:\/\/futbolhoy.co\/index.php\/wp-json\/wp\/v2\/media?parent=76766"}],"wp:term":[{"taxonomy":"category","embeddable":true,"href":"https:\/\/futbolhoy.co\/index.php\/wp-json\/wp\/v2\/categories?post=76766"},{"taxonomy":"post_tag","embeddable":true,"href":"https:\/\/futbolhoy.co\/index.php\/wp-json\/wp\/v2\/tags?post=76766"}],"curies":[{"name":"wp","href":"https:\/\/api.w.org\/{rel}","templated":true}]}}