{"id":76781,"date":"2022-03-03T06:43:59","date_gmt":"2022-03-03T11:43:59","guid":{"rendered":"https:\/\/futbolhoy.co\/?p=76781"},"modified":"2022-03-03T21:34:16","modified_gmt":"2022-03-04T02:34:16","slug":"teo-se-perdera-el-clasico-vallecaucano","status":"publish","type":"post","link":"https:\/\/futbolhoy.co\/index.php\/2022\/03\/03\/teo-se-perdera-el-clasico-vallecaucano\/","title":{"rendered":"Teo se perder\u00e1 el cl\u00e1sico vallecaucano"},"content":{"rendered":"<p style=\"text-align: justify;\"><span lang=\"ES-MX\" style=\"font-family: helvetica, arial, sans-serif;\">El capit\u00e1n del\u00a0<b>Deportivo Cali<\/b>,\u00a0<b>Te\u00f3filo Guti\u00e9rrez<\/b>, fue suspendido dos jornadas y multado con 2 millones de pesos por parte de la\u00a0<b>Comisi\u00f3n Disciplinaria de la Dimayor.<\/b><\/span><\/p>\n<p style=\"text-align: justify;\"><span lang=\"ES-MX\" style=\"font-family: helvetica, arial, sans-serif;\">Teo se perder\u00e1 el partido del s\u00e1bado a las 6.10PM contra el\u00a0<b>Am\u00e9rica<\/b>, en la fecha 10 de la\u00a0<b>Liga BetPlay Diamyor I 2022<\/b>, la jornada de cl\u00e1sicos regionales.<\/span><\/p>\n<p style=\"text-align: justify;\"><span lang=\"ES-MX\" style=\"font-family: helvetica, arial, sans-serif;\">El capit\u00e1n\u00a0<b>\u2018azucarero\u2019<\/b>\u00a0fue inhabilitado por sus actos provocadores en el partido de vuelta de la\u00a0<b>Superliga en Ibagu\u00e9 ante el Deportes Tolima<\/b>, cuando perdieron el t\u00edtulo y a su salida de la cancha mostraba a los aficionados locales, el escudo del Cali y las estrellas alcanzadas por el club.<\/span><\/p>\n<p style=\"text-align: justify;\"><span lang=\"ES-MX\" style=\"font-family: helvetica, arial, sans-serif;\">\u00abAs\u00ed las cosas, este Comit\u00e9 estima: (i) Que est\u00e1 plenamente identificado que el se\u00f1or Te\u00f3filo Guti\u00e9rrez despleg\u00f3 una conducta que encuadra en lo dispuesto como provocaci\u00f3n al p\u00fablico al finalizar el partido, (ii) Que la conducta consisti\u00f3 en se\u00f1alar la camiseta hacia la tribuna, (iii) Que el gesto fue definido como provocador por parte del Comisario\u00bb.<\/span><\/p>\n","protected":false},"excerpt":{"rendered":"<p>El capit\u00e1n del\u00a0Deportivo Cali,\u00a0Te\u00f3filo Guti\u00e9rrez, fue suspendido dos jornadas y multado con 2 millones de pesos por parte de la\u00a0Comisi\u00f3n Disciplinaria de la Dimayor. Teo se perder\u00e1 el partido del s\u00e1bado a las 6.10PM contra el\u00a0Am\u00e9rica, en la fecha 10 de la\u00a0Liga BetPlay Diamyor I 2022, la jornada de cl\u00e1sicos regionales. El capit\u00e1n\u00a0\u2018azucarero\u2019\u00a0fue inhabilitado por [&hellip;]<\/p>\n","protected":false},"author":5,"featured_media":76782,"comment_status":"open","ping_status":"closed","sticky":false,"template":"","format":"standard","meta":{"_acf_changed":false,"footnotes":""},"categories":[7],"tags":[],"class_list":["post-76781","post","type-post","status-publish","format-standard","has-post-thumbnail","category-liga-betplay"],"acf":[],"yoast_head":"<!-- This site is optimized with the Yoast SEO plugin v28.4 - https:\/\/yoast.com\/product\/yoast-seo-wordpress\/ -->\n<title>Teo se perder\u00e1 el cl\u00e1sico vallecaucano -<\/title>\n<meta name=\"robots\" content=\"index, follow, max-snippet:-1, max-image-preview:large, max-video-preview:-1\" \/>\n<link rel=\"canonical\" href=\"https:\/\/futbolhoy.co\/index.php\/2022\/03\/03\/teo-se-perdera-el-clasico-vallecaucano\/\" \/>\n<meta property=\"og:locale\" content=\"es_ES\" \/>\n<meta property=\"og:type\" content=\"article\" \/>\n<meta property=\"og:title\" content=\"Teo se perder\u00e1 el cl\u00e1sico vallecaucano -\" \/>\n<meta property=\"og:description\" content=\"El capit\u00e1n del\u00a0Deportivo Cali,\u00a0Te\u00f3filo Guti\u00e9rrez, fue suspendido dos jornadas y multado con 2 millones de pesos por parte de la\u00a0Comisi\u00f3n Disciplinaria de la Dimayor. Teo se perder\u00e1 el partido del s\u00e1bado a las 6.10PM contra el\u00a0Am\u00e9rica, en la fecha 10 de la\u00a0Liga BetPlay Diamyor I 2022, la jornada de cl\u00e1sicos regionales. El capit\u00e1n\u00a0\u2018azucarero\u2019\u00a0fue inhabilitado por [&hellip;]\" \/>\n<meta property=\"og:url\" content=\"https:\/\/futbolhoy.co\/index.php\/2022\/03\/03\/teo-se-perdera-el-clasico-vallecaucano\/\" \/>\n<meta property=\"article:publisher\" content=\"https:\/\/www.facebook.com\/FutbolHoyCol\/\" \/>\n<meta property=\"article:published_time\" content=\"2022-03-03T11:43:59+00:00\" \/>\n<meta property=\"article:modified_time\" content=\"2022-03-04T02:34:16+00:00\" \/>\n<meta property=\"og:image\" content=\"https:\/\/futbolhoy.co\/wp-content\/uploads\/2022\/03\/20220303_064318.jpg\" \/>\n\t<meta property=\"og:image:width\" content=\"980\" \/>\n\t<meta property=\"og:image:height\" content=\"590\" \/>\n\t<meta property=\"og:image:type\" content=\"image\/jpeg\" \/>\n<meta name=\"author\" content=\"Laura Hern\u00e1ndez\" \/>\n<meta name=\"twitter:card\" content=\"summary_large_image\" \/>\n<meta name=\"twitter:creator\" content=\"@FutbolHoyCol\" \/>\n<meta name=\"twitter:site\" content=\"@FutbolHoyCol\" \/>\n<meta name=\"twitter:label1\" content=\"Escrito por\" \/>\n\t<meta name=\"twitter:data1\" content=\"Laura Hern\u00e1ndez\" \/>\n\t<meta name=\"twitter:label2\" content=\"Tiempo de lectura\" \/>\n\t<meta name=\"twitter:data2\" content=\"1 minuto\" \/>\n<script type=\"application\/ld+json\" class=\"yoast-schema-graph\">{\"@context\":\"https:\\\/\\\/schema.org\",\"@graph\":[{\"@type\":\"Article\",\"@id\":\"https:\\\/\\\/futbolhoy.co\\\/index.php\\\/2022\\\/03\\\/03\\\/teo-se-perdera-el-clasico-vallecaucano\\\/#article\",\"isPartOf\":{\"@id\":\"https:\\\/\\\/futbolhoy.co\\\/index.php\\\/2022\\\/03\\\/03\\\/teo-se-perdera-el-clasico-vallecaucano\\\/\"},\"author\":{\"name\":\"Laura Hern\u00e1ndez\",\"@id\":\"https:\\\/\\\/futbolhoy.co\\\/#\\\/schema\\\/person\\\/c4a353a512b127643723a34bb1812f7d\"},\"headline\":\"Teo se perder\u00e1 el cl\u00e1sico vallecaucano\",\"datePublished\":\"2022-03-03T11:43:59+00:00\",\"dateModified\":\"2022-03-04T02:34:16+00:00\",\"mainEntityOfPage\":{\"@id\":\"https:\\\/\\\/futbolhoy.co\\\/index.php\\\/2022\\\/03\\\/03\\\/teo-se-perdera-el-clasico-vallecaucano\\\/\"},\"wordCount\":181,\"commentCount\":0,\"image\":{\"@id\":\"https:\\\/\\\/futbolhoy.co\\\/index.php\\\/2022\\\/03\\\/03\\\/teo-se-perdera-el-clasico-vallecaucano\\\/#primaryimage\"},\"thumbnailUrl\":\"https:\\\/\\\/futbolhoy.co\\\/wp-content\\\/uploads\\\/2022\\\/03\\\/20220303_064318.jpg\",\"articleSection\":[\"Liga BetPlay\"],\"inLanguage\":\"es\",\"potentialAction\":[{\"@type\":\"CommentAction\",\"name\":\"Comment\",\"target\":[\"https:\\\/\\\/futbolhoy.co\\\/index.php\\\/2022\\\/03\\\/03\\\/teo-se-perdera-el-clasico-vallecaucano\\\/#respond\"]}]},{\"@type\":\"WebPage\",\"@id\":\"https:\\\/\\\/futbolhoy.co\\\/index.php\\\/2022\\\/03\\\/03\\\/teo-se-perdera-el-clasico-vallecaucano\\\/\",\"url\":\"https:\\\/\\\/futbolhoy.co\\\/index.php\\\/2022\\\/03\\\/03\\\/teo-se-perdera-el-clasico-vallecaucano\\\/\",\"name\":\"Teo se perder\u00e1 el cl\u00e1sico vallecaucano -\",\"isPartOf\":{\"@id\":\"https:\\\/\\\/futbolhoy.co\\\/#website\"},\"primaryImageOfPage\":{\"@id\":\"https:\\\/\\\/futbolhoy.co\\\/index.php\\\/2022\\\/03\\\/03\\\/teo-se-perdera-el-clasico-vallecaucano\\\/#primaryimage\"},\"image\":{\"@id\":\"https:\\\/\\\/futbolhoy.co\\\/index.php\\\/2022\\\/03\\\/03\\\/teo-se-perdera-el-clasico-vallecaucano\\\/#primaryimage\"},\"thumbnailUrl\":\"https:\\\/\\\/futbolhoy.co\\\/wp-content\\\/uploads\\\/2022\\\/03\\\/20220303_064318.jpg\",\"datePublished\":\"2022-03-03T11:43:59+00:00\",\"dateModified\":\"2022-03-04T02:34:16+00:00\",\"author\":{\"@id\":\"https:\\\/\\\/futbolhoy.co\\\/#\\\/schema\\\/person\\\/c4a353a512b127643723a34bb1812f7d\"},\"breadcrumb\":{\"@id\":\"https:\\\/\\\/futbolhoy.co\\\/index.php\\\/2022\\\/03\\\/03\\\/teo-se-perdera-el-clasico-vallecaucano\\\/#breadcrumb\"},\"inLanguage\":\"es\",\"potentialAction\":[{\"@type\":\"ReadAction\",\"target\":[\"https:\\\/\\\/futbolhoy.co\\\/index.php\\\/2022\\\/03\\\/03\\\/teo-se-perdera-el-clasico-vallecaucano\\\/\"]}]},{\"@type\":\"ImageObject\",\"inLanguage\":\"es\",\"@id\":\"https:\\\/\\\/futbolhoy.co\\\/index.php\\\/2022\\\/03\\\/03\\\/teo-se-perdera-el-clasico-vallecaucano\\\/#primaryimage\",\"url\":\"https:\\\/\\\/futbolhoy.co\\\/wp-content\\\/uploads\\\/2022\\\/03\\\/20220303_064318.jpg\",\"contentUrl\":\"https:\\\/\\\/futbolhoy.co\\\/wp-content\\\/uploads\\\/2022\\\/03\\\/20220303_064318.jpg\",\"width\":980,\"height\":590},{\"@type\":\"BreadcrumbList\",\"@id\":\"https:\\\/\\\/futbolhoy.co\\\/index.php\\\/2022\\\/03\\\/03\\\/teo-se-perdera-el-clasico-vallecaucano\\\/#breadcrumb\",\"itemListElement\":[{\"@type\":\"ListItem\",\"position\":1,\"name\":\"Portada\",\"item\":\"https:\\\/\\\/futbolhoy.co\\\/\"},{\"@type\":\"ListItem\",\"position\":2,\"name\":\"Teo se perder\u00e1 el cl\u00e1sico vallecaucano\"}]},{\"@type\":\"WebSite\",\"@id\":\"https:\\\/\\\/futbolhoy.co\\\/#website\",\"url\":\"https:\\\/\\\/futbolhoy.co\\\/\",\"name\":\"FutbolHoy\",\"description\":\"\",\"potentialAction\":[{\"@type\":\"SearchAction\",\"target\":{\"@type\":\"EntryPoint\",\"urlTemplate\":\"https:\\\/\\\/futbolhoy.co\\\/?s={search_term_string}\"},\"query-input\":{\"@type\":\"PropertyValueSpecification\",\"valueRequired\":true,\"valueName\":\"search_term_string\"}}],\"inLanguage\":\"es\"},{\"@type\":\"Person\",\"@id\":\"https:\\\/\\\/futbolhoy.co\\\/#\\\/schema\\\/person\\\/c4a353a512b127643723a34bb1812f7d\",\"name\":\"Laura Hern\u00e1ndez\",\"image\":{\"@type\":\"ImageObject\",\"inLanguage\":\"es\",\"@id\":\"https:\\\/\\\/secure.gravatar.com\\\/avatar\\\/1ae6b7966942c60c822ea71afe0e5cf4105b8e983193883c6d026db4d508431d?s=96&d=mm&r=g\",\"url\":\"https:\\\/\\\/secure.gravatar.com\\\/avatar\\\/1ae6b7966942c60c822ea71afe0e5cf4105b8e983193883c6d026db4d508431d?s=96&d=mm&r=g\",\"contentUrl\":\"https:\\\/\\\/secure.gravatar.com\\\/avatar\\\/1ae6b7966942c60c822ea71afe0e5cf4105b8e983193883c6d026db4d508431d?s=96&d=mm&r=g\",\"caption\":\"Laura Hern\u00e1ndez\"}}]}<\/script>\n<!-- \/ Yoast SEO plugin. -->","yoast_head_json":{"title":"Teo se perder\u00e1 el cl\u00e1sico vallecaucano -","robots":{"index":"index","follow":"follow","max-snippet":"max-snippet:-1","max-image-preview":"max-image-preview:large","max-video-preview":"max-video-preview:-1"},"canonical":"https:\/\/futbolhoy.co\/index.php\/2022\/03\/03\/teo-se-perdera-el-clasico-vallecaucano\/","og_locale":"es_ES","og_type":"article","og_title":"Teo se perder\u00e1 el cl\u00e1sico vallecaucano -","og_description":"El capit\u00e1n del\u00a0Deportivo Cali,\u00a0Te\u00f3filo Guti\u00e9rrez, fue suspendido dos jornadas y multado con 2 millones de pesos por parte de la\u00a0Comisi\u00f3n Disciplinaria de la Dimayor. Teo se perder\u00e1 el partido del s\u00e1bado a las 6.10PM contra el\u00a0Am\u00e9rica, en la fecha 10 de la\u00a0Liga BetPlay Diamyor I 2022, la jornada de cl\u00e1sicos regionales. El capit\u00e1n\u00a0\u2018azucarero\u2019\u00a0fue inhabilitado por [&hellip;]","og_url":"https:\/\/futbolhoy.co\/index.php\/2022\/03\/03\/teo-se-perdera-el-clasico-vallecaucano\/","article_publisher":"https:\/\/www.facebook.com\/FutbolHoyCol\/","article_published_time":"2022-03-03T11:43:59+00:00","article_modified_time":"2022-03-04T02:34:16+00:00","og_image":[{"width":980,"height":590,"url":"https:\/\/futbolhoy.co\/wp-content\/uploads\/2022\/03\/20220303_064318.jpg","type":"image\/jpeg"}],"author":"Laura Hern\u00e1ndez","twitter_card":"summary_large_image","twitter_creator":"@FutbolHoyCol","twitter_site":"@FutbolHoyCol","twitter_misc":{"Escrito por":"Laura Hern\u00e1ndez","Tiempo de lectura":"1 minuto"},"schema":{"@context":"https:\/\/schema.org","@graph":[{"@type":"Article","@id":"https:\/\/futbolhoy.co\/index.php\/2022\/03\/03\/teo-se-perdera-el-clasico-vallecaucano\/#article","isPartOf":{"@id":"https:\/\/futbolhoy.co\/index.php\/2022\/03\/03\/teo-se-perdera-el-clasico-vallecaucano\/"},"author":{"name":"Laura Hern\u00e1ndez","@id":"https:\/\/futbolhoy.co\/#\/schema\/person\/c4a353a512b127643723a34bb1812f7d"},"headline":"Teo se perder\u00e1 el cl\u00e1sico vallecaucano","datePublished":"2022-03-03T11:43:59+00:00","dateModified":"2022-03-04T02:34:16+00:00","mainEntityOfPage":{"@id":"https:\/\/futbolhoy.co\/index.php\/2022\/03\/03\/teo-se-perdera-el-clasico-vallecaucano\/"},"wordCount":181,"commentCount":0,"image":{"@id":"https:\/\/futbolhoy.co\/index.php\/2022\/03\/03\/teo-se-perdera-el-clasico-vallecaucano\/#primaryimage"},"thumbnailUrl":"https:\/\/futbolhoy.co\/wp-content\/uploads\/2022\/03\/20220303_064318.jpg","articleSection":["Liga BetPlay"],"inLanguage":"es","potentialAction":[{"@type":"CommentAction","name":"Comment","target":["https:\/\/futbolhoy.co\/index.php\/2022\/03\/03\/teo-se-perdera-el-clasico-vallecaucano\/#respond"]}]},{"@type":"WebPage","@id":"https:\/\/futbolhoy.co\/index.php\/2022\/03\/03\/teo-se-perdera-el-clasico-vallecaucano\/","url":"https:\/\/futbolhoy.co\/index.php\/2022\/03\/03\/teo-se-perdera-el-clasico-vallecaucano\/","name":"Teo se perder\u00e1 el cl\u00e1sico vallecaucano -","isPartOf":{"@id":"https:\/\/futbolhoy.co\/#website"},"primaryImageOfPage":{"@id":"https:\/\/futbolhoy.co\/index.php\/2022\/03\/03\/teo-se-perdera-el-clasico-vallecaucano\/#primaryimage"},"image":{"@id":"https:\/\/futbolhoy.co\/index.php\/2022\/03\/03\/teo-se-perdera-el-clasico-vallecaucano\/#primaryimage"},"thumbnailUrl":"https:\/\/futbolhoy.co\/wp-content\/uploads\/2022\/03\/20220303_064318.jpg","datePublished":"2022-03-03T11:43:59+00:00","dateModified":"2022-03-04T02:34:16+00:00","author":{"@id":"https:\/\/futbolhoy.co\/#\/schema\/person\/c4a353a512b127643723a34bb1812f7d"},"breadcrumb":{"@id":"https:\/\/futbolhoy.co\/index.php\/2022\/03\/03\/teo-se-perdera-el-clasico-vallecaucano\/#breadcrumb"},"inLanguage":"es","potentialAction":[{"@type":"ReadAction","target":["https:\/\/futbolhoy.co\/index.php\/2022\/03\/03\/teo-se-perdera-el-clasico-vallecaucano\/"]}]},{"@type":"ImageObject","inLanguage":"es","@id":"https:\/\/futbolhoy.co\/index.php\/2022\/03\/03\/teo-se-perdera-el-clasico-vallecaucano\/#primaryimage","url":"https:\/\/futbolhoy.co\/wp-content\/uploads\/2022\/03\/20220303_064318.jpg","contentUrl":"https:\/\/futbolhoy.co\/wp-content\/uploads\/2022\/03\/20220303_064318.jpg","width":980,"height":590},{"@type":"BreadcrumbList","@id":"https:\/\/futbolhoy.co\/index.php\/2022\/03\/03\/teo-se-perdera-el-clasico-vallecaucano\/#breadcrumb","itemListElement":[{"@type":"ListItem","position":1,"name":"Portada","item":"https:\/\/futbolhoy.co\/"},{"@type":"ListItem","position":2,"name":"Teo se perder\u00e1 el cl\u00e1sico vallecaucano"}]},{"@type":"WebSite","@id":"https:\/\/futbolhoy.co\/#website","url":"https:\/\/futbolhoy.co\/","name":"FutbolHoy","description":"","potentialAction":[{"@type":"SearchAction","target":{"@type":"EntryPoint","urlTemplate":"https:\/\/futbolhoy.co\/?s={search_term_string}"},"query-input":{"@type":"PropertyValueSpecification","valueRequired":true,"valueName":"search_term_string"}}],"inLanguage":"es"},{"@type":"Person","@id":"https:\/\/futbolhoy.co\/#\/schema\/person\/c4a353a512b127643723a34bb1812f7d","name":"Laura Hern\u00e1ndez","image":{"@type":"ImageObject","inLanguage":"es","@id":"https:\/\/secure.gravatar.com\/avatar\/1ae6b7966942c60c822ea71afe0e5cf4105b8e983193883c6d026db4d508431d?s=96&d=mm&r=g","url":"https:\/\/secure.gravatar.com\/avatar\/1ae6b7966942c60c822ea71afe0e5cf4105b8e983193883c6d026db4d508431d?s=96&d=mm&r=g","contentUrl":"https:\/\/secure.gravatar.com\/avatar\/1ae6b7966942c60c822ea71afe0e5cf4105b8e983193883c6d026db4d508431d?s=96&d=mm&r=g","caption":"Laura Hern\u00e1ndez"}}]}},"_links":{"self":[{"href":"https:\/\/futbolhoy.co\/index.php\/wp-json\/wp\/v2\/posts\/76781","targetHints":{"allow":["GET"]}}],"collection":[{"href":"https:\/\/futbolhoy.co\/index.php\/wp-json\/wp\/v2\/posts"}],"about":[{"href":"https:\/\/futbolhoy.co\/index.php\/wp-json\/wp\/v2\/types\/post"}],"author":[{"embeddable":true,"href":"https:\/\/futbolhoy.co\/index.php\/wp-json\/wp\/v2\/users\/5"}],"replies":[{"embeddable":true,"href":"https:\/\/futbolhoy.co\/index.php\/wp-json\/wp\/v2\/comments?post=76781"}],"version-history":[{"count":1,"href":"https:\/\/futbolhoy.co\/index.php\/wp-json\/wp\/v2\/posts\/76781\/revisions"}],"predecessor-version":[{"id":76783,"href":"https:\/\/futbolhoy.co\/index.php\/wp-json\/wp\/v2\/posts\/76781\/revisions\/76783"}],"wp:featuredmedia":[{"embeddable":true,"href":"https:\/\/futbolhoy.co\/index.php\/wp-json\/wp\/v2\/media\/76782"}],"wp:attachment":[{"href":"https:\/\/futbolhoy.co\/index.php\/wp-json\/wp\/v2\/media?parent=76781"}],"wp:term":[{"taxonomy":"category","embeddable":true,"href":"https:\/\/futbolhoy.co\/index.php\/wp-json\/wp\/v2\/categories?post=76781"},{"taxonomy":"post_tag","embeddable":true,"href":"https:\/\/futbolhoy.co\/index.php\/wp-json\/wp\/v2\/tags?post=76781"}],"curies":[{"name":"wp","href":"https:\/\/api.w.org\/{rel}","templated":true}]}}