{"id":76831,"date":"2022-03-03T21:32:01","date_gmt":"2022-03-04T02:32:01","guid":{"rendered":"https:\/\/futbolhoy.co\/?p=76831"},"modified":"2022-03-04T08:48:07","modified_gmt":"2022-03-04T13:48:07","slug":"si-colombia-no-clasifica-los-directivos-se-tienen-que-ir-pibe","status":"publish","type":"post","link":"https:\/\/futbolhoy.co\/index.php\/2022\/03\/03\/si-colombia-no-clasifica-los-directivos-se-tienen-que-ir-pibe\/","title":{"rendered":"Si Colombia no clasifica los directivos se tienen que ir: \u2018Pibe\u2019"},"content":{"rendered":"<!--[if lt IE 9]><script>document.createElement('audio');<\/script><![endif]-->\n<audio class=\"wp-audio-shortcode\" id=\"audio-76831-1\" preload=\"none\" style=\"width: 100%;\" controls=\"controls\"><source type=\"audio\/mpeg\" src=\"https:\/\/futbolhoy.co\/wp-content\/uploads\/2022\/03\/pibe-blu.mp3?_=1\" \/><a href=\"https:\/\/futbolhoy.co\/wp-content\/uploads\/2022\/03\/pibe-blu.mp3\">https:\/\/futbolhoy.co\/wp-content\/uploads\/2022\/03\/pibe-blu.mp3<\/a><\/audio>\n<p><span style=\"font-family: helvetica, arial, sans-serif; font-size: 10pt;\"><em><b>Carlos \u2018El Pibe\u2019 Valderrama - Cortes\u00eda Blog Deportivo, Blu Radio\u00a0<\/b><\/em><\/span><\/p>\n<p style=\"text-align: justify;\"><span style=\"font-family: helvetica, arial, sans-serif;\">El eterno capit\u00e1n de la\u00a0<b>selecci\u00f3n Colombia, Carlos \u2018El Pibe\u2019 Valderrama<\/b>, asegur\u00f3 que los dirigentes de la\u00a0<b>Federaci\u00f3n Colombiana de F\u00fatbol<\/b>\u00a0deben dejar sus cargos en el comit\u00e9 ejecutivo si el combinado nacional no clasifica al\u00a0<b>Mundial Qatar 2022.<\/b><\/span><\/p>\n<p style=\"text-align: justify;\"><span style=\"font-family: helvetica, arial, sans-serif;\"><b>\u2018El Pibe\u2019<\/b>\u00a0indic\u00f3 que as\u00ed como se les exige a los cuerpos t\u00e9cnicos y el grupo de jugadores la clasificaci\u00f3n; si no se cumple con el objetivo, la cabeza (dirigentes) tambi\u00e9n debe asumir su responsabilidad.<\/span><\/p>\n<p style=\"text-align: justify;\"><span style=\"font-family: helvetica, arial, sans-serif;\">\u201cYo voy hasta el final con la selecci\u00f3n y esperemos que no pase eso de la eliminaci\u00f3n, faltan dos partidos; pero puede pasar y debe venir una renovaci\u00f3n normal inmediata si no se clasifica al Mundial, pero hay que empezar por la cabeza y la cabeza son los directivos, que son los que manejan esa vaina. \u00bfCu\u00e1ndo va a pasar? Porque nunca ha pasado en el f\u00fatbol colombiano, nos hemos ido todos y los directivos siguen igualitos. Si queremos cambiar esto hay que empezar por ah\u00ed\u201d declar\u00f3 Valderrama en\u00a0<b><i>Blu Radio.<\/i><\/b><\/span><\/p>\n<p style=\"text-align: justify;\"><span style=\"font-family: helvetica, arial, sans-serif;\">El capit\u00e1n del equipo en los mundiales de\u00a0<b>Italia-90, USA-94 y Francia-98<\/b>, agreg\u00f3 \u201cAs\u00ed como a los jugadores y cuerpo t\u00e9cnico nos exigen ir al campeonato mundial, porque si no vamos al Mundial nos sacan a todos, a los directivos les tiene que pasar lo mismo. Usted presidente, usted vicepresidente no fue al campeonato mundial, nos vemos para la pr\u00f3xima vienen otros, eso es lo que hay que hacer\u201d.<\/span><\/p>\n","protected":false},"excerpt":{"rendered":"<p>Carlos \u2018El Pibe\u2019 Valderrama - Cortes\u00eda Blog Deportivo, Blu Radio\u00a0 El eterno capit\u00e1n de la\u00a0selecci\u00f3n Colombia, Carlos \u2018El Pibe\u2019 Valderrama, asegur\u00f3 que los dirigentes de la\u00a0Federaci\u00f3n Colombiana de F\u00fatbol\u00a0deben dejar sus cargos en el comit\u00e9 ejecutivo si el combinado nacional no clasifica al\u00a0Mundial Qatar 2022. \u2018El Pibe\u2019\u00a0indic\u00f3 que as\u00ed como se les exige a los [&hellip;]<\/p>\n","protected":false},"author":5,"featured_media":76834,"comment_status":"open","ping_status":"open","sticky":false,"template":"","format":"video","meta":{"_acf_changed":false,"footnotes":""},"categories":[418],"tags":[],"class_list":{"0":"post-76831","1":"post","2":"type-post","3":"status-publish","4":"format-video","5":"has-post-thumbnail","7":"category-colombia","8":"post_format-post-format-video"},"acf":[],"yoast_head":"<!-- This site is optimized with the Yoast SEO plugin v26.8 - https:\/\/yoast.com\/product\/yoast-seo-wordpress\/ -->\n<title>Si Colombia no clasifica los directivos se tienen que ir: \u2018Pibe\u2019 -<\/title>\n<meta name=\"robots\" content=\"index, follow, max-snippet:-1, max-image-preview:large, max-video-preview:-1\" \/>\n<link rel=\"canonical\" href=\"https:\/\/futbolhoy.co\/index.php\/2022\/03\/03\/si-colombia-no-clasifica-los-directivos-se-tienen-que-ir-pibe\/\" \/>\n<meta property=\"og:locale\" content=\"es_ES\" \/>\n<meta property=\"og:type\" content=\"article\" \/>\n<meta property=\"og:title\" content=\"Si Colombia no clasifica los directivos se tienen que ir: \u2018Pibe\u2019 -\" \/>\n<meta property=\"og:description\" content=\"Carlos \u2018El Pibe\u2019 Valderrama - Cortes\u00eda Blog Deportivo, Blu Radio\u00a0 El eterno capit\u00e1n de la\u00a0selecci\u00f3n Colombia, Carlos \u2018El Pibe\u2019 Valderrama, asegur\u00f3 que los dirigentes de la\u00a0Federaci\u00f3n Colombiana de F\u00fatbol\u00a0deben dejar sus cargos en el comit\u00e9 ejecutivo si el combinado nacional no clasifica al\u00a0Mundial Qatar 2022. \u2018El Pibe\u2019\u00a0indic\u00f3 que as\u00ed como se les exige a los [&hellip;]\" \/>\n<meta property=\"og:url\" content=\"https:\/\/futbolhoy.co\/index.php\/2022\/03\/03\/si-colombia-no-clasifica-los-directivos-se-tienen-que-ir-pibe\/\" \/>\n<meta property=\"article:publisher\" content=\"https:\/\/www.facebook.com\/FutbolHoyCol\/\" \/>\n<meta property=\"article:published_time\" content=\"2022-03-04T02:32:01+00:00\" \/>\n<meta property=\"article:modified_time\" content=\"2022-03-04T13:48:07+00:00\" \/>\n<meta property=\"og:image\" content=\"https:\/\/futbolhoy.co\/wp-content\/uploads\/2022\/03\/20220303_211215.jpg\" \/>\n\t<meta property=\"og:image:width\" content=\"698\" \/>\n\t<meta property=\"og:image:height\" content=\"500\" \/>\n\t<meta property=\"og:image:type\" content=\"image\/jpeg\" \/>\n<meta name=\"author\" content=\"Laura Hern\u00e1ndez\" \/>\n<meta name=\"twitter:card\" content=\"summary_large_image\" \/>\n<meta name=\"twitter:creator\" content=\"@FutbolHoyCol\" \/>\n<meta name=\"twitter:site\" content=\"@FutbolHoyCol\" \/>\n<meta name=\"twitter:label1\" content=\"Escrito por\" \/>\n\t<meta name=\"twitter:data1\" content=\"Laura Hern\u00e1ndez\" \/>\n\t<meta name=\"twitter:label2\" content=\"Tiempo de lectura\" \/>\n\t<meta name=\"twitter:data2\" content=\"2 minutos\" \/>\n<script type=\"application\/ld+json\" class=\"yoast-schema-graph\">{\"@context\":\"https:\/\/schema.org\",\"@graph\":[{\"@type\":\"Article\",\"@id\":\"https:\/\/futbolhoy.co\/index.php\/2022\/03\/03\/si-colombia-no-clasifica-los-directivos-se-tienen-que-ir-pibe\/#article\",\"isPartOf\":{\"@id\":\"https:\/\/futbolhoy.co\/index.php\/2022\/03\/03\/si-colombia-no-clasifica-los-directivos-se-tienen-que-ir-pibe\/\"},\"author\":{\"name\":\"Laura Hern\u00e1ndez\",\"@id\":\"https:\/\/futbolhoy.co\/#\/schema\/person\/c4a353a512b127643723a34bb1812f7d\"},\"headline\":\"Si Colombia no clasifica los directivos se tienen que ir: \u2018Pibe\u2019\",\"datePublished\":\"2022-03-04T02:32:01+00:00\",\"dateModified\":\"2022-03-04T13:48:07+00:00\",\"mainEntityOfPage\":{\"@id\":\"https:\/\/futbolhoy.co\/index.php\/2022\/03\/03\/si-colombia-no-clasifica-los-directivos-se-tienen-que-ir-pibe\/\"},\"wordCount\":280,\"commentCount\":0,\"publisher\":{\"@id\":\"https:\/\/futbolhoy.co\/#organization\"},\"image\":{\"@id\":\"https:\/\/futbolhoy.co\/index.php\/2022\/03\/03\/si-colombia-no-clasifica-los-directivos-se-tienen-que-ir-pibe\/#primaryimage\"},\"thumbnailUrl\":\"https:\/\/futbolhoy.co\/wp-content\/uploads\/2022\/03\/20220303_211215.jpg\",\"articleSection\":[\"Colombia\"],\"inLanguage\":\"es\",\"potentialAction\":[{\"@type\":\"CommentAction\",\"name\":\"Comment\",\"target\":[\"https:\/\/futbolhoy.co\/index.php\/2022\/03\/03\/si-colombia-no-clasifica-los-directivos-se-tienen-que-ir-pibe\/#respond\"]}]},{\"@type\":\"WebPage\",\"@id\":\"https:\/\/futbolhoy.co\/index.php\/2022\/03\/03\/si-colombia-no-clasifica-los-directivos-se-tienen-que-ir-pibe\/\",\"url\":\"https:\/\/futbolhoy.co\/index.php\/2022\/03\/03\/si-colombia-no-clasifica-los-directivos-se-tienen-que-ir-pibe\/\",\"name\":\"Si Colombia no clasifica los directivos se tienen que ir: \u2018Pibe\u2019 -\",\"isPartOf\":{\"@id\":\"https:\/\/futbolhoy.co\/#website\"},\"primaryImageOfPage\":{\"@id\":\"https:\/\/futbolhoy.co\/index.php\/2022\/03\/03\/si-colombia-no-clasifica-los-directivos-se-tienen-que-ir-pibe\/#primaryimage\"},\"image\":{\"@id\":\"https:\/\/futbolhoy.co\/index.php\/2022\/03\/03\/si-colombia-no-clasifica-los-directivos-se-tienen-que-ir-pibe\/#primaryimage\"},\"thumbnailUrl\":\"https:\/\/futbolhoy.co\/wp-content\/uploads\/2022\/03\/20220303_211215.jpg\",\"datePublished\":\"2022-03-04T02:32:01+00:00\",\"dateModified\":\"2022-03-04T13:48:07+00:00\",\"breadcrumb\":{\"@id\":\"https:\/\/futbolhoy.co\/index.php\/2022\/03\/03\/si-colombia-no-clasifica-los-directivos-se-tienen-que-ir-pibe\/#breadcrumb\"},\"inLanguage\":\"es\",\"potentialAction\":[{\"@type\":\"ReadAction\",\"target\":[\"https:\/\/futbolhoy.co\/index.php\/2022\/03\/03\/si-colombia-no-clasifica-los-directivos-se-tienen-que-ir-pibe\/\"]}]},{\"@type\":\"ImageObject\",\"inLanguage\":\"es\",\"@id\":\"https:\/\/futbolhoy.co\/index.php\/2022\/03\/03\/si-colombia-no-clasifica-los-directivos-se-tienen-que-ir-pibe\/#primaryimage\",\"url\":\"https:\/\/futbolhoy.co\/wp-content\/uploads\/2022\/03\/20220303_211215.jpg\",\"contentUrl\":\"https:\/\/futbolhoy.co\/wp-content\/uploads\/2022\/03\/20220303_211215.jpg\",\"width\":698,\"height\":500},{\"@type\":\"BreadcrumbList\",\"@id\":\"https:\/\/futbolhoy.co\/index.php\/2022\/03\/03\/si-colombia-no-clasifica-los-directivos-se-tienen-que-ir-pibe\/#breadcrumb\",\"itemListElement\":[{\"@type\":\"ListItem\",\"position\":1,\"name\":\"Portada\",\"item\":\"https:\/\/futbolhoy.co\/\"},{\"@type\":\"ListItem\",\"position\":2,\"name\":\"Si Colombia no clasifica los directivos se tienen que ir: \u2018Pibe\u2019\"}]},{\"@type\":\"WebSite\",\"@id\":\"https:\/\/futbolhoy.co\/#website\",\"url\":\"https:\/\/futbolhoy.co\/\",\"name\":\"FutbolHoy\",\"description\":\"\",\"publisher\":{\"@id\":\"https:\/\/futbolhoy.co\/#organization\"},\"potentialAction\":[{\"@type\":\"SearchAction\",\"target\":{\"@type\":\"EntryPoint\",\"urlTemplate\":\"https:\/\/futbolhoy.co\/?s={search_term_string}\"},\"query-input\":{\"@type\":\"PropertyValueSpecification\",\"valueRequired\":true,\"valueName\":\"search_term_string\"}}],\"inLanguage\":\"es\"},{\"@type\":\"Organization\",\"@id\":\"https:\/\/futbolhoy.co\/#organization\",\"name\":\"Futbolhoy.co\",\"url\":\"https:\/\/futbolhoy.co\/\",\"logo\":{\"@type\":\"ImageObject\",\"inLanguage\":\"es\",\"@id\":\"https:\/\/futbolhoy.co\/#\/schema\/logo\/image\/\",\"url\":\"https:\/\/futbolhoy.co\/wp-content\/uploads\/2018\/08\/17426380_1906371736249227_6326180412931521141_n.jpg\",\"contentUrl\":\"https:\/\/futbolhoy.co\/wp-content\/uploads\/2018\/08\/17426380_1906371736249227_6326180412931521141_n.jpg\",\"width\":960,\"height\":960,\"caption\":\"Futbolhoy.co\"},\"image\":{\"@id\":\"https:\/\/futbolhoy.co\/#\/schema\/logo\/image\/\"},\"sameAs\":[\"https:\/\/www.facebook.com\/FutbolHoyCol\/\",\"https:\/\/x.com\/FutbolHoyCol\",\"https:\/\/www.instagram.com\/futbolhoycol\/\"]},{\"@type\":\"Person\",\"@id\":\"https:\/\/futbolhoy.co\/#\/schema\/person\/c4a353a512b127643723a34bb1812f7d\",\"name\":\"Laura Hern\u00e1ndez\",\"image\":{\"@type\":\"ImageObject\",\"inLanguage\":\"es\",\"@id\":\"https:\/\/futbolhoy.co\/#\/schema\/person\/image\/\",\"url\":\"https:\/\/secure.gravatar.com\/avatar\/d25959a15b9b293a743f99181c7cfd01?s=96&d=mm&r=g\",\"contentUrl\":\"https:\/\/secure.gravatar.com\/avatar\/d25959a15b9b293a743f99181c7cfd01?s=96&d=mm&r=g\",\"caption\":\"Laura Hern\u00e1ndez\"}}]}<\/script>\n<!-- \/ Yoast SEO plugin. -->","yoast_head_json":{"title":"Si Colombia no clasifica los directivos se tienen que ir: \u2018Pibe\u2019 -","robots":{"index":"index","follow":"follow","max-snippet":"max-snippet:-1","max-image-preview":"max-image-preview:large","max-video-preview":"max-video-preview:-1"},"canonical":"https:\/\/futbolhoy.co\/index.php\/2022\/03\/03\/si-colombia-no-clasifica-los-directivos-se-tienen-que-ir-pibe\/","og_locale":"es_ES","og_type":"article","og_title":"Si Colombia no clasifica los directivos se tienen que ir: \u2018Pibe\u2019 -","og_description":"Carlos \u2018El Pibe\u2019 Valderrama - Cortes\u00eda Blog Deportivo, Blu Radio\u00a0 El eterno capit\u00e1n de la\u00a0selecci\u00f3n Colombia, Carlos \u2018El Pibe\u2019 Valderrama, asegur\u00f3 que los dirigentes de la\u00a0Federaci\u00f3n Colombiana de F\u00fatbol\u00a0deben dejar sus cargos en el comit\u00e9 ejecutivo si el combinado nacional no clasifica al\u00a0Mundial Qatar 2022. \u2018El Pibe\u2019\u00a0indic\u00f3 que as\u00ed como se les exige a los [&hellip;]","og_url":"https:\/\/futbolhoy.co\/index.php\/2022\/03\/03\/si-colombia-no-clasifica-los-directivos-se-tienen-que-ir-pibe\/","article_publisher":"https:\/\/www.facebook.com\/FutbolHoyCol\/","article_published_time":"2022-03-04T02:32:01+00:00","article_modified_time":"2022-03-04T13:48:07+00:00","og_image":[{"width":698,"height":500,"url":"https:\/\/futbolhoy.co\/wp-content\/uploads\/2022\/03\/20220303_211215.jpg","type":"image\/jpeg"}],"author":"Laura Hern\u00e1ndez","twitter_card":"summary_large_image","twitter_creator":"@FutbolHoyCol","twitter_site":"@FutbolHoyCol","twitter_misc":{"Escrito por":"Laura Hern\u00e1ndez","Tiempo de lectura":"2 minutos"},"schema":{"@context":"https:\/\/schema.org","@graph":[{"@type":"Article","@id":"https:\/\/futbolhoy.co\/index.php\/2022\/03\/03\/si-colombia-no-clasifica-los-directivos-se-tienen-que-ir-pibe\/#article","isPartOf":{"@id":"https:\/\/futbolhoy.co\/index.php\/2022\/03\/03\/si-colombia-no-clasifica-los-directivos-se-tienen-que-ir-pibe\/"},"author":{"name":"Laura Hern\u00e1ndez","@id":"https:\/\/futbolhoy.co\/#\/schema\/person\/c4a353a512b127643723a34bb1812f7d"},"headline":"Si Colombia no clasifica los directivos se tienen que ir: \u2018Pibe\u2019","datePublished":"2022-03-04T02:32:01+00:00","dateModified":"2022-03-04T13:48:07+00:00","mainEntityOfPage":{"@id":"https:\/\/futbolhoy.co\/index.php\/2022\/03\/03\/si-colombia-no-clasifica-los-directivos-se-tienen-que-ir-pibe\/"},"wordCount":280,"commentCount":0,"publisher":{"@id":"https:\/\/futbolhoy.co\/#organization"},"image":{"@id":"https:\/\/futbolhoy.co\/index.php\/2022\/03\/03\/si-colombia-no-clasifica-los-directivos-se-tienen-que-ir-pibe\/#primaryimage"},"thumbnailUrl":"https:\/\/futbolhoy.co\/wp-content\/uploads\/2022\/03\/20220303_211215.jpg","articleSection":["Colombia"],"inLanguage":"es","potentialAction":[{"@type":"CommentAction","name":"Comment","target":["https:\/\/futbolhoy.co\/index.php\/2022\/03\/03\/si-colombia-no-clasifica-los-directivos-se-tienen-que-ir-pibe\/#respond"]}]},{"@type":"WebPage","@id":"https:\/\/futbolhoy.co\/index.php\/2022\/03\/03\/si-colombia-no-clasifica-los-directivos-se-tienen-que-ir-pibe\/","url":"https:\/\/futbolhoy.co\/index.php\/2022\/03\/03\/si-colombia-no-clasifica-los-directivos-se-tienen-que-ir-pibe\/","name":"Si Colombia no clasifica los directivos se tienen que ir: \u2018Pibe\u2019 -","isPartOf":{"@id":"https:\/\/futbolhoy.co\/#website"},"primaryImageOfPage":{"@id":"https:\/\/futbolhoy.co\/index.php\/2022\/03\/03\/si-colombia-no-clasifica-los-directivos-se-tienen-que-ir-pibe\/#primaryimage"},"image":{"@id":"https:\/\/futbolhoy.co\/index.php\/2022\/03\/03\/si-colombia-no-clasifica-los-directivos-se-tienen-que-ir-pibe\/#primaryimage"},"thumbnailUrl":"https:\/\/futbolhoy.co\/wp-content\/uploads\/2022\/03\/20220303_211215.jpg","datePublished":"2022-03-04T02:32:01+00:00","dateModified":"2022-03-04T13:48:07+00:00","breadcrumb":{"@id":"https:\/\/futbolhoy.co\/index.php\/2022\/03\/03\/si-colombia-no-clasifica-los-directivos-se-tienen-que-ir-pibe\/#breadcrumb"},"inLanguage":"es","potentialAction":[{"@type":"ReadAction","target":["https:\/\/futbolhoy.co\/index.php\/2022\/03\/03\/si-colombia-no-clasifica-los-directivos-se-tienen-que-ir-pibe\/"]}]},{"@type":"ImageObject","inLanguage":"es","@id":"https:\/\/futbolhoy.co\/index.php\/2022\/03\/03\/si-colombia-no-clasifica-los-directivos-se-tienen-que-ir-pibe\/#primaryimage","url":"https:\/\/futbolhoy.co\/wp-content\/uploads\/2022\/03\/20220303_211215.jpg","contentUrl":"https:\/\/futbolhoy.co\/wp-content\/uploads\/2022\/03\/20220303_211215.jpg","width":698,"height":500},{"@type":"BreadcrumbList","@id":"https:\/\/futbolhoy.co\/index.php\/2022\/03\/03\/si-colombia-no-clasifica-los-directivos-se-tienen-que-ir-pibe\/#breadcrumb","itemListElement":[{"@type":"ListItem","position":1,"name":"Portada","item":"https:\/\/futbolhoy.co\/"},{"@type":"ListItem","position":2,"name":"Si Colombia no clasifica los directivos se tienen que ir: \u2018Pibe\u2019"}]},{"@type":"WebSite","@id":"https:\/\/futbolhoy.co\/#website","url":"https:\/\/futbolhoy.co\/","name":"FutbolHoy","description":"","publisher":{"@id":"https:\/\/futbolhoy.co\/#organization"},"potentialAction":[{"@type":"SearchAction","target":{"@type":"EntryPoint","urlTemplate":"https:\/\/futbolhoy.co\/?s={search_term_string}"},"query-input":{"@type":"PropertyValueSpecification","valueRequired":true,"valueName":"search_term_string"}}],"inLanguage":"es"},{"@type":"Organization","@id":"https:\/\/futbolhoy.co\/#organization","name":"Futbolhoy.co","url":"https:\/\/futbolhoy.co\/","logo":{"@type":"ImageObject","inLanguage":"es","@id":"https:\/\/futbolhoy.co\/#\/schema\/logo\/image\/","url":"https:\/\/futbolhoy.co\/wp-content\/uploads\/2018\/08\/17426380_1906371736249227_6326180412931521141_n.jpg","contentUrl":"https:\/\/futbolhoy.co\/wp-content\/uploads\/2018\/08\/17426380_1906371736249227_6326180412931521141_n.jpg","width":960,"height":960,"caption":"Futbolhoy.co"},"image":{"@id":"https:\/\/futbolhoy.co\/#\/schema\/logo\/image\/"},"sameAs":["https:\/\/www.facebook.com\/FutbolHoyCol\/","https:\/\/x.com\/FutbolHoyCol","https:\/\/www.instagram.com\/futbolhoycol\/"]},{"@type":"Person","@id":"https:\/\/futbolhoy.co\/#\/schema\/person\/c4a353a512b127643723a34bb1812f7d","name":"Laura Hern\u00e1ndez","image":{"@type":"ImageObject","inLanguage":"es","@id":"https:\/\/futbolhoy.co\/#\/schema\/person\/image\/","url":"https:\/\/secure.gravatar.com\/avatar\/d25959a15b9b293a743f99181c7cfd01?s=96&d=mm&r=g","contentUrl":"https:\/\/secure.gravatar.com\/avatar\/d25959a15b9b293a743f99181c7cfd01?s=96&d=mm&r=g","caption":"Laura Hern\u00e1ndez"}}]}},"publishpress_future_action":{"enabled":false,"date":"2026-05-06 00:57:47","action":"change-status","newStatus":"draft","terms":[],"taxonomy":"category","extraData":[]},"publishpress_future_workflow_manual_trigger":{"enabledWorkflows":[]},"_links":{"self":[{"href":"https:\/\/futbolhoy.co\/index.php\/wp-json\/wp\/v2\/posts\/76831","targetHints":{"allow":["GET"]}}],"collection":[{"href":"https:\/\/futbolhoy.co\/index.php\/wp-json\/wp\/v2\/posts"}],"about":[{"href":"https:\/\/futbolhoy.co\/index.php\/wp-json\/wp\/v2\/types\/post"}],"author":[{"embeddable":true,"href":"https:\/\/futbolhoy.co\/index.php\/wp-json\/wp\/v2\/users\/5"}],"replies":[{"embeddable":true,"href":"https:\/\/futbolhoy.co\/index.php\/wp-json\/wp\/v2\/comments?post=76831"}],"version-history":[{"count":2,"href":"https:\/\/futbolhoy.co\/index.php\/wp-json\/wp\/v2\/posts\/76831\/revisions"}],"predecessor-version":[{"id":76835,"href":"https:\/\/futbolhoy.co\/index.php\/wp-json\/wp\/v2\/posts\/76831\/revisions\/76835"}],"wp:featuredmedia":[{"embeddable":true,"href":"https:\/\/futbolhoy.co\/index.php\/wp-json\/wp\/v2\/media\/76834"}],"wp:attachment":[{"href":"https:\/\/futbolhoy.co\/index.php\/wp-json\/wp\/v2\/media?parent=76831"}],"wp:term":[{"taxonomy":"category","embeddable":true,"href":"https:\/\/futbolhoy.co\/index.php\/wp-json\/wp\/v2\/categories?post=76831"},{"taxonomy":"post_tag","embeddable":true,"href":"https:\/\/futbolhoy.co\/index.php\/wp-json\/wp\/v2\/tags?post=76831"}],"curies":[{"name":"wp","href":"https:\/\/api.w.org\/{rel}","templated":true}]}}