{"id":7686,"date":"2017-10-13T19:55:00","date_gmt":"2017-10-14T00:55:00","guid":{"rendered":"http:\/\/futbolhoy.co\/?p=7686"},"modified":"2017-10-17T14:17:44","modified_gmt":"2017-10-17T19:17:44","slug":"monaco-sin-falcao-perdio-en-francia","status":"publish","type":"post","link":"https:\/\/futbolhoy.co\/index.php\/2017\/10\/13\/monaco-sin-falcao-perdio-en-francia\/","title":{"rendered":"M\u00f3naco sin Falcao, perdi\u00f3 en Francia"},"content":{"rendered":"<p style=\"text-align: justify;\">El Lyon venci\u00f3 3-2 al M\u00f3naco con un doblete de Nabil Fekir y un gol del hispano-dominicano Mariano D\u00edaz, en partido que abri\u00f3 la novena jornada del torneo franc\u00e9s de f\u00fatbol.<\/p>\n<p style=\"text-align: justify;\">M\u00f3naco no cont\u00f3 con Radamel Falcao Garc\u00eda, a quien el t\u00e9cnico Leonardo Jardim le dio descanso despu\u00e9s de la intensa doble jornada de eliminatorias que tuvo con Colombia.<\/p>\n<p>Con este resultados Lyon se ubic\u00f3 tercero a tres puntos del M\u00f3naco (16 frente a 19), donde Par\u00eds-Saint Germain, con 22 unidades, domina\u00a0el campeonato.<\/p>\n","protected":false},"excerpt":{"rendered":"<p>El Lyon venci\u00f3 3-2 al M\u00f3naco con un doblete de Nabil Fekir y un gol del hispano-dominicano Mariano D\u00edaz, en partido que abri\u00f3 la novena jornada del torneo franc\u00e9s de f\u00fatbol. M\u00f3naco no cont\u00f3 con Radamel Falcao Garc\u00eda, a quien el t\u00e9cnico Leonardo Jardim le dio descanso despu\u00e9s de la intensa doble jornada de eliminatorias [&hellip;]<\/p>\n","protected":false},"author":5,"featured_media":7687,"comment_status":"open","ping_status":"closed","sticky":false,"template":"","format":"standard","meta":{"_acf_changed":false,"footnotes":""},"categories":[152],"tags":[225,141,142],"class_list":{"0":"post-7686","1":"post","2":"type-post","3":"status-publish","4":"format-standard","5":"has-post-thumbnail","7":"category-mundo-futbol","8":"tag-as-monaco","9":"tag-falcao-garcia","10":"tag-ligue-1"},"acf":[],"_links":{"self":[{"href":"https:\/\/futbolhoy.co\/index.php\/wp-json\/wp\/v2\/posts\/7686","targetHints":{"allow":["GET"]}}],"collection":[{"href":"https:\/\/futbolhoy.co\/index.php\/wp-json\/wp\/v2\/posts"}],"about":[{"href":"https:\/\/futbolhoy.co\/index.php\/wp-json\/wp\/v2\/types\/post"}],"author":[{"embeddable":true,"href":"https:\/\/futbolhoy.co\/index.php\/wp-json\/wp\/v2\/users\/5"}],"replies":[{"embeddable":true,"href":"https:\/\/futbolhoy.co\/index.php\/wp-json\/wp\/v2\/comments?post=7686"}],"version-history":[{"count":2,"href":"https:\/\/futbolhoy.co\/index.php\/wp-json\/wp\/v2\/posts\/7686\/revisions"}],"predecessor-version":[{"id":7691,"href":"https:\/\/futbolhoy.co\/index.php\/wp-json\/wp\/v2\/posts\/7686\/revisions\/7691"}],"wp:featuredmedia":[{"embeddable":true,"href":"https:\/\/futbolhoy.co\/index.php\/wp-json\/wp\/v2\/media\/7687"}],"wp:attachment":[{"href":"https:\/\/futbolhoy.co\/index.php\/wp-json\/wp\/v2\/media?parent=7686"}],"wp:term":[{"taxonomy":"category","embeddable":true,"href":"https:\/\/futbolhoy.co\/index.php\/wp-json\/wp\/v2\/categories?post=7686"},{"taxonomy":"post_tag","embeddable":true,"href":"https:\/\/futbolhoy.co\/index.php\/wp-json\/wp\/v2\/tags?post=7686"}],"curies":[{"name":"wp","href":"https:\/\/api.w.org\/{rel}","templated":true}]}}