{"id":76926,"date":"2022-03-06T09:00:32","date_gmt":"2022-03-06T14:00:32","guid":{"rendered":"https:\/\/futbolhoy.co\/?p=76926"},"modified":"2022-03-07T07:17:03","modified_gmt":"2022-03-07T12:17:03","slug":"serios-incidentes-en-queretaro-atlas-en-mexico","status":"publish","type":"post","link":"https:\/\/futbolhoy.co\/index.php\/2022\/03\/06\/serios-incidentes-en-queretaro-atlas-en-mexico\/","title":{"rendered":"Serios incidentes en Quer\u00e9taro-Atlas en M\u00e9xico"},"content":{"rendered":"<p style=\"text-align: justify;\"><span style=\"font-family: helvetica, arial, sans-serif;\">El partido entre <strong>Quer\u00e9taro<\/strong> y <strong>Atlas,<\/strong> por la novena fecha del Clausura de M\u00e9xico y que se disputaba en el estadio de La Corregidora, fue suspendido como consecuencia de actos de violencia que terminaron con invasi\u00f3n a la cancha por los aficionados.<\/span><\/p>\n<p style=\"text-align: justify;\"><span style=\"font-family: helvetica, arial, sans-serif;\">Se jugaba el minuto 63 del partido cuando en las tribunas comenz\u00f3 un enfrentamiento a golpes entre seguidores de ambos equipos.<\/span><\/p>\n<p style=\"text-align: justify;\"><span style=\"font-family: helvetica, arial, sans-serif;\">Ante la incapacidad de resolver los incidentes, debido al escaso control de seguridad en las tribunas, se abrieron los accesos a la cancha para que la gente se pusiera a salvo.<\/span><\/p>\n<p style=\"text-align: justify;\"><span style=\"font-family: helvetica, arial, sans-serif;\">Debido a la invasi\u00f3n de seguidores, el partido se detuvo y los futbolistas se dirigieron a los camerinos.<\/span><\/p>\n<p style=\"text-align: justify;\"><span style=\"font-family: helvetica, arial, sans-serif;\"><strong>Quer\u00e9taro<\/strong> ten\u00eda en el banco al volante colombiano <strong>Kevin Balanta<\/strong>; mientras que en <strong>Atlas<\/strong> estaban en la cancha, el portero <strong>Camilo Vargas<\/strong> y el delantero <strong>Juli\u00e1n Qui\u00f1ones.<\/strong><\/span><\/p>\n<p style=\"text-align: justify;\"><span style=\"font-family: helvetica, arial, sans-serif;\">Varios hinchas, entre ellos familias con ni\u00f1os, buscaron ponerse a salvo mientras que otros trasladaron la violencia a la cancha, donde adem\u00e1s fue destruido el m\u00f3dulo del VAR.<\/span><\/p>\n<p style=\"text-align: justify;\"><span style=\"font-family: helvetica, arial, sans-serif;\">El Gobernador de <strong>Quer\u00e9taro, Mauricio Kuri,<\/strong> conden\u00f3 los actos de violencia, precis\u00f3 que hubo cerca de 30 heridos, sin fallecidos, y exigi\u00f3 a las autoridades deportivas responder por los hechos.<\/span><\/p>\n<p style=\"text-align: justify;\"><span style=\"font-family: helvetica, arial, sans-serif;\">Entretanto, <strong>Mikel Arriola<\/strong>, presidente ejecutivo de la <strong>Liga MX<\/strong>, anunci\u00f3 en twitter que \"se castigar\u00e1 ejemplarmente a los responsables. \u00a1La seguridad de nuestros jugadores y afici\u00f3n es prioridad!\".<\/span><\/p>\n<p style=\"text-align: justify;\"><span style=\"font-family: helvetica, arial, sans-serif;\">En la madrugada de este domingo, se confirm\u00f3 que los partidos: Pumas-Mazatl\u00e1n; Pachuca-Tigres y Tijuana-San Luis, fueron aplazados.<\/span><\/p>\n","protected":false},"excerpt":{"rendered":"<p>El partido entre Quer\u00e9taro y Atlas, por la novena fecha del Clausura de M\u00e9xico y que se disputaba en el estadio de La Corregidora, fue suspendido como consecuencia de actos de violencia que terminaron con invasi\u00f3n a la cancha por los aficionados. Se jugaba el minuto 63 del partido cuando en las tribunas comenz\u00f3 un [&hellip;]<\/p>\n","protected":false},"author":5,"featured_media":76927,"comment_status":"open","ping_status":"open","sticky":false,"template":"","format":"standard","meta":{"_acf_changed":false,"footnotes":""},"categories":[152],"tags":[],"class_list":{"0":"post-76926","1":"post","2":"type-post","3":"status-publish","4":"format-standard","5":"has-post-thumbnail","7":"category-mundo-futbol"},"acf":[],"yoast_head":"<!-- This site is optimized with the Yoast SEO plugin v26.8 - https:\/\/yoast.com\/product\/yoast-seo-wordpress\/ -->\n<title>Serios incidentes en Quer\u00e9taro-Atlas en M\u00e9xico -<\/title>\n<meta name=\"robots\" content=\"index, follow, max-snippet:-1, max-image-preview:large, max-video-preview:-1\" \/>\n<link rel=\"canonical\" href=\"https:\/\/futbolhoy.co\/index.php\/2022\/03\/06\/serios-incidentes-en-queretaro-atlas-en-mexico\/\" \/>\n<meta property=\"og:locale\" content=\"es_ES\" \/>\n<meta property=\"og:type\" content=\"article\" \/>\n<meta property=\"og:title\" content=\"Serios incidentes en Quer\u00e9taro-Atlas en M\u00e9xico -\" \/>\n<meta property=\"og:description\" content=\"El partido entre Quer\u00e9taro y Atlas, por la novena fecha del Clausura de M\u00e9xico y que se disputaba en el estadio de La Corregidora, fue suspendido como consecuencia de actos de violencia que terminaron con invasi\u00f3n a la cancha por los aficionados. Se jugaba el minuto 63 del partido cuando en las tribunas comenz\u00f3 un [&hellip;]\" \/>\n<meta property=\"og:url\" content=\"https:\/\/futbolhoy.co\/index.php\/2022\/03\/06\/serios-incidentes-en-queretaro-atlas-en-mexico\/\" \/>\n<meta property=\"article:publisher\" content=\"https:\/\/www.facebook.com\/FutbolHoyCol\/\" \/>\n<meta property=\"article:published_time\" content=\"2022-03-06T14:00:32+00:00\" \/>\n<meta property=\"article:modified_time\" content=\"2022-03-07T12:17:03+00:00\" \/>\n<meta property=\"og:image\" content=\"https:\/\/futbolhoy.co\/wp-content\/uploads\/2022\/03\/20220306_085847.jpg\" \/>\n\t<meta property=\"og:image:width\" content=\"680\" \/>\n\t<meta property=\"og:image:height\" content=\"453\" \/>\n\t<meta property=\"og:image:type\" content=\"image\/jpeg\" \/>\n<meta name=\"author\" content=\"Laura Hern\u00e1ndez\" \/>\n<meta name=\"twitter:card\" content=\"summary_large_image\" \/>\n<meta name=\"twitter:creator\" content=\"@FutbolHoyCol\" \/>\n<meta name=\"twitter:site\" content=\"@FutbolHoyCol\" \/>\n<meta name=\"twitter:label1\" content=\"Escrito por\" \/>\n\t<meta name=\"twitter:data1\" content=\"Laura Hern\u00e1ndez\" \/>\n\t<meta name=\"twitter:label2\" content=\"Tiempo de lectura\" \/>\n\t<meta name=\"twitter:data2\" content=\"2 minutos\" \/>\n<script type=\"application\/ld+json\" class=\"yoast-schema-graph\">{\"@context\":\"https:\/\/schema.org\",\"@graph\":[{\"@type\":\"Article\",\"@id\":\"https:\/\/futbolhoy.co\/index.php\/2022\/03\/06\/serios-incidentes-en-queretaro-atlas-en-mexico\/#article\",\"isPartOf\":{\"@id\":\"https:\/\/futbolhoy.co\/index.php\/2022\/03\/06\/serios-incidentes-en-queretaro-atlas-en-mexico\/\"},\"author\":{\"name\":\"Laura Hern\u00e1ndez\",\"@id\":\"https:\/\/futbolhoy.co\/#\/schema\/person\/c4a353a512b127643723a34bb1812f7d\"},\"headline\":\"Serios incidentes en Quer\u00e9taro-Atlas en M\u00e9xico\",\"datePublished\":\"2022-03-06T14:00:32+00:00\",\"dateModified\":\"2022-03-07T12:17:03+00:00\",\"mainEntityOfPage\":{\"@id\":\"https:\/\/futbolhoy.co\/index.php\/2022\/03\/06\/serios-incidentes-en-queretaro-atlas-en-mexico\/\"},\"wordCount\":263,\"commentCount\":0,\"publisher\":{\"@id\":\"https:\/\/futbolhoy.co\/#organization\"},\"image\":{\"@id\":\"https:\/\/futbolhoy.co\/index.php\/2022\/03\/06\/serios-incidentes-en-queretaro-atlas-en-mexico\/#primaryimage\"},\"thumbnailUrl\":\"https:\/\/futbolhoy.co\/wp-content\/uploads\/2022\/03\/20220306_085847.jpg\",\"articleSection\":[\"Mundo Futbol\"],\"inLanguage\":\"es\",\"potentialAction\":[{\"@type\":\"CommentAction\",\"name\":\"Comment\",\"target\":[\"https:\/\/futbolhoy.co\/index.php\/2022\/03\/06\/serios-incidentes-en-queretaro-atlas-en-mexico\/#respond\"]}]},{\"@type\":\"WebPage\",\"@id\":\"https:\/\/futbolhoy.co\/index.php\/2022\/03\/06\/serios-incidentes-en-queretaro-atlas-en-mexico\/\",\"url\":\"https:\/\/futbolhoy.co\/index.php\/2022\/03\/06\/serios-incidentes-en-queretaro-atlas-en-mexico\/\",\"name\":\"Serios incidentes en Quer\u00e9taro-Atlas en M\u00e9xico -\",\"isPartOf\":{\"@id\":\"https:\/\/futbolhoy.co\/#website\"},\"primaryImageOfPage\":{\"@id\":\"https:\/\/futbolhoy.co\/index.php\/2022\/03\/06\/serios-incidentes-en-queretaro-atlas-en-mexico\/#primaryimage\"},\"image\":{\"@id\":\"https:\/\/futbolhoy.co\/index.php\/2022\/03\/06\/serios-incidentes-en-queretaro-atlas-en-mexico\/#primaryimage\"},\"thumbnailUrl\":\"https:\/\/futbolhoy.co\/wp-content\/uploads\/2022\/03\/20220306_085847.jpg\",\"datePublished\":\"2022-03-06T14:00:32+00:00\",\"dateModified\":\"2022-03-07T12:17:03+00:00\",\"breadcrumb\":{\"@id\":\"https:\/\/futbolhoy.co\/index.php\/2022\/03\/06\/serios-incidentes-en-queretaro-atlas-en-mexico\/#breadcrumb\"},\"inLanguage\":\"es\",\"potentialAction\":[{\"@type\":\"ReadAction\",\"target\":[\"https:\/\/futbolhoy.co\/index.php\/2022\/03\/06\/serios-incidentes-en-queretaro-atlas-en-mexico\/\"]}]},{\"@type\":\"ImageObject\",\"inLanguage\":\"es\",\"@id\":\"https:\/\/futbolhoy.co\/index.php\/2022\/03\/06\/serios-incidentes-en-queretaro-atlas-en-mexico\/#primaryimage\",\"url\":\"https:\/\/futbolhoy.co\/wp-content\/uploads\/2022\/03\/20220306_085847.jpg\",\"contentUrl\":\"https:\/\/futbolhoy.co\/wp-content\/uploads\/2022\/03\/20220306_085847.jpg\",\"width\":680,\"height\":453},{\"@type\":\"BreadcrumbList\",\"@id\":\"https:\/\/futbolhoy.co\/index.php\/2022\/03\/06\/serios-incidentes-en-queretaro-atlas-en-mexico\/#breadcrumb\",\"itemListElement\":[{\"@type\":\"ListItem\",\"position\":1,\"name\":\"Portada\",\"item\":\"https:\/\/futbolhoy.co\/\"},{\"@type\":\"ListItem\",\"position\":2,\"name\":\"Serios incidentes en Quer\u00e9taro-Atlas en M\u00e9xico\"}]},{\"@type\":\"WebSite\",\"@id\":\"https:\/\/futbolhoy.co\/#website\",\"url\":\"https:\/\/futbolhoy.co\/\",\"name\":\"FutbolHoy\",\"description\":\"\",\"publisher\":{\"@id\":\"https:\/\/futbolhoy.co\/#organization\"},\"potentialAction\":[{\"@type\":\"SearchAction\",\"target\":{\"@type\":\"EntryPoint\",\"urlTemplate\":\"https:\/\/futbolhoy.co\/?s={search_term_string}\"},\"query-input\":{\"@type\":\"PropertyValueSpecification\",\"valueRequired\":true,\"valueName\":\"search_term_string\"}}],\"inLanguage\":\"es\"},{\"@type\":\"Organization\",\"@id\":\"https:\/\/futbolhoy.co\/#organization\",\"name\":\"Futbolhoy.co\",\"url\":\"https:\/\/futbolhoy.co\/\",\"logo\":{\"@type\":\"ImageObject\",\"inLanguage\":\"es\",\"@id\":\"https:\/\/futbolhoy.co\/#\/schema\/logo\/image\/\",\"url\":\"https:\/\/futbolhoy.co\/wp-content\/uploads\/2018\/08\/17426380_1906371736249227_6326180412931521141_n.jpg\",\"contentUrl\":\"https:\/\/futbolhoy.co\/wp-content\/uploads\/2018\/08\/17426380_1906371736249227_6326180412931521141_n.jpg\",\"width\":960,\"height\":960,\"caption\":\"Futbolhoy.co\"},\"image\":{\"@id\":\"https:\/\/futbolhoy.co\/#\/schema\/logo\/image\/\"},\"sameAs\":[\"https:\/\/www.facebook.com\/FutbolHoyCol\/\",\"https:\/\/x.com\/FutbolHoyCol\",\"https:\/\/www.instagram.com\/futbolhoycol\/\"]},{\"@type\":\"Person\",\"@id\":\"https:\/\/futbolhoy.co\/#\/schema\/person\/c4a353a512b127643723a34bb1812f7d\",\"name\":\"Laura Hern\u00e1ndez\",\"image\":{\"@type\":\"ImageObject\",\"inLanguage\":\"es\",\"@id\":\"https:\/\/futbolhoy.co\/#\/schema\/person\/image\/\",\"url\":\"https:\/\/secure.gravatar.com\/avatar\/d25959a15b9b293a743f99181c7cfd01?s=96&d=mm&r=g\",\"contentUrl\":\"https:\/\/secure.gravatar.com\/avatar\/d25959a15b9b293a743f99181c7cfd01?s=96&d=mm&r=g\",\"caption\":\"Laura Hern\u00e1ndez\"}}]}<\/script>\n<!-- \/ Yoast SEO plugin. -->","yoast_head_json":{"title":"Serios incidentes en Quer\u00e9taro-Atlas en M\u00e9xico -","robots":{"index":"index","follow":"follow","max-snippet":"max-snippet:-1","max-image-preview":"max-image-preview:large","max-video-preview":"max-video-preview:-1"},"canonical":"https:\/\/futbolhoy.co\/index.php\/2022\/03\/06\/serios-incidentes-en-queretaro-atlas-en-mexico\/","og_locale":"es_ES","og_type":"article","og_title":"Serios incidentes en Quer\u00e9taro-Atlas en M\u00e9xico -","og_description":"El partido entre Quer\u00e9taro y Atlas, por la novena fecha del Clausura de M\u00e9xico y que se disputaba en el estadio de La Corregidora, fue suspendido como consecuencia de actos de violencia que terminaron con invasi\u00f3n a la cancha por los aficionados. Se jugaba el minuto 63 del partido cuando en las tribunas comenz\u00f3 un [&hellip;]","og_url":"https:\/\/futbolhoy.co\/index.php\/2022\/03\/06\/serios-incidentes-en-queretaro-atlas-en-mexico\/","article_publisher":"https:\/\/www.facebook.com\/FutbolHoyCol\/","article_published_time":"2022-03-06T14:00:32+00:00","article_modified_time":"2022-03-07T12:17:03+00:00","og_image":[{"width":680,"height":453,"url":"https:\/\/futbolhoy.co\/wp-content\/uploads\/2022\/03\/20220306_085847.jpg","type":"image\/jpeg"}],"author":"Laura Hern\u00e1ndez","twitter_card":"summary_large_image","twitter_creator":"@FutbolHoyCol","twitter_site":"@FutbolHoyCol","twitter_misc":{"Escrito por":"Laura Hern\u00e1ndez","Tiempo de lectura":"2 minutos"},"schema":{"@context":"https:\/\/schema.org","@graph":[{"@type":"Article","@id":"https:\/\/futbolhoy.co\/index.php\/2022\/03\/06\/serios-incidentes-en-queretaro-atlas-en-mexico\/#article","isPartOf":{"@id":"https:\/\/futbolhoy.co\/index.php\/2022\/03\/06\/serios-incidentes-en-queretaro-atlas-en-mexico\/"},"author":{"name":"Laura Hern\u00e1ndez","@id":"https:\/\/futbolhoy.co\/#\/schema\/person\/c4a353a512b127643723a34bb1812f7d"},"headline":"Serios incidentes en Quer\u00e9taro-Atlas en M\u00e9xico","datePublished":"2022-03-06T14:00:32+00:00","dateModified":"2022-03-07T12:17:03+00:00","mainEntityOfPage":{"@id":"https:\/\/futbolhoy.co\/index.php\/2022\/03\/06\/serios-incidentes-en-queretaro-atlas-en-mexico\/"},"wordCount":263,"commentCount":0,"publisher":{"@id":"https:\/\/futbolhoy.co\/#organization"},"image":{"@id":"https:\/\/futbolhoy.co\/index.php\/2022\/03\/06\/serios-incidentes-en-queretaro-atlas-en-mexico\/#primaryimage"},"thumbnailUrl":"https:\/\/futbolhoy.co\/wp-content\/uploads\/2022\/03\/20220306_085847.jpg","articleSection":["Mundo Futbol"],"inLanguage":"es","potentialAction":[{"@type":"CommentAction","name":"Comment","target":["https:\/\/futbolhoy.co\/index.php\/2022\/03\/06\/serios-incidentes-en-queretaro-atlas-en-mexico\/#respond"]}]},{"@type":"WebPage","@id":"https:\/\/futbolhoy.co\/index.php\/2022\/03\/06\/serios-incidentes-en-queretaro-atlas-en-mexico\/","url":"https:\/\/futbolhoy.co\/index.php\/2022\/03\/06\/serios-incidentes-en-queretaro-atlas-en-mexico\/","name":"Serios incidentes en Quer\u00e9taro-Atlas en M\u00e9xico -","isPartOf":{"@id":"https:\/\/futbolhoy.co\/#website"},"primaryImageOfPage":{"@id":"https:\/\/futbolhoy.co\/index.php\/2022\/03\/06\/serios-incidentes-en-queretaro-atlas-en-mexico\/#primaryimage"},"image":{"@id":"https:\/\/futbolhoy.co\/index.php\/2022\/03\/06\/serios-incidentes-en-queretaro-atlas-en-mexico\/#primaryimage"},"thumbnailUrl":"https:\/\/futbolhoy.co\/wp-content\/uploads\/2022\/03\/20220306_085847.jpg","datePublished":"2022-03-06T14:00:32+00:00","dateModified":"2022-03-07T12:17:03+00:00","breadcrumb":{"@id":"https:\/\/futbolhoy.co\/index.php\/2022\/03\/06\/serios-incidentes-en-queretaro-atlas-en-mexico\/#breadcrumb"},"inLanguage":"es","potentialAction":[{"@type":"ReadAction","target":["https:\/\/futbolhoy.co\/index.php\/2022\/03\/06\/serios-incidentes-en-queretaro-atlas-en-mexico\/"]}]},{"@type":"ImageObject","inLanguage":"es","@id":"https:\/\/futbolhoy.co\/index.php\/2022\/03\/06\/serios-incidentes-en-queretaro-atlas-en-mexico\/#primaryimage","url":"https:\/\/futbolhoy.co\/wp-content\/uploads\/2022\/03\/20220306_085847.jpg","contentUrl":"https:\/\/futbolhoy.co\/wp-content\/uploads\/2022\/03\/20220306_085847.jpg","width":680,"height":453},{"@type":"BreadcrumbList","@id":"https:\/\/futbolhoy.co\/index.php\/2022\/03\/06\/serios-incidentes-en-queretaro-atlas-en-mexico\/#breadcrumb","itemListElement":[{"@type":"ListItem","position":1,"name":"Portada","item":"https:\/\/futbolhoy.co\/"},{"@type":"ListItem","position":2,"name":"Serios incidentes en Quer\u00e9taro-Atlas en M\u00e9xico"}]},{"@type":"WebSite","@id":"https:\/\/futbolhoy.co\/#website","url":"https:\/\/futbolhoy.co\/","name":"FutbolHoy","description":"","publisher":{"@id":"https:\/\/futbolhoy.co\/#organization"},"potentialAction":[{"@type":"SearchAction","target":{"@type":"EntryPoint","urlTemplate":"https:\/\/futbolhoy.co\/?s={search_term_string}"},"query-input":{"@type":"PropertyValueSpecification","valueRequired":true,"valueName":"search_term_string"}}],"inLanguage":"es"},{"@type":"Organization","@id":"https:\/\/futbolhoy.co\/#organization","name":"Futbolhoy.co","url":"https:\/\/futbolhoy.co\/","logo":{"@type":"ImageObject","inLanguage":"es","@id":"https:\/\/futbolhoy.co\/#\/schema\/logo\/image\/","url":"https:\/\/futbolhoy.co\/wp-content\/uploads\/2018\/08\/17426380_1906371736249227_6326180412931521141_n.jpg","contentUrl":"https:\/\/futbolhoy.co\/wp-content\/uploads\/2018\/08\/17426380_1906371736249227_6326180412931521141_n.jpg","width":960,"height":960,"caption":"Futbolhoy.co"},"image":{"@id":"https:\/\/futbolhoy.co\/#\/schema\/logo\/image\/"},"sameAs":["https:\/\/www.facebook.com\/FutbolHoyCol\/","https:\/\/x.com\/FutbolHoyCol","https:\/\/www.instagram.com\/futbolhoycol\/"]},{"@type":"Person","@id":"https:\/\/futbolhoy.co\/#\/schema\/person\/c4a353a512b127643723a34bb1812f7d","name":"Laura Hern\u00e1ndez","image":{"@type":"ImageObject","inLanguage":"es","@id":"https:\/\/futbolhoy.co\/#\/schema\/person\/image\/","url":"https:\/\/secure.gravatar.com\/avatar\/d25959a15b9b293a743f99181c7cfd01?s=96&d=mm&r=g","contentUrl":"https:\/\/secure.gravatar.com\/avatar\/d25959a15b9b293a743f99181c7cfd01?s=96&d=mm&r=g","caption":"Laura Hern\u00e1ndez"}}]}},"publishpress_future_action":{"enabled":false,"date":"2026-05-03 12:52:52","action":"change-status","newStatus":"draft","terms":[],"taxonomy":"category","extraData":[]},"publishpress_future_workflow_manual_trigger":{"enabledWorkflows":[]},"_links":{"self":[{"href":"https:\/\/futbolhoy.co\/index.php\/wp-json\/wp\/v2\/posts\/76926","targetHints":{"allow":["GET"]}}],"collection":[{"href":"https:\/\/futbolhoy.co\/index.php\/wp-json\/wp\/v2\/posts"}],"about":[{"href":"https:\/\/futbolhoy.co\/index.php\/wp-json\/wp\/v2\/types\/post"}],"author":[{"embeddable":true,"href":"https:\/\/futbolhoy.co\/index.php\/wp-json\/wp\/v2\/users\/5"}],"replies":[{"embeddable":true,"href":"https:\/\/futbolhoy.co\/index.php\/wp-json\/wp\/v2\/comments?post=76926"}],"version-history":[{"count":2,"href":"https:\/\/futbolhoy.co\/index.php\/wp-json\/wp\/v2\/posts\/76926\/revisions"}],"predecessor-version":[{"id":76933,"href":"https:\/\/futbolhoy.co\/index.php\/wp-json\/wp\/v2\/posts\/76926\/revisions\/76933"}],"wp:featuredmedia":[{"embeddable":true,"href":"https:\/\/futbolhoy.co\/index.php\/wp-json\/wp\/v2\/media\/76927"}],"wp:attachment":[{"href":"https:\/\/futbolhoy.co\/index.php\/wp-json\/wp\/v2\/media?parent=76926"}],"wp:term":[{"taxonomy":"category","embeddable":true,"href":"https:\/\/futbolhoy.co\/index.php\/wp-json\/wp\/v2\/categories?post=76926"},{"taxonomy":"post_tag","embeddable":true,"href":"https:\/\/futbolhoy.co\/index.php\/wp-json\/wp\/v2\/tags?post=76926"}],"curies":[{"name":"wp","href":"https:\/\/api.w.org\/{rel}","templated":true}]}}