{"id":7698,"date":"2017-10-13T20:10:19","date_gmt":"2017-10-14T01:10:19","guid":{"rendered":"http:\/\/futbolhoy.co\/?p=7698"},"modified":"2017-10-17T14:17:27","modified_gmt":"2017-10-17T19:17:27","slug":"bayern-sin-james-goleo-en-bundesliga","status":"publish","type":"post","link":"https:\/\/futbolhoy.co\/index.php\/2017\/10\/13\/bayern-sin-james-goleo-en-bundesliga\/","title":{"rendered":"Bayern sin James, gole\u00f3 en Bundesliga"},"content":{"rendered":"<p style=\"text-align: justify;\">El Bayern Munich, con el debut del entrenador Jupp Heynckes y sin el colombiano James Rodr\u00edguez, venci\u00f3 5-0 al Friburgo en la octava fecha\u00a0y se confirm\u00f3 segundo en la Bundesliga.<\/p>\n<p>Los goles fueron convertidos por Coman, Thiago Alcantara, Lewandowsky,\u00a0Kimmich\u00a0y un autogol\u00a0de Schuster.<\/p>\n<p>Rodr\u00edguez regres\u00f3 el jueves a los entrenamientos del equipo alem\u00e1n, luego de participar con Colombia en la clasificaci\u00f3n al Mundial Rusia 2018.<\/p>\n<p>El colombiano recibi\u00f3 esta semana el respaldo\u00a0de Heynckes, quien dijo que conoce sus condiciones, pero\u00a0tiene que adaptarse al f\u00fatbol alem\u00e1n para lo cual espera poder ayudarle.<\/p>\n<p>\u00abConozco bien a James por los partidos que le vi con el Real Madrid, s\u00e9 que es un jugador excelente, pero el f\u00fatbol adem\u00e1s es distinto y requiere un trabajo de adaptaci\u00f3n\u00bb, coment\u00f3.<\/p>\n<p>\u00abHay que asumir que el f\u00fatbol alem\u00e1n es distinto, tenemos otra mentalidad, otra cultura y eso no siempre es f\u00e1cil\u00bb, puntualiz\u00f3 el entrenador.<\/p>\n","protected":false},"excerpt":{"rendered":"<p>El Bayern Munich, con el debut del entrenador Jupp Heynckes y sin el colombiano James Rodr\u00edguez, venci\u00f3 5-0 al Friburgo en la octava fecha\u00a0y se confirm\u00f3 segundo en la Bundesliga. Los goles fueron convertidos por Coman, Thiago Alcantara, Lewandowsky,\u00a0Kimmich\u00a0y un autogol\u00a0de Schuster. Rodr\u00edguez regres\u00f3 el jueves a los entrenamientos del equipo alem\u00e1n, luego de participar [&hellip;]<\/p>\n","protected":false},"author":5,"featured_media":7695,"comment_status":"open","ping_status":"closed","sticky":false,"template":"","format":"standard","meta":{"_acf_changed":false,"footnotes":""},"categories":[152],"tags":[88,140],"class_list":{"0":"post-7698","1":"post","2":"type-post","3":"status-publish","4":"format-standard","5":"has-post-thumbnail","7":"category-mundo-futbol","8":"tag-bayern-munich","9":"tag-bundesliga"},"acf":[],"_links":{"self":[{"href":"https:\/\/futbolhoy.co\/index.php\/wp-json\/wp\/v2\/posts\/7698","targetHints":{"allow":["GET"]}}],"collection":[{"href":"https:\/\/futbolhoy.co\/index.php\/wp-json\/wp\/v2\/posts"}],"about":[{"href":"https:\/\/futbolhoy.co\/index.php\/wp-json\/wp\/v2\/types\/post"}],"author":[{"embeddable":true,"href":"https:\/\/futbolhoy.co\/index.php\/wp-json\/wp\/v2\/users\/5"}],"replies":[{"embeddable":true,"href":"https:\/\/futbolhoy.co\/index.php\/wp-json\/wp\/v2\/comments?post=7698"}],"version-history":[{"count":2,"href":"https:\/\/futbolhoy.co\/index.php\/wp-json\/wp\/v2\/posts\/7698\/revisions"}],"predecessor-version":[{"id":7829,"href":"https:\/\/futbolhoy.co\/index.php\/wp-json\/wp\/v2\/posts\/7698\/revisions\/7829"}],"wp:featuredmedia":[{"embeddable":true,"href":"https:\/\/futbolhoy.co\/index.php\/wp-json\/wp\/v2\/media\/7695"}],"wp:attachment":[{"href":"https:\/\/futbolhoy.co\/index.php\/wp-json\/wp\/v2\/media?parent=7698"}],"wp:term":[{"taxonomy":"category","embeddable":true,"href":"https:\/\/futbolhoy.co\/index.php\/wp-json\/wp\/v2\/categories?post=7698"},{"taxonomy":"post_tag","embeddable":true,"href":"https:\/\/futbolhoy.co\/index.php\/wp-json\/wp\/v2\/tags?post=7698"}],"curies":[{"name":"wp","href":"https:\/\/api.w.org\/{rel}","templated":true}]}}