{"id":77023,"date":"2022-03-08T12:24:03","date_gmt":"2022-03-08T17:24:03","guid":{"rendered":"https:\/\/futbolhoy.co\/?p=77023"},"modified":"2022-03-09T10:13:00","modified_gmt":"2022-03-09T15:13:00","slug":"james-ausente-en-liga","status":"publish","type":"post","link":"https:\/\/futbolhoy.co\/index.php\/2022\/03\/08\/james-ausente-en-liga\/","title":{"rendered":"James ausente en Liga"},"content":{"rendered":"<p style=\"text-align: justify;\"><span style=\"font-family: helvetica, arial, sans-serif;\"><strong>James Rodr\u00edguez<\/strong> no fue convocado para el juego donde su equipo <strong>Al Rayyan<\/strong> cay\u00f3 1-0 este martes en su visita a <strong>Al Sadd<\/strong>, por la fecha 14 de la <strong>Qatar Stars League.<\/strong><\/span><\/p>\n<p style=\"text-align: justify;\"><span style=\"font-family: helvetica, arial, sans-serif;\">Su club no revel\u00f3 los motivos por los cuales no fue citado, aunque extraoficialmente se dijo que el colombiano habr\u00eda presentado un problema muscular en el partido del fin de semana ante <strong>Al Wakrah.<\/strong><\/span><\/p>\n<p style=\"text-align: justify;\"><span style=\"font-family: helvetica, arial, sans-serif;\">En la temporada, <strong>James<\/strong> ha participado en 12 encuentros y acumula 4 goles.<\/span><\/p>\n<p style=\"text-align: justify;\"><span style=\"font-family: helvetica, arial, sans-serif;\">En la Liga, <strong>Al Rayyan<\/strong> ocupa la antepen\u00faltima posici\u00f3n con 21 puntos, luego de 5 triunfos, 6 empates y 10 derrotas.<\/span><\/p>\n","protected":false},"excerpt":{"rendered":"<p>James Rodr\u00edguez no fue convocado para el juego donde su equipo Al Rayyan cay\u00f3 1-0 este martes en su visita a Al Sadd, por la fecha 14 de la Qatar Stars League. Su club no revel\u00f3 los motivos por los cuales no fue citado, aunque extraoficialmente se dijo que el colombiano habr\u00eda presentado un problema [&hellip;]<\/p>\n","protected":false},"author":5,"featured_media":77027,"comment_status":"open","ping_status":"closed","sticky":false,"template":"","format":"standard","meta":{"_acf_changed":false,"footnotes":""},"categories":[418],"tags":[],"class_list":["post-77023","post","type-post","status-publish","format-standard","has-post-thumbnail","category-colombia"],"acf":[],"yoast_head":"<!-- This site is optimized with the Yoast SEO plugin v28.4 - https:\/\/yoast.com\/product\/yoast-seo-wordpress\/ -->\n<title>James ausente en Liga -<\/title>\n<meta name=\"robots\" content=\"index, follow, max-snippet:-1, max-image-preview:large, max-video-preview:-1\" \/>\n<link rel=\"canonical\" href=\"https:\/\/futbolhoy.co\/index.php\/2022\/03\/08\/james-ausente-en-liga\/\" \/>\n<meta property=\"og:locale\" content=\"es_ES\" \/>\n<meta property=\"og:type\" content=\"article\" \/>\n<meta property=\"og:title\" content=\"James ausente en Liga -\" \/>\n<meta property=\"og:description\" content=\"James Rodr\u00edguez no fue convocado para el juego donde su equipo Al Rayyan cay\u00f3 1-0 este martes en su visita a Al Sadd, por la fecha 14 de la Qatar Stars League. Su club no revel\u00f3 los motivos por los cuales no fue citado, aunque extraoficialmente se dijo que el colombiano habr\u00eda presentado un problema [&hellip;]\" \/>\n<meta property=\"og:url\" content=\"https:\/\/futbolhoy.co\/index.php\/2022\/03\/08\/james-ausente-en-liga\/\" \/>\n<meta property=\"article:publisher\" content=\"https:\/\/www.facebook.com\/FutbolHoyCol\/\" \/>\n<meta property=\"article:published_time\" content=\"2022-03-08T17:24:03+00:00\" \/>\n<meta property=\"article:modified_time\" content=\"2022-03-09T15:13:00+00:00\" \/>\n<meta property=\"og:image\" content=\"https:\/\/futbolhoy.co\/wp-content\/uploads\/2022\/03\/FNVGoM1WQAED_V4.jpg\" \/>\n\t<meta property=\"og:image:width\" content=\"680\" \/>\n\t<meta property=\"og:image:height\" content=\"594\" \/>\n\t<meta property=\"og:image:type\" content=\"image\/jpeg\" \/>\n<meta name=\"author\" content=\"Laura Hern\u00e1ndez\" \/>\n<meta name=\"twitter:card\" content=\"summary_large_image\" \/>\n<meta name=\"twitter:creator\" content=\"@FutbolHoyCol\" \/>\n<meta name=\"twitter:site\" content=\"@FutbolHoyCol\" \/>\n<meta name=\"twitter:label1\" content=\"Escrito por\" \/>\n\t<meta name=\"twitter:data1\" content=\"Laura Hern\u00e1ndez\" \/>\n\t<meta name=\"twitter:label2\" content=\"Tiempo de lectura\" \/>\n\t<meta name=\"twitter:data2\" content=\"1 minuto\" \/>\n<script type=\"application\/ld+json\" class=\"yoast-schema-graph\">{\"@context\":\"https:\\\/\\\/schema.org\",\"@graph\":[{\"@type\":\"Article\",\"@id\":\"https:\\\/\\\/futbolhoy.co\\\/index.php\\\/2022\\\/03\\\/08\\\/james-ausente-en-liga\\\/#article\",\"isPartOf\":{\"@id\":\"https:\\\/\\\/futbolhoy.co\\\/index.php\\\/2022\\\/03\\\/08\\\/james-ausente-en-liga\\\/\"},\"author\":{\"name\":\"Laura Hern\u00e1ndez\",\"@id\":\"https:\\\/\\\/futbolhoy.co\\\/#\\\/schema\\\/person\\\/c4a353a512b127643723a34bb1812f7d\"},\"headline\":\"James ausente en Liga\",\"datePublished\":\"2022-03-08T17:24:03+00:00\",\"dateModified\":\"2022-03-09T15:13:00+00:00\",\"mainEntityOfPage\":{\"@id\":\"https:\\\/\\\/futbolhoy.co\\\/index.php\\\/2022\\\/03\\\/08\\\/james-ausente-en-liga\\\/\"},\"wordCount\":101,\"commentCount\":0,\"image\":{\"@id\":\"https:\\\/\\\/futbolhoy.co\\\/index.php\\\/2022\\\/03\\\/08\\\/james-ausente-en-liga\\\/#primaryimage\"},\"thumbnailUrl\":\"https:\\\/\\\/futbolhoy.co\\\/wp-content\\\/uploads\\\/2022\\\/03\\\/FNVGoM1WQAED_V4.jpg\",\"articleSection\":[\"Colombia\"],\"inLanguage\":\"es\",\"potentialAction\":[{\"@type\":\"CommentAction\",\"name\":\"Comment\",\"target\":[\"https:\\\/\\\/futbolhoy.co\\\/index.php\\\/2022\\\/03\\\/08\\\/james-ausente-en-liga\\\/#respond\"]}]},{\"@type\":\"WebPage\",\"@id\":\"https:\\\/\\\/futbolhoy.co\\\/index.php\\\/2022\\\/03\\\/08\\\/james-ausente-en-liga\\\/\",\"url\":\"https:\\\/\\\/futbolhoy.co\\\/index.php\\\/2022\\\/03\\\/08\\\/james-ausente-en-liga\\\/\",\"name\":\"James ausente en Liga -\",\"isPartOf\":{\"@id\":\"https:\\\/\\\/futbolhoy.co\\\/#website\"},\"primaryImageOfPage\":{\"@id\":\"https:\\\/\\\/futbolhoy.co\\\/index.php\\\/2022\\\/03\\\/08\\\/james-ausente-en-liga\\\/#primaryimage\"},\"image\":{\"@id\":\"https:\\\/\\\/futbolhoy.co\\\/index.php\\\/2022\\\/03\\\/08\\\/james-ausente-en-liga\\\/#primaryimage\"},\"thumbnailUrl\":\"https:\\\/\\\/futbolhoy.co\\\/wp-content\\\/uploads\\\/2022\\\/03\\\/FNVGoM1WQAED_V4.jpg\",\"datePublished\":\"2022-03-08T17:24:03+00:00\",\"dateModified\":\"2022-03-09T15:13:00+00:00\",\"author\":{\"@id\":\"https:\\\/\\\/futbolhoy.co\\\/#\\\/schema\\\/person\\\/c4a353a512b127643723a34bb1812f7d\"},\"breadcrumb\":{\"@id\":\"https:\\\/\\\/futbolhoy.co\\\/index.php\\\/2022\\\/03\\\/08\\\/james-ausente-en-liga\\\/#breadcrumb\"},\"inLanguage\":\"es\",\"potentialAction\":[{\"@type\":\"ReadAction\",\"target\":[\"https:\\\/\\\/futbolhoy.co\\\/index.php\\\/2022\\\/03\\\/08\\\/james-ausente-en-liga\\\/\"]}]},{\"@type\":\"ImageObject\",\"inLanguage\":\"es\",\"@id\":\"https:\\\/\\\/futbolhoy.co\\\/index.php\\\/2022\\\/03\\\/08\\\/james-ausente-en-liga\\\/#primaryimage\",\"url\":\"https:\\\/\\\/futbolhoy.co\\\/wp-content\\\/uploads\\\/2022\\\/03\\\/FNVGoM1WQAED_V4.jpg\",\"contentUrl\":\"https:\\\/\\\/futbolhoy.co\\\/wp-content\\\/uploads\\\/2022\\\/03\\\/FNVGoM1WQAED_V4.jpg\",\"width\":680,\"height\":594},{\"@type\":\"BreadcrumbList\",\"@id\":\"https:\\\/\\\/futbolhoy.co\\\/index.php\\\/2022\\\/03\\\/08\\\/james-ausente-en-liga\\\/#breadcrumb\",\"itemListElement\":[{\"@type\":\"ListItem\",\"position\":1,\"name\":\"Portada\",\"item\":\"https:\\\/\\\/futbolhoy.co\\\/\"},{\"@type\":\"ListItem\",\"position\":2,\"name\":\"James ausente en Liga\"}]},{\"@type\":\"WebSite\",\"@id\":\"https:\\\/\\\/futbolhoy.co\\\/#website\",\"url\":\"https:\\\/\\\/futbolhoy.co\\\/\",\"name\":\"FutbolHoy\",\"description\":\"\",\"potentialAction\":[{\"@type\":\"SearchAction\",\"target\":{\"@type\":\"EntryPoint\",\"urlTemplate\":\"https:\\\/\\\/futbolhoy.co\\\/?s={search_term_string}\"},\"query-input\":{\"@type\":\"PropertyValueSpecification\",\"valueRequired\":true,\"valueName\":\"search_term_string\"}}],\"inLanguage\":\"es\"},{\"@type\":\"Person\",\"@id\":\"https:\\\/\\\/futbolhoy.co\\\/#\\\/schema\\\/person\\\/c4a353a512b127643723a34bb1812f7d\",\"name\":\"Laura Hern\u00e1ndez\",\"image\":{\"@type\":\"ImageObject\",\"inLanguage\":\"es\",\"@id\":\"https:\\\/\\\/secure.gravatar.com\\\/avatar\\\/1ae6b7966942c60c822ea71afe0e5cf4105b8e983193883c6d026db4d508431d?s=96&d=mm&r=g\",\"url\":\"https:\\\/\\\/secure.gravatar.com\\\/avatar\\\/1ae6b7966942c60c822ea71afe0e5cf4105b8e983193883c6d026db4d508431d?s=96&d=mm&r=g\",\"contentUrl\":\"https:\\\/\\\/secure.gravatar.com\\\/avatar\\\/1ae6b7966942c60c822ea71afe0e5cf4105b8e983193883c6d026db4d508431d?s=96&d=mm&r=g\",\"caption\":\"Laura Hern\u00e1ndez\"}}]}<\/script>\n<!-- \/ Yoast SEO plugin. -->","yoast_head_json":{"title":"James ausente en Liga -","robots":{"index":"index","follow":"follow","max-snippet":"max-snippet:-1","max-image-preview":"max-image-preview:large","max-video-preview":"max-video-preview:-1"},"canonical":"https:\/\/futbolhoy.co\/index.php\/2022\/03\/08\/james-ausente-en-liga\/","og_locale":"es_ES","og_type":"article","og_title":"James ausente en Liga -","og_description":"James Rodr\u00edguez no fue convocado para el juego donde su equipo Al Rayyan cay\u00f3 1-0 este martes en su visita a Al Sadd, por la fecha 14 de la Qatar Stars League. Su club no revel\u00f3 los motivos por los cuales no fue citado, aunque extraoficialmente se dijo que el colombiano habr\u00eda presentado un problema [&hellip;]","og_url":"https:\/\/futbolhoy.co\/index.php\/2022\/03\/08\/james-ausente-en-liga\/","article_publisher":"https:\/\/www.facebook.com\/FutbolHoyCol\/","article_published_time":"2022-03-08T17:24:03+00:00","article_modified_time":"2022-03-09T15:13:00+00:00","og_image":[{"width":680,"height":594,"url":"https:\/\/futbolhoy.co\/wp-content\/uploads\/2022\/03\/FNVGoM1WQAED_V4.jpg","type":"image\/jpeg"}],"author":"Laura Hern\u00e1ndez","twitter_card":"summary_large_image","twitter_creator":"@FutbolHoyCol","twitter_site":"@FutbolHoyCol","twitter_misc":{"Escrito por":"Laura Hern\u00e1ndez","Tiempo de lectura":"1 minuto"},"schema":{"@context":"https:\/\/schema.org","@graph":[{"@type":"Article","@id":"https:\/\/futbolhoy.co\/index.php\/2022\/03\/08\/james-ausente-en-liga\/#article","isPartOf":{"@id":"https:\/\/futbolhoy.co\/index.php\/2022\/03\/08\/james-ausente-en-liga\/"},"author":{"name":"Laura Hern\u00e1ndez","@id":"https:\/\/futbolhoy.co\/#\/schema\/person\/c4a353a512b127643723a34bb1812f7d"},"headline":"James ausente en Liga","datePublished":"2022-03-08T17:24:03+00:00","dateModified":"2022-03-09T15:13:00+00:00","mainEntityOfPage":{"@id":"https:\/\/futbolhoy.co\/index.php\/2022\/03\/08\/james-ausente-en-liga\/"},"wordCount":101,"commentCount":0,"image":{"@id":"https:\/\/futbolhoy.co\/index.php\/2022\/03\/08\/james-ausente-en-liga\/#primaryimage"},"thumbnailUrl":"https:\/\/futbolhoy.co\/wp-content\/uploads\/2022\/03\/FNVGoM1WQAED_V4.jpg","articleSection":["Colombia"],"inLanguage":"es","potentialAction":[{"@type":"CommentAction","name":"Comment","target":["https:\/\/futbolhoy.co\/index.php\/2022\/03\/08\/james-ausente-en-liga\/#respond"]}]},{"@type":"WebPage","@id":"https:\/\/futbolhoy.co\/index.php\/2022\/03\/08\/james-ausente-en-liga\/","url":"https:\/\/futbolhoy.co\/index.php\/2022\/03\/08\/james-ausente-en-liga\/","name":"James ausente en Liga -","isPartOf":{"@id":"https:\/\/futbolhoy.co\/#website"},"primaryImageOfPage":{"@id":"https:\/\/futbolhoy.co\/index.php\/2022\/03\/08\/james-ausente-en-liga\/#primaryimage"},"image":{"@id":"https:\/\/futbolhoy.co\/index.php\/2022\/03\/08\/james-ausente-en-liga\/#primaryimage"},"thumbnailUrl":"https:\/\/futbolhoy.co\/wp-content\/uploads\/2022\/03\/FNVGoM1WQAED_V4.jpg","datePublished":"2022-03-08T17:24:03+00:00","dateModified":"2022-03-09T15:13:00+00:00","author":{"@id":"https:\/\/futbolhoy.co\/#\/schema\/person\/c4a353a512b127643723a34bb1812f7d"},"breadcrumb":{"@id":"https:\/\/futbolhoy.co\/index.php\/2022\/03\/08\/james-ausente-en-liga\/#breadcrumb"},"inLanguage":"es","potentialAction":[{"@type":"ReadAction","target":["https:\/\/futbolhoy.co\/index.php\/2022\/03\/08\/james-ausente-en-liga\/"]}]},{"@type":"ImageObject","inLanguage":"es","@id":"https:\/\/futbolhoy.co\/index.php\/2022\/03\/08\/james-ausente-en-liga\/#primaryimage","url":"https:\/\/futbolhoy.co\/wp-content\/uploads\/2022\/03\/FNVGoM1WQAED_V4.jpg","contentUrl":"https:\/\/futbolhoy.co\/wp-content\/uploads\/2022\/03\/FNVGoM1WQAED_V4.jpg","width":680,"height":594},{"@type":"BreadcrumbList","@id":"https:\/\/futbolhoy.co\/index.php\/2022\/03\/08\/james-ausente-en-liga\/#breadcrumb","itemListElement":[{"@type":"ListItem","position":1,"name":"Portada","item":"https:\/\/futbolhoy.co\/"},{"@type":"ListItem","position":2,"name":"James ausente en Liga"}]},{"@type":"WebSite","@id":"https:\/\/futbolhoy.co\/#website","url":"https:\/\/futbolhoy.co\/","name":"FutbolHoy","description":"","potentialAction":[{"@type":"SearchAction","target":{"@type":"EntryPoint","urlTemplate":"https:\/\/futbolhoy.co\/?s={search_term_string}"},"query-input":{"@type":"PropertyValueSpecification","valueRequired":true,"valueName":"search_term_string"}}],"inLanguage":"es"},{"@type":"Person","@id":"https:\/\/futbolhoy.co\/#\/schema\/person\/c4a353a512b127643723a34bb1812f7d","name":"Laura Hern\u00e1ndez","image":{"@type":"ImageObject","inLanguage":"es","@id":"https:\/\/secure.gravatar.com\/avatar\/1ae6b7966942c60c822ea71afe0e5cf4105b8e983193883c6d026db4d508431d?s=96&d=mm&r=g","url":"https:\/\/secure.gravatar.com\/avatar\/1ae6b7966942c60c822ea71afe0e5cf4105b8e983193883c6d026db4d508431d?s=96&d=mm&r=g","contentUrl":"https:\/\/secure.gravatar.com\/avatar\/1ae6b7966942c60c822ea71afe0e5cf4105b8e983193883c6d026db4d508431d?s=96&d=mm&r=g","caption":"Laura Hern\u00e1ndez"}}]}},"_links":{"self":[{"href":"https:\/\/futbolhoy.co\/index.php\/wp-json\/wp\/v2\/posts\/77023","targetHints":{"allow":["GET"]}}],"collection":[{"href":"https:\/\/futbolhoy.co\/index.php\/wp-json\/wp\/v2\/posts"}],"about":[{"href":"https:\/\/futbolhoy.co\/index.php\/wp-json\/wp\/v2\/types\/post"}],"author":[{"embeddable":true,"href":"https:\/\/futbolhoy.co\/index.php\/wp-json\/wp\/v2\/users\/5"}],"replies":[{"embeddable":true,"href":"https:\/\/futbolhoy.co\/index.php\/wp-json\/wp\/v2\/comments?post=77023"}],"version-history":[{"count":1,"href":"https:\/\/futbolhoy.co\/index.php\/wp-json\/wp\/v2\/posts\/77023\/revisions"}],"predecessor-version":[{"id":77028,"href":"https:\/\/futbolhoy.co\/index.php\/wp-json\/wp\/v2\/posts\/77023\/revisions\/77028"}],"wp:featuredmedia":[{"embeddable":true,"href":"https:\/\/futbolhoy.co\/index.php\/wp-json\/wp\/v2\/media\/77027"}],"wp:attachment":[{"href":"https:\/\/futbolhoy.co\/index.php\/wp-json\/wp\/v2\/media?parent=77023"}],"wp:term":[{"taxonomy":"category","embeddable":true,"href":"https:\/\/futbolhoy.co\/index.php\/wp-json\/wp\/v2\/categories?post=77023"},{"taxonomy":"post_tag","embeddable":true,"href":"https:\/\/futbolhoy.co\/index.php\/wp-json\/wp\/v2\/tags?post=77023"}],"curies":[{"name":"wp","href":"https:\/\/api.w.org\/{rel}","templated":true}]}}