{"id":77078,"date":"2022-03-09T17:35:15","date_gmt":"2022-03-09T22:35:15","guid":{"rendered":"https:\/\/futbolhoy.co\/?p=77078"},"modified":"2022-03-10T07:56:04","modified_gmt":"2022-03-10T12:56:04","slug":"el-madrid-remonto-y-avanzo-a-cuartos","status":"publish","type":"post","link":"https:\/\/futbolhoy.co\/index.php\/2022\/03\/09\/el-madrid-remonto-y-avanzo-a-cuartos\/","title":{"rendered":"El Madrid remont\u00f3 y avanz\u00f3 a cuartos"},"content":{"rendered":"<p style=\"text-align: justify;\"><span style=\"font-family: helvetica, arial, sans-serif;\"><strong>Real Madrid<\/strong>, guiado por el franc\u00e9s <strong>Karim Benzema,<\/strong> se impuso 3-1 al PSG y se clasific\u00f3 a cuartos de final de la <strong>Liga de Campeones<\/strong>, en partido disputado en el estadio Santiago Bernab\u00e9u.<\/span><\/p>\n<p style=\"text-align: justify;\"><span style=\"font-family: helvetica, arial, sans-serif;\">Tres goles de <strong>Benzema,<\/strong> a los minutos 61, 76 y 78, le dieron la vuelta a la eliminatoria de octavos, donde los espa\u00f1oles perd\u00edan en el global 2-0 tras una anotaci\u00f3n de <strong>Kylian Mbapp\u00e9<\/strong> (39\u2019).<\/span><\/p>\n<p style=\"text-align: justify;\"><span style=\"font-family: helvetica, arial, sans-serif;\">En la segunda mitad, el equipo parisino no supo mantener la ventaja y luego de un error del portero <strong>Gianluigi Donnarumma<\/strong>, para el empate parcial (1-1), los espa\u00f1oles se apoderaron de las acciones.<\/span><\/p>\n<p style=\"text-align: justify;\"><span style=\"font-family: helvetica, arial, sans-serif;\">El PSG, que se hab\u00eda impuesto en la primera parte, sufri\u00f3 el empuje del equipo local y se fueron eliminados.<\/span><\/p>\n<p style=\"text-align: justify;\"><span style=\"font-family: helvetica, arial, sans-serif;\">En el otro partido de la jornada, <strong>Manchester City<\/strong> tambi\u00e9n avanz\u00f3 tras empatar 0-0 con <strong>Sporting<\/strong> de Lisboa, gracias a la victoria 5-0 en la ida disputada en Portugal.<\/span><\/p>\n<div style=\"text-align: justify;\"><span style=\"font-family: helvetica, arial, sans-serif;\">El City domin\u00f3 todo el encuentro, pero sin exhibir el juego ofensivo habitual, anot\u00f3 un tanto al inicio de la segunda parte, acci\u00f3n anulada por fuera de lugar del brasile\u00f1o <strong>Gabriel Jes\u00fas<\/strong>.<\/span><\/div>\n<div style=\"text-align: justify;\"><\/div>\n<div style=\"text-align: justify;\">\n<p><span style=\"font-family: helvetica, arial, sans-serif;\"><strong>Real Madrid<\/strong> y <strong>Manchester City<\/strong> se sumaron a los clasificados del martes, <strong>Liverpool<\/strong> y <strong>Bayern M\u00fanich<\/strong>.<\/span><\/p>\n<p><span style=\"font-family: helvetica, arial, sans-serif;\">El cuadro de cuartos de final, que se completar\u00e1 la pr\u00f3xima semana, ser\u00e1 sorteado el viernes 18 de marzo en Nyon, Suiza.<\/span><\/p>\n<\/div>\n","protected":false},"excerpt":{"rendered":"<p>Real Madrid, guiado por el franc\u00e9s Karim Benzema, se impuso 3-1 al PSG y se clasific\u00f3 a cuartos de final de la Liga de Campeones, en partido disputado en el estadio Santiago Bernab\u00e9u. Tres goles de Benzema, a los minutos 61, 76 y 78, le dieron la vuelta a la eliminatoria de octavos, donde los [&hellip;]<\/p>\n","protected":false},"author":5,"featured_media":77079,"comment_status":"open","ping_status":"open","sticky":false,"template":"","format":"standard","meta":{"_acf_changed":false,"footnotes":""},"categories":[4],"tags":[],"class_list":{"0":"post-77078","1":"post","2":"type-post","3":"status-publish","4":"format-standard","5":"has-post-thumbnail","7":"category-champions-league"},"acf":[],"yoast_head":"<!-- This site is optimized with the Yoast SEO plugin v26.8 - https:\/\/yoast.com\/product\/yoast-seo-wordpress\/ -->\n<title>El Madrid remont\u00f3 y avanz\u00f3 a cuartos -<\/title>\n<meta name=\"robots\" content=\"index, follow, max-snippet:-1, max-image-preview:large, max-video-preview:-1\" \/>\n<link rel=\"canonical\" href=\"https:\/\/futbolhoy.co\/index.php\/2022\/03\/09\/el-madrid-remonto-y-avanzo-a-cuartos\/\" \/>\n<meta property=\"og:locale\" content=\"es_ES\" \/>\n<meta property=\"og:type\" content=\"article\" \/>\n<meta property=\"og:title\" content=\"El Madrid remont\u00f3 y avanz\u00f3 a cuartos -\" \/>\n<meta property=\"og:description\" content=\"Real Madrid, guiado por el franc\u00e9s Karim Benzema, se impuso 3-1 al PSG y se clasific\u00f3 a cuartos de final de la Liga de Campeones, en partido disputado en el estadio Santiago Bernab\u00e9u. Tres goles de Benzema, a los minutos 61, 76 y 78, le dieron la vuelta a la eliminatoria de octavos, donde los [&hellip;]\" \/>\n<meta property=\"og:url\" content=\"https:\/\/futbolhoy.co\/index.php\/2022\/03\/09\/el-madrid-remonto-y-avanzo-a-cuartos\/\" \/>\n<meta property=\"article:publisher\" content=\"https:\/\/www.facebook.com\/FutbolHoyCol\/\" \/>\n<meta property=\"article:published_time\" content=\"2022-03-09T22:35:15+00:00\" \/>\n<meta property=\"article:modified_time\" content=\"2022-03-10T12:56:04+00:00\" \/>\n<meta property=\"og:image\" content=\"https:\/\/futbolhoy.co\/wp-content\/uploads\/2022\/03\/20220309_173152.jpg\" \/>\n\t<meta property=\"og:image:width\" content=\"1080\" \/>\n\t<meta property=\"og:image:height\" content=\"1350\" \/>\n\t<meta property=\"og:image:type\" content=\"image\/jpeg\" \/>\n<meta name=\"author\" content=\"Laura Hern\u00e1ndez\" \/>\n<meta name=\"twitter:card\" content=\"summary_large_image\" \/>\n<meta name=\"twitter:creator\" content=\"@FutbolHoyCol\" \/>\n<meta name=\"twitter:site\" content=\"@FutbolHoyCol\" \/>\n<meta name=\"twitter:label1\" content=\"Escrito por\" \/>\n\t<meta name=\"twitter:data1\" content=\"Laura Hern\u00e1ndez\" \/>\n\t<meta name=\"twitter:label2\" content=\"Tiempo de lectura\" \/>\n\t<meta name=\"twitter:data2\" content=\"1 minuto\" \/>\n<script type=\"application\/ld+json\" class=\"yoast-schema-graph\">{\"@context\":\"https:\/\/schema.org\",\"@graph\":[{\"@type\":\"Article\",\"@id\":\"https:\/\/futbolhoy.co\/index.php\/2022\/03\/09\/el-madrid-remonto-y-avanzo-a-cuartos\/#article\",\"isPartOf\":{\"@id\":\"https:\/\/futbolhoy.co\/index.php\/2022\/03\/09\/el-madrid-remonto-y-avanzo-a-cuartos\/\"},\"author\":{\"name\":\"Laura Hern\u00e1ndez\",\"@id\":\"https:\/\/futbolhoy.co\/#\/schema\/person\/c4a353a512b127643723a34bb1812f7d\"},\"headline\":\"El Madrid remont\u00f3 y avanz\u00f3 a cuartos\",\"datePublished\":\"2022-03-09T22:35:15+00:00\",\"dateModified\":\"2022-03-10T12:56:04+00:00\",\"mainEntityOfPage\":{\"@id\":\"https:\/\/futbolhoy.co\/index.php\/2022\/03\/09\/el-madrid-remonto-y-avanzo-a-cuartos\/\"},\"wordCount\":235,\"commentCount\":0,\"publisher\":{\"@id\":\"https:\/\/futbolhoy.co\/#organization\"},\"image\":{\"@id\":\"https:\/\/futbolhoy.co\/index.php\/2022\/03\/09\/el-madrid-remonto-y-avanzo-a-cuartos\/#primaryimage\"},\"thumbnailUrl\":\"https:\/\/futbolhoy.co\/wp-content\/uploads\/2022\/03\/20220309_173152.jpg\",\"articleSection\":[\"Champions League\"],\"inLanguage\":\"es\",\"potentialAction\":[{\"@type\":\"CommentAction\",\"name\":\"Comment\",\"target\":[\"https:\/\/futbolhoy.co\/index.php\/2022\/03\/09\/el-madrid-remonto-y-avanzo-a-cuartos\/#respond\"]}]},{\"@type\":\"WebPage\",\"@id\":\"https:\/\/futbolhoy.co\/index.php\/2022\/03\/09\/el-madrid-remonto-y-avanzo-a-cuartos\/\",\"url\":\"https:\/\/futbolhoy.co\/index.php\/2022\/03\/09\/el-madrid-remonto-y-avanzo-a-cuartos\/\",\"name\":\"El Madrid remont\u00f3 y avanz\u00f3 a cuartos -\",\"isPartOf\":{\"@id\":\"https:\/\/futbolhoy.co\/#website\"},\"primaryImageOfPage\":{\"@id\":\"https:\/\/futbolhoy.co\/index.php\/2022\/03\/09\/el-madrid-remonto-y-avanzo-a-cuartos\/#primaryimage\"},\"image\":{\"@id\":\"https:\/\/futbolhoy.co\/index.php\/2022\/03\/09\/el-madrid-remonto-y-avanzo-a-cuartos\/#primaryimage\"},\"thumbnailUrl\":\"https:\/\/futbolhoy.co\/wp-content\/uploads\/2022\/03\/20220309_173152.jpg\",\"datePublished\":\"2022-03-09T22:35:15+00:00\",\"dateModified\":\"2022-03-10T12:56:04+00:00\",\"breadcrumb\":{\"@id\":\"https:\/\/futbolhoy.co\/index.php\/2022\/03\/09\/el-madrid-remonto-y-avanzo-a-cuartos\/#breadcrumb\"},\"inLanguage\":\"es\",\"potentialAction\":[{\"@type\":\"ReadAction\",\"target\":[\"https:\/\/futbolhoy.co\/index.php\/2022\/03\/09\/el-madrid-remonto-y-avanzo-a-cuartos\/\"]}]},{\"@type\":\"ImageObject\",\"inLanguage\":\"es\",\"@id\":\"https:\/\/futbolhoy.co\/index.php\/2022\/03\/09\/el-madrid-remonto-y-avanzo-a-cuartos\/#primaryimage\",\"url\":\"https:\/\/futbolhoy.co\/wp-content\/uploads\/2022\/03\/20220309_173152.jpg\",\"contentUrl\":\"https:\/\/futbolhoy.co\/wp-content\/uploads\/2022\/03\/20220309_173152.jpg\",\"width\":1080,\"height\":1350},{\"@type\":\"BreadcrumbList\",\"@id\":\"https:\/\/futbolhoy.co\/index.php\/2022\/03\/09\/el-madrid-remonto-y-avanzo-a-cuartos\/#breadcrumb\",\"itemListElement\":[{\"@type\":\"ListItem\",\"position\":1,\"name\":\"Portada\",\"item\":\"https:\/\/futbolhoy.co\/\"},{\"@type\":\"ListItem\",\"position\":2,\"name\":\"El Madrid remont\u00f3 y avanz\u00f3 a cuartos\"}]},{\"@type\":\"WebSite\",\"@id\":\"https:\/\/futbolhoy.co\/#website\",\"url\":\"https:\/\/futbolhoy.co\/\",\"name\":\"FutbolHoy\",\"description\":\"\",\"publisher\":{\"@id\":\"https:\/\/futbolhoy.co\/#organization\"},\"potentialAction\":[{\"@type\":\"SearchAction\",\"target\":{\"@type\":\"EntryPoint\",\"urlTemplate\":\"https:\/\/futbolhoy.co\/?s={search_term_string}\"},\"query-input\":{\"@type\":\"PropertyValueSpecification\",\"valueRequired\":true,\"valueName\":\"search_term_string\"}}],\"inLanguage\":\"es\"},{\"@type\":\"Organization\",\"@id\":\"https:\/\/futbolhoy.co\/#organization\",\"name\":\"Futbolhoy.co\",\"url\":\"https:\/\/futbolhoy.co\/\",\"logo\":{\"@type\":\"ImageObject\",\"inLanguage\":\"es\",\"@id\":\"https:\/\/futbolhoy.co\/#\/schema\/logo\/image\/\",\"url\":\"https:\/\/futbolhoy.co\/wp-content\/uploads\/2018\/08\/17426380_1906371736249227_6326180412931521141_n.jpg\",\"contentUrl\":\"https:\/\/futbolhoy.co\/wp-content\/uploads\/2018\/08\/17426380_1906371736249227_6326180412931521141_n.jpg\",\"width\":960,\"height\":960,\"caption\":\"Futbolhoy.co\"},\"image\":{\"@id\":\"https:\/\/futbolhoy.co\/#\/schema\/logo\/image\/\"},\"sameAs\":[\"https:\/\/www.facebook.com\/FutbolHoyCol\/\",\"https:\/\/x.com\/FutbolHoyCol\",\"https:\/\/www.instagram.com\/futbolhoycol\/\"]},{\"@type\":\"Person\",\"@id\":\"https:\/\/futbolhoy.co\/#\/schema\/person\/c4a353a512b127643723a34bb1812f7d\",\"name\":\"Laura Hern\u00e1ndez\",\"image\":{\"@type\":\"ImageObject\",\"inLanguage\":\"es\",\"@id\":\"https:\/\/futbolhoy.co\/#\/schema\/person\/image\/\",\"url\":\"https:\/\/secure.gravatar.com\/avatar\/d25959a15b9b293a743f99181c7cfd01?s=96&d=mm&r=g\",\"contentUrl\":\"https:\/\/secure.gravatar.com\/avatar\/d25959a15b9b293a743f99181c7cfd01?s=96&d=mm&r=g\",\"caption\":\"Laura Hern\u00e1ndez\"}}]}<\/script>\n<!-- \/ Yoast SEO plugin. -->","yoast_head_json":{"title":"El Madrid remont\u00f3 y avanz\u00f3 a cuartos -","robots":{"index":"index","follow":"follow","max-snippet":"max-snippet:-1","max-image-preview":"max-image-preview:large","max-video-preview":"max-video-preview:-1"},"canonical":"https:\/\/futbolhoy.co\/index.php\/2022\/03\/09\/el-madrid-remonto-y-avanzo-a-cuartos\/","og_locale":"es_ES","og_type":"article","og_title":"El Madrid remont\u00f3 y avanz\u00f3 a cuartos -","og_description":"Real Madrid, guiado por el franc\u00e9s Karim Benzema, se impuso 3-1 al PSG y se clasific\u00f3 a cuartos de final de la Liga de Campeones, en partido disputado en el estadio Santiago Bernab\u00e9u. Tres goles de Benzema, a los minutos 61, 76 y 78, le dieron la vuelta a la eliminatoria de octavos, donde los [&hellip;]","og_url":"https:\/\/futbolhoy.co\/index.php\/2022\/03\/09\/el-madrid-remonto-y-avanzo-a-cuartos\/","article_publisher":"https:\/\/www.facebook.com\/FutbolHoyCol\/","article_published_time":"2022-03-09T22:35:15+00:00","article_modified_time":"2022-03-10T12:56:04+00:00","og_image":[{"width":1080,"height":1350,"url":"https:\/\/futbolhoy.co\/wp-content\/uploads\/2022\/03\/20220309_173152.jpg","type":"image\/jpeg"}],"author":"Laura Hern\u00e1ndez","twitter_card":"summary_large_image","twitter_creator":"@FutbolHoyCol","twitter_site":"@FutbolHoyCol","twitter_misc":{"Escrito por":"Laura Hern\u00e1ndez","Tiempo de lectura":"1 minuto"},"schema":{"@context":"https:\/\/schema.org","@graph":[{"@type":"Article","@id":"https:\/\/futbolhoy.co\/index.php\/2022\/03\/09\/el-madrid-remonto-y-avanzo-a-cuartos\/#article","isPartOf":{"@id":"https:\/\/futbolhoy.co\/index.php\/2022\/03\/09\/el-madrid-remonto-y-avanzo-a-cuartos\/"},"author":{"name":"Laura Hern\u00e1ndez","@id":"https:\/\/futbolhoy.co\/#\/schema\/person\/c4a353a512b127643723a34bb1812f7d"},"headline":"El Madrid remont\u00f3 y avanz\u00f3 a cuartos","datePublished":"2022-03-09T22:35:15+00:00","dateModified":"2022-03-10T12:56:04+00:00","mainEntityOfPage":{"@id":"https:\/\/futbolhoy.co\/index.php\/2022\/03\/09\/el-madrid-remonto-y-avanzo-a-cuartos\/"},"wordCount":235,"commentCount":0,"publisher":{"@id":"https:\/\/futbolhoy.co\/#organization"},"image":{"@id":"https:\/\/futbolhoy.co\/index.php\/2022\/03\/09\/el-madrid-remonto-y-avanzo-a-cuartos\/#primaryimage"},"thumbnailUrl":"https:\/\/futbolhoy.co\/wp-content\/uploads\/2022\/03\/20220309_173152.jpg","articleSection":["Champions League"],"inLanguage":"es","potentialAction":[{"@type":"CommentAction","name":"Comment","target":["https:\/\/futbolhoy.co\/index.php\/2022\/03\/09\/el-madrid-remonto-y-avanzo-a-cuartos\/#respond"]}]},{"@type":"WebPage","@id":"https:\/\/futbolhoy.co\/index.php\/2022\/03\/09\/el-madrid-remonto-y-avanzo-a-cuartos\/","url":"https:\/\/futbolhoy.co\/index.php\/2022\/03\/09\/el-madrid-remonto-y-avanzo-a-cuartos\/","name":"El Madrid remont\u00f3 y avanz\u00f3 a cuartos -","isPartOf":{"@id":"https:\/\/futbolhoy.co\/#website"},"primaryImageOfPage":{"@id":"https:\/\/futbolhoy.co\/index.php\/2022\/03\/09\/el-madrid-remonto-y-avanzo-a-cuartos\/#primaryimage"},"image":{"@id":"https:\/\/futbolhoy.co\/index.php\/2022\/03\/09\/el-madrid-remonto-y-avanzo-a-cuartos\/#primaryimage"},"thumbnailUrl":"https:\/\/futbolhoy.co\/wp-content\/uploads\/2022\/03\/20220309_173152.jpg","datePublished":"2022-03-09T22:35:15+00:00","dateModified":"2022-03-10T12:56:04+00:00","breadcrumb":{"@id":"https:\/\/futbolhoy.co\/index.php\/2022\/03\/09\/el-madrid-remonto-y-avanzo-a-cuartos\/#breadcrumb"},"inLanguage":"es","potentialAction":[{"@type":"ReadAction","target":["https:\/\/futbolhoy.co\/index.php\/2022\/03\/09\/el-madrid-remonto-y-avanzo-a-cuartos\/"]}]},{"@type":"ImageObject","inLanguage":"es","@id":"https:\/\/futbolhoy.co\/index.php\/2022\/03\/09\/el-madrid-remonto-y-avanzo-a-cuartos\/#primaryimage","url":"https:\/\/futbolhoy.co\/wp-content\/uploads\/2022\/03\/20220309_173152.jpg","contentUrl":"https:\/\/futbolhoy.co\/wp-content\/uploads\/2022\/03\/20220309_173152.jpg","width":1080,"height":1350},{"@type":"BreadcrumbList","@id":"https:\/\/futbolhoy.co\/index.php\/2022\/03\/09\/el-madrid-remonto-y-avanzo-a-cuartos\/#breadcrumb","itemListElement":[{"@type":"ListItem","position":1,"name":"Portada","item":"https:\/\/futbolhoy.co\/"},{"@type":"ListItem","position":2,"name":"El Madrid remont\u00f3 y avanz\u00f3 a cuartos"}]},{"@type":"WebSite","@id":"https:\/\/futbolhoy.co\/#website","url":"https:\/\/futbolhoy.co\/","name":"FutbolHoy","description":"","publisher":{"@id":"https:\/\/futbolhoy.co\/#organization"},"potentialAction":[{"@type":"SearchAction","target":{"@type":"EntryPoint","urlTemplate":"https:\/\/futbolhoy.co\/?s={search_term_string}"},"query-input":{"@type":"PropertyValueSpecification","valueRequired":true,"valueName":"search_term_string"}}],"inLanguage":"es"},{"@type":"Organization","@id":"https:\/\/futbolhoy.co\/#organization","name":"Futbolhoy.co","url":"https:\/\/futbolhoy.co\/","logo":{"@type":"ImageObject","inLanguage":"es","@id":"https:\/\/futbolhoy.co\/#\/schema\/logo\/image\/","url":"https:\/\/futbolhoy.co\/wp-content\/uploads\/2018\/08\/17426380_1906371736249227_6326180412931521141_n.jpg","contentUrl":"https:\/\/futbolhoy.co\/wp-content\/uploads\/2018\/08\/17426380_1906371736249227_6326180412931521141_n.jpg","width":960,"height":960,"caption":"Futbolhoy.co"},"image":{"@id":"https:\/\/futbolhoy.co\/#\/schema\/logo\/image\/"},"sameAs":["https:\/\/www.facebook.com\/FutbolHoyCol\/","https:\/\/x.com\/FutbolHoyCol","https:\/\/www.instagram.com\/futbolhoycol\/"]},{"@type":"Person","@id":"https:\/\/futbolhoy.co\/#\/schema\/person\/c4a353a512b127643723a34bb1812f7d","name":"Laura Hern\u00e1ndez","image":{"@type":"ImageObject","inLanguage":"es","@id":"https:\/\/futbolhoy.co\/#\/schema\/person\/image\/","url":"https:\/\/secure.gravatar.com\/avatar\/d25959a15b9b293a743f99181c7cfd01?s=96&d=mm&r=g","contentUrl":"https:\/\/secure.gravatar.com\/avatar\/d25959a15b9b293a743f99181c7cfd01?s=96&d=mm&r=g","caption":"Laura Hern\u00e1ndez"}}]}},"publishpress_future_action":{"enabled":false,"date":"2026-05-05 22:42:06","action":"change-status","newStatus":"draft","terms":[],"taxonomy":"category","extraData":[]},"publishpress_future_workflow_manual_trigger":{"enabledWorkflows":[]},"_links":{"self":[{"href":"https:\/\/futbolhoy.co\/index.php\/wp-json\/wp\/v2\/posts\/77078","targetHints":{"allow":["GET"]}}],"collection":[{"href":"https:\/\/futbolhoy.co\/index.php\/wp-json\/wp\/v2\/posts"}],"about":[{"href":"https:\/\/futbolhoy.co\/index.php\/wp-json\/wp\/v2\/types\/post"}],"author":[{"embeddable":true,"href":"https:\/\/futbolhoy.co\/index.php\/wp-json\/wp\/v2\/users\/5"}],"replies":[{"embeddable":true,"href":"https:\/\/futbolhoy.co\/index.php\/wp-json\/wp\/v2\/comments?post=77078"}],"version-history":[{"count":1,"href":"https:\/\/futbolhoy.co\/index.php\/wp-json\/wp\/v2\/posts\/77078\/revisions"}],"predecessor-version":[{"id":77080,"href":"https:\/\/futbolhoy.co\/index.php\/wp-json\/wp\/v2\/posts\/77078\/revisions\/77080"}],"wp:featuredmedia":[{"embeddable":true,"href":"https:\/\/futbolhoy.co\/index.php\/wp-json\/wp\/v2\/media\/77079"}],"wp:attachment":[{"href":"https:\/\/futbolhoy.co\/index.php\/wp-json\/wp\/v2\/media?parent=77078"}],"wp:term":[{"taxonomy":"category","embeddable":true,"href":"https:\/\/futbolhoy.co\/index.php\/wp-json\/wp\/v2\/categories?post=77078"},{"taxonomy":"post_tag","embeddable":true,"href":"https:\/\/futbolhoy.co\/index.php\/wp-json\/wp\/v2\/tags?post=77078"}],"curies":[{"name":"wp","href":"https:\/\/api.w.org\/{rel}","templated":true}]}}