{"id":77091,"date":"2022-03-09T21:34:31","date_gmt":"2022-03-10T02:34:31","guid":{"rendered":"https:\/\/futbolhoy.co\/?p=77091"},"modified":"2022-03-10T13:05:50","modified_gmt":"2022-03-10T18:05:50","slug":"medellin-se-estreno-con-victoria","status":"publish","type":"post","link":"https:\/\/futbolhoy.co\/index.php\/2022\/03\/09\/medellin-se-estreno-con-victoria\/","title":{"rendered":"Medell\u00edn se estren\u00f3 con victoria"},"content":{"rendered":"<p style=\"text-align: justify;\"><span style=\"font-family: helvetica, arial, sans-serif;\"><strong>Independiente Medell\u00edn<\/strong> se impuso 2-1 al <strong>Am\u00e9rica<\/strong> en el debut de ambos equipos en la <strong>Copa Sudamericana<\/strong>, en partido celebrado en el estadio Atanasio Girardot de la capital antioque\u00f1a.<\/span><\/p>\n<p style=\"text-align: justify;\"><span style=\"font-family: helvetica, arial, sans-serif;\">El primer gol local fue obra de <strong>Vladimir Hern\u00e1ndez<\/strong> (45+2), luego de un rechazo de la defensa escarlata y con fuerte remate de zurda venci\u00f3 al portero <strong>Joel Graterol.<\/strong><\/span><\/p>\n<p style=\"text-align: justify;\"><span style=\"font-family: helvetica, arial, sans-serif;\">El segundo lleg\u00f3 a trav\u00e9s de <strong>Andr\u00e9s\u00a0Cadavid<\/strong> (57\u2019), de tiro libre a unos 30 metros del arco y con la complicidad de la barrera.<\/span><\/p>\n<p style=\"text-align: justify;\"><span style=\"font-family: helvetica, arial, sans-serif;\">El descuento visitante fue convertido por <strong>Adri\u00e1n Ramos<\/strong> (48\u2019), tras un centro por zona derecha.<\/span><\/p>\n<p style=\"text-align: justify;\"><span style=\"font-family: helvetica, arial, sans-serif;\">El argentino <strong>Luciano Pons<\/strong> desperdici\u00f3 un penal, luego de una falta sobre <strong>Hern\u00e1ndez<\/strong>, que ataj\u00f3 Graterol. El portero venezolano fue el jugador m\u00e1s destacado en la visita.<\/span><\/p>\n<p style=\"text-align: justify;\"><span style=\"font-family: helvetica, arial, sans-serif;\">El juego de vuelta se cumplir\u00e1 el pr\u00f3ximo mi\u00e9rcoles 16 de marzo, en el estadio Pascual Guerrero de Cali.<\/span><\/p>\n","protected":false},"excerpt":{"rendered":"<p>Independiente Medell\u00edn se impuso 2-1 al Am\u00e9rica en el debut de ambos equipos en la Copa Sudamericana, en partido celebrado en el estadio Atanasio Girardot de la capital antioque\u00f1a. El primer gol local fue obra de Vladimir Hern\u00e1ndez (45+2), luego de un rechazo de la defensa escarlata y con fuerte remate de zurda venci\u00f3 al [&hellip;]<\/p>\n","protected":false},"author":5,"featured_media":77092,"comment_status":"open","ping_status":"open","sticky":false,"template":"","format":"standard","meta":{"_acf_changed":false,"footnotes":""},"categories":[7],"tags":[],"class_list":{"0":"post-77091","1":"post","2":"type-post","3":"status-publish","4":"format-standard","5":"has-post-thumbnail","7":"category-liga-betplay"},"acf":[],"yoast_head":"<!-- This site is optimized with the Yoast SEO plugin v26.8 - https:\/\/yoast.com\/product\/yoast-seo-wordpress\/ -->\n<title>Medell\u00edn se estren\u00f3 con victoria -<\/title>\n<meta name=\"robots\" content=\"index, follow, max-snippet:-1, max-image-preview:large, max-video-preview:-1\" \/>\n<link rel=\"canonical\" href=\"https:\/\/futbolhoy.co\/index.php\/2022\/03\/09\/medellin-se-estreno-con-victoria\/\" \/>\n<meta property=\"og:locale\" content=\"es_ES\" \/>\n<meta property=\"og:type\" content=\"article\" \/>\n<meta property=\"og:title\" content=\"Medell\u00edn se estren\u00f3 con victoria -\" \/>\n<meta property=\"og:description\" content=\"Independiente Medell\u00edn se impuso 2-1 al Am\u00e9rica en el debut de ambos equipos en la Copa Sudamericana, en partido celebrado en el estadio Atanasio Girardot de la capital antioque\u00f1a. El primer gol local fue obra de Vladimir Hern\u00e1ndez (45+2), luego de un rechazo de la defensa escarlata y con fuerte remate de zurda venci\u00f3 al [&hellip;]\" \/>\n<meta property=\"og:url\" content=\"https:\/\/futbolhoy.co\/index.php\/2022\/03\/09\/medellin-se-estreno-con-victoria\/\" \/>\n<meta property=\"article:publisher\" content=\"https:\/\/www.facebook.com\/FutbolHoyCol\/\" \/>\n<meta property=\"article:published_time\" content=\"2022-03-10T02:34:31+00:00\" \/>\n<meta property=\"article:modified_time\" content=\"2022-03-10T18:05:50+00:00\" \/>\n<meta property=\"og:image\" content=\"https:\/\/futbolhoy.co\/wp-content\/uploads\/2022\/03\/FNc_4T0XwAUAkpo.jpg\" \/>\n\t<meta property=\"og:image:width\" content=\"679\" \/>\n\t<meta property=\"og:image:height\" content=\"452\" \/>\n\t<meta property=\"og:image:type\" content=\"image\/jpeg\" \/>\n<meta name=\"author\" content=\"Laura Hern\u00e1ndez\" \/>\n<meta name=\"twitter:card\" content=\"summary_large_image\" \/>\n<meta name=\"twitter:creator\" content=\"@FutbolHoyCol\" \/>\n<meta name=\"twitter:site\" content=\"@FutbolHoyCol\" \/>\n<meta name=\"twitter:label1\" content=\"Escrito por\" \/>\n\t<meta name=\"twitter:data1\" content=\"Laura Hern\u00e1ndez\" \/>\n\t<meta name=\"twitter:label2\" content=\"Tiempo de lectura\" \/>\n\t<meta name=\"twitter:data2\" content=\"1 minuto\" \/>\n<script type=\"application\/ld+json\" class=\"yoast-schema-graph\">{\"@context\":\"https:\/\/schema.org\",\"@graph\":[{\"@type\":\"Article\",\"@id\":\"https:\/\/futbolhoy.co\/index.php\/2022\/03\/09\/medellin-se-estreno-con-victoria\/#article\",\"isPartOf\":{\"@id\":\"https:\/\/futbolhoy.co\/index.php\/2022\/03\/09\/medellin-se-estreno-con-victoria\/\"},\"author\":{\"name\":\"Laura Hern\u00e1ndez\",\"@id\":\"https:\/\/futbolhoy.co\/#\/schema\/person\/c4a353a512b127643723a34bb1812f7d\"},\"headline\":\"Medell\u00edn se estren\u00f3 con victoria\",\"datePublished\":\"2022-03-10T02:34:31+00:00\",\"dateModified\":\"2022-03-10T18:05:50+00:00\",\"mainEntityOfPage\":{\"@id\":\"https:\/\/futbolhoy.co\/index.php\/2022\/03\/09\/medellin-se-estreno-con-victoria\/\"},\"wordCount\":156,\"commentCount\":0,\"publisher\":{\"@id\":\"https:\/\/futbolhoy.co\/#organization\"},\"image\":{\"@id\":\"https:\/\/futbolhoy.co\/index.php\/2022\/03\/09\/medellin-se-estreno-con-victoria\/#primaryimage\"},\"thumbnailUrl\":\"https:\/\/futbolhoy.co\/wp-content\/uploads\/2022\/03\/FNc_4T0XwAUAkpo.jpg\",\"articleSection\":[\"Liga BetPlay\"],\"inLanguage\":\"es\",\"potentialAction\":[{\"@type\":\"CommentAction\",\"name\":\"Comment\",\"target\":[\"https:\/\/futbolhoy.co\/index.php\/2022\/03\/09\/medellin-se-estreno-con-victoria\/#respond\"]}]},{\"@type\":\"WebPage\",\"@id\":\"https:\/\/futbolhoy.co\/index.php\/2022\/03\/09\/medellin-se-estreno-con-victoria\/\",\"url\":\"https:\/\/futbolhoy.co\/index.php\/2022\/03\/09\/medellin-se-estreno-con-victoria\/\",\"name\":\"Medell\u00edn se estren\u00f3 con victoria -\",\"isPartOf\":{\"@id\":\"https:\/\/futbolhoy.co\/#website\"},\"primaryImageOfPage\":{\"@id\":\"https:\/\/futbolhoy.co\/index.php\/2022\/03\/09\/medellin-se-estreno-con-victoria\/#primaryimage\"},\"image\":{\"@id\":\"https:\/\/futbolhoy.co\/index.php\/2022\/03\/09\/medellin-se-estreno-con-victoria\/#primaryimage\"},\"thumbnailUrl\":\"https:\/\/futbolhoy.co\/wp-content\/uploads\/2022\/03\/FNc_4T0XwAUAkpo.jpg\",\"datePublished\":\"2022-03-10T02:34:31+00:00\",\"dateModified\":\"2022-03-10T18:05:50+00:00\",\"breadcrumb\":{\"@id\":\"https:\/\/futbolhoy.co\/index.php\/2022\/03\/09\/medellin-se-estreno-con-victoria\/#breadcrumb\"},\"inLanguage\":\"es\",\"potentialAction\":[{\"@type\":\"ReadAction\",\"target\":[\"https:\/\/futbolhoy.co\/index.php\/2022\/03\/09\/medellin-se-estreno-con-victoria\/\"]}]},{\"@type\":\"ImageObject\",\"inLanguage\":\"es\",\"@id\":\"https:\/\/futbolhoy.co\/index.php\/2022\/03\/09\/medellin-se-estreno-con-victoria\/#primaryimage\",\"url\":\"https:\/\/futbolhoy.co\/wp-content\/uploads\/2022\/03\/FNc_4T0XwAUAkpo.jpg\",\"contentUrl\":\"https:\/\/futbolhoy.co\/wp-content\/uploads\/2022\/03\/FNc_4T0XwAUAkpo.jpg\",\"width\":679,\"height\":452},{\"@type\":\"BreadcrumbList\",\"@id\":\"https:\/\/futbolhoy.co\/index.php\/2022\/03\/09\/medellin-se-estreno-con-victoria\/#breadcrumb\",\"itemListElement\":[{\"@type\":\"ListItem\",\"position\":1,\"name\":\"Portada\",\"item\":\"https:\/\/futbolhoy.co\/\"},{\"@type\":\"ListItem\",\"position\":2,\"name\":\"Medell\u00edn se estren\u00f3 con victoria\"}]},{\"@type\":\"WebSite\",\"@id\":\"https:\/\/futbolhoy.co\/#website\",\"url\":\"https:\/\/futbolhoy.co\/\",\"name\":\"FutbolHoy\",\"description\":\"\",\"publisher\":{\"@id\":\"https:\/\/futbolhoy.co\/#organization\"},\"potentialAction\":[{\"@type\":\"SearchAction\",\"target\":{\"@type\":\"EntryPoint\",\"urlTemplate\":\"https:\/\/futbolhoy.co\/?s={search_term_string}\"},\"query-input\":{\"@type\":\"PropertyValueSpecification\",\"valueRequired\":true,\"valueName\":\"search_term_string\"}}],\"inLanguage\":\"es\"},{\"@type\":\"Organization\",\"@id\":\"https:\/\/futbolhoy.co\/#organization\",\"name\":\"Futbolhoy.co\",\"url\":\"https:\/\/futbolhoy.co\/\",\"logo\":{\"@type\":\"ImageObject\",\"inLanguage\":\"es\",\"@id\":\"https:\/\/futbolhoy.co\/#\/schema\/logo\/image\/\",\"url\":\"https:\/\/futbolhoy.co\/wp-content\/uploads\/2018\/08\/17426380_1906371736249227_6326180412931521141_n.jpg\",\"contentUrl\":\"https:\/\/futbolhoy.co\/wp-content\/uploads\/2018\/08\/17426380_1906371736249227_6326180412931521141_n.jpg\",\"width\":960,\"height\":960,\"caption\":\"Futbolhoy.co\"},\"image\":{\"@id\":\"https:\/\/futbolhoy.co\/#\/schema\/logo\/image\/\"},\"sameAs\":[\"https:\/\/www.facebook.com\/FutbolHoyCol\/\",\"https:\/\/x.com\/FutbolHoyCol\",\"https:\/\/www.instagram.com\/futbolhoycol\/\"]},{\"@type\":\"Person\",\"@id\":\"https:\/\/futbolhoy.co\/#\/schema\/person\/c4a353a512b127643723a34bb1812f7d\",\"name\":\"Laura Hern\u00e1ndez\",\"image\":{\"@type\":\"ImageObject\",\"inLanguage\":\"es\",\"@id\":\"https:\/\/futbolhoy.co\/#\/schema\/person\/image\/\",\"url\":\"https:\/\/secure.gravatar.com\/avatar\/d25959a15b9b293a743f99181c7cfd01?s=96&d=mm&r=g\",\"contentUrl\":\"https:\/\/secure.gravatar.com\/avatar\/d25959a15b9b293a743f99181c7cfd01?s=96&d=mm&r=g\",\"caption\":\"Laura Hern\u00e1ndez\"}}]}<\/script>\n<!-- \/ Yoast SEO plugin. -->","yoast_head_json":{"title":"Medell\u00edn se estren\u00f3 con victoria -","robots":{"index":"index","follow":"follow","max-snippet":"max-snippet:-1","max-image-preview":"max-image-preview:large","max-video-preview":"max-video-preview:-1"},"canonical":"https:\/\/futbolhoy.co\/index.php\/2022\/03\/09\/medellin-se-estreno-con-victoria\/","og_locale":"es_ES","og_type":"article","og_title":"Medell\u00edn se estren\u00f3 con victoria -","og_description":"Independiente Medell\u00edn se impuso 2-1 al Am\u00e9rica en el debut de ambos equipos en la Copa Sudamericana, en partido celebrado en el estadio Atanasio Girardot de la capital antioque\u00f1a. El primer gol local fue obra de Vladimir Hern\u00e1ndez (45+2), luego de un rechazo de la defensa escarlata y con fuerte remate de zurda venci\u00f3 al [&hellip;]","og_url":"https:\/\/futbolhoy.co\/index.php\/2022\/03\/09\/medellin-se-estreno-con-victoria\/","article_publisher":"https:\/\/www.facebook.com\/FutbolHoyCol\/","article_published_time":"2022-03-10T02:34:31+00:00","article_modified_time":"2022-03-10T18:05:50+00:00","og_image":[{"width":679,"height":452,"url":"https:\/\/futbolhoy.co\/wp-content\/uploads\/2022\/03\/FNc_4T0XwAUAkpo.jpg","type":"image\/jpeg"}],"author":"Laura Hern\u00e1ndez","twitter_card":"summary_large_image","twitter_creator":"@FutbolHoyCol","twitter_site":"@FutbolHoyCol","twitter_misc":{"Escrito por":"Laura Hern\u00e1ndez","Tiempo de lectura":"1 minuto"},"schema":{"@context":"https:\/\/schema.org","@graph":[{"@type":"Article","@id":"https:\/\/futbolhoy.co\/index.php\/2022\/03\/09\/medellin-se-estreno-con-victoria\/#article","isPartOf":{"@id":"https:\/\/futbolhoy.co\/index.php\/2022\/03\/09\/medellin-se-estreno-con-victoria\/"},"author":{"name":"Laura Hern\u00e1ndez","@id":"https:\/\/futbolhoy.co\/#\/schema\/person\/c4a353a512b127643723a34bb1812f7d"},"headline":"Medell\u00edn se estren\u00f3 con victoria","datePublished":"2022-03-10T02:34:31+00:00","dateModified":"2022-03-10T18:05:50+00:00","mainEntityOfPage":{"@id":"https:\/\/futbolhoy.co\/index.php\/2022\/03\/09\/medellin-se-estreno-con-victoria\/"},"wordCount":156,"commentCount":0,"publisher":{"@id":"https:\/\/futbolhoy.co\/#organization"},"image":{"@id":"https:\/\/futbolhoy.co\/index.php\/2022\/03\/09\/medellin-se-estreno-con-victoria\/#primaryimage"},"thumbnailUrl":"https:\/\/futbolhoy.co\/wp-content\/uploads\/2022\/03\/FNc_4T0XwAUAkpo.jpg","articleSection":["Liga BetPlay"],"inLanguage":"es","potentialAction":[{"@type":"CommentAction","name":"Comment","target":["https:\/\/futbolhoy.co\/index.php\/2022\/03\/09\/medellin-se-estreno-con-victoria\/#respond"]}]},{"@type":"WebPage","@id":"https:\/\/futbolhoy.co\/index.php\/2022\/03\/09\/medellin-se-estreno-con-victoria\/","url":"https:\/\/futbolhoy.co\/index.php\/2022\/03\/09\/medellin-se-estreno-con-victoria\/","name":"Medell\u00edn se estren\u00f3 con victoria -","isPartOf":{"@id":"https:\/\/futbolhoy.co\/#website"},"primaryImageOfPage":{"@id":"https:\/\/futbolhoy.co\/index.php\/2022\/03\/09\/medellin-se-estreno-con-victoria\/#primaryimage"},"image":{"@id":"https:\/\/futbolhoy.co\/index.php\/2022\/03\/09\/medellin-se-estreno-con-victoria\/#primaryimage"},"thumbnailUrl":"https:\/\/futbolhoy.co\/wp-content\/uploads\/2022\/03\/FNc_4T0XwAUAkpo.jpg","datePublished":"2022-03-10T02:34:31+00:00","dateModified":"2022-03-10T18:05:50+00:00","breadcrumb":{"@id":"https:\/\/futbolhoy.co\/index.php\/2022\/03\/09\/medellin-se-estreno-con-victoria\/#breadcrumb"},"inLanguage":"es","potentialAction":[{"@type":"ReadAction","target":["https:\/\/futbolhoy.co\/index.php\/2022\/03\/09\/medellin-se-estreno-con-victoria\/"]}]},{"@type":"ImageObject","inLanguage":"es","@id":"https:\/\/futbolhoy.co\/index.php\/2022\/03\/09\/medellin-se-estreno-con-victoria\/#primaryimage","url":"https:\/\/futbolhoy.co\/wp-content\/uploads\/2022\/03\/FNc_4T0XwAUAkpo.jpg","contentUrl":"https:\/\/futbolhoy.co\/wp-content\/uploads\/2022\/03\/FNc_4T0XwAUAkpo.jpg","width":679,"height":452},{"@type":"BreadcrumbList","@id":"https:\/\/futbolhoy.co\/index.php\/2022\/03\/09\/medellin-se-estreno-con-victoria\/#breadcrumb","itemListElement":[{"@type":"ListItem","position":1,"name":"Portada","item":"https:\/\/futbolhoy.co\/"},{"@type":"ListItem","position":2,"name":"Medell\u00edn se estren\u00f3 con victoria"}]},{"@type":"WebSite","@id":"https:\/\/futbolhoy.co\/#website","url":"https:\/\/futbolhoy.co\/","name":"FutbolHoy","description":"","publisher":{"@id":"https:\/\/futbolhoy.co\/#organization"},"potentialAction":[{"@type":"SearchAction","target":{"@type":"EntryPoint","urlTemplate":"https:\/\/futbolhoy.co\/?s={search_term_string}"},"query-input":{"@type":"PropertyValueSpecification","valueRequired":true,"valueName":"search_term_string"}}],"inLanguage":"es"},{"@type":"Organization","@id":"https:\/\/futbolhoy.co\/#organization","name":"Futbolhoy.co","url":"https:\/\/futbolhoy.co\/","logo":{"@type":"ImageObject","inLanguage":"es","@id":"https:\/\/futbolhoy.co\/#\/schema\/logo\/image\/","url":"https:\/\/futbolhoy.co\/wp-content\/uploads\/2018\/08\/17426380_1906371736249227_6326180412931521141_n.jpg","contentUrl":"https:\/\/futbolhoy.co\/wp-content\/uploads\/2018\/08\/17426380_1906371736249227_6326180412931521141_n.jpg","width":960,"height":960,"caption":"Futbolhoy.co"},"image":{"@id":"https:\/\/futbolhoy.co\/#\/schema\/logo\/image\/"},"sameAs":["https:\/\/www.facebook.com\/FutbolHoyCol\/","https:\/\/x.com\/FutbolHoyCol","https:\/\/www.instagram.com\/futbolhoycol\/"]},{"@type":"Person","@id":"https:\/\/futbolhoy.co\/#\/schema\/person\/c4a353a512b127643723a34bb1812f7d","name":"Laura Hern\u00e1ndez","image":{"@type":"ImageObject","inLanguage":"es","@id":"https:\/\/futbolhoy.co\/#\/schema\/person\/image\/","url":"https:\/\/secure.gravatar.com\/avatar\/d25959a15b9b293a743f99181c7cfd01?s=96&d=mm&r=g","contentUrl":"https:\/\/secure.gravatar.com\/avatar\/d25959a15b9b293a743f99181c7cfd01?s=96&d=mm&r=g","caption":"Laura Hern\u00e1ndez"}}]}},"publishpress_future_action":{"enabled":false,"date":"2026-05-05 21:40:22","action":"change-status","newStatus":"draft","terms":[],"taxonomy":"category","extraData":[]},"publishpress_future_workflow_manual_trigger":{"enabledWorkflows":[]},"_links":{"self":[{"href":"https:\/\/futbolhoy.co\/index.php\/wp-json\/wp\/v2\/posts\/77091","targetHints":{"allow":["GET"]}}],"collection":[{"href":"https:\/\/futbolhoy.co\/index.php\/wp-json\/wp\/v2\/posts"}],"about":[{"href":"https:\/\/futbolhoy.co\/index.php\/wp-json\/wp\/v2\/types\/post"}],"author":[{"embeddable":true,"href":"https:\/\/futbolhoy.co\/index.php\/wp-json\/wp\/v2\/users\/5"}],"replies":[{"embeddable":true,"href":"https:\/\/futbolhoy.co\/index.php\/wp-json\/wp\/v2\/comments?post=77091"}],"version-history":[{"count":1,"href":"https:\/\/futbolhoy.co\/index.php\/wp-json\/wp\/v2\/posts\/77091\/revisions"}],"predecessor-version":[{"id":77093,"href":"https:\/\/futbolhoy.co\/index.php\/wp-json\/wp\/v2\/posts\/77091\/revisions\/77093"}],"wp:featuredmedia":[{"embeddable":true,"href":"https:\/\/futbolhoy.co\/index.php\/wp-json\/wp\/v2\/media\/77092"}],"wp:attachment":[{"href":"https:\/\/futbolhoy.co\/index.php\/wp-json\/wp\/v2\/media?parent=77091"}],"wp:term":[{"taxonomy":"category","embeddable":true,"href":"https:\/\/futbolhoy.co\/index.php\/wp-json\/wp\/v2\/categories?post=77091"},{"taxonomy":"post_tag","embeddable":true,"href":"https:\/\/futbolhoy.co\/index.php\/wp-json\/wp\/v2\/tags?post=77091"}],"curies":[{"name":"wp","href":"https:\/\/api.w.org\/{rel}","templated":true}]}}