{"id":77229,"date":"2022-03-14T07:13:41","date_gmt":"2022-03-14T12:13:41","guid":{"rendered":"https:\/\/futbolhoy.co\/?p=77229"},"modified":"2022-03-14T19:57:51","modified_gmt":"2022-03-15T00:57:51","slug":"harold-preciado-primer-doblete-en-mexico","status":"publish","type":"post","link":"https:\/\/futbolhoy.co\/index.php\/2022\/03\/14\/harold-preciado-primer-doblete-en-mexico\/","title":{"rendered":"Harold Preciado, primer doblete en M\u00e9xico"},"content":{"rendered":"<p style=\"text-align: justify;\"><span style=\"font-family: helvetica, arial, sans-serif;\"><strong>Harold Preciado<\/strong> y <strong>Juan Fernando Quintero<\/strong> cerraron la alta cuota goleadora de los colombianos durante el fin de semana en las principales ligas del mundo.<\/span><\/p>\n<p style=\"text-align: justify;\"><span style=\"font-family: helvetica, arial, sans-serif;\">Preciado logr\u00f3 un doblete y asisti\u00f3 otro en el triunfo de <strong>Santos Laguna<\/strong> 4-0 sobre <strong>Tijuana,<\/strong> en partido por la d\u00e9cima fecha por el Clausura mexicano.<\/span><\/p>\n<p style=\"text-align: justify;\"><span style=\"font-family: helvetica, arial, sans-serif;\">El tumaque\u00f1o complet\u00f3 cinco goles, desde que lleg\u00f3 a finales de enero.<\/span><\/p>\n<p style=\"text-align: justify;\"><span style=\"font-family: helvetica, arial, sans-serif;\">Entretanto, Juan Fernando Quintero sum\u00f3 otro tanto m\u00e1s con <strong>River Plate,<\/strong> que super\u00f3 4-0 a <strong>Gimnasia<\/strong> en <strong>Argentina.<\/strong><\/span><\/p>\n<p style=\"text-align: justify;\"><span style=\"font-family: helvetica, arial, sans-serif;\">Quintero, que hab\u00eda marcado de penal el pasado jueves ante <strong>Deportivo Laferrere<\/strong> en <strong>Copa,<\/strong> repiti\u00f3 por la misma v\u00eda frente al equipo de<strong> La Plata.<\/strong> El antioque\u00f1o lleg\u00f3 a cuatro goles en el a\u00f1o, tres de ellos el Liga.<\/span><\/p>\n<p style=\"text-align: justify;\"><span style=\"font-family: helvetica, arial, sans-serif;\">Otras anotaciones de colombianos:<\/span><\/p>\n<p style=\"text-align: justify;\"><span style=\"font-family: helvetica, arial, sans-serif;\"><strong>- Luis D\u00edaz<\/strong> marc\u00f3 un gol con <strong>Liverpool<\/strong> que super\u00f3 0-2 a <strong>Brigthon<\/strong> en <strong>Inglaterra.<\/strong> Segundo de la temporada en Liga.<\/span><\/p>\n<p style=\"text-align: justify;\"><span style=\"font-family: helvetica, arial, sans-serif;\"><strong>- Juan Camilo 'Cucho' Hern\u00e1ndez<\/strong> logr\u00f3 un doblete con <strong>Watford<\/strong> que venci\u00f3 1-2 al <strong>Southampton<\/strong> en <strong>Inglaterra.<\/strong> Quinto gol de la temporada.<\/span><\/p>\n<p style=\"text-align: justify;\"><span style=\"font-family: helvetica, arial, sans-serif;\">- <strong>Luis Sinisterra<\/strong> hizo un gol con <strong>Feyenoord<\/strong> que se impuso 1-2 sobre <strong>PEC Zwolle<\/strong> en <strong>Pa\u00edses Bajos.<\/strong> Noveno gol de la temporada por Liga.<\/span><\/p>\n<p style=\"text-align: justify;\"><span style=\"font-family: helvetica, arial, sans-serif;\">- <strong>Jaminton Campaz<\/strong> logr\u00f3 un gol ol\u00edmpico con <strong>Gremio<\/strong> que se impuso 2-0 a <strong>Ypiranga<\/strong> en la \u00faltima fecha de la fase regular del <strong>Torneo Ga\u00facho<\/strong> de <strong>Brasil<\/strong> y se clasific\u00f3 a semifinales. Segundo tanto este a\u00f1o en el campeonato.<\/span><\/p>\n<p style=\"text-align: justify;\"><span style=\"font-family: helvetica, arial, sans-serif;\">- <strong>Hugo Rodallega<\/strong> convirti\u00f3 un tanto con <strong>Bah\u00eda<\/strong> venci\u00f3 4-1 a <strong>Jacuipense<\/strong> en el <strong>Campeonato Baiano<\/strong> en <strong>Brasil.<\/strong> Segundo gol en el torneo y noveno en los cert\u00e1menes estaduales en el a\u00f1o.<\/span><\/p>\n<p style=\"text-align: justify;\"><span style=\"font-family: helvetica, arial, sans-serif;\"><strong>- Juan Pablo 'El Indio' Ramirez<\/strong> marc\u00f3 el tanto de <strong>Am\u00e9rica Mineiro<\/strong> que cay\u00f3 2-1 frente a <strong>Uberlandia<\/strong> en el torneo <strong>Mineiro<\/strong> de <strong>Brasil.<\/strong> primer gol del a\u00f1o.<\/span><\/p>\n<p style=\"text-align: justify;\"><span style=\"font-family: helvetica, arial, sans-serif;\"><strong>- Jonathan Copete<\/strong> logr\u00f3 un gol con <strong>Ava\u00ed<\/strong> que igual\u00f3 1-1 con <strong>Brusque<\/strong> en el torneo <strong>Catarinense<\/strong> en <strong>Brasil.<\/strong> Tercero del a\u00f1o.<\/span><\/p>\n<p style=\"text-align: justify;\"><span style=\"font-family: helvetica, arial, sans-serif;\"><strong>- Yeison Gordillo<\/strong> hizo el tanto de <strong>San Lorenzo<\/strong> que super\u00f3 0-1 a<strong> Talleres de C\u00f3rdoba<\/strong> en <strong>Argentina.<\/strong> Primero del a\u00f1o.<\/span><\/p>\n<p style=\"text-align: justify;\"><span style=\"font-family: helvetica, arial, sans-serif;\">- <strong>Yairo Moreno<\/strong> logr\u00f3 un gol con <strong>Pachuca<\/strong> que se impuso 0-3 a <strong>Toluca<\/strong> en <strong>M\u00e9xico.<\/strong> Primero del a\u00f1o.<\/span><\/p>\n<p style=\"text-align: justify;\"><span style=\"font-family: helvetica, arial, sans-serif;\">- <strong>Luis Qui\u00f1ones<\/strong> marc\u00f3 un gol y asisti\u00f3 otro con <strong>Tigres<\/strong> que venci\u00f3 0-3 a <strong>Le\u00f3n<\/strong> en <strong>M\u00e9xico.<\/strong> Primero del a\u00f1o.<\/span><\/p>\n<p style=\"text-align: justify;\"><span style=\"font-family: helvetica, arial, sans-serif;\"><strong>- Stefan Medina<\/strong> anot\u00f3 un tanto con <strong>Monterrey<\/strong> que se impuso 2-1 a <strong>Mazatl\u00e1n<\/strong> en <strong>M\u00e9xico.<\/strong> Primero del a\u00f1o<\/span><\/p>\n<p style=\"text-align: justify;\"><span style=\"font-family: helvetica, arial, sans-serif;\"><strong>- Juli\u00e1n Qui\u00f1ones<\/strong> hizo un gol y asisti\u00f3 otro en el triunfo de <strong>Atlas<\/strong> 1-2 sobre <strong>Ju\u00e1rez<\/strong> en <strong>M\u00e9xico.<\/strong> Segundo del a\u00f1o.<\/span><\/p>\n<p style=\"text-align: justify;\"><span style=\"font-family: helvetica, arial, sans-serif;\"><strong>- Carlos Darwin Quintero<\/strong> convirti\u00f3 un doblete con <strong>Houston Dynamo<\/strong> que venci\u00f3 2-1 a <strong>Vancouver<\/strong> en la <strong>MLS.<\/strong> Lleva dos en el a\u00f1o.<\/span><\/p>\n<p style=\"text-align: justify;\"><span style=\"font-family: helvetica, arial, sans-serif;\">- <strong>Freddy Montero<\/strong> marc\u00f3 un gol, de penal, con <strong>Seattle Sounders<\/strong> que venci\u00f3 3-2 a <strong>Los \u00c1ngeles Galaxy<\/strong> en la <strong>MLS.<\/strong> Primero del a\u00f1o.<\/span><\/p>\n","protected":false},"excerpt":{"rendered":"<p>Harold Preciado y Juan Fernando Quintero cerraron la alta cuota goleadora de los colombianos durante el fin de semana en las principales ligas del mundo. Preciado logr\u00f3 un doblete y asisti\u00f3 otro en el triunfo de Santos Laguna 4-0 sobre Tijuana, en partido por la d\u00e9cima fecha por el Clausura mexicano. El tumaque\u00f1o complet\u00f3 cinco [&hellip;]<\/p>\n","protected":false},"author":5,"featured_media":77230,"comment_status":"open","ping_status":"open","sticky":false,"template":"","format":"standard","meta":{"_acf_changed":false,"footnotes":""},"categories":[152],"tags":[],"class_list":{"0":"post-77229","1":"post","2":"type-post","3":"status-publish","4":"format-standard","5":"has-post-thumbnail","7":"category-mundo-futbol"},"acf":[],"yoast_head":"<!-- This site is optimized with the Yoast SEO plugin v26.8 - https:\/\/yoast.com\/product\/yoast-seo-wordpress\/ -->\n<title>Harold Preciado, primer doblete en M\u00e9xico -<\/title>\n<meta name=\"robots\" content=\"index, follow, max-snippet:-1, max-image-preview:large, max-video-preview:-1\" \/>\n<link rel=\"canonical\" href=\"https:\/\/futbolhoy.co\/index.php\/2022\/03\/14\/harold-preciado-primer-doblete-en-mexico\/\" \/>\n<meta property=\"og:locale\" content=\"es_ES\" \/>\n<meta property=\"og:type\" content=\"article\" \/>\n<meta property=\"og:title\" content=\"Harold Preciado, primer doblete en M\u00e9xico -\" \/>\n<meta property=\"og:description\" content=\"Harold Preciado y Juan Fernando Quintero cerraron la alta cuota goleadora de los colombianos durante el fin de semana en las principales ligas del mundo. Preciado logr\u00f3 un doblete y asisti\u00f3 otro en el triunfo de Santos Laguna 4-0 sobre Tijuana, en partido por la d\u00e9cima fecha por el Clausura mexicano. El tumaque\u00f1o complet\u00f3 cinco [&hellip;]\" \/>\n<meta property=\"og:url\" content=\"https:\/\/futbolhoy.co\/index.php\/2022\/03\/14\/harold-preciado-primer-doblete-en-mexico\/\" \/>\n<meta property=\"article:publisher\" content=\"https:\/\/www.facebook.com\/FutbolHoyCol\/\" \/>\n<meta property=\"article:published_time\" content=\"2022-03-14T12:13:41+00:00\" \/>\n<meta property=\"article:modified_time\" content=\"2022-03-15T00:57:51+00:00\" \/>\n<meta property=\"og:image\" content=\"https:\/\/futbolhoy.co\/wp-content\/uploads\/2022\/03\/Santos.jpg\" \/>\n\t<meta property=\"og:image:width\" content=\"913\" \/>\n\t<meta property=\"og:image:height\" content=\"608\" \/>\n\t<meta property=\"og:image:type\" content=\"image\/jpeg\" \/>\n<meta name=\"author\" content=\"Laura Hern\u00e1ndez\" \/>\n<meta name=\"twitter:card\" content=\"summary_large_image\" \/>\n<meta name=\"twitter:creator\" content=\"@FutbolHoyCol\" \/>\n<meta name=\"twitter:site\" content=\"@FutbolHoyCol\" \/>\n<meta name=\"twitter:label1\" content=\"Escrito por\" \/>\n\t<meta name=\"twitter:data1\" content=\"Laura Hern\u00e1ndez\" \/>\n\t<meta name=\"twitter:label2\" content=\"Tiempo de lectura\" \/>\n\t<meta name=\"twitter:data2\" content=\"2 minutos\" \/>\n<script type=\"application\/ld+json\" class=\"yoast-schema-graph\">{\"@context\":\"https:\/\/schema.org\",\"@graph\":[{\"@type\":\"Article\",\"@id\":\"https:\/\/futbolhoy.co\/index.php\/2022\/03\/14\/harold-preciado-primer-doblete-en-mexico\/#article\",\"isPartOf\":{\"@id\":\"https:\/\/futbolhoy.co\/index.php\/2022\/03\/14\/harold-preciado-primer-doblete-en-mexico\/\"},\"author\":{\"name\":\"Laura Hern\u00e1ndez\",\"@id\":\"https:\/\/futbolhoy.co\/#\/schema\/person\/c4a353a512b127643723a34bb1812f7d\"},\"headline\":\"Harold Preciado, primer doblete en M\u00e9xico\",\"datePublished\":\"2022-03-14T12:13:41+00:00\",\"dateModified\":\"2022-03-15T00:57:51+00:00\",\"mainEntityOfPage\":{\"@id\":\"https:\/\/futbolhoy.co\/index.php\/2022\/03\/14\/harold-preciado-primer-doblete-en-mexico\/\"},\"wordCount\":507,\"commentCount\":0,\"publisher\":{\"@id\":\"https:\/\/futbolhoy.co\/#organization\"},\"image\":{\"@id\":\"https:\/\/futbolhoy.co\/index.php\/2022\/03\/14\/harold-preciado-primer-doblete-en-mexico\/#primaryimage\"},\"thumbnailUrl\":\"https:\/\/futbolhoy.co\/wp-content\/uploads\/2022\/03\/Santos.jpg\",\"articleSection\":[\"Mundo Futbol\"],\"inLanguage\":\"es\",\"potentialAction\":[{\"@type\":\"CommentAction\",\"name\":\"Comment\",\"target\":[\"https:\/\/futbolhoy.co\/index.php\/2022\/03\/14\/harold-preciado-primer-doblete-en-mexico\/#respond\"]}]},{\"@type\":\"WebPage\",\"@id\":\"https:\/\/futbolhoy.co\/index.php\/2022\/03\/14\/harold-preciado-primer-doblete-en-mexico\/\",\"url\":\"https:\/\/futbolhoy.co\/index.php\/2022\/03\/14\/harold-preciado-primer-doblete-en-mexico\/\",\"name\":\"Harold Preciado, primer doblete en M\u00e9xico -\",\"isPartOf\":{\"@id\":\"https:\/\/futbolhoy.co\/#website\"},\"primaryImageOfPage\":{\"@id\":\"https:\/\/futbolhoy.co\/index.php\/2022\/03\/14\/harold-preciado-primer-doblete-en-mexico\/#primaryimage\"},\"image\":{\"@id\":\"https:\/\/futbolhoy.co\/index.php\/2022\/03\/14\/harold-preciado-primer-doblete-en-mexico\/#primaryimage\"},\"thumbnailUrl\":\"https:\/\/futbolhoy.co\/wp-content\/uploads\/2022\/03\/Santos.jpg\",\"datePublished\":\"2022-03-14T12:13:41+00:00\",\"dateModified\":\"2022-03-15T00:57:51+00:00\",\"breadcrumb\":{\"@id\":\"https:\/\/futbolhoy.co\/index.php\/2022\/03\/14\/harold-preciado-primer-doblete-en-mexico\/#breadcrumb\"},\"inLanguage\":\"es\",\"potentialAction\":[{\"@type\":\"ReadAction\",\"target\":[\"https:\/\/futbolhoy.co\/index.php\/2022\/03\/14\/harold-preciado-primer-doblete-en-mexico\/\"]}]},{\"@type\":\"ImageObject\",\"inLanguage\":\"es\",\"@id\":\"https:\/\/futbolhoy.co\/index.php\/2022\/03\/14\/harold-preciado-primer-doblete-en-mexico\/#primaryimage\",\"url\":\"https:\/\/futbolhoy.co\/wp-content\/uploads\/2022\/03\/Santos.jpg\",\"contentUrl\":\"https:\/\/futbolhoy.co\/wp-content\/uploads\/2022\/03\/Santos.jpg\",\"width\":913,\"height\":608},{\"@type\":\"BreadcrumbList\",\"@id\":\"https:\/\/futbolhoy.co\/index.php\/2022\/03\/14\/harold-preciado-primer-doblete-en-mexico\/#breadcrumb\",\"itemListElement\":[{\"@type\":\"ListItem\",\"position\":1,\"name\":\"Portada\",\"item\":\"https:\/\/futbolhoy.co\/\"},{\"@type\":\"ListItem\",\"position\":2,\"name\":\"Harold Preciado, primer doblete en M\u00e9xico\"}]},{\"@type\":\"WebSite\",\"@id\":\"https:\/\/futbolhoy.co\/#website\",\"url\":\"https:\/\/futbolhoy.co\/\",\"name\":\"FutbolHoy\",\"description\":\"\",\"publisher\":{\"@id\":\"https:\/\/futbolhoy.co\/#organization\"},\"potentialAction\":[{\"@type\":\"SearchAction\",\"target\":{\"@type\":\"EntryPoint\",\"urlTemplate\":\"https:\/\/futbolhoy.co\/?s={search_term_string}\"},\"query-input\":{\"@type\":\"PropertyValueSpecification\",\"valueRequired\":true,\"valueName\":\"search_term_string\"}}],\"inLanguage\":\"es\"},{\"@type\":\"Organization\",\"@id\":\"https:\/\/futbolhoy.co\/#organization\",\"name\":\"Futbolhoy.co\",\"url\":\"https:\/\/futbolhoy.co\/\",\"logo\":{\"@type\":\"ImageObject\",\"inLanguage\":\"es\",\"@id\":\"https:\/\/futbolhoy.co\/#\/schema\/logo\/image\/\",\"url\":\"https:\/\/futbolhoy.co\/wp-content\/uploads\/2018\/08\/17426380_1906371736249227_6326180412931521141_n.jpg\",\"contentUrl\":\"https:\/\/futbolhoy.co\/wp-content\/uploads\/2018\/08\/17426380_1906371736249227_6326180412931521141_n.jpg\",\"width\":960,\"height\":960,\"caption\":\"Futbolhoy.co\"},\"image\":{\"@id\":\"https:\/\/futbolhoy.co\/#\/schema\/logo\/image\/\"},\"sameAs\":[\"https:\/\/www.facebook.com\/FutbolHoyCol\/\",\"https:\/\/x.com\/FutbolHoyCol\",\"https:\/\/www.instagram.com\/futbolhoycol\/\"]},{\"@type\":\"Person\",\"@id\":\"https:\/\/futbolhoy.co\/#\/schema\/person\/c4a353a512b127643723a34bb1812f7d\",\"name\":\"Laura Hern\u00e1ndez\",\"image\":{\"@type\":\"ImageObject\",\"inLanguage\":\"es\",\"@id\":\"https:\/\/futbolhoy.co\/#\/schema\/person\/image\/\",\"url\":\"https:\/\/secure.gravatar.com\/avatar\/d25959a15b9b293a743f99181c7cfd01?s=96&d=mm&r=g\",\"contentUrl\":\"https:\/\/secure.gravatar.com\/avatar\/d25959a15b9b293a743f99181c7cfd01?s=96&d=mm&r=g\",\"caption\":\"Laura Hern\u00e1ndez\"}}]}<\/script>\n<!-- \/ Yoast SEO plugin. -->","yoast_head_json":{"title":"Harold Preciado, primer doblete en M\u00e9xico -","robots":{"index":"index","follow":"follow","max-snippet":"max-snippet:-1","max-image-preview":"max-image-preview:large","max-video-preview":"max-video-preview:-1"},"canonical":"https:\/\/futbolhoy.co\/index.php\/2022\/03\/14\/harold-preciado-primer-doblete-en-mexico\/","og_locale":"es_ES","og_type":"article","og_title":"Harold Preciado, primer doblete en M\u00e9xico -","og_description":"Harold Preciado y Juan Fernando Quintero cerraron la alta cuota goleadora de los colombianos durante el fin de semana en las principales ligas del mundo. Preciado logr\u00f3 un doblete y asisti\u00f3 otro en el triunfo de Santos Laguna 4-0 sobre Tijuana, en partido por la d\u00e9cima fecha por el Clausura mexicano. El tumaque\u00f1o complet\u00f3 cinco [&hellip;]","og_url":"https:\/\/futbolhoy.co\/index.php\/2022\/03\/14\/harold-preciado-primer-doblete-en-mexico\/","article_publisher":"https:\/\/www.facebook.com\/FutbolHoyCol\/","article_published_time":"2022-03-14T12:13:41+00:00","article_modified_time":"2022-03-15T00:57:51+00:00","og_image":[{"width":913,"height":608,"url":"https:\/\/futbolhoy.co\/wp-content\/uploads\/2022\/03\/Santos.jpg","type":"image\/jpeg"}],"author":"Laura Hern\u00e1ndez","twitter_card":"summary_large_image","twitter_creator":"@FutbolHoyCol","twitter_site":"@FutbolHoyCol","twitter_misc":{"Escrito por":"Laura Hern\u00e1ndez","Tiempo de lectura":"2 minutos"},"schema":{"@context":"https:\/\/schema.org","@graph":[{"@type":"Article","@id":"https:\/\/futbolhoy.co\/index.php\/2022\/03\/14\/harold-preciado-primer-doblete-en-mexico\/#article","isPartOf":{"@id":"https:\/\/futbolhoy.co\/index.php\/2022\/03\/14\/harold-preciado-primer-doblete-en-mexico\/"},"author":{"name":"Laura Hern\u00e1ndez","@id":"https:\/\/futbolhoy.co\/#\/schema\/person\/c4a353a512b127643723a34bb1812f7d"},"headline":"Harold Preciado, primer doblete en M\u00e9xico","datePublished":"2022-03-14T12:13:41+00:00","dateModified":"2022-03-15T00:57:51+00:00","mainEntityOfPage":{"@id":"https:\/\/futbolhoy.co\/index.php\/2022\/03\/14\/harold-preciado-primer-doblete-en-mexico\/"},"wordCount":507,"commentCount":0,"publisher":{"@id":"https:\/\/futbolhoy.co\/#organization"},"image":{"@id":"https:\/\/futbolhoy.co\/index.php\/2022\/03\/14\/harold-preciado-primer-doblete-en-mexico\/#primaryimage"},"thumbnailUrl":"https:\/\/futbolhoy.co\/wp-content\/uploads\/2022\/03\/Santos.jpg","articleSection":["Mundo Futbol"],"inLanguage":"es","potentialAction":[{"@type":"CommentAction","name":"Comment","target":["https:\/\/futbolhoy.co\/index.php\/2022\/03\/14\/harold-preciado-primer-doblete-en-mexico\/#respond"]}]},{"@type":"WebPage","@id":"https:\/\/futbolhoy.co\/index.php\/2022\/03\/14\/harold-preciado-primer-doblete-en-mexico\/","url":"https:\/\/futbolhoy.co\/index.php\/2022\/03\/14\/harold-preciado-primer-doblete-en-mexico\/","name":"Harold Preciado, primer doblete en M\u00e9xico -","isPartOf":{"@id":"https:\/\/futbolhoy.co\/#website"},"primaryImageOfPage":{"@id":"https:\/\/futbolhoy.co\/index.php\/2022\/03\/14\/harold-preciado-primer-doblete-en-mexico\/#primaryimage"},"image":{"@id":"https:\/\/futbolhoy.co\/index.php\/2022\/03\/14\/harold-preciado-primer-doblete-en-mexico\/#primaryimage"},"thumbnailUrl":"https:\/\/futbolhoy.co\/wp-content\/uploads\/2022\/03\/Santos.jpg","datePublished":"2022-03-14T12:13:41+00:00","dateModified":"2022-03-15T00:57:51+00:00","breadcrumb":{"@id":"https:\/\/futbolhoy.co\/index.php\/2022\/03\/14\/harold-preciado-primer-doblete-en-mexico\/#breadcrumb"},"inLanguage":"es","potentialAction":[{"@type":"ReadAction","target":["https:\/\/futbolhoy.co\/index.php\/2022\/03\/14\/harold-preciado-primer-doblete-en-mexico\/"]}]},{"@type":"ImageObject","inLanguage":"es","@id":"https:\/\/futbolhoy.co\/index.php\/2022\/03\/14\/harold-preciado-primer-doblete-en-mexico\/#primaryimage","url":"https:\/\/futbolhoy.co\/wp-content\/uploads\/2022\/03\/Santos.jpg","contentUrl":"https:\/\/futbolhoy.co\/wp-content\/uploads\/2022\/03\/Santos.jpg","width":913,"height":608},{"@type":"BreadcrumbList","@id":"https:\/\/futbolhoy.co\/index.php\/2022\/03\/14\/harold-preciado-primer-doblete-en-mexico\/#breadcrumb","itemListElement":[{"@type":"ListItem","position":1,"name":"Portada","item":"https:\/\/futbolhoy.co\/"},{"@type":"ListItem","position":2,"name":"Harold Preciado, primer doblete en M\u00e9xico"}]},{"@type":"WebSite","@id":"https:\/\/futbolhoy.co\/#website","url":"https:\/\/futbolhoy.co\/","name":"FutbolHoy","description":"","publisher":{"@id":"https:\/\/futbolhoy.co\/#organization"},"potentialAction":[{"@type":"SearchAction","target":{"@type":"EntryPoint","urlTemplate":"https:\/\/futbolhoy.co\/?s={search_term_string}"},"query-input":{"@type":"PropertyValueSpecification","valueRequired":true,"valueName":"search_term_string"}}],"inLanguage":"es"},{"@type":"Organization","@id":"https:\/\/futbolhoy.co\/#organization","name":"Futbolhoy.co","url":"https:\/\/futbolhoy.co\/","logo":{"@type":"ImageObject","inLanguage":"es","@id":"https:\/\/futbolhoy.co\/#\/schema\/logo\/image\/","url":"https:\/\/futbolhoy.co\/wp-content\/uploads\/2018\/08\/17426380_1906371736249227_6326180412931521141_n.jpg","contentUrl":"https:\/\/futbolhoy.co\/wp-content\/uploads\/2018\/08\/17426380_1906371736249227_6326180412931521141_n.jpg","width":960,"height":960,"caption":"Futbolhoy.co"},"image":{"@id":"https:\/\/futbolhoy.co\/#\/schema\/logo\/image\/"},"sameAs":["https:\/\/www.facebook.com\/FutbolHoyCol\/","https:\/\/x.com\/FutbolHoyCol","https:\/\/www.instagram.com\/futbolhoycol\/"]},{"@type":"Person","@id":"https:\/\/futbolhoy.co\/#\/schema\/person\/c4a353a512b127643723a34bb1812f7d","name":"Laura Hern\u00e1ndez","image":{"@type":"ImageObject","inLanguage":"es","@id":"https:\/\/futbolhoy.co\/#\/schema\/person\/image\/","url":"https:\/\/secure.gravatar.com\/avatar\/d25959a15b9b293a743f99181c7cfd01?s=96&d=mm&r=g","contentUrl":"https:\/\/secure.gravatar.com\/avatar\/d25959a15b9b293a743f99181c7cfd01?s=96&d=mm&r=g","caption":"Laura Hern\u00e1ndez"}}]}},"publishpress_future_action":{"enabled":false,"date":"2026-05-06 00:19:02","action":"change-status","newStatus":"draft","terms":[],"taxonomy":"category","extraData":[]},"publishpress_future_workflow_manual_trigger":{"enabledWorkflows":[]},"_links":{"self":[{"href":"https:\/\/futbolhoy.co\/index.php\/wp-json\/wp\/v2\/posts\/77229","targetHints":{"allow":["GET"]}}],"collection":[{"href":"https:\/\/futbolhoy.co\/index.php\/wp-json\/wp\/v2\/posts"}],"about":[{"href":"https:\/\/futbolhoy.co\/index.php\/wp-json\/wp\/v2\/types\/post"}],"author":[{"embeddable":true,"href":"https:\/\/futbolhoy.co\/index.php\/wp-json\/wp\/v2\/users\/5"}],"replies":[{"embeddable":true,"href":"https:\/\/futbolhoy.co\/index.php\/wp-json\/wp\/v2\/comments?post=77229"}],"version-history":[{"count":1,"href":"https:\/\/futbolhoy.co\/index.php\/wp-json\/wp\/v2\/posts\/77229\/revisions"}],"predecessor-version":[{"id":77231,"href":"https:\/\/futbolhoy.co\/index.php\/wp-json\/wp\/v2\/posts\/77229\/revisions\/77231"}],"wp:featuredmedia":[{"embeddable":true,"href":"https:\/\/futbolhoy.co\/index.php\/wp-json\/wp\/v2\/media\/77230"}],"wp:attachment":[{"href":"https:\/\/futbolhoy.co\/index.php\/wp-json\/wp\/v2\/media?parent=77229"}],"wp:term":[{"taxonomy":"category","embeddable":true,"href":"https:\/\/futbolhoy.co\/index.php\/wp-json\/wp\/v2\/categories?post=77229"},{"taxonomy":"post_tag","embeddable":true,"href":"https:\/\/futbolhoy.co\/index.php\/wp-json\/wp\/v2\/tags?post=77229"}],"curies":[{"name":"wp","href":"https:\/\/api.w.org\/{rel}","templated":true}]}}