{"id":77399,"date":"2022-03-18T18:37:21","date_gmt":"2022-03-18T23:37:21","guid":{"rendered":"https:\/\/futbolhoy.co\/?p=77399"},"modified":"2022-03-19T10:14:11","modified_gmt":"2022-03-19T15:14:11","slug":"martins-moreno-citado-por-bolivia","status":"publish","type":"post","link":"https:\/\/futbolhoy.co\/index.php\/2022\/03\/18\/martins-moreno-citado-por-bolivia\/","title":{"rendered":"Martins Moreno, citado por Bolivia"},"content":{"rendered":"<p style=\"text-align: justify;\"><span style=\"font-family: helvetica, arial, sans-serif;\">El m\u00e1ximo goleador de las eliminatorias sudamericanas al\u00a0<b>Mundial de Qatar-2022,<\/b>\u00a0el boliviano\u00a0<b>Marcelo Martins Moreno<\/b>\u00a0fue convocado de \u00faltimo momento por el t\u00e9cnico\u00a0<b>C\u00e9sar Far\u00edas<\/b>\u00a0para el \u00faltimo partido contra\u00a0<b>Brasil<\/b>.<\/span><\/p>\n<p style=\"text-align: justify;\"><span style=\"font-family: helvetica, arial, sans-serif;\">La selecci\u00f3n boliviana inici\u00f3 este viernes su preparaci\u00f3n con miras a los juegos ante\u00a0<b>Colombia en Barranquilla<\/b>\u00a0y los pentacampeones del mundo en\u00a0<b>La Paz<\/b>.<\/span><\/p>\n<p style=\"text-align: justify;\"><span style=\"font-family: helvetica, arial, sans-serif;\">Martins Moreno confirm\u00f3 con una publicaci\u00f3n en sus redes sociales que fue convocado para disputar el encuentro ante la\u00a0<b>\u2018Canarinha\u2019<\/b>\u00a0el martes 29 de marzo.<\/span><\/p>\n<p style=\"text-align: justify;\"><span style=\"font-family: helvetica, arial, sans-serif;\">El atacante de\u00a0<b>Cerro Porte\u00f1o de Paraguay<\/b>, quien es adem\u00e1s el m\u00e1ximo goleador de las eliminatorias con 10 anotaciones, no figuraba inicialmente en la n\u00f3mina de citados, ya que por suspensi\u00f3n se pierde el duelo ante los dirigidos por\u00a0<b>Reinaldo Rueda.<\/b><\/span><\/p>\n<p style=\"text-align: justify;\"><span style=\"font-family: helvetica, arial, sans-serif;\">Los futbolistas que ya se unieron a la concentraci\u00f3n en La Paz se sometieron en la ma\u00f1ana a unas pruebas\u00a0<b>PCR<\/b>\u00a0para detectar o descartar posibles contagios de la covid-19, seg\u00fan informaci\u00f3n de la\u00a0<b>Federaci\u00f3n Boliviana de F\u00fatbol.<\/b><\/span><\/p>\n","protected":false},"excerpt":{"rendered":"<p>El m\u00e1ximo goleador de las eliminatorias sudamericanas al\u00a0Mundial de Qatar-2022,\u00a0el boliviano\u00a0Marcelo Martins Moreno\u00a0fue convocado de \u00faltimo momento por el t\u00e9cnico\u00a0C\u00e9sar Far\u00edas\u00a0para el \u00faltimo partido contra\u00a0Brasil. La selecci\u00f3n boliviana inici\u00f3 este viernes su preparaci\u00f3n con miras a los juegos ante\u00a0Colombia en Barranquilla\u00a0y los pentacampeones del mundo en\u00a0La Paz. Martins Moreno confirm\u00f3 con una publicaci\u00f3n en sus [&hellip;]<\/p>\n","protected":false},"author":5,"featured_media":77400,"comment_status":"open","ping_status":"open","sticky":false,"template":"","format":"standard","meta":{"_acf_changed":false,"footnotes":""},"categories":[1965],"tags":[],"class_list":{"0":"post-77399","1":"post","2":"type-post","3":"status-publish","4":"format-standard","5":"has-post-thumbnail","7":"category-eli"},"acf":[],"yoast_head":"<!-- This site is optimized with the Yoast SEO plugin v26.8 - https:\/\/yoast.com\/product\/yoast-seo-wordpress\/ -->\n<title>Martins Moreno, citado por Bolivia -<\/title>\n<meta name=\"robots\" content=\"index, follow, max-snippet:-1, max-image-preview:large, max-video-preview:-1\" \/>\n<link rel=\"canonical\" href=\"https:\/\/futbolhoy.co\/index.php\/2022\/03\/18\/martins-moreno-citado-por-bolivia\/\" \/>\n<meta property=\"og:locale\" content=\"es_ES\" \/>\n<meta property=\"og:type\" content=\"article\" \/>\n<meta property=\"og:title\" content=\"Martins Moreno, citado por Bolivia -\" \/>\n<meta property=\"og:description\" content=\"El m\u00e1ximo goleador de las eliminatorias sudamericanas al\u00a0Mundial de Qatar-2022,\u00a0el boliviano\u00a0Marcelo Martins Moreno\u00a0fue convocado de \u00faltimo momento por el t\u00e9cnico\u00a0C\u00e9sar Far\u00edas\u00a0para el \u00faltimo partido contra\u00a0Brasil. La selecci\u00f3n boliviana inici\u00f3 este viernes su preparaci\u00f3n con miras a los juegos ante\u00a0Colombia en Barranquilla\u00a0y los pentacampeones del mundo en\u00a0La Paz. Martins Moreno confirm\u00f3 con una publicaci\u00f3n en sus [&hellip;]\" \/>\n<meta property=\"og:url\" content=\"https:\/\/futbolhoy.co\/index.php\/2022\/03\/18\/martins-moreno-citado-por-bolivia\/\" \/>\n<meta property=\"article:publisher\" content=\"https:\/\/www.facebook.com\/FutbolHoyCol\/\" \/>\n<meta property=\"article:published_time\" content=\"2022-03-18T23:37:21+00:00\" \/>\n<meta property=\"article:modified_time\" content=\"2022-03-19T15:14:11+00:00\" \/>\n<meta property=\"og:image\" content=\"https:\/\/futbolhoy.co\/wp-content\/uploads\/2022\/03\/20220318_183643.jpg\" \/>\n\t<meta property=\"og:image:width\" content=\"1200\" \/>\n\t<meta property=\"og:image:height\" content=\"1200\" \/>\n\t<meta property=\"og:image:type\" content=\"image\/jpeg\" \/>\n<meta name=\"author\" content=\"Laura Hern\u00e1ndez\" \/>\n<meta name=\"twitter:card\" content=\"summary_large_image\" \/>\n<meta name=\"twitter:creator\" content=\"@FutbolHoyCol\" \/>\n<meta name=\"twitter:site\" content=\"@FutbolHoyCol\" \/>\n<meta name=\"twitter:label1\" content=\"Escrito por\" \/>\n\t<meta name=\"twitter:data1\" content=\"Laura Hern\u00e1ndez\" \/>\n\t<meta name=\"twitter:label2\" content=\"Tiempo de lectura\" \/>\n\t<meta name=\"twitter:data2\" content=\"1 minuto\" \/>\n<script type=\"application\/ld+json\" class=\"yoast-schema-graph\">{\"@context\":\"https:\/\/schema.org\",\"@graph\":[{\"@type\":\"Article\",\"@id\":\"https:\/\/futbolhoy.co\/index.php\/2022\/03\/18\/martins-moreno-citado-por-bolivia\/#article\",\"isPartOf\":{\"@id\":\"https:\/\/futbolhoy.co\/index.php\/2022\/03\/18\/martins-moreno-citado-por-bolivia\/\"},\"author\":{\"name\":\"Laura Hern\u00e1ndez\",\"@id\":\"https:\/\/futbolhoy.co\/#\/schema\/person\/c4a353a512b127643723a34bb1812f7d\"},\"headline\":\"Martins Moreno, citado por Bolivia\",\"datePublished\":\"2022-03-18T23:37:21+00:00\",\"dateModified\":\"2022-03-19T15:14:11+00:00\",\"mainEntityOfPage\":{\"@id\":\"https:\/\/futbolhoy.co\/index.php\/2022\/03\/18\/martins-moreno-citado-por-bolivia\/\"},\"wordCount\":182,\"commentCount\":0,\"publisher\":{\"@id\":\"https:\/\/futbolhoy.co\/#organization\"},\"image\":{\"@id\":\"https:\/\/futbolhoy.co\/index.php\/2022\/03\/18\/martins-moreno-citado-por-bolivia\/#primaryimage\"},\"thumbnailUrl\":\"https:\/\/futbolhoy.co\/wp-content\/uploads\/2022\/03\/20220318_183643.jpg\",\"articleSection\":[\"Qatar 2022\"],\"inLanguage\":\"es\",\"potentialAction\":[{\"@type\":\"CommentAction\",\"name\":\"Comment\",\"target\":[\"https:\/\/futbolhoy.co\/index.php\/2022\/03\/18\/martins-moreno-citado-por-bolivia\/#respond\"]}]},{\"@type\":\"WebPage\",\"@id\":\"https:\/\/futbolhoy.co\/index.php\/2022\/03\/18\/martins-moreno-citado-por-bolivia\/\",\"url\":\"https:\/\/futbolhoy.co\/index.php\/2022\/03\/18\/martins-moreno-citado-por-bolivia\/\",\"name\":\"Martins Moreno, citado por Bolivia -\",\"isPartOf\":{\"@id\":\"https:\/\/futbolhoy.co\/#website\"},\"primaryImageOfPage\":{\"@id\":\"https:\/\/futbolhoy.co\/index.php\/2022\/03\/18\/martins-moreno-citado-por-bolivia\/#primaryimage\"},\"image\":{\"@id\":\"https:\/\/futbolhoy.co\/index.php\/2022\/03\/18\/martins-moreno-citado-por-bolivia\/#primaryimage\"},\"thumbnailUrl\":\"https:\/\/futbolhoy.co\/wp-content\/uploads\/2022\/03\/20220318_183643.jpg\",\"datePublished\":\"2022-03-18T23:37:21+00:00\",\"dateModified\":\"2022-03-19T15:14:11+00:00\",\"breadcrumb\":{\"@id\":\"https:\/\/futbolhoy.co\/index.php\/2022\/03\/18\/martins-moreno-citado-por-bolivia\/#breadcrumb\"},\"inLanguage\":\"es\",\"potentialAction\":[{\"@type\":\"ReadAction\",\"target\":[\"https:\/\/futbolhoy.co\/index.php\/2022\/03\/18\/martins-moreno-citado-por-bolivia\/\"]}]},{\"@type\":\"ImageObject\",\"inLanguage\":\"es\",\"@id\":\"https:\/\/futbolhoy.co\/index.php\/2022\/03\/18\/martins-moreno-citado-por-bolivia\/#primaryimage\",\"url\":\"https:\/\/futbolhoy.co\/wp-content\/uploads\/2022\/03\/20220318_183643.jpg\",\"contentUrl\":\"https:\/\/futbolhoy.co\/wp-content\/uploads\/2022\/03\/20220318_183643.jpg\",\"width\":1200,\"height\":1200},{\"@type\":\"BreadcrumbList\",\"@id\":\"https:\/\/futbolhoy.co\/index.php\/2022\/03\/18\/martins-moreno-citado-por-bolivia\/#breadcrumb\",\"itemListElement\":[{\"@type\":\"ListItem\",\"position\":1,\"name\":\"Portada\",\"item\":\"https:\/\/futbolhoy.co\/\"},{\"@type\":\"ListItem\",\"position\":2,\"name\":\"Martins Moreno, citado por Bolivia\"}]},{\"@type\":\"WebSite\",\"@id\":\"https:\/\/futbolhoy.co\/#website\",\"url\":\"https:\/\/futbolhoy.co\/\",\"name\":\"FutbolHoy\",\"description\":\"\",\"publisher\":{\"@id\":\"https:\/\/futbolhoy.co\/#organization\"},\"potentialAction\":[{\"@type\":\"SearchAction\",\"target\":{\"@type\":\"EntryPoint\",\"urlTemplate\":\"https:\/\/futbolhoy.co\/?s={search_term_string}\"},\"query-input\":{\"@type\":\"PropertyValueSpecification\",\"valueRequired\":true,\"valueName\":\"search_term_string\"}}],\"inLanguage\":\"es\"},{\"@type\":\"Organization\",\"@id\":\"https:\/\/futbolhoy.co\/#organization\",\"name\":\"Futbolhoy.co\",\"url\":\"https:\/\/futbolhoy.co\/\",\"logo\":{\"@type\":\"ImageObject\",\"inLanguage\":\"es\",\"@id\":\"https:\/\/futbolhoy.co\/#\/schema\/logo\/image\/\",\"url\":\"https:\/\/futbolhoy.co\/wp-content\/uploads\/2018\/08\/17426380_1906371736249227_6326180412931521141_n.jpg\",\"contentUrl\":\"https:\/\/futbolhoy.co\/wp-content\/uploads\/2018\/08\/17426380_1906371736249227_6326180412931521141_n.jpg\",\"width\":960,\"height\":960,\"caption\":\"Futbolhoy.co\"},\"image\":{\"@id\":\"https:\/\/futbolhoy.co\/#\/schema\/logo\/image\/\"},\"sameAs\":[\"https:\/\/www.facebook.com\/FutbolHoyCol\/\",\"https:\/\/x.com\/FutbolHoyCol\",\"https:\/\/www.instagram.com\/futbolhoycol\/\"]},{\"@type\":\"Person\",\"@id\":\"https:\/\/futbolhoy.co\/#\/schema\/person\/c4a353a512b127643723a34bb1812f7d\",\"name\":\"Laura Hern\u00e1ndez\",\"image\":{\"@type\":\"ImageObject\",\"inLanguage\":\"es\",\"@id\":\"https:\/\/futbolhoy.co\/#\/schema\/person\/image\/\",\"url\":\"https:\/\/secure.gravatar.com\/avatar\/d25959a15b9b293a743f99181c7cfd01?s=96&d=mm&r=g\",\"contentUrl\":\"https:\/\/secure.gravatar.com\/avatar\/d25959a15b9b293a743f99181c7cfd01?s=96&d=mm&r=g\",\"caption\":\"Laura Hern\u00e1ndez\"}}]}<\/script>\n<!-- \/ Yoast SEO plugin. -->","yoast_head_json":{"title":"Martins Moreno, citado por Bolivia -","robots":{"index":"index","follow":"follow","max-snippet":"max-snippet:-1","max-image-preview":"max-image-preview:large","max-video-preview":"max-video-preview:-1"},"canonical":"https:\/\/futbolhoy.co\/index.php\/2022\/03\/18\/martins-moreno-citado-por-bolivia\/","og_locale":"es_ES","og_type":"article","og_title":"Martins Moreno, citado por Bolivia -","og_description":"El m\u00e1ximo goleador de las eliminatorias sudamericanas al\u00a0Mundial de Qatar-2022,\u00a0el boliviano\u00a0Marcelo Martins Moreno\u00a0fue convocado de \u00faltimo momento por el t\u00e9cnico\u00a0C\u00e9sar Far\u00edas\u00a0para el \u00faltimo partido contra\u00a0Brasil. La selecci\u00f3n boliviana inici\u00f3 este viernes su preparaci\u00f3n con miras a los juegos ante\u00a0Colombia en Barranquilla\u00a0y los pentacampeones del mundo en\u00a0La Paz. Martins Moreno confirm\u00f3 con una publicaci\u00f3n en sus [&hellip;]","og_url":"https:\/\/futbolhoy.co\/index.php\/2022\/03\/18\/martins-moreno-citado-por-bolivia\/","article_publisher":"https:\/\/www.facebook.com\/FutbolHoyCol\/","article_published_time":"2022-03-18T23:37:21+00:00","article_modified_time":"2022-03-19T15:14:11+00:00","og_image":[{"width":1200,"height":1200,"url":"https:\/\/futbolhoy.co\/wp-content\/uploads\/2022\/03\/20220318_183643.jpg","type":"image\/jpeg"}],"author":"Laura Hern\u00e1ndez","twitter_card":"summary_large_image","twitter_creator":"@FutbolHoyCol","twitter_site":"@FutbolHoyCol","twitter_misc":{"Escrito por":"Laura Hern\u00e1ndez","Tiempo de lectura":"1 minuto"},"schema":{"@context":"https:\/\/schema.org","@graph":[{"@type":"Article","@id":"https:\/\/futbolhoy.co\/index.php\/2022\/03\/18\/martins-moreno-citado-por-bolivia\/#article","isPartOf":{"@id":"https:\/\/futbolhoy.co\/index.php\/2022\/03\/18\/martins-moreno-citado-por-bolivia\/"},"author":{"name":"Laura Hern\u00e1ndez","@id":"https:\/\/futbolhoy.co\/#\/schema\/person\/c4a353a512b127643723a34bb1812f7d"},"headline":"Martins Moreno, citado por Bolivia","datePublished":"2022-03-18T23:37:21+00:00","dateModified":"2022-03-19T15:14:11+00:00","mainEntityOfPage":{"@id":"https:\/\/futbolhoy.co\/index.php\/2022\/03\/18\/martins-moreno-citado-por-bolivia\/"},"wordCount":182,"commentCount":0,"publisher":{"@id":"https:\/\/futbolhoy.co\/#organization"},"image":{"@id":"https:\/\/futbolhoy.co\/index.php\/2022\/03\/18\/martins-moreno-citado-por-bolivia\/#primaryimage"},"thumbnailUrl":"https:\/\/futbolhoy.co\/wp-content\/uploads\/2022\/03\/20220318_183643.jpg","articleSection":["Qatar 2022"],"inLanguage":"es","potentialAction":[{"@type":"CommentAction","name":"Comment","target":["https:\/\/futbolhoy.co\/index.php\/2022\/03\/18\/martins-moreno-citado-por-bolivia\/#respond"]}]},{"@type":"WebPage","@id":"https:\/\/futbolhoy.co\/index.php\/2022\/03\/18\/martins-moreno-citado-por-bolivia\/","url":"https:\/\/futbolhoy.co\/index.php\/2022\/03\/18\/martins-moreno-citado-por-bolivia\/","name":"Martins Moreno, citado por Bolivia -","isPartOf":{"@id":"https:\/\/futbolhoy.co\/#website"},"primaryImageOfPage":{"@id":"https:\/\/futbolhoy.co\/index.php\/2022\/03\/18\/martins-moreno-citado-por-bolivia\/#primaryimage"},"image":{"@id":"https:\/\/futbolhoy.co\/index.php\/2022\/03\/18\/martins-moreno-citado-por-bolivia\/#primaryimage"},"thumbnailUrl":"https:\/\/futbolhoy.co\/wp-content\/uploads\/2022\/03\/20220318_183643.jpg","datePublished":"2022-03-18T23:37:21+00:00","dateModified":"2022-03-19T15:14:11+00:00","breadcrumb":{"@id":"https:\/\/futbolhoy.co\/index.php\/2022\/03\/18\/martins-moreno-citado-por-bolivia\/#breadcrumb"},"inLanguage":"es","potentialAction":[{"@type":"ReadAction","target":["https:\/\/futbolhoy.co\/index.php\/2022\/03\/18\/martins-moreno-citado-por-bolivia\/"]}]},{"@type":"ImageObject","inLanguage":"es","@id":"https:\/\/futbolhoy.co\/index.php\/2022\/03\/18\/martins-moreno-citado-por-bolivia\/#primaryimage","url":"https:\/\/futbolhoy.co\/wp-content\/uploads\/2022\/03\/20220318_183643.jpg","contentUrl":"https:\/\/futbolhoy.co\/wp-content\/uploads\/2022\/03\/20220318_183643.jpg","width":1200,"height":1200},{"@type":"BreadcrumbList","@id":"https:\/\/futbolhoy.co\/index.php\/2022\/03\/18\/martins-moreno-citado-por-bolivia\/#breadcrumb","itemListElement":[{"@type":"ListItem","position":1,"name":"Portada","item":"https:\/\/futbolhoy.co\/"},{"@type":"ListItem","position":2,"name":"Martins Moreno, citado por Bolivia"}]},{"@type":"WebSite","@id":"https:\/\/futbolhoy.co\/#website","url":"https:\/\/futbolhoy.co\/","name":"FutbolHoy","description":"","publisher":{"@id":"https:\/\/futbolhoy.co\/#organization"},"potentialAction":[{"@type":"SearchAction","target":{"@type":"EntryPoint","urlTemplate":"https:\/\/futbolhoy.co\/?s={search_term_string}"},"query-input":{"@type":"PropertyValueSpecification","valueRequired":true,"valueName":"search_term_string"}}],"inLanguage":"es"},{"@type":"Organization","@id":"https:\/\/futbolhoy.co\/#organization","name":"Futbolhoy.co","url":"https:\/\/futbolhoy.co\/","logo":{"@type":"ImageObject","inLanguage":"es","@id":"https:\/\/futbolhoy.co\/#\/schema\/logo\/image\/","url":"https:\/\/futbolhoy.co\/wp-content\/uploads\/2018\/08\/17426380_1906371736249227_6326180412931521141_n.jpg","contentUrl":"https:\/\/futbolhoy.co\/wp-content\/uploads\/2018\/08\/17426380_1906371736249227_6326180412931521141_n.jpg","width":960,"height":960,"caption":"Futbolhoy.co"},"image":{"@id":"https:\/\/futbolhoy.co\/#\/schema\/logo\/image\/"},"sameAs":["https:\/\/www.facebook.com\/FutbolHoyCol\/","https:\/\/x.com\/FutbolHoyCol","https:\/\/www.instagram.com\/futbolhoycol\/"]},{"@type":"Person","@id":"https:\/\/futbolhoy.co\/#\/schema\/person\/c4a353a512b127643723a34bb1812f7d","name":"Laura Hern\u00e1ndez","image":{"@type":"ImageObject","inLanguage":"es","@id":"https:\/\/futbolhoy.co\/#\/schema\/person\/image\/","url":"https:\/\/secure.gravatar.com\/avatar\/d25959a15b9b293a743f99181c7cfd01?s=96&d=mm&r=g","contentUrl":"https:\/\/secure.gravatar.com\/avatar\/d25959a15b9b293a743f99181c7cfd01?s=96&d=mm&r=g","caption":"Laura Hern\u00e1ndez"}}]}},"publishpress_future_action":{"enabled":false,"date":"2026-05-05 22:31:39","action":"change-status","newStatus":"draft","terms":[],"taxonomy":"category","extraData":[]},"publishpress_future_workflow_manual_trigger":{"enabledWorkflows":[]},"_links":{"self":[{"href":"https:\/\/futbolhoy.co\/index.php\/wp-json\/wp\/v2\/posts\/77399","targetHints":{"allow":["GET"]}}],"collection":[{"href":"https:\/\/futbolhoy.co\/index.php\/wp-json\/wp\/v2\/posts"}],"about":[{"href":"https:\/\/futbolhoy.co\/index.php\/wp-json\/wp\/v2\/types\/post"}],"author":[{"embeddable":true,"href":"https:\/\/futbolhoy.co\/index.php\/wp-json\/wp\/v2\/users\/5"}],"replies":[{"embeddable":true,"href":"https:\/\/futbolhoy.co\/index.php\/wp-json\/wp\/v2\/comments?post=77399"}],"version-history":[{"count":2,"href":"https:\/\/futbolhoy.co\/index.php\/wp-json\/wp\/v2\/posts\/77399\/revisions"}],"predecessor-version":[{"id":77413,"href":"https:\/\/futbolhoy.co\/index.php\/wp-json\/wp\/v2\/posts\/77399\/revisions\/77413"}],"wp:featuredmedia":[{"embeddable":true,"href":"https:\/\/futbolhoy.co\/index.php\/wp-json\/wp\/v2\/media\/77400"}],"wp:attachment":[{"href":"https:\/\/futbolhoy.co\/index.php\/wp-json\/wp\/v2\/media?parent=77399"}],"wp:term":[{"taxonomy":"category","embeddable":true,"href":"https:\/\/futbolhoy.co\/index.php\/wp-json\/wp\/v2\/categories?post=77399"},{"taxonomy":"post_tag","embeddable":true,"href":"https:\/\/futbolhoy.co\/index.php\/wp-json\/wp\/v2\/tags?post=77399"}],"curies":[{"name":"wp","href":"https:\/\/api.w.org\/{rel}","templated":true}]}}