{"id":77410,"date":"2022-03-18T21:55:32","date_gmt":"2022-03-19T02:55:32","guid":{"rendered":"https:\/\/futbolhoy.co\/?p=77410"},"modified":"2022-03-19T10:54:20","modified_gmt":"2022-03-19T15:54:20","slug":"graterol-y-cariaco-en-la-lista-de-venezuela","status":"publish","type":"post","link":"https:\/\/futbolhoy.co\/index.php\/2022\/03\/18\/graterol-y-cariaco-en-la-lista-de-venezuela\/","title":{"rendered":"Graterol y 'Cariaco' en la lista de Venezuela"},"content":{"rendered":"<p style=\"text-align: justify;\"><span style=\"font-family: helvetica, arial, sans-serif;\"><b>El seleccionador de Venezuela, el argentino Jos\u00e9 N\u00e9stor P\u00e9kerman,\u00a0<\/b>public\u00f3 la convocatoria de 27 jugadores para los partidos contra\u00a0<b>Argentina y Colombia<\/b>, con los que cierra la fase clasificatoria al\u00a0<b>Mundial de Qatar 2022<\/b>.<\/span><\/p>\n<p style=\"text-align: justify;\"><span style=\"font-family: helvetica, arial, sans-serif;\">En el listado se destaca la presencia del portero\u00a0<b>Joel Graterol del Am\u00e9rica de Cali y el volante Luis \u2018Cariaco\u2019 Gonz\u00e1lez del Junior<\/b>; adem\u00e1s de\u00a0<b>Wuilker Far\u00ed\u00f1ez del Lens franc\u00e9s, Tom\u00e1s Rinc\u00f3n de la Sampdoria italiana, Yeferson Soteldo de Toronto, Salom\u00f3n Rond\u00f3n del Everton y Fernando Aristeguieta del Puebla mexicano.<\/b><\/span><\/p>\n<p style=\"text-align: justify;\"><span style=\"font-family: helvetica, arial, sans-serif;\">Venezuela no tiene opciones de alcanzar una casilla a la Copa del Mundo.<\/span><\/p>\n<p style=\"text-align: justify;\"><span style=\"font-family: helvetica, arial, sans-serif;\"><b>Listado de citados:<\/b><\/span><\/p>\n<p style=\"text-align: justify;\"><span style=\"font-family: helvetica, arial, sans-serif;\"><b>Porteros:\u00a0<\/b>Wuilker Far\u00ed\u00f1ez (Lens-FRA), Joel Graterol (Am\u00e9rica-COL) y Rafael Romo (Oud-Heverlee Leuven-BEL).<\/span><\/p>\n<p style=\"text-align: justify;\"><span style=\"font-family: helvetica, arial, sans-serif;\"><b>Defensas:<\/b>\u00a0John Chancellor (Brescia-ITA), Roberto Rosales (AEK Larnaca-CHP), Nahuel Ferraresi (Estoril-POR), Christian Makoun (Charlotte-USA), Ronald Hern\u00e1ndez (Atlanta United-USA), Miguel Navarro (Chicago Fire-USA), \u00d3scar Gonz\u00e1lez (Monagas-VEN), Josua Mej\u00edas (Beitar Jerusal\u00e9n-ISR), Luis Del Pino Mago (\u00d1ublense-CHI).<\/span><\/p>\n<p style=\"text-align: justify;\"><span style=\"font-family: helvetica, arial, sans-serif;\"><b>Volantes:<\/b>\u00a0Tom\u00e1s Rinc\u00f3n (Sampdoria-ITA), Darwin Mach\u00eds (Granada-ESP), R\u00f3mulo Otero (Cruz Azul-MEX), Jhon Murillo (San Luis-MEX), Jos\u00e9 Mart\u00ednez (Philadelphia Union-USA), Christian Casseres (New York Red Bulls-USA), Yeferson Soteldo (Toronto-CAN), Luis Gonz\u00e1lez (Junior-COL), Telasco Segovia (Deportivo Lara-VEN), Yerson Chac\u00f3n (Deportivo T\u00e1chira-VEN), Jefferson Savarino (Atl\u00e9tico Minero-BRA), Yangel Herrera (Espanyol-ESP).<\/span><\/p>\n<p style=\"text-align: justify;\"><span style=\"font-family: helvetica, arial, sans-serif;\"><b>Delanteros:<\/b>\u00a0Salom\u00f3n Rond\u00f3n (Everton-ING), Josef Mart\u00ednez (Atlanta United-USA), Fernando Aristeguieta (Puebla-MEX).<\/span><\/p>\n","protected":false},"excerpt":{"rendered":"<p>El seleccionador de Venezuela, el argentino Jos\u00e9 N\u00e9stor P\u00e9kerman,\u00a0public\u00f3 la convocatoria de 27 jugadores para los partidos contra\u00a0Argentina y Colombia, con los que cierra la fase clasificatoria al\u00a0Mundial de Qatar 2022. En el listado se destaca la presencia del portero\u00a0Joel Graterol del Am\u00e9rica de Cali y el volante Luis \u2018Cariaco\u2019 Gonz\u00e1lez del Junior; adem\u00e1s de\u00a0Wuilker [&hellip;]<\/p>\n","protected":false},"author":5,"featured_media":77411,"comment_status":"open","ping_status":"open","sticky":false,"template":"","format":"standard","meta":{"_acf_changed":false,"footnotes":""},"categories":[1965],"tags":[],"class_list":{"0":"post-77410","1":"post","2":"type-post","3":"status-publish","4":"format-standard","5":"has-post-thumbnail","7":"category-eli"},"acf":[],"yoast_head":"<!-- This site is optimized with the Yoast SEO plugin v26.8 - https:\/\/yoast.com\/product\/yoast-seo-wordpress\/ -->\n<title>Graterol y &#039;Cariaco&#039; en la lista de Venezuela -<\/title>\n<meta name=\"robots\" content=\"index, follow, max-snippet:-1, max-image-preview:large, max-video-preview:-1\" \/>\n<link rel=\"canonical\" href=\"https:\/\/futbolhoy.co\/index.php\/2022\/03\/18\/graterol-y-cariaco-en-la-lista-de-venezuela\/\" \/>\n<meta property=\"og:locale\" content=\"es_ES\" \/>\n<meta property=\"og:type\" content=\"article\" \/>\n<meta property=\"og:title\" content=\"Graterol y &#039;Cariaco&#039; en la lista de Venezuela -\" \/>\n<meta property=\"og:description\" content=\"El seleccionador de Venezuela, el argentino Jos\u00e9 N\u00e9stor P\u00e9kerman,\u00a0public\u00f3 la convocatoria de 27 jugadores para los partidos contra\u00a0Argentina y Colombia, con los que cierra la fase clasificatoria al\u00a0Mundial de Qatar 2022. En el listado se destaca la presencia del portero\u00a0Joel Graterol del Am\u00e9rica de Cali y el volante Luis \u2018Cariaco\u2019 Gonz\u00e1lez del Junior; adem\u00e1s de\u00a0Wuilker [&hellip;]\" \/>\n<meta property=\"og:url\" content=\"https:\/\/futbolhoy.co\/index.php\/2022\/03\/18\/graterol-y-cariaco-en-la-lista-de-venezuela\/\" \/>\n<meta property=\"article:publisher\" content=\"https:\/\/www.facebook.com\/FutbolHoyCol\/\" \/>\n<meta property=\"article:published_time\" content=\"2022-03-19T02:55:32+00:00\" \/>\n<meta property=\"article:modified_time\" content=\"2022-03-19T15:54:20+00:00\" \/>\n<meta property=\"og:image\" content=\"https:\/\/futbolhoy.co\/wp-content\/uploads\/2022\/03\/20220318_220718.jpg\" \/>\n\t<meta property=\"og:image:width\" content=\"1440\" \/>\n\t<meta property=\"og:image:height\" content=\"1076\" \/>\n\t<meta property=\"og:image:type\" content=\"image\/jpeg\" \/>\n<meta name=\"author\" content=\"Laura Hern\u00e1ndez\" \/>\n<meta name=\"twitter:card\" content=\"summary_large_image\" \/>\n<meta name=\"twitter:creator\" content=\"@FutbolHoyCol\" \/>\n<meta name=\"twitter:site\" content=\"@FutbolHoyCol\" \/>\n<meta name=\"twitter:label1\" content=\"Escrito por\" \/>\n\t<meta name=\"twitter:data1\" content=\"Laura Hern\u00e1ndez\" \/>\n\t<meta name=\"twitter:label2\" content=\"Tiempo de lectura\" \/>\n\t<meta name=\"twitter:data2\" content=\"1 minuto\" \/>\n<script type=\"application\/ld+json\" class=\"yoast-schema-graph\">{\"@context\":\"https:\/\/schema.org\",\"@graph\":[{\"@type\":\"Article\",\"@id\":\"https:\/\/futbolhoy.co\/index.php\/2022\/03\/18\/graterol-y-cariaco-en-la-lista-de-venezuela\/#article\",\"isPartOf\":{\"@id\":\"https:\/\/futbolhoy.co\/index.php\/2022\/03\/18\/graterol-y-cariaco-en-la-lista-de-venezuela\/\"},\"author\":{\"name\":\"Laura Hern\u00e1ndez\",\"@id\":\"https:\/\/futbolhoy.co\/#\/schema\/person\/c4a353a512b127643723a34bb1812f7d\"},\"headline\":\"Graterol y 'Cariaco' en la lista de Venezuela\",\"datePublished\":\"2022-03-19T02:55:32+00:00\",\"dateModified\":\"2022-03-19T15:54:20+00:00\",\"mainEntityOfPage\":{\"@id\":\"https:\/\/futbolhoy.co\/index.php\/2022\/03\/18\/graterol-y-cariaco-en-la-lista-de-venezuela\/\"},\"wordCount\":238,\"commentCount\":0,\"publisher\":{\"@id\":\"https:\/\/futbolhoy.co\/#organization\"},\"image\":{\"@id\":\"https:\/\/futbolhoy.co\/index.php\/2022\/03\/18\/graterol-y-cariaco-en-la-lista-de-venezuela\/#primaryimage\"},\"thumbnailUrl\":\"https:\/\/futbolhoy.co\/wp-content\/uploads\/2022\/03\/20220318_220718.jpg\",\"articleSection\":[\"Qatar 2022\"],\"inLanguage\":\"es\",\"potentialAction\":[{\"@type\":\"CommentAction\",\"name\":\"Comment\",\"target\":[\"https:\/\/futbolhoy.co\/index.php\/2022\/03\/18\/graterol-y-cariaco-en-la-lista-de-venezuela\/#respond\"]}]},{\"@type\":\"WebPage\",\"@id\":\"https:\/\/futbolhoy.co\/index.php\/2022\/03\/18\/graterol-y-cariaco-en-la-lista-de-venezuela\/\",\"url\":\"https:\/\/futbolhoy.co\/index.php\/2022\/03\/18\/graterol-y-cariaco-en-la-lista-de-venezuela\/\",\"name\":\"Graterol y 'Cariaco' en la lista de Venezuela -\",\"isPartOf\":{\"@id\":\"https:\/\/futbolhoy.co\/#website\"},\"primaryImageOfPage\":{\"@id\":\"https:\/\/futbolhoy.co\/index.php\/2022\/03\/18\/graterol-y-cariaco-en-la-lista-de-venezuela\/#primaryimage\"},\"image\":{\"@id\":\"https:\/\/futbolhoy.co\/index.php\/2022\/03\/18\/graterol-y-cariaco-en-la-lista-de-venezuela\/#primaryimage\"},\"thumbnailUrl\":\"https:\/\/futbolhoy.co\/wp-content\/uploads\/2022\/03\/20220318_220718.jpg\",\"datePublished\":\"2022-03-19T02:55:32+00:00\",\"dateModified\":\"2022-03-19T15:54:20+00:00\",\"breadcrumb\":{\"@id\":\"https:\/\/futbolhoy.co\/index.php\/2022\/03\/18\/graterol-y-cariaco-en-la-lista-de-venezuela\/#breadcrumb\"},\"inLanguage\":\"es\",\"potentialAction\":[{\"@type\":\"ReadAction\",\"target\":[\"https:\/\/futbolhoy.co\/index.php\/2022\/03\/18\/graterol-y-cariaco-en-la-lista-de-venezuela\/\"]}]},{\"@type\":\"ImageObject\",\"inLanguage\":\"es\",\"@id\":\"https:\/\/futbolhoy.co\/index.php\/2022\/03\/18\/graterol-y-cariaco-en-la-lista-de-venezuela\/#primaryimage\",\"url\":\"https:\/\/futbolhoy.co\/wp-content\/uploads\/2022\/03\/20220318_220718.jpg\",\"contentUrl\":\"https:\/\/futbolhoy.co\/wp-content\/uploads\/2022\/03\/20220318_220718.jpg\",\"width\":1440,\"height\":1076},{\"@type\":\"BreadcrumbList\",\"@id\":\"https:\/\/futbolhoy.co\/index.php\/2022\/03\/18\/graterol-y-cariaco-en-la-lista-de-venezuela\/#breadcrumb\",\"itemListElement\":[{\"@type\":\"ListItem\",\"position\":1,\"name\":\"Portada\",\"item\":\"https:\/\/futbolhoy.co\/\"},{\"@type\":\"ListItem\",\"position\":2,\"name\":\"Graterol y &#8216;Cariaco&#8217; en la lista de Venezuela\"}]},{\"@type\":\"WebSite\",\"@id\":\"https:\/\/futbolhoy.co\/#website\",\"url\":\"https:\/\/futbolhoy.co\/\",\"name\":\"FutbolHoy\",\"description\":\"\",\"publisher\":{\"@id\":\"https:\/\/futbolhoy.co\/#organization\"},\"potentialAction\":[{\"@type\":\"SearchAction\",\"target\":{\"@type\":\"EntryPoint\",\"urlTemplate\":\"https:\/\/futbolhoy.co\/?s={search_term_string}\"},\"query-input\":{\"@type\":\"PropertyValueSpecification\",\"valueRequired\":true,\"valueName\":\"search_term_string\"}}],\"inLanguage\":\"es\"},{\"@type\":\"Organization\",\"@id\":\"https:\/\/futbolhoy.co\/#organization\",\"name\":\"Futbolhoy.co\",\"url\":\"https:\/\/futbolhoy.co\/\",\"logo\":{\"@type\":\"ImageObject\",\"inLanguage\":\"es\",\"@id\":\"https:\/\/futbolhoy.co\/#\/schema\/logo\/image\/\",\"url\":\"https:\/\/futbolhoy.co\/wp-content\/uploads\/2018\/08\/17426380_1906371736249227_6326180412931521141_n.jpg\",\"contentUrl\":\"https:\/\/futbolhoy.co\/wp-content\/uploads\/2018\/08\/17426380_1906371736249227_6326180412931521141_n.jpg\",\"width\":960,\"height\":960,\"caption\":\"Futbolhoy.co\"},\"image\":{\"@id\":\"https:\/\/futbolhoy.co\/#\/schema\/logo\/image\/\"},\"sameAs\":[\"https:\/\/www.facebook.com\/FutbolHoyCol\/\",\"https:\/\/x.com\/FutbolHoyCol\",\"https:\/\/www.instagram.com\/futbolhoycol\/\"]},{\"@type\":\"Person\",\"@id\":\"https:\/\/futbolhoy.co\/#\/schema\/person\/c4a353a512b127643723a34bb1812f7d\",\"name\":\"Laura Hern\u00e1ndez\",\"image\":{\"@type\":\"ImageObject\",\"inLanguage\":\"es\",\"@id\":\"https:\/\/futbolhoy.co\/#\/schema\/person\/image\/\",\"url\":\"https:\/\/secure.gravatar.com\/avatar\/d25959a15b9b293a743f99181c7cfd01?s=96&d=mm&r=g\",\"contentUrl\":\"https:\/\/secure.gravatar.com\/avatar\/d25959a15b9b293a743f99181c7cfd01?s=96&d=mm&r=g\",\"caption\":\"Laura Hern\u00e1ndez\"}}]}<\/script>\n<!-- \/ Yoast SEO plugin. -->","yoast_head_json":{"title":"Graterol y 'Cariaco' en la lista de Venezuela -","robots":{"index":"index","follow":"follow","max-snippet":"max-snippet:-1","max-image-preview":"max-image-preview:large","max-video-preview":"max-video-preview:-1"},"canonical":"https:\/\/futbolhoy.co\/index.php\/2022\/03\/18\/graterol-y-cariaco-en-la-lista-de-venezuela\/","og_locale":"es_ES","og_type":"article","og_title":"Graterol y 'Cariaco' en la lista de Venezuela -","og_description":"El seleccionador de Venezuela, el argentino Jos\u00e9 N\u00e9stor P\u00e9kerman,\u00a0public\u00f3 la convocatoria de 27 jugadores para los partidos contra\u00a0Argentina y Colombia, con los que cierra la fase clasificatoria al\u00a0Mundial de Qatar 2022. En el listado se destaca la presencia del portero\u00a0Joel Graterol del Am\u00e9rica de Cali y el volante Luis \u2018Cariaco\u2019 Gonz\u00e1lez del Junior; adem\u00e1s de\u00a0Wuilker [&hellip;]","og_url":"https:\/\/futbolhoy.co\/index.php\/2022\/03\/18\/graterol-y-cariaco-en-la-lista-de-venezuela\/","article_publisher":"https:\/\/www.facebook.com\/FutbolHoyCol\/","article_published_time":"2022-03-19T02:55:32+00:00","article_modified_time":"2022-03-19T15:54:20+00:00","og_image":[{"width":1440,"height":1076,"url":"https:\/\/futbolhoy.co\/wp-content\/uploads\/2022\/03\/20220318_220718.jpg","type":"image\/jpeg"}],"author":"Laura Hern\u00e1ndez","twitter_card":"summary_large_image","twitter_creator":"@FutbolHoyCol","twitter_site":"@FutbolHoyCol","twitter_misc":{"Escrito por":"Laura Hern\u00e1ndez","Tiempo de lectura":"1 minuto"},"schema":{"@context":"https:\/\/schema.org","@graph":[{"@type":"Article","@id":"https:\/\/futbolhoy.co\/index.php\/2022\/03\/18\/graterol-y-cariaco-en-la-lista-de-venezuela\/#article","isPartOf":{"@id":"https:\/\/futbolhoy.co\/index.php\/2022\/03\/18\/graterol-y-cariaco-en-la-lista-de-venezuela\/"},"author":{"name":"Laura Hern\u00e1ndez","@id":"https:\/\/futbolhoy.co\/#\/schema\/person\/c4a353a512b127643723a34bb1812f7d"},"headline":"Graterol y 'Cariaco' en la lista de Venezuela","datePublished":"2022-03-19T02:55:32+00:00","dateModified":"2022-03-19T15:54:20+00:00","mainEntityOfPage":{"@id":"https:\/\/futbolhoy.co\/index.php\/2022\/03\/18\/graterol-y-cariaco-en-la-lista-de-venezuela\/"},"wordCount":238,"commentCount":0,"publisher":{"@id":"https:\/\/futbolhoy.co\/#organization"},"image":{"@id":"https:\/\/futbolhoy.co\/index.php\/2022\/03\/18\/graterol-y-cariaco-en-la-lista-de-venezuela\/#primaryimage"},"thumbnailUrl":"https:\/\/futbolhoy.co\/wp-content\/uploads\/2022\/03\/20220318_220718.jpg","articleSection":["Qatar 2022"],"inLanguage":"es","potentialAction":[{"@type":"CommentAction","name":"Comment","target":["https:\/\/futbolhoy.co\/index.php\/2022\/03\/18\/graterol-y-cariaco-en-la-lista-de-venezuela\/#respond"]}]},{"@type":"WebPage","@id":"https:\/\/futbolhoy.co\/index.php\/2022\/03\/18\/graterol-y-cariaco-en-la-lista-de-venezuela\/","url":"https:\/\/futbolhoy.co\/index.php\/2022\/03\/18\/graterol-y-cariaco-en-la-lista-de-venezuela\/","name":"Graterol y 'Cariaco' en la lista de Venezuela -","isPartOf":{"@id":"https:\/\/futbolhoy.co\/#website"},"primaryImageOfPage":{"@id":"https:\/\/futbolhoy.co\/index.php\/2022\/03\/18\/graterol-y-cariaco-en-la-lista-de-venezuela\/#primaryimage"},"image":{"@id":"https:\/\/futbolhoy.co\/index.php\/2022\/03\/18\/graterol-y-cariaco-en-la-lista-de-venezuela\/#primaryimage"},"thumbnailUrl":"https:\/\/futbolhoy.co\/wp-content\/uploads\/2022\/03\/20220318_220718.jpg","datePublished":"2022-03-19T02:55:32+00:00","dateModified":"2022-03-19T15:54:20+00:00","breadcrumb":{"@id":"https:\/\/futbolhoy.co\/index.php\/2022\/03\/18\/graterol-y-cariaco-en-la-lista-de-venezuela\/#breadcrumb"},"inLanguage":"es","potentialAction":[{"@type":"ReadAction","target":["https:\/\/futbolhoy.co\/index.php\/2022\/03\/18\/graterol-y-cariaco-en-la-lista-de-venezuela\/"]}]},{"@type":"ImageObject","inLanguage":"es","@id":"https:\/\/futbolhoy.co\/index.php\/2022\/03\/18\/graterol-y-cariaco-en-la-lista-de-venezuela\/#primaryimage","url":"https:\/\/futbolhoy.co\/wp-content\/uploads\/2022\/03\/20220318_220718.jpg","contentUrl":"https:\/\/futbolhoy.co\/wp-content\/uploads\/2022\/03\/20220318_220718.jpg","width":1440,"height":1076},{"@type":"BreadcrumbList","@id":"https:\/\/futbolhoy.co\/index.php\/2022\/03\/18\/graterol-y-cariaco-en-la-lista-de-venezuela\/#breadcrumb","itemListElement":[{"@type":"ListItem","position":1,"name":"Portada","item":"https:\/\/futbolhoy.co\/"},{"@type":"ListItem","position":2,"name":"Graterol y &#8216;Cariaco&#8217; en la lista de Venezuela"}]},{"@type":"WebSite","@id":"https:\/\/futbolhoy.co\/#website","url":"https:\/\/futbolhoy.co\/","name":"FutbolHoy","description":"","publisher":{"@id":"https:\/\/futbolhoy.co\/#organization"},"potentialAction":[{"@type":"SearchAction","target":{"@type":"EntryPoint","urlTemplate":"https:\/\/futbolhoy.co\/?s={search_term_string}"},"query-input":{"@type":"PropertyValueSpecification","valueRequired":true,"valueName":"search_term_string"}}],"inLanguage":"es"},{"@type":"Organization","@id":"https:\/\/futbolhoy.co\/#organization","name":"Futbolhoy.co","url":"https:\/\/futbolhoy.co\/","logo":{"@type":"ImageObject","inLanguage":"es","@id":"https:\/\/futbolhoy.co\/#\/schema\/logo\/image\/","url":"https:\/\/futbolhoy.co\/wp-content\/uploads\/2018\/08\/17426380_1906371736249227_6326180412931521141_n.jpg","contentUrl":"https:\/\/futbolhoy.co\/wp-content\/uploads\/2018\/08\/17426380_1906371736249227_6326180412931521141_n.jpg","width":960,"height":960,"caption":"Futbolhoy.co"},"image":{"@id":"https:\/\/futbolhoy.co\/#\/schema\/logo\/image\/"},"sameAs":["https:\/\/www.facebook.com\/FutbolHoyCol\/","https:\/\/x.com\/FutbolHoyCol","https:\/\/www.instagram.com\/futbolhoycol\/"]},{"@type":"Person","@id":"https:\/\/futbolhoy.co\/#\/schema\/person\/c4a353a512b127643723a34bb1812f7d","name":"Laura Hern\u00e1ndez","image":{"@type":"ImageObject","inLanguage":"es","@id":"https:\/\/futbolhoy.co\/#\/schema\/person\/image\/","url":"https:\/\/secure.gravatar.com\/avatar\/d25959a15b9b293a743f99181c7cfd01?s=96&d=mm&r=g","contentUrl":"https:\/\/secure.gravatar.com\/avatar\/d25959a15b9b293a743f99181c7cfd01?s=96&d=mm&r=g","caption":"Laura Hern\u00e1ndez"}}]}},"publishpress_future_action":{"enabled":false,"date":"2026-05-05 22:31:29","action":"change-status","newStatus":"draft","terms":[],"taxonomy":"category","extraData":[]},"publishpress_future_workflow_manual_trigger":{"enabledWorkflows":[]},"_links":{"self":[{"href":"https:\/\/futbolhoy.co\/index.php\/wp-json\/wp\/v2\/posts\/77410","targetHints":{"allow":["GET"]}}],"collection":[{"href":"https:\/\/futbolhoy.co\/index.php\/wp-json\/wp\/v2\/posts"}],"about":[{"href":"https:\/\/futbolhoy.co\/index.php\/wp-json\/wp\/v2\/types\/post"}],"author":[{"embeddable":true,"href":"https:\/\/futbolhoy.co\/index.php\/wp-json\/wp\/v2\/users\/5"}],"replies":[{"embeddable":true,"href":"https:\/\/futbolhoy.co\/index.php\/wp-json\/wp\/v2\/comments?post=77410"}],"version-history":[{"count":1,"href":"https:\/\/futbolhoy.co\/index.php\/wp-json\/wp\/v2\/posts\/77410\/revisions"}],"predecessor-version":[{"id":77412,"href":"https:\/\/futbolhoy.co\/index.php\/wp-json\/wp\/v2\/posts\/77410\/revisions\/77412"}],"wp:featuredmedia":[{"embeddable":true,"href":"https:\/\/futbolhoy.co\/index.php\/wp-json\/wp\/v2\/media\/77411"}],"wp:attachment":[{"href":"https:\/\/futbolhoy.co\/index.php\/wp-json\/wp\/v2\/media?parent=77410"}],"wp:term":[{"taxonomy":"category","embeddable":true,"href":"https:\/\/futbolhoy.co\/index.php\/wp-json\/wp\/v2\/categories?post=77410"},{"taxonomy":"post_tag","embeddable":true,"href":"https:\/\/futbolhoy.co\/index.php\/wp-json\/wp\/v2\/tags?post=77410"}],"curies":[{"name":"wp","href":"https:\/\/api.w.org\/{rel}","templated":true}]}}