{"id":77456,"date":"2022-03-19T21:29:46","date_gmt":"2022-03-20T02:29:46","guid":{"rendered":"https:\/\/futbolhoy.co\/?p=77456"},"modified":"2022-03-20T18:16:44","modified_gmt":"2022-03-20T23:16:44","slug":"colombia-inicio-la-ultima-concentracion-en-barranquilla","status":"publish","type":"post","link":"https:\/\/futbolhoy.co\/index.php\/2022\/03\/19\/colombia-inicio-la-ultima-concentracion-en-barranquilla\/","title":{"rendered":"Colombia inici\u00f3 la \u00faltima concentraci\u00f3n en Barranquilla"},"content":{"rendered":"<p style=\"text-align: justify;\"><span style=\"font-family: helvetica, arial, sans-serif;\"><b>El portero de<\/b>\u00a0<b>Millonarios, \u00c1lvaro Montero<\/b>, abri\u00f3 la concentraci\u00f3n de la\u00a0<b>selecci\u00f3n Colombia en Barranquilla<\/b>, para afrontar las dos \u00faltimas fechas de las eliminatorias sudamericanas al\u00a0<b>Mundial de Qatar 2022<\/b>.<\/span><\/p>\n<p style=\"text-align: justify;\"><span style=\"font-family: helvetica, arial, sans-serif;\">Montero, quien volvi\u00f3 a ser llamado por el t\u00e9cnico\u00a0<b>Reinaldo Rueda<\/b>, adelantar\u00e1 este s\u00e1bado los primeros trabajos f\u00edsicos junto a los delanteros\u00a0<b>Miguel \u00c1ngel Borja del Junior y Harold Preciado de Santos Laguna de Torre\u00f3n de M\u00e9xico<\/b>.<\/span><\/p>\n<p style=\"text-align: justify;\"><span style=\"font-family: helvetica, arial, sans-serif;\">La noche del s\u00e1bado tambi\u00e9n era esperado el volante\u00a0<b>Gustavo Cuellar del Al Hilal de Arabia Saudita.<\/b><\/span><\/p>\n<p style=\"text-align: justify;\"><span style=\"font-family: helvetica, arial, sans-serif;\">El cuerpo t\u00e9cnico nacional espera contar con la totalidad de los 28 citados el martes, para realizar dos d\u00edas de trabajos a doble jornada (martes y mi\u00e9rcoles), antes de enfrentar el jueves a\u00a0<b>Bolivia<\/b>\u00a0a las 6.30PM en el\u00a0<b>estadio Metropolitano<\/b>.<\/span><\/p>\n<p style=\"text-align: justify;\"><span style=\"font-family: helvetica, arial, sans-serif;\">Colombia visitar\u00e1 el martes 29 de marzo a\u00a0<b>Venezuela en Puerto Ordaz.<\/b><\/span><\/p>\n","protected":false},"excerpt":{"rendered":"<p>El portero de\u00a0Millonarios, \u00c1lvaro Montero, abri\u00f3 la concentraci\u00f3n de la\u00a0selecci\u00f3n Colombia en Barranquilla, para afrontar las dos \u00faltimas fechas de las eliminatorias sudamericanas al\u00a0Mundial de Qatar 2022. Montero, quien volvi\u00f3 a ser llamado por el t\u00e9cnico\u00a0Reinaldo Rueda, adelantar\u00e1 este s\u00e1bado los primeros trabajos f\u00edsicos junto a los delanteros\u00a0Miguel \u00c1ngel Borja del Junior y Harold Preciado [&hellip;]<\/p>\n","protected":false},"author":5,"featured_media":77460,"comment_status":"open","ping_status":"open","sticky":false,"template":"","format":"standard","meta":{"_acf_changed":false,"footnotes":""},"categories":[418],"tags":[],"class_list":{"0":"post-77456","1":"post","2":"type-post","3":"status-publish","4":"format-standard","5":"has-post-thumbnail","7":"category-colombia"},"acf":[],"yoast_head":"<!-- This site is optimized with the Yoast SEO plugin v26.8 - https:\/\/yoast.com\/product\/yoast-seo-wordpress\/ -->\n<title>Colombia inici\u00f3 la \u00faltima concentraci\u00f3n en Barranquilla -<\/title>\n<meta name=\"robots\" content=\"index, follow, max-snippet:-1, max-image-preview:large, max-video-preview:-1\" \/>\n<link rel=\"canonical\" href=\"https:\/\/futbolhoy.co\/index.php\/2022\/03\/19\/colombia-inicio-la-ultima-concentracion-en-barranquilla\/\" \/>\n<meta property=\"og:locale\" content=\"es_ES\" \/>\n<meta property=\"og:type\" content=\"article\" \/>\n<meta property=\"og:title\" content=\"Colombia inici\u00f3 la \u00faltima concentraci\u00f3n en Barranquilla -\" \/>\n<meta property=\"og:description\" content=\"El portero de\u00a0Millonarios, \u00c1lvaro Montero, abri\u00f3 la concentraci\u00f3n de la\u00a0selecci\u00f3n Colombia en Barranquilla, para afrontar las dos \u00faltimas fechas de las eliminatorias sudamericanas al\u00a0Mundial de Qatar 2022. Montero, quien volvi\u00f3 a ser llamado por el t\u00e9cnico\u00a0Reinaldo Rueda, adelantar\u00e1 este s\u00e1bado los primeros trabajos f\u00edsicos junto a los delanteros\u00a0Miguel \u00c1ngel Borja del Junior y Harold Preciado [&hellip;]\" \/>\n<meta property=\"og:url\" content=\"https:\/\/futbolhoy.co\/index.php\/2022\/03\/19\/colombia-inicio-la-ultima-concentracion-en-barranquilla\/\" \/>\n<meta property=\"article:publisher\" content=\"https:\/\/www.facebook.com\/FutbolHoyCol\/\" \/>\n<meta property=\"article:published_time\" content=\"2022-03-20T02:29:46+00:00\" \/>\n<meta property=\"article:modified_time\" content=\"2022-03-20T23:16:44+00:00\" \/>\n<meta property=\"og:image\" content=\"https:\/\/futbolhoy.co\/wp-content\/uploads\/2022\/03\/FOQf2e3XEAAhGxQ.jpg\" \/>\n\t<meta property=\"og:image:width\" content=\"1024\" \/>\n\t<meta property=\"og:image:height\" content=\"568\" \/>\n\t<meta property=\"og:image:type\" content=\"image\/jpeg\" \/>\n<meta name=\"author\" content=\"Laura Hern\u00e1ndez\" \/>\n<meta name=\"twitter:card\" content=\"summary_large_image\" \/>\n<meta name=\"twitter:creator\" content=\"@FutbolHoyCol\" \/>\n<meta name=\"twitter:site\" content=\"@FutbolHoyCol\" \/>\n<meta name=\"twitter:label1\" content=\"Escrito por\" \/>\n\t<meta name=\"twitter:data1\" content=\"Laura Hern\u00e1ndez\" \/>\n\t<meta name=\"twitter:label2\" content=\"Tiempo de lectura\" \/>\n\t<meta name=\"twitter:data2\" content=\"1 minuto\" \/>\n<script type=\"application\/ld+json\" class=\"yoast-schema-graph\">{\"@context\":\"https:\/\/schema.org\",\"@graph\":[{\"@type\":\"Article\",\"@id\":\"https:\/\/futbolhoy.co\/index.php\/2022\/03\/19\/colombia-inicio-la-ultima-concentracion-en-barranquilla\/#article\",\"isPartOf\":{\"@id\":\"https:\/\/futbolhoy.co\/index.php\/2022\/03\/19\/colombia-inicio-la-ultima-concentracion-en-barranquilla\/\"},\"author\":{\"name\":\"Laura Hern\u00e1ndez\",\"@id\":\"https:\/\/futbolhoy.co\/#\/schema\/person\/c4a353a512b127643723a34bb1812f7d\"},\"headline\":\"Colombia inici\u00f3 la \u00faltima concentraci\u00f3n en Barranquilla\",\"datePublished\":\"2022-03-20T02:29:46+00:00\",\"dateModified\":\"2022-03-20T23:16:44+00:00\",\"mainEntityOfPage\":{\"@id\":\"https:\/\/futbolhoy.co\/index.php\/2022\/03\/19\/colombia-inicio-la-ultima-concentracion-en-barranquilla\/\"},\"wordCount\":154,\"commentCount\":0,\"publisher\":{\"@id\":\"https:\/\/futbolhoy.co\/#organization\"},\"image\":{\"@id\":\"https:\/\/futbolhoy.co\/index.php\/2022\/03\/19\/colombia-inicio-la-ultima-concentracion-en-barranquilla\/#primaryimage\"},\"thumbnailUrl\":\"https:\/\/futbolhoy.co\/wp-content\/uploads\/2022\/03\/FOQf2e3XEAAhGxQ.jpg\",\"articleSection\":[\"Colombia\"],\"inLanguage\":\"es\",\"potentialAction\":[{\"@type\":\"CommentAction\",\"name\":\"Comment\",\"target\":[\"https:\/\/futbolhoy.co\/index.php\/2022\/03\/19\/colombia-inicio-la-ultima-concentracion-en-barranquilla\/#respond\"]}]},{\"@type\":\"WebPage\",\"@id\":\"https:\/\/futbolhoy.co\/index.php\/2022\/03\/19\/colombia-inicio-la-ultima-concentracion-en-barranquilla\/\",\"url\":\"https:\/\/futbolhoy.co\/index.php\/2022\/03\/19\/colombia-inicio-la-ultima-concentracion-en-barranquilla\/\",\"name\":\"Colombia inici\u00f3 la \u00faltima concentraci\u00f3n en Barranquilla -\",\"isPartOf\":{\"@id\":\"https:\/\/futbolhoy.co\/#website\"},\"primaryImageOfPage\":{\"@id\":\"https:\/\/futbolhoy.co\/index.php\/2022\/03\/19\/colombia-inicio-la-ultima-concentracion-en-barranquilla\/#primaryimage\"},\"image\":{\"@id\":\"https:\/\/futbolhoy.co\/index.php\/2022\/03\/19\/colombia-inicio-la-ultima-concentracion-en-barranquilla\/#primaryimage\"},\"thumbnailUrl\":\"https:\/\/futbolhoy.co\/wp-content\/uploads\/2022\/03\/FOQf2e3XEAAhGxQ.jpg\",\"datePublished\":\"2022-03-20T02:29:46+00:00\",\"dateModified\":\"2022-03-20T23:16:44+00:00\",\"breadcrumb\":{\"@id\":\"https:\/\/futbolhoy.co\/index.php\/2022\/03\/19\/colombia-inicio-la-ultima-concentracion-en-barranquilla\/#breadcrumb\"},\"inLanguage\":\"es\",\"potentialAction\":[{\"@type\":\"ReadAction\",\"target\":[\"https:\/\/futbolhoy.co\/index.php\/2022\/03\/19\/colombia-inicio-la-ultima-concentracion-en-barranquilla\/\"]}]},{\"@type\":\"ImageObject\",\"inLanguage\":\"es\",\"@id\":\"https:\/\/futbolhoy.co\/index.php\/2022\/03\/19\/colombia-inicio-la-ultima-concentracion-en-barranquilla\/#primaryimage\",\"url\":\"https:\/\/futbolhoy.co\/wp-content\/uploads\/2022\/03\/FOQf2e3XEAAhGxQ.jpg\",\"contentUrl\":\"https:\/\/futbolhoy.co\/wp-content\/uploads\/2022\/03\/FOQf2e3XEAAhGxQ.jpg\",\"width\":1024,\"height\":568},{\"@type\":\"BreadcrumbList\",\"@id\":\"https:\/\/futbolhoy.co\/index.php\/2022\/03\/19\/colombia-inicio-la-ultima-concentracion-en-barranquilla\/#breadcrumb\",\"itemListElement\":[{\"@type\":\"ListItem\",\"position\":1,\"name\":\"Portada\",\"item\":\"https:\/\/futbolhoy.co\/\"},{\"@type\":\"ListItem\",\"position\":2,\"name\":\"Colombia inici\u00f3 la \u00faltima concentraci\u00f3n en Barranquilla\"}]},{\"@type\":\"WebSite\",\"@id\":\"https:\/\/futbolhoy.co\/#website\",\"url\":\"https:\/\/futbolhoy.co\/\",\"name\":\"FutbolHoy\",\"description\":\"\",\"publisher\":{\"@id\":\"https:\/\/futbolhoy.co\/#organization\"},\"potentialAction\":[{\"@type\":\"SearchAction\",\"target\":{\"@type\":\"EntryPoint\",\"urlTemplate\":\"https:\/\/futbolhoy.co\/?s={search_term_string}\"},\"query-input\":{\"@type\":\"PropertyValueSpecification\",\"valueRequired\":true,\"valueName\":\"search_term_string\"}}],\"inLanguage\":\"es\"},{\"@type\":\"Organization\",\"@id\":\"https:\/\/futbolhoy.co\/#organization\",\"name\":\"Futbolhoy.co\",\"url\":\"https:\/\/futbolhoy.co\/\",\"logo\":{\"@type\":\"ImageObject\",\"inLanguage\":\"es\",\"@id\":\"https:\/\/futbolhoy.co\/#\/schema\/logo\/image\/\",\"url\":\"https:\/\/futbolhoy.co\/wp-content\/uploads\/2018\/08\/17426380_1906371736249227_6326180412931521141_n.jpg\",\"contentUrl\":\"https:\/\/futbolhoy.co\/wp-content\/uploads\/2018\/08\/17426380_1906371736249227_6326180412931521141_n.jpg\",\"width\":960,\"height\":960,\"caption\":\"Futbolhoy.co\"},\"image\":{\"@id\":\"https:\/\/futbolhoy.co\/#\/schema\/logo\/image\/\"},\"sameAs\":[\"https:\/\/www.facebook.com\/FutbolHoyCol\/\",\"https:\/\/x.com\/FutbolHoyCol\",\"https:\/\/www.instagram.com\/futbolhoycol\/\"]},{\"@type\":\"Person\",\"@id\":\"https:\/\/futbolhoy.co\/#\/schema\/person\/c4a353a512b127643723a34bb1812f7d\",\"name\":\"Laura Hern\u00e1ndez\",\"image\":{\"@type\":\"ImageObject\",\"inLanguage\":\"es\",\"@id\":\"https:\/\/futbolhoy.co\/#\/schema\/person\/image\/\",\"url\":\"https:\/\/secure.gravatar.com\/avatar\/d25959a15b9b293a743f99181c7cfd01?s=96&d=mm&r=g\",\"contentUrl\":\"https:\/\/secure.gravatar.com\/avatar\/d25959a15b9b293a743f99181c7cfd01?s=96&d=mm&r=g\",\"caption\":\"Laura Hern\u00e1ndez\"}}]}<\/script>\n<!-- \/ Yoast SEO plugin. -->","yoast_head_json":{"title":"Colombia inici\u00f3 la \u00faltima concentraci\u00f3n en Barranquilla -","robots":{"index":"index","follow":"follow","max-snippet":"max-snippet:-1","max-image-preview":"max-image-preview:large","max-video-preview":"max-video-preview:-1"},"canonical":"https:\/\/futbolhoy.co\/index.php\/2022\/03\/19\/colombia-inicio-la-ultima-concentracion-en-barranquilla\/","og_locale":"es_ES","og_type":"article","og_title":"Colombia inici\u00f3 la \u00faltima concentraci\u00f3n en Barranquilla -","og_description":"El portero de\u00a0Millonarios, \u00c1lvaro Montero, abri\u00f3 la concentraci\u00f3n de la\u00a0selecci\u00f3n Colombia en Barranquilla, para afrontar las dos \u00faltimas fechas de las eliminatorias sudamericanas al\u00a0Mundial de Qatar 2022. Montero, quien volvi\u00f3 a ser llamado por el t\u00e9cnico\u00a0Reinaldo Rueda, adelantar\u00e1 este s\u00e1bado los primeros trabajos f\u00edsicos junto a los delanteros\u00a0Miguel \u00c1ngel Borja del Junior y Harold Preciado [&hellip;]","og_url":"https:\/\/futbolhoy.co\/index.php\/2022\/03\/19\/colombia-inicio-la-ultima-concentracion-en-barranquilla\/","article_publisher":"https:\/\/www.facebook.com\/FutbolHoyCol\/","article_published_time":"2022-03-20T02:29:46+00:00","article_modified_time":"2022-03-20T23:16:44+00:00","og_image":[{"width":1024,"height":568,"url":"https:\/\/futbolhoy.co\/wp-content\/uploads\/2022\/03\/FOQf2e3XEAAhGxQ.jpg","type":"image\/jpeg"}],"author":"Laura Hern\u00e1ndez","twitter_card":"summary_large_image","twitter_creator":"@FutbolHoyCol","twitter_site":"@FutbolHoyCol","twitter_misc":{"Escrito por":"Laura Hern\u00e1ndez","Tiempo de lectura":"1 minuto"},"schema":{"@context":"https:\/\/schema.org","@graph":[{"@type":"Article","@id":"https:\/\/futbolhoy.co\/index.php\/2022\/03\/19\/colombia-inicio-la-ultima-concentracion-en-barranquilla\/#article","isPartOf":{"@id":"https:\/\/futbolhoy.co\/index.php\/2022\/03\/19\/colombia-inicio-la-ultima-concentracion-en-barranquilla\/"},"author":{"name":"Laura Hern\u00e1ndez","@id":"https:\/\/futbolhoy.co\/#\/schema\/person\/c4a353a512b127643723a34bb1812f7d"},"headline":"Colombia inici\u00f3 la \u00faltima concentraci\u00f3n en Barranquilla","datePublished":"2022-03-20T02:29:46+00:00","dateModified":"2022-03-20T23:16:44+00:00","mainEntityOfPage":{"@id":"https:\/\/futbolhoy.co\/index.php\/2022\/03\/19\/colombia-inicio-la-ultima-concentracion-en-barranquilla\/"},"wordCount":154,"commentCount":0,"publisher":{"@id":"https:\/\/futbolhoy.co\/#organization"},"image":{"@id":"https:\/\/futbolhoy.co\/index.php\/2022\/03\/19\/colombia-inicio-la-ultima-concentracion-en-barranquilla\/#primaryimage"},"thumbnailUrl":"https:\/\/futbolhoy.co\/wp-content\/uploads\/2022\/03\/FOQf2e3XEAAhGxQ.jpg","articleSection":["Colombia"],"inLanguage":"es","potentialAction":[{"@type":"CommentAction","name":"Comment","target":["https:\/\/futbolhoy.co\/index.php\/2022\/03\/19\/colombia-inicio-la-ultima-concentracion-en-barranquilla\/#respond"]}]},{"@type":"WebPage","@id":"https:\/\/futbolhoy.co\/index.php\/2022\/03\/19\/colombia-inicio-la-ultima-concentracion-en-barranquilla\/","url":"https:\/\/futbolhoy.co\/index.php\/2022\/03\/19\/colombia-inicio-la-ultima-concentracion-en-barranquilla\/","name":"Colombia inici\u00f3 la \u00faltima concentraci\u00f3n en Barranquilla -","isPartOf":{"@id":"https:\/\/futbolhoy.co\/#website"},"primaryImageOfPage":{"@id":"https:\/\/futbolhoy.co\/index.php\/2022\/03\/19\/colombia-inicio-la-ultima-concentracion-en-barranquilla\/#primaryimage"},"image":{"@id":"https:\/\/futbolhoy.co\/index.php\/2022\/03\/19\/colombia-inicio-la-ultima-concentracion-en-barranquilla\/#primaryimage"},"thumbnailUrl":"https:\/\/futbolhoy.co\/wp-content\/uploads\/2022\/03\/FOQf2e3XEAAhGxQ.jpg","datePublished":"2022-03-20T02:29:46+00:00","dateModified":"2022-03-20T23:16:44+00:00","breadcrumb":{"@id":"https:\/\/futbolhoy.co\/index.php\/2022\/03\/19\/colombia-inicio-la-ultima-concentracion-en-barranquilla\/#breadcrumb"},"inLanguage":"es","potentialAction":[{"@type":"ReadAction","target":["https:\/\/futbolhoy.co\/index.php\/2022\/03\/19\/colombia-inicio-la-ultima-concentracion-en-barranquilla\/"]}]},{"@type":"ImageObject","inLanguage":"es","@id":"https:\/\/futbolhoy.co\/index.php\/2022\/03\/19\/colombia-inicio-la-ultima-concentracion-en-barranquilla\/#primaryimage","url":"https:\/\/futbolhoy.co\/wp-content\/uploads\/2022\/03\/FOQf2e3XEAAhGxQ.jpg","contentUrl":"https:\/\/futbolhoy.co\/wp-content\/uploads\/2022\/03\/FOQf2e3XEAAhGxQ.jpg","width":1024,"height":568},{"@type":"BreadcrumbList","@id":"https:\/\/futbolhoy.co\/index.php\/2022\/03\/19\/colombia-inicio-la-ultima-concentracion-en-barranquilla\/#breadcrumb","itemListElement":[{"@type":"ListItem","position":1,"name":"Portada","item":"https:\/\/futbolhoy.co\/"},{"@type":"ListItem","position":2,"name":"Colombia inici\u00f3 la \u00faltima concentraci\u00f3n en Barranquilla"}]},{"@type":"WebSite","@id":"https:\/\/futbolhoy.co\/#website","url":"https:\/\/futbolhoy.co\/","name":"FutbolHoy","description":"","publisher":{"@id":"https:\/\/futbolhoy.co\/#organization"},"potentialAction":[{"@type":"SearchAction","target":{"@type":"EntryPoint","urlTemplate":"https:\/\/futbolhoy.co\/?s={search_term_string}"},"query-input":{"@type":"PropertyValueSpecification","valueRequired":true,"valueName":"search_term_string"}}],"inLanguage":"es"},{"@type":"Organization","@id":"https:\/\/futbolhoy.co\/#organization","name":"Futbolhoy.co","url":"https:\/\/futbolhoy.co\/","logo":{"@type":"ImageObject","inLanguage":"es","@id":"https:\/\/futbolhoy.co\/#\/schema\/logo\/image\/","url":"https:\/\/futbolhoy.co\/wp-content\/uploads\/2018\/08\/17426380_1906371736249227_6326180412931521141_n.jpg","contentUrl":"https:\/\/futbolhoy.co\/wp-content\/uploads\/2018\/08\/17426380_1906371736249227_6326180412931521141_n.jpg","width":960,"height":960,"caption":"Futbolhoy.co"},"image":{"@id":"https:\/\/futbolhoy.co\/#\/schema\/logo\/image\/"},"sameAs":["https:\/\/www.facebook.com\/FutbolHoyCol\/","https:\/\/x.com\/FutbolHoyCol","https:\/\/www.instagram.com\/futbolhoycol\/"]},{"@type":"Person","@id":"https:\/\/futbolhoy.co\/#\/schema\/person\/c4a353a512b127643723a34bb1812f7d","name":"Laura Hern\u00e1ndez","image":{"@type":"ImageObject","inLanguage":"es","@id":"https:\/\/futbolhoy.co\/#\/schema\/person\/image\/","url":"https:\/\/secure.gravatar.com\/avatar\/d25959a15b9b293a743f99181c7cfd01?s=96&d=mm&r=g","contentUrl":"https:\/\/secure.gravatar.com\/avatar\/d25959a15b9b293a743f99181c7cfd01?s=96&d=mm&r=g","caption":"Laura Hern\u00e1ndez"}}]}},"publishpress_future_action":{"enabled":false,"date":"2026-05-05 11:10:48","action":"change-status","newStatus":"draft","terms":[],"taxonomy":"category","extraData":[]},"publishpress_future_workflow_manual_trigger":{"enabledWorkflows":[]},"_links":{"self":[{"href":"https:\/\/futbolhoy.co\/index.php\/wp-json\/wp\/v2\/posts\/77456","targetHints":{"allow":["GET"]}}],"collection":[{"href":"https:\/\/futbolhoy.co\/index.php\/wp-json\/wp\/v2\/posts"}],"about":[{"href":"https:\/\/futbolhoy.co\/index.php\/wp-json\/wp\/v2\/types\/post"}],"author":[{"embeddable":true,"href":"https:\/\/futbolhoy.co\/index.php\/wp-json\/wp\/v2\/users\/5"}],"replies":[{"embeddable":true,"href":"https:\/\/futbolhoy.co\/index.php\/wp-json\/wp\/v2\/comments?post=77456"}],"version-history":[{"count":1,"href":"https:\/\/futbolhoy.co\/index.php\/wp-json\/wp\/v2\/posts\/77456\/revisions"}],"predecessor-version":[{"id":77461,"href":"https:\/\/futbolhoy.co\/index.php\/wp-json\/wp\/v2\/posts\/77456\/revisions\/77461"}],"wp:featuredmedia":[{"embeddable":true,"href":"https:\/\/futbolhoy.co\/index.php\/wp-json\/wp\/v2\/media\/77460"}],"wp:attachment":[{"href":"https:\/\/futbolhoy.co\/index.php\/wp-json\/wp\/v2\/media?parent=77456"}],"wp:term":[{"taxonomy":"category","embeddable":true,"href":"https:\/\/futbolhoy.co\/index.php\/wp-json\/wp\/v2\/categories?post=77456"},{"taxonomy":"post_tag","embeddable":true,"href":"https:\/\/futbolhoy.co\/index.php\/wp-json\/wp\/v2\/tags?post=77456"}],"curies":[{"name":"wp","href":"https:\/\/api.w.org\/{rel}","templated":true}]}}