{"id":77481,"date":"2022-03-20T08:28:12","date_gmt":"2022-03-20T13:28:12","guid":{"rendered":"https:\/\/futbolhoy.co\/?p=77481"},"modified":"2022-03-20T13:00:29","modified_gmt":"2022-03-20T18:00:29","slug":"las-puertas-estan-abiertas-para-messi-xavi","status":"publish","type":"post","link":"https:\/\/futbolhoy.co\/index.php\/2022\/03\/20\/las-puertas-estan-abiertas-para-messi-xavi\/","title":{"rendered":"Las puertas est\u00e1n abiertas para Messi: Xavi"},"content":{"rendered":"<!--[if lt IE 9]><script>document.createElement('audio');<\/script><![endif]-->\n<audio class=\"wp-audio-shortcode\" id=\"audio-77481-1\" preload=\"none\" style=\"width: 100%;\" controls=\"controls\"><source type=\"audio\/mpeg\" src=\"https:\/\/futbolhoy.co\/wp-content\/uploads\/2022\/03\/FH-XAVI2022-03-20.mp3?_=1\" \/><a href=\"https:\/\/futbolhoy.co\/wp-content\/uploads\/2022\/03\/FH-XAVI2022-03-20.mp3\">https:\/\/futbolhoy.co\/wp-content\/uploads\/2022\/03\/FH-XAVI2022-03-20.mp3<\/a><\/audio>\n<p><span style=\"font-size: 10pt; font-family: helvetica, arial, sans-serif;\"><strong><em>Xavi Hern\u00e1ndez- DT Barcelona<\/em><\/strong><\/span><\/p>\n<p style=\"text-align: justify;\"><span style=\"font-family: helvetica, arial, sans-serif;\">El t\u00e9cnico del <strong>Barcelona, Xavi Hern\u00e1ndez<\/strong>, dej\u00f3 en el aire un eventual retorno de <strong>Lionel Messi<\/strong> al equipo catal\u00e1n, sin aclarar las versiones que han surgido en la \u00faltima semana en Espa\u00f1a.<\/span><\/p>\n<p style=\"text-align: justify;\"><span style=\"font-family: helvetica, arial, sans-serif;\">\u201cLas puertas est\u00e1n abiertas (\u2026) Es el mejor jugador de la historia y evidentemente de la historia del club, se ha ganado el derecho de ver las puertas del club abiertas\u201d, sostuvo el entrenador, previo al cl\u00e1sico frente al <strong>Real Madrid<\/strong>.<\/span><\/p>\n<p style=\"text-align: justify;\"><span style=\"font-family: helvetica, arial, sans-serif;\">\u201cLo que nos ha dado, no tiene precio. Creo que como club le debemos un homenaje grande, porque se lo merece. A partir de ah\u00ed, \u00e9l tiene contrato con el Par\u00eds Saint Germain. Pero puede venir cada d\u00eda a ver el entrenamiento o hablar con el entrenador, las puertas las tiene abiertas\u201d, reiter\u00f3 Xavi.<\/span><\/p>\n<p style=\"text-align: justify;\"><span style=\"font-family: helvetica, arial, sans-serif;\">En la jornada del s\u00e1bado, los principales medios catalanes titularon: \u201c\u00a1Xavi abre la puerta al regreso de Messi al Bar\u00e7a!\u201d, escribi\u00f3 \u2018Sport\u2019, mientras que \u2018Mundo Deportivo\u2019 fue m\u00e1s conservador: \u201cMessi tiene las puertas del Bar\u00e7a abiertas\u201d<\/span><\/p>\n<p style=\"text-align: justify;\"><span style=\"font-family: helvetica, arial, sans-serif;\"><strong>Javier Tebas<\/strong>, presidente de <strong>LaLiga,<\/strong> fue quien lanz\u00f3 la hip\u00f3tesis de un regreso de <strong>Messi<\/strong> en entrevista con ESP.<\/span><\/p>\n<p style=\"text-align: justify;\"><span style=\"font-family: helvetica, arial, sans-serif;\">\u201cEl matrimonio entre Messi y el FC Barcelona fue perfecto y creo que una reconciliaci\u00f3n generar\u00eda importantes sinergias econ\u00f3micas para las dos partes. Ser\u00eda muy bueno a nivel econ\u00f3mico\u201d, sostuvo el directivo.<\/span><\/p>\n","protected":false},"excerpt":{"rendered":"<p>Xavi Hern\u00e1ndez- DT Barcelona El t\u00e9cnico del Barcelona, Xavi Hern\u00e1ndez, dej\u00f3 en el aire un eventual retorno de Lionel Messi al equipo catal\u00e1n, sin aclarar las versiones que han surgido en la \u00faltima semana en Espa\u00f1a. \u201cLas puertas est\u00e1n abiertas (\u2026) Es el mejor jugador de la historia y evidentemente de la historia del club, [&hellip;]<\/p>\n","protected":false},"author":5,"featured_media":77484,"comment_status":"open","ping_status":"open","sticky":false,"template":"","format":"video","meta":{"_acf_changed":false,"footnotes":""},"categories":[152],"tags":[],"class_list":{"0":"post-77481","1":"post","2":"type-post","3":"status-publish","4":"format-video","5":"has-post-thumbnail","7":"category-mundo-futbol","8":"post_format-post-format-video"},"acf":[],"yoast_head":"<!-- This site is optimized with the Yoast SEO plugin v26.8 - https:\/\/yoast.com\/product\/yoast-seo-wordpress\/ -->\n<title>Las puertas est\u00e1n abiertas para Messi: Xavi -<\/title>\n<meta name=\"robots\" content=\"index, follow, max-snippet:-1, max-image-preview:large, max-video-preview:-1\" \/>\n<link rel=\"canonical\" href=\"https:\/\/futbolhoy.co\/index.php\/2022\/03\/20\/las-puertas-estan-abiertas-para-messi-xavi\/\" \/>\n<meta property=\"og:locale\" content=\"es_ES\" \/>\n<meta property=\"og:type\" content=\"article\" \/>\n<meta property=\"og:title\" content=\"Las puertas est\u00e1n abiertas para Messi: Xavi -\" \/>\n<meta property=\"og:description\" content=\"Xavi Hern\u00e1ndez- DT Barcelona El t\u00e9cnico del Barcelona, Xavi Hern\u00e1ndez, dej\u00f3 en el aire un eventual retorno de Lionel Messi al equipo catal\u00e1n, sin aclarar las versiones que han surgido en la \u00faltima semana en Espa\u00f1a. \u201cLas puertas est\u00e1n abiertas (\u2026) Es el mejor jugador de la historia y evidentemente de la historia del club, [&hellip;]\" \/>\n<meta property=\"og:url\" content=\"https:\/\/futbolhoy.co\/index.php\/2022\/03\/20\/las-puertas-estan-abiertas-para-messi-xavi\/\" \/>\n<meta property=\"article:publisher\" content=\"https:\/\/www.facebook.com\/FutbolHoyCol\/\" \/>\n<meta property=\"article:published_time\" content=\"2022-03-20T13:28:12+00:00\" \/>\n<meta property=\"article:modified_time\" content=\"2022-03-20T18:00:29+00:00\" \/>\n<meta property=\"og:image\" content=\"https:\/\/futbolhoy.co\/wp-content\/uploads\/2022\/03\/20220320_082746.jpg\" \/>\n\t<meta property=\"og:image:width\" content=\"2400\" \/>\n\t<meta property=\"og:image:height\" content=\"1500\" \/>\n\t<meta property=\"og:image:type\" content=\"image\/jpeg\" \/>\n<meta name=\"author\" content=\"Laura Hern\u00e1ndez\" \/>\n<meta name=\"twitter:card\" content=\"summary_large_image\" \/>\n<meta name=\"twitter:creator\" content=\"@FutbolHoyCol\" \/>\n<meta name=\"twitter:site\" content=\"@FutbolHoyCol\" \/>\n<meta name=\"twitter:label1\" content=\"Escrito por\" \/>\n\t<meta name=\"twitter:data1\" content=\"Laura Hern\u00e1ndez\" \/>\n\t<meta name=\"twitter:label2\" content=\"Tiempo de lectura\" \/>\n\t<meta name=\"twitter:data2\" content=\"1 minuto\" \/>\n<script type=\"application\/ld+json\" class=\"yoast-schema-graph\">{\"@context\":\"https:\/\/schema.org\",\"@graph\":[{\"@type\":\"Article\",\"@id\":\"https:\/\/futbolhoy.co\/index.php\/2022\/03\/20\/las-puertas-estan-abiertas-para-messi-xavi\/#article\",\"isPartOf\":{\"@id\":\"https:\/\/futbolhoy.co\/index.php\/2022\/03\/20\/las-puertas-estan-abiertas-para-messi-xavi\/\"},\"author\":{\"name\":\"Laura Hern\u00e1ndez\",\"@id\":\"https:\/\/futbolhoy.co\/#\/schema\/person\/c4a353a512b127643723a34bb1812f7d\"},\"headline\":\"Las puertas est\u00e1n abiertas para Messi: Xavi\",\"datePublished\":\"2022-03-20T13:28:12+00:00\",\"dateModified\":\"2022-03-20T18:00:29+00:00\",\"mainEntityOfPage\":{\"@id\":\"https:\/\/futbolhoy.co\/index.php\/2022\/03\/20\/las-puertas-estan-abiertas-para-messi-xavi\/\"},\"wordCount\":256,\"commentCount\":0,\"publisher\":{\"@id\":\"https:\/\/futbolhoy.co\/#organization\"},\"image\":{\"@id\":\"https:\/\/futbolhoy.co\/index.php\/2022\/03\/20\/las-puertas-estan-abiertas-para-messi-xavi\/#primaryimage\"},\"thumbnailUrl\":\"https:\/\/futbolhoy.co\/wp-content\/uploads\/2022\/03\/20220320_082746.jpg\",\"articleSection\":[\"Mundo Futbol\"],\"inLanguage\":\"es\",\"potentialAction\":[{\"@type\":\"CommentAction\",\"name\":\"Comment\",\"target\":[\"https:\/\/futbolhoy.co\/index.php\/2022\/03\/20\/las-puertas-estan-abiertas-para-messi-xavi\/#respond\"]}]},{\"@type\":\"WebPage\",\"@id\":\"https:\/\/futbolhoy.co\/index.php\/2022\/03\/20\/las-puertas-estan-abiertas-para-messi-xavi\/\",\"url\":\"https:\/\/futbolhoy.co\/index.php\/2022\/03\/20\/las-puertas-estan-abiertas-para-messi-xavi\/\",\"name\":\"Las puertas est\u00e1n abiertas para Messi: Xavi -\",\"isPartOf\":{\"@id\":\"https:\/\/futbolhoy.co\/#website\"},\"primaryImageOfPage\":{\"@id\":\"https:\/\/futbolhoy.co\/index.php\/2022\/03\/20\/las-puertas-estan-abiertas-para-messi-xavi\/#primaryimage\"},\"image\":{\"@id\":\"https:\/\/futbolhoy.co\/index.php\/2022\/03\/20\/las-puertas-estan-abiertas-para-messi-xavi\/#primaryimage\"},\"thumbnailUrl\":\"https:\/\/futbolhoy.co\/wp-content\/uploads\/2022\/03\/20220320_082746.jpg\",\"datePublished\":\"2022-03-20T13:28:12+00:00\",\"dateModified\":\"2022-03-20T18:00:29+00:00\",\"breadcrumb\":{\"@id\":\"https:\/\/futbolhoy.co\/index.php\/2022\/03\/20\/las-puertas-estan-abiertas-para-messi-xavi\/#breadcrumb\"},\"inLanguage\":\"es\",\"potentialAction\":[{\"@type\":\"ReadAction\",\"target\":[\"https:\/\/futbolhoy.co\/index.php\/2022\/03\/20\/las-puertas-estan-abiertas-para-messi-xavi\/\"]}]},{\"@type\":\"ImageObject\",\"inLanguage\":\"es\",\"@id\":\"https:\/\/futbolhoy.co\/index.php\/2022\/03\/20\/las-puertas-estan-abiertas-para-messi-xavi\/#primaryimage\",\"url\":\"https:\/\/futbolhoy.co\/wp-content\/uploads\/2022\/03\/20220320_082746.jpg\",\"contentUrl\":\"https:\/\/futbolhoy.co\/wp-content\/uploads\/2022\/03\/20220320_082746.jpg\",\"width\":2400,\"height\":1500},{\"@type\":\"BreadcrumbList\",\"@id\":\"https:\/\/futbolhoy.co\/index.php\/2022\/03\/20\/las-puertas-estan-abiertas-para-messi-xavi\/#breadcrumb\",\"itemListElement\":[{\"@type\":\"ListItem\",\"position\":1,\"name\":\"Portada\",\"item\":\"https:\/\/futbolhoy.co\/\"},{\"@type\":\"ListItem\",\"position\":2,\"name\":\"Las puertas est\u00e1n abiertas para Messi: Xavi\"}]},{\"@type\":\"WebSite\",\"@id\":\"https:\/\/futbolhoy.co\/#website\",\"url\":\"https:\/\/futbolhoy.co\/\",\"name\":\"FutbolHoy\",\"description\":\"\",\"publisher\":{\"@id\":\"https:\/\/futbolhoy.co\/#organization\"},\"potentialAction\":[{\"@type\":\"SearchAction\",\"target\":{\"@type\":\"EntryPoint\",\"urlTemplate\":\"https:\/\/futbolhoy.co\/?s={search_term_string}\"},\"query-input\":{\"@type\":\"PropertyValueSpecification\",\"valueRequired\":true,\"valueName\":\"search_term_string\"}}],\"inLanguage\":\"es\"},{\"@type\":\"Organization\",\"@id\":\"https:\/\/futbolhoy.co\/#organization\",\"name\":\"Futbolhoy.co\",\"url\":\"https:\/\/futbolhoy.co\/\",\"logo\":{\"@type\":\"ImageObject\",\"inLanguage\":\"es\",\"@id\":\"https:\/\/futbolhoy.co\/#\/schema\/logo\/image\/\",\"url\":\"https:\/\/futbolhoy.co\/wp-content\/uploads\/2018\/08\/17426380_1906371736249227_6326180412931521141_n.jpg\",\"contentUrl\":\"https:\/\/futbolhoy.co\/wp-content\/uploads\/2018\/08\/17426380_1906371736249227_6326180412931521141_n.jpg\",\"width\":960,\"height\":960,\"caption\":\"Futbolhoy.co\"},\"image\":{\"@id\":\"https:\/\/futbolhoy.co\/#\/schema\/logo\/image\/\"},\"sameAs\":[\"https:\/\/www.facebook.com\/FutbolHoyCol\/\",\"https:\/\/x.com\/FutbolHoyCol\",\"https:\/\/www.instagram.com\/futbolhoycol\/\"]},{\"@type\":\"Person\",\"@id\":\"https:\/\/futbolhoy.co\/#\/schema\/person\/c4a353a512b127643723a34bb1812f7d\",\"name\":\"Laura Hern\u00e1ndez\",\"image\":{\"@type\":\"ImageObject\",\"inLanguage\":\"es\",\"@id\":\"https:\/\/futbolhoy.co\/#\/schema\/person\/image\/\",\"url\":\"https:\/\/secure.gravatar.com\/avatar\/d25959a15b9b293a743f99181c7cfd01?s=96&d=mm&r=g\",\"contentUrl\":\"https:\/\/secure.gravatar.com\/avatar\/d25959a15b9b293a743f99181c7cfd01?s=96&d=mm&r=g\",\"caption\":\"Laura Hern\u00e1ndez\"}}]}<\/script>\n<!-- \/ Yoast SEO plugin. -->","yoast_head_json":{"title":"Las puertas est\u00e1n abiertas para Messi: Xavi -","robots":{"index":"index","follow":"follow","max-snippet":"max-snippet:-1","max-image-preview":"max-image-preview:large","max-video-preview":"max-video-preview:-1"},"canonical":"https:\/\/futbolhoy.co\/index.php\/2022\/03\/20\/las-puertas-estan-abiertas-para-messi-xavi\/","og_locale":"es_ES","og_type":"article","og_title":"Las puertas est\u00e1n abiertas para Messi: Xavi -","og_description":"Xavi Hern\u00e1ndez- DT Barcelona El t\u00e9cnico del Barcelona, Xavi Hern\u00e1ndez, dej\u00f3 en el aire un eventual retorno de Lionel Messi al equipo catal\u00e1n, sin aclarar las versiones que han surgido en la \u00faltima semana en Espa\u00f1a. \u201cLas puertas est\u00e1n abiertas (\u2026) Es el mejor jugador de la historia y evidentemente de la historia del club, [&hellip;]","og_url":"https:\/\/futbolhoy.co\/index.php\/2022\/03\/20\/las-puertas-estan-abiertas-para-messi-xavi\/","article_publisher":"https:\/\/www.facebook.com\/FutbolHoyCol\/","article_published_time":"2022-03-20T13:28:12+00:00","article_modified_time":"2022-03-20T18:00:29+00:00","og_image":[{"width":2400,"height":1500,"url":"https:\/\/futbolhoy.co\/wp-content\/uploads\/2022\/03\/20220320_082746.jpg","type":"image\/jpeg"}],"author":"Laura Hern\u00e1ndez","twitter_card":"summary_large_image","twitter_creator":"@FutbolHoyCol","twitter_site":"@FutbolHoyCol","twitter_misc":{"Escrito por":"Laura Hern\u00e1ndez","Tiempo de lectura":"1 minuto"},"schema":{"@context":"https:\/\/schema.org","@graph":[{"@type":"Article","@id":"https:\/\/futbolhoy.co\/index.php\/2022\/03\/20\/las-puertas-estan-abiertas-para-messi-xavi\/#article","isPartOf":{"@id":"https:\/\/futbolhoy.co\/index.php\/2022\/03\/20\/las-puertas-estan-abiertas-para-messi-xavi\/"},"author":{"name":"Laura Hern\u00e1ndez","@id":"https:\/\/futbolhoy.co\/#\/schema\/person\/c4a353a512b127643723a34bb1812f7d"},"headline":"Las puertas est\u00e1n abiertas para Messi: Xavi","datePublished":"2022-03-20T13:28:12+00:00","dateModified":"2022-03-20T18:00:29+00:00","mainEntityOfPage":{"@id":"https:\/\/futbolhoy.co\/index.php\/2022\/03\/20\/las-puertas-estan-abiertas-para-messi-xavi\/"},"wordCount":256,"commentCount":0,"publisher":{"@id":"https:\/\/futbolhoy.co\/#organization"},"image":{"@id":"https:\/\/futbolhoy.co\/index.php\/2022\/03\/20\/las-puertas-estan-abiertas-para-messi-xavi\/#primaryimage"},"thumbnailUrl":"https:\/\/futbolhoy.co\/wp-content\/uploads\/2022\/03\/20220320_082746.jpg","articleSection":["Mundo Futbol"],"inLanguage":"es","potentialAction":[{"@type":"CommentAction","name":"Comment","target":["https:\/\/futbolhoy.co\/index.php\/2022\/03\/20\/las-puertas-estan-abiertas-para-messi-xavi\/#respond"]}]},{"@type":"WebPage","@id":"https:\/\/futbolhoy.co\/index.php\/2022\/03\/20\/las-puertas-estan-abiertas-para-messi-xavi\/","url":"https:\/\/futbolhoy.co\/index.php\/2022\/03\/20\/las-puertas-estan-abiertas-para-messi-xavi\/","name":"Las puertas est\u00e1n abiertas para Messi: Xavi -","isPartOf":{"@id":"https:\/\/futbolhoy.co\/#website"},"primaryImageOfPage":{"@id":"https:\/\/futbolhoy.co\/index.php\/2022\/03\/20\/las-puertas-estan-abiertas-para-messi-xavi\/#primaryimage"},"image":{"@id":"https:\/\/futbolhoy.co\/index.php\/2022\/03\/20\/las-puertas-estan-abiertas-para-messi-xavi\/#primaryimage"},"thumbnailUrl":"https:\/\/futbolhoy.co\/wp-content\/uploads\/2022\/03\/20220320_082746.jpg","datePublished":"2022-03-20T13:28:12+00:00","dateModified":"2022-03-20T18:00:29+00:00","breadcrumb":{"@id":"https:\/\/futbolhoy.co\/index.php\/2022\/03\/20\/las-puertas-estan-abiertas-para-messi-xavi\/#breadcrumb"},"inLanguage":"es","potentialAction":[{"@type":"ReadAction","target":["https:\/\/futbolhoy.co\/index.php\/2022\/03\/20\/las-puertas-estan-abiertas-para-messi-xavi\/"]}]},{"@type":"ImageObject","inLanguage":"es","@id":"https:\/\/futbolhoy.co\/index.php\/2022\/03\/20\/las-puertas-estan-abiertas-para-messi-xavi\/#primaryimage","url":"https:\/\/futbolhoy.co\/wp-content\/uploads\/2022\/03\/20220320_082746.jpg","contentUrl":"https:\/\/futbolhoy.co\/wp-content\/uploads\/2022\/03\/20220320_082746.jpg","width":2400,"height":1500},{"@type":"BreadcrumbList","@id":"https:\/\/futbolhoy.co\/index.php\/2022\/03\/20\/las-puertas-estan-abiertas-para-messi-xavi\/#breadcrumb","itemListElement":[{"@type":"ListItem","position":1,"name":"Portada","item":"https:\/\/futbolhoy.co\/"},{"@type":"ListItem","position":2,"name":"Las puertas est\u00e1n abiertas para Messi: Xavi"}]},{"@type":"WebSite","@id":"https:\/\/futbolhoy.co\/#website","url":"https:\/\/futbolhoy.co\/","name":"FutbolHoy","description":"","publisher":{"@id":"https:\/\/futbolhoy.co\/#organization"},"potentialAction":[{"@type":"SearchAction","target":{"@type":"EntryPoint","urlTemplate":"https:\/\/futbolhoy.co\/?s={search_term_string}"},"query-input":{"@type":"PropertyValueSpecification","valueRequired":true,"valueName":"search_term_string"}}],"inLanguage":"es"},{"@type":"Organization","@id":"https:\/\/futbolhoy.co\/#organization","name":"Futbolhoy.co","url":"https:\/\/futbolhoy.co\/","logo":{"@type":"ImageObject","inLanguage":"es","@id":"https:\/\/futbolhoy.co\/#\/schema\/logo\/image\/","url":"https:\/\/futbolhoy.co\/wp-content\/uploads\/2018\/08\/17426380_1906371736249227_6326180412931521141_n.jpg","contentUrl":"https:\/\/futbolhoy.co\/wp-content\/uploads\/2018\/08\/17426380_1906371736249227_6326180412931521141_n.jpg","width":960,"height":960,"caption":"Futbolhoy.co"},"image":{"@id":"https:\/\/futbolhoy.co\/#\/schema\/logo\/image\/"},"sameAs":["https:\/\/www.facebook.com\/FutbolHoyCol\/","https:\/\/x.com\/FutbolHoyCol","https:\/\/www.instagram.com\/futbolhoycol\/"]},{"@type":"Person","@id":"https:\/\/futbolhoy.co\/#\/schema\/person\/c4a353a512b127643723a34bb1812f7d","name":"Laura Hern\u00e1ndez","image":{"@type":"ImageObject","inLanguage":"es","@id":"https:\/\/futbolhoy.co\/#\/schema\/person\/image\/","url":"https:\/\/secure.gravatar.com\/avatar\/d25959a15b9b293a743f99181c7cfd01?s=96&d=mm&r=g","contentUrl":"https:\/\/secure.gravatar.com\/avatar\/d25959a15b9b293a743f99181c7cfd01?s=96&d=mm&r=g","caption":"Laura Hern\u00e1ndez"}}]}},"publishpress_future_action":{"enabled":false,"date":"2026-05-05 14:32:51","action":"change-status","newStatus":"draft","terms":[],"taxonomy":"category","extraData":[]},"publishpress_future_workflow_manual_trigger":{"enabledWorkflows":[]},"_links":{"self":[{"href":"https:\/\/futbolhoy.co\/index.php\/wp-json\/wp\/v2\/posts\/77481","targetHints":{"allow":["GET"]}}],"collection":[{"href":"https:\/\/futbolhoy.co\/index.php\/wp-json\/wp\/v2\/posts"}],"about":[{"href":"https:\/\/futbolhoy.co\/index.php\/wp-json\/wp\/v2\/types\/post"}],"author":[{"embeddable":true,"href":"https:\/\/futbolhoy.co\/index.php\/wp-json\/wp\/v2\/users\/5"}],"replies":[{"embeddable":true,"href":"https:\/\/futbolhoy.co\/index.php\/wp-json\/wp\/v2\/comments?post=77481"}],"version-history":[{"count":1,"href":"https:\/\/futbolhoy.co\/index.php\/wp-json\/wp\/v2\/posts\/77481\/revisions"}],"predecessor-version":[{"id":77485,"href":"https:\/\/futbolhoy.co\/index.php\/wp-json\/wp\/v2\/posts\/77481\/revisions\/77485"}],"wp:featuredmedia":[{"embeddable":true,"href":"https:\/\/futbolhoy.co\/index.php\/wp-json\/wp\/v2\/media\/77484"}],"wp:attachment":[{"href":"https:\/\/futbolhoy.co\/index.php\/wp-json\/wp\/v2\/media?parent=77481"}],"wp:term":[{"taxonomy":"category","embeddable":true,"href":"https:\/\/futbolhoy.co\/index.php\/wp-json\/wp\/v2\/categories?post=77481"},{"taxonomy":"post_tag","embeddable":true,"href":"https:\/\/futbolhoy.co\/index.php\/wp-json\/wp\/v2\/tags?post=77481"}],"curies":[{"name":"wp","href":"https:\/\/api.w.org\/{rel}","templated":true}]}}