{"id":77607,"date":"2022-03-22T20:08:44","date_gmt":"2022-03-23T01:08:44","guid":{"rendered":"https:\/\/futbolhoy.co\/?p=77607"},"modified":"2022-03-23T14:24:53","modified_gmt":"2022-03-23T19:24:53","slug":"once-caldas-remonto-y-salvo-un-punto","status":"publish","type":"post","link":"https:\/\/futbolhoy.co\/index.php\/2022\/03\/22\/once-caldas-remonto-y-salvo-un-punto\/","title":{"rendered":"Once Caldas remont\u00f3 y salv\u00f3 un punto"},"content":{"rendered":"<div>\n<p style=\"text-align: justify;\"><span style=\"font-family: helvetica, arial, sans-serif;\"><strong>Once Caldas,<\/strong> con doblete de <strong>Ayron<\/strong> del Valle, remont\u00f3 y empat\u00f3 2-2 frente a <strong>Deportes Tolima,<\/strong> en partido por la fecha 12 de la <strong>Liga<\/strong> <strong>BetPlay Dimayor I 2022<\/strong>, disputado en el estadio Palogrande de Manizales.<\/span><\/p>\n<p style=\"text-align: justify;\"><span style=\"font-family: helvetica, arial, sans-serif;\">El equipo de Ibagu\u00e9, con un doblete de <strong>Anderson<\/strong>\u00a0<strong>Plata<\/strong> (19\u2019 y 34), domin\u00f3 en la primera parte. El guajiro abri\u00f3 la cuenta tras un rebote del portero <strong>Gerardo Ortiz,<\/strong> mientras que el segundo lleg\u00f3 despu\u00e9s de una asistencia de <strong>Juan Angulo<\/strong> por zona derecha, luego de eludir a un defensa.<\/span><\/p>\n<p style=\"text-align: justify;\"><span style=\"font-family: helvetica, arial, sans-serif;\">En la segunda mitad, el t\u00e9cnico <strong>Diego Corredor<\/strong> introdujo cuatro variantes que le permitieron a los caldenses equilibrar el juego. <strong>Marcelino Carreazo, Mender Garc\u00eda, Marlon Piedrahita<\/strong> y <strong>Jorge Cardona<\/strong> le dieron otra din\u00e1mica al encuentro.<\/span><\/p>\n<p style=\"text-align: justify;\"><span style=\"font-family: helvetica, arial, sans-serif;\">El descuento lleg\u00f3 en una gran jugada de <strong>Marlon Piedrahita,<\/strong> habilitando a <strong>Del Valle<\/strong> (47\u2019), quien la acomod\u00f3 entre el arquero <strong>William Cuesta<\/strong> y su palo izquierdo.<\/span><\/p>\n<p style=\"text-align: justify;\"><span style=\"font-family: helvetica, arial, sans-serif;\">El empate, a los 77 minutos, lleg\u00f3 desde el punto blanco del penalti, despu\u00e9s de una falta del portero sobre <strong>Carreazo,<\/strong> que confirm\u00f3 el VAR y ejecut\u00f3 el mismo <strong>Del Valle.<\/strong><\/span><\/p>\n<p style=\"text-align: justify;\"><span style=\"font-family: helvetica, arial, sans-serif;\">En la pr\u00f3xima fecha, <strong>Tolima<\/strong> recibir\u00e1 a <strong>Am\u00e9rica<\/strong> y <strong>Once Caldas<\/strong> visitar\u00e1 a <strong>Envigado.<\/strong><\/span><\/p>\n<\/div>\n","protected":false},"excerpt":{"rendered":"<p>Once Caldas, con doblete de Ayron del Valle, remont\u00f3 y empat\u00f3 2-2 frente a Deportes Tolima, en partido por la fecha 12 de la Liga BetPlay Dimayor I 2022, disputado en el estadio Palogrande de Manizales. El equipo de Ibagu\u00e9, con un doblete de Anderson\u00a0Plata (19\u2019 y 34), domin\u00f3 en la primera parte. El guajiro [&hellip;]<\/p>\n","protected":false},"author":5,"featured_media":77608,"comment_status":"open","ping_status":"open","sticky":false,"template":"","format":"standard","meta":{"_acf_changed":false,"footnotes":""},"categories":[7],"tags":[1737,232],"class_list":{"0":"post-77607","1":"post","2":"type-post","3":"status-publish","4":"format-standard","5":"has-post-thumbnail","7":"category-liga-betplay","8":"tag-liga-betplay","9":"tag-once-caldas"},"acf":[],"yoast_head":"<!-- This site is optimized with the Yoast SEO plugin v26.8 - https:\/\/yoast.com\/product\/yoast-seo-wordpress\/ -->\n<title>Once Caldas remont\u00f3 y salv\u00f3 un punto -<\/title>\n<meta name=\"robots\" content=\"index, follow, max-snippet:-1, max-image-preview:large, max-video-preview:-1\" \/>\n<link rel=\"canonical\" href=\"https:\/\/futbolhoy.co\/index.php\/2022\/03\/22\/once-caldas-remonto-y-salvo-un-punto\/\" \/>\n<meta property=\"og:locale\" content=\"es_ES\" \/>\n<meta property=\"og:type\" content=\"article\" \/>\n<meta property=\"og:title\" content=\"Once Caldas remont\u00f3 y salv\u00f3 un punto -\" \/>\n<meta property=\"og:description\" content=\"Once Caldas, con doblete de Ayron del Valle, remont\u00f3 y empat\u00f3 2-2 frente a Deportes Tolima, en partido por la fecha 12 de la Liga BetPlay Dimayor I 2022, disputado en el estadio Palogrande de Manizales. El equipo de Ibagu\u00e9, con un doblete de Anderson\u00a0Plata (19\u2019 y 34), domin\u00f3 en la primera parte. El guajiro [&hellip;]\" \/>\n<meta property=\"og:url\" content=\"https:\/\/futbolhoy.co\/index.php\/2022\/03\/22\/once-caldas-remonto-y-salvo-un-punto\/\" \/>\n<meta property=\"article:publisher\" content=\"https:\/\/www.facebook.com\/FutbolHoyCol\/\" \/>\n<meta property=\"article:published_time\" content=\"2022-03-23T01:08:44+00:00\" \/>\n<meta property=\"article:modified_time\" content=\"2022-03-23T19:24:53+00:00\" \/>\n<meta property=\"og:image\" content=\"https:\/\/futbolhoy.co\/wp-content\/uploads\/2022\/03\/iwPHPFHs.jpeg\" \/>\n\t<meta property=\"og:image:width\" content=\"2400\" \/>\n\t<meta property=\"og:image:height\" content=\"1602\" \/>\n\t<meta property=\"og:image:type\" content=\"image\/jpeg\" \/>\n<meta name=\"author\" content=\"Laura Hern\u00e1ndez\" \/>\n<meta name=\"twitter:card\" content=\"summary_large_image\" \/>\n<meta name=\"twitter:creator\" content=\"@FutbolHoyCol\" \/>\n<meta name=\"twitter:site\" content=\"@FutbolHoyCol\" \/>\n<meta name=\"twitter:label1\" content=\"Escrito por\" \/>\n\t<meta name=\"twitter:data1\" content=\"Laura Hern\u00e1ndez\" \/>\n\t<meta name=\"twitter:label2\" content=\"Tiempo de lectura\" \/>\n\t<meta name=\"twitter:data2\" content=\"1 minuto\" \/>\n<script type=\"application\/ld+json\" class=\"yoast-schema-graph\">{\"@context\":\"https:\/\/schema.org\",\"@graph\":[{\"@type\":\"Article\",\"@id\":\"https:\/\/futbolhoy.co\/index.php\/2022\/03\/22\/once-caldas-remonto-y-salvo-un-punto\/#article\",\"isPartOf\":{\"@id\":\"https:\/\/futbolhoy.co\/index.php\/2022\/03\/22\/once-caldas-remonto-y-salvo-un-punto\/\"},\"author\":{\"name\":\"Laura Hern\u00e1ndez\",\"@id\":\"https:\/\/futbolhoy.co\/#\/schema\/person\/c4a353a512b127643723a34bb1812f7d\"},\"headline\":\"Once Caldas remont\u00f3 y salv\u00f3 un punto\",\"datePublished\":\"2022-03-23T01:08:44+00:00\",\"dateModified\":\"2022-03-23T19:24:53+00:00\",\"mainEntityOfPage\":{\"@id\":\"https:\/\/futbolhoy.co\/index.php\/2022\/03\/22\/once-caldas-remonto-y-salvo-un-punto\/\"},\"wordCount\":202,\"commentCount\":0,\"publisher\":{\"@id\":\"https:\/\/futbolhoy.co\/#organization\"},\"image\":{\"@id\":\"https:\/\/futbolhoy.co\/index.php\/2022\/03\/22\/once-caldas-remonto-y-salvo-un-punto\/#primaryimage\"},\"thumbnailUrl\":\"https:\/\/futbolhoy.co\/wp-content\/uploads\/2022\/03\/iwPHPFHs.jpeg\",\"keywords\":[\"Liga Betplay\",\"once caldas\"],\"articleSection\":[\"Liga BetPlay\"],\"inLanguage\":\"es\",\"potentialAction\":[{\"@type\":\"CommentAction\",\"name\":\"Comment\",\"target\":[\"https:\/\/futbolhoy.co\/index.php\/2022\/03\/22\/once-caldas-remonto-y-salvo-un-punto\/#respond\"]}]},{\"@type\":\"WebPage\",\"@id\":\"https:\/\/futbolhoy.co\/index.php\/2022\/03\/22\/once-caldas-remonto-y-salvo-un-punto\/\",\"url\":\"https:\/\/futbolhoy.co\/index.php\/2022\/03\/22\/once-caldas-remonto-y-salvo-un-punto\/\",\"name\":\"Once Caldas remont\u00f3 y salv\u00f3 un punto -\",\"isPartOf\":{\"@id\":\"https:\/\/futbolhoy.co\/#website\"},\"primaryImageOfPage\":{\"@id\":\"https:\/\/futbolhoy.co\/index.php\/2022\/03\/22\/once-caldas-remonto-y-salvo-un-punto\/#primaryimage\"},\"image\":{\"@id\":\"https:\/\/futbolhoy.co\/index.php\/2022\/03\/22\/once-caldas-remonto-y-salvo-un-punto\/#primaryimage\"},\"thumbnailUrl\":\"https:\/\/futbolhoy.co\/wp-content\/uploads\/2022\/03\/iwPHPFHs.jpeg\",\"datePublished\":\"2022-03-23T01:08:44+00:00\",\"dateModified\":\"2022-03-23T19:24:53+00:00\",\"breadcrumb\":{\"@id\":\"https:\/\/futbolhoy.co\/index.php\/2022\/03\/22\/once-caldas-remonto-y-salvo-un-punto\/#breadcrumb\"},\"inLanguage\":\"es\",\"potentialAction\":[{\"@type\":\"ReadAction\",\"target\":[\"https:\/\/futbolhoy.co\/index.php\/2022\/03\/22\/once-caldas-remonto-y-salvo-un-punto\/\"]}]},{\"@type\":\"ImageObject\",\"inLanguage\":\"es\",\"@id\":\"https:\/\/futbolhoy.co\/index.php\/2022\/03\/22\/once-caldas-remonto-y-salvo-un-punto\/#primaryimage\",\"url\":\"https:\/\/futbolhoy.co\/wp-content\/uploads\/2022\/03\/iwPHPFHs.jpeg\",\"contentUrl\":\"https:\/\/futbolhoy.co\/wp-content\/uploads\/2022\/03\/iwPHPFHs.jpeg\",\"width\":2400,\"height\":1602},{\"@type\":\"BreadcrumbList\",\"@id\":\"https:\/\/futbolhoy.co\/index.php\/2022\/03\/22\/once-caldas-remonto-y-salvo-un-punto\/#breadcrumb\",\"itemListElement\":[{\"@type\":\"ListItem\",\"position\":1,\"name\":\"Portada\",\"item\":\"https:\/\/futbolhoy.co\/\"},{\"@type\":\"ListItem\",\"position\":2,\"name\":\"Once Caldas remont\u00f3 y salv\u00f3 un punto\"}]},{\"@type\":\"WebSite\",\"@id\":\"https:\/\/futbolhoy.co\/#website\",\"url\":\"https:\/\/futbolhoy.co\/\",\"name\":\"FutbolHoy\",\"description\":\"\",\"publisher\":{\"@id\":\"https:\/\/futbolhoy.co\/#organization\"},\"potentialAction\":[{\"@type\":\"SearchAction\",\"target\":{\"@type\":\"EntryPoint\",\"urlTemplate\":\"https:\/\/futbolhoy.co\/?s={search_term_string}\"},\"query-input\":{\"@type\":\"PropertyValueSpecification\",\"valueRequired\":true,\"valueName\":\"search_term_string\"}}],\"inLanguage\":\"es\"},{\"@type\":\"Organization\",\"@id\":\"https:\/\/futbolhoy.co\/#organization\",\"name\":\"Futbolhoy.co\",\"url\":\"https:\/\/futbolhoy.co\/\",\"logo\":{\"@type\":\"ImageObject\",\"inLanguage\":\"es\",\"@id\":\"https:\/\/futbolhoy.co\/#\/schema\/logo\/image\/\",\"url\":\"https:\/\/futbolhoy.co\/wp-content\/uploads\/2018\/08\/17426380_1906371736249227_6326180412931521141_n.jpg\",\"contentUrl\":\"https:\/\/futbolhoy.co\/wp-content\/uploads\/2018\/08\/17426380_1906371736249227_6326180412931521141_n.jpg\",\"width\":960,\"height\":960,\"caption\":\"Futbolhoy.co\"},\"image\":{\"@id\":\"https:\/\/futbolhoy.co\/#\/schema\/logo\/image\/\"},\"sameAs\":[\"https:\/\/www.facebook.com\/FutbolHoyCol\/\",\"https:\/\/x.com\/FutbolHoyCol\",\"https:\/\/www.instagram.com\/futbolhoycol\/\"]},{\"@type\":\"Person\",\"@id\":\"https:\/\/futbolhoy.co\/#\/schema\/person\/c4a353a512b127643723a34bb1812f7d\",\"name\":\"Laura Hern\u00e1ndez\",\"image\":{\"@type\":\"ImageObject\",\"inLanguage\":\"es\",\"@id\":\"https:\/\/futbolhoy.co\/#\/schema\/person\/image\/\",\"url\":\"https:\/\/secure.gravatar.com\/avatar\/d25959a15b9b293a743f99181c7cfd01?s=96&d=mm&r=g\",\"contentUrl\":\"https:\/\/secure.gravatar.com\/avatar\/d25959a15b9b293a743f99181c7cfd01?s=96&d=mm&r=g\",\"caption\":\"Laura Hern\u00e1ndez\"}}]}<\/script>\n<!-- \/ Yoast SEO plugin. -->","yoast_head_json":{"title":"Once Caldas remont\u00f3 y salv\u00f3 un punto -","robots":{"index":"index","follow":"follow","max-snippet":"max-snippet:-1","max-image-preview":"max-image-preview:large","max-video-preview":"max-video-preview:-1"},"canonical":"https:\/\/futbolhoy.co\/index.php\/2022\/03\/22\/once-caldas-remonto-y-salvo-un-punto\/","og_locale":"es_ES","og_type":"article","og_title":"Once Caldas remont\u00f3 y salv\u00f3 un punto -","og_description":"Once Caldas, con doblete de Ayron del Valle, remont\u00f3 y empat\u00f3 2-2 frente a Deportes Tolima, en partido por la fecha 12 de la Liga BetPlay Dimayor I 2022, disputado en el estadio Palogrande de Manizales. El equipo de Ibagu\u00e9, con un doblete de Anderson\u00a0Plata (19\u2019 y 34), domin\u00f3 en la primera parte. El guajiro [&hellip;]","og_url":"https:\/\/futbolhoy.co\/index.php\/2022\/03\/22\/once-caldas-remonto-y-salvo-un-punto\/","article_publisher":"https:\/\/www.facebook.com\/FutbolHoyCol\/","article_published_time":"2022-03-23T01:08:44+00:00","article_modified_time":"2022-03-23T19:24:53+00:00","og_image":[{"width":2400,"height":1602,"url":"https:\/\/futbolhoy.co\/wp-content\/uploads\/2022\/03\/iwPHPFHs.jpeg","type":"image\/jpeg"}],"author":"Laura Hern\u00e1ndez","twitter_card":"summary_large_image","twitter_creator":"@FutbolHoyCol","twitter_site":"@FutbolHoyCol","twitter_misc":{"Escrito por":"Laura Hern\u00e1ndez","Tiempo de lectura":"1 minuto"},"schema":{"@context":"https:\/\/schema.org","@graph":[{"@type":"Article","@id":"https:\/\/futbolhoy.co\/index.php\/2022\/03\/22\/once-caldas-remonto-y-salvo-un-punto\/#article","isPartOf":{"@id":"https:\/\/futbolhoy.co\/index.php\/2022\/03\/22\/once-caldas-remonto-y-salvo-un-punto\/"},"author":{"name":"Laura Hern\u00e1ndez","@id":"https:\/\/futbolhoy.co\/#\/schema\/person\/c4a353a512b127643723a34bb1812f7d"},"headline":"Once Caldas remont\u00f3 y salv\u00f3 un punto","datePublished":"2022-03-23T01:08:44+00:00","dateModified":"2022-03-23T19:24:53+00:00","mainEntityOfPage":{"@id":"https:\/\/futbolhoy.co\/index.php\/2022\/03\/22\/once-caldas-remonto-y-salvo-un-punto\/"},"wordCount":202,"commentCount":0,"publisher":{"@id":"https:\/\/futbolhoy.co\/#organization"},"image":{"@id":"https:\/\/futbolhoy.co\/index.php\/2022\/03\/22\/once-caldas-remonto-y-salvo-un-punto\/#primaryimage"},"thumbnailUrl":"https:\/\/futbolhoy.co\/wp-content\/uploads\/2022\/03\/iwPHPFHs.jpeg","keywords":["Liga Betplay","once caldas"],"articleSection":["Liga BetPlay"],"inLanguage":"es","potentialAction":[{"@type":"CommentAction","name":"Comment","target":["https:\/\/futbolhoy.co\/index.php\/2022\/03\/22\/once-caldas-remonto-y-salvo-un-punto\/#respond"]}]},{"@type":"WebPage","@id":"https:\/\/futbolhoy.co\/index.php\/2022\/03\/22\/once-caldas-remonto-y-salvo-un-punto\/","url":"https:\/\/futbolhoy.co\/index.php\/2022\/03\/22\/once-caldas-remonto-y-salvo-un-punto\/","name":"Once Caldas remont\u00f3 y salv\u00f3 un punto -","isPartOf":{"@id":"https:\/\/futbolhoy.co\/#website"},"primaryImageOfPage":{"@id":"https:\/\/futbolhoy.co\/index.php\/2022\/03\/22\/once-caldas-remonto-y-salvo-un-punto\/#primaryimage"},"image":{"@id":"https:\/\/futbolhoy.co\/index.php\/2022\/03\/22\/once-caldas-remonto-y-salvo-un-punto\/#primaryimage"},"thumbnailUrl":"https:\/\/futbolhoy.co\/wp-content\/uploads\/2022\/03\/iwPHPFHs.jpeg","datePublished":"2022-03-23T01:08:44+00:00","dateModified":"2022-03-23T19:24:53+00:00","breadcrumb":{"@id":"https:\/\/futbolhoy.co\/index.php\/2022\/03\/22\/once-caldas-remonto-y-salvo-un-punto\/#breadcrumb"},"inLanguage":"es","potentialAction":[{"@type":"ReadAction","target":["https:\/\/futbolhoy.co\/index.php\/2022\/03\/22\/once-caldas-remonto-y-salvo-un-punto\/"]}]},{"@type":"ImageObject","inLanguage":"es","@id":"https:\/\/futbolhoy.co\/index.php\/2022\/03\/22\/once-caldas-remonto-y-salvo-un-punto\/#primaryimage","url":"https:\/\/futbolhoy.co\/wp-content\/uploads\/2022\/03\/iwPHPFHs.jpeg","contentUrl":"https:\/\/futbolhoy.co\/wp-content\/uploads\/2022\/03\/iwPHPFHs.jpeg","width":2400,"height":1602},{"@type":"BreadcrumbList","@id":"https:\/\/futbolhoy.co\/index.php\/2022\/03\/22\/once-caldas-remonto-y-salvo-un-punto\/#breadcrumb","itemListElement":[{"@type":"ListItem","position":1,"name":"Portada","item":"https:\/\/futbolhoy.co\/"},{"@type":"ListItem","position":2,"name":"Once Caldas remont\u00f3 y salv\u00f3 un punto"}]},{"@type":"WebSite","@id":"https:\/\/futbolhoy.co\/#website","url":"https:\/\/futbolhoy.co\/","name":"FutbolHoy","description":"","publisher":{"@id":"https:\/\/futbolhoy.co\/#organization"},"potentialAction":[{"@type":"SearchAction","target":{"@type":"EntryPoint","urlTemplate":"https:\/\/futbolhoy.co\/?s={search_term_string}"},"query-input":{"@type":"PropertyValueSpecification","valueRequired":true,"valueName":"search_term_string"}}],"inLanguage":"es"},{"@type":"Organization","@id":"https:\/\/futbolhoy.co\/#organization","name":"Futbolhoy.co","url":"https:\/\/futbolhoy.co\/","logo":{"@type":"ImageObject","inLanguage":"es","@id":"https:\/\/futbolhoy.co\/#\/schema\/logo\/image\/","url":"https:\/\/futbolhoy.co\/wp-content\/uploads\/2018\/08\/17426380_1906371736249227_6326180412931521141_n.jpg","contentUrl":"https:\/\/futbolhoy.co\/wp-content\/uploads\/2018\/08\/17426380_1906371736249227_6326180412931521141_n.jpg","width":960,"height":960,"caption":"Futbolhoy.co"},"image":{"@id":"https:\/\/futbolhoy.co\/#\/schema\/logo\/image\/"},"sameAs":["https:\/\/www.facebook.com\/FutbolHoyCol\/","https:\/\/x.com\/FutbolHoyCol","https:\/\/www.instagram.com\/futbolhoycol\/"]},{"@type":"Person","@id":"https:\/\/futbolhoy.co\/#\/schema\/person\/c4a353a512b127643723a34bb1812f7d","name":"Laura Hern\u00e1ndez","image":{"@type":"ImageObject","inLanguage":"es","@id":"https:\/\/futbolhoy.co\/#\/schema\/person\/image\/","url":"https:\/\/secure.gravatar.com\/avatar\/d25959a15b9b293a743f99181c7cfd01?s=96&d=mm&r=g","contentUrl":"https:\/\/secure.gravatar.com\/avatar\/d25959a15b9b293a743f99181c7cfd01?s=96&d=mm&r=g","caption":"Laura Hern\u00e1ndez"}}]}},"publishpress_future_action":{"enabled":false,"date":"2026-05-05 14:48:28","action":"change-status","newStatus":"draft","terms":[],"taxonomy":"category","extraData":[]},"publishpress_future_workflow_manual_trigger":{"enabledWorkflows":[]},"_links":{"self":[{"href":"https:\/\/futbolhoy.co\/index.php\/wp-json\/wp\/v2\/posts\/77607","targetHints":{"allow":["GET"]}}],"collection":[{"href":"https:\/\/futbolhoy.co\/index.php\/wp-json\/wp\/v2\/posts"}],"about":[{"href":"https:\/\/futbolhoy.co\/index.php\/wp-json\/wp\/v2\/types\/post"}],"author":[{"embeddable":true,"href":"https:\/\/futbolhoy.co\/index.php\/wp-json\/wp\/v2\/users\/5"}],"replies":[{"embeddable":true,"href":"https:\/\/futbolhoy.co\/index.php\/wp-json\/wp\/v2\/comments?post=77607"}],"version-history":[{"count":1,"href":"https:\/\/futbolhoy.co\/index.php\/wp-json\/wp\/v2\/posts\/77607\/revisions"}],"predecessor-version":[{"id":77609,"href":"https:\/\/futbolhoy.co\/index.php\/wp-json\/wp\/v2\/posts\/77607\/revisions\/77609"}],"wp:featuredmedia":[{"embeddable":true,"href":"https:\/\/futbolhoy.co\/index.php\/wp-json\/wp\/v2\/media\/77608"}],"wp:attachment":[{"href":"https:\/\/futbolhoy.co\/index.php\/wp-json\/wp\/v2\/media?parent=77607"}],"wp:term":[{"taxonomy":"category","embeddable":true,"href":"https:\/\/futbolhoy.co\/index.php\/wp-json\/wp\/v2\/categories?post=77607"},{"taxonomy":"post_tag","embeddable":true,"href":"https:\/\/futbolhoy.co\/index.php\/wp-json\/wp\/v2\/tags?post=77607"}],"curies":[{"name":"wp","href":"https:\/\/api.w.org\/{rel}","templated":true}]}}