{"id":77620,"date":"2022-03-23T14:19:05","date_gmt":"2022-03-23T19:19:05","guid":{"rendered":"https:\/\/futbolhoy.co\/?p=77620"},"modified":"2022-03-24T06:44:49","modified_gmt":"2022-03-24T11:44:49","slug":"vamos-a-luchar-hasta-el-ultimo-segundo-rueda","status":"publish","type":"post","link":"https:\/\/futbolhoy.co\/index.php\/2022\/03\/23\/vamos-a-luchar-hasta-el-ultimo-segundo-rueda\/","title":{"rendered":"\"Vamos a luchar hasta el \u00faltimo segundo\": Rueda"},"content":{"rendered":"<p style=\"text-align: justify;\"><span style=\"font-family: helvetica, arial, sans-serif;\"><strong>Reinaldo Rueda<\/strong>, director t\u00e9cnico de la\u00a0<strong>Selecci\u00f3n Colombia,<\/strong> atendi\u00f3 a los medios de comunicaci\u00f3n previo al duelo de este jueves ante <b>Bolivia <\/b>en Barranquilla<strong>,<\/strong> por la fecha 17 de las <strong>Eliminatorias Sudamericanas<\/strong>\u00a0al\u00a0<strong>Mundial de Qatar 2022.<\/strong> El vallecaucano asegur\u00f3 que el combinado nacional luchar\u00e1 hasta el \u00faltimo momento por la clasificaci\u00f3n.\u00a0<\/span><\/p>\n<p><span style=\"font-family: helvetica, arial, sans-serif;\"><strong>SELECCI\u00d3N\u00a0<\/strong><\/span><\/p>\n<ul>\n<li><span style=\"font-family: helvetica, arial, sans-serif;\">\"Somos conscientes de la instancia en la que estamos, lo importante es la convicci\u00f3n y la fe. Tenemos una ultima oportunidad de aprovechar dos juegos dif\u00edciles y dos rivales de respeto. Queremos estar en el mundial.\"<\/span><\/li>\n<li><span style=\"font-family: helvetica, arial, sans-serif;\">\"Creo que justo hoy hicimos el entrenamiento con el plantel completo, muchos llegaron ayer en Altas horas de la noche. Repasar la memoria t\u00e1ctica de lo que hemos hecho, conscientes de que hay que hacer ajustes y buscar la eficacia\".\u00a0<\/span><\/li>\n<li><span style=\"font-family: helvetica, arial, sans-serif;\">\"No se ha podido hacer en la cancha lo que se ha estudiado y se ha intentado, naturalmente es el deseo (marcar), queremos lograr los puntos que nos permitan mantener la ilusi\u00f3n de clasificar, siempre se piensa en mejorar\".<\/span><\/li>\n<li><span style=\"font-family: helvetica, arial, sans-serif;\">\"El liderazgo tiene muchos estilos, no es s\u00f3lo gritar o hacer show, dentro del f\u00fatbol eso es v\u00e1lido. Creo que tenemos l\u00edderes, Cuadrado, Ospina, Falcao, Mina, cada uno con una experiencia y estilo diferente de liderazgo\".\u00a0<\/span><\/li>\n<li><span style=\"font-family: helvetica, arial, sans-serif;\">\"Me reun\u00ed con ellos, haciendo enfasis de que debemos aprovechar la oportunidad. Lo que queremos es que algunos busquen su tercer mundial, su segundo mundial o algunos para lograr su primer mundial. Son j\u00f3venes que han tenido un proceso importante\".<\/span><\/li>\n<li><span style=\"font-family: helvetica, arial, sans-serif;\">\"Debemos mejorar en las dos situaciones, hemos tenido oportunidades de gol pero no se ha logrado finalizar. Logramos hacer esas combinaciones, los hombres de experiencia as\u00ed como los que est\u00e1n bien en su club pero en la selecci\u00f3n no han tenido tanta participacion. Todos est\u00e1n dispuestos para entrar cuando les corresponda y poder aportar lo que tienen de talento personal\".\"Esa es la exigencia de nuestro cargo, tenemos la ilusi\u00f3n y un grupo de jugadores que se va a brindar a los partidos, no se trata de mi cargo o mi continuidad sino tambi\u00e9n el futuro de los jugadores con la carga emocional y la tensi\u00f3n que representa esta responsabilidad\".<\/span><\/li>\n<\/ul>\n<p>&nbsp;<\/p>\n<ul>\n<li dir=\"auto\" lang=\"es\" style=\"text-align: justify;\"><span style=\"font-family: helvetica, arial, sans-serif;\">\"Es dif\u00edcil todos sabemos que es una responsabilidad grande, no es f\u00e1cil, la idea es conversar con los jugadores, hay una tensi\u00f3n normal, sabemos la responsabilidad que tenemos y queremos liberar eso con juego, hay que confiar\".\u00a0<\/span><\/li>\n<\/ul>\n<p>&nbsp;<\/p>\n<div dir=\"auto\" lang=\"es\" style=\"text-align: justify;\"><span style=\"font-family: helvetica, arial, sans-serif;\"><strong>JAMES Y QUINTERO<\/strong><\/span><\/div>\n<ul>\n<li dir=\"auto\" lang=\"es\" style=\"text-align: justify;\"><span style=\"font-family: helvetica, arial, sans-serif;\">\"James compiti\u00f3 hasta hace dos semanas por la Copa, despu\u00e9s hizo una semana de recuperaci\u00f3n. Esta totalmente recuperado y no es f\u00e1cil, se ha logrado hacer unas 4-5 unidades de entrenamientos. Ha mostrado una gran disposici\u00f3n,buena actitud\".\u00a0<\/span><\/li>\n<li dir=\"auto\" lang=\"es\" style=\"text-align: justify;\"><span style=\"font-family: helvetica, arial, sans-serif;\">\"Quintero, ha venido recuperando su nivel y haciendo minutos importantes en River, es una alternativa buen\u00edsima que tenemos. Est\u00e1n los dos ac\u00e1 y es una posibilidad que se puede presentar (James - Quintero)\".<\/span><\/li>\n<\/ul>\n<div dir=\"auto\" lang=\"es\" style=\"text-align: justify;\"><\/div>\n<div dir=\"auto\" lang=\"es\" style=\"text-align: justify;\"><span style=\"font-family: helvetica, arial, sans-serif;\"><strong>LUIS D\u00cdAZ\u00a0<\/strong><\/span><\/div>\n<ul>\n<li dir=\"auto\" lang=\"es\" style=\"text-align: justify;\"><span style=\"font-family: helvetica, arial, sans-serif;\">\"Ayer me reun\u00ed con Lucho (D\u00edaz) que el asuma que es parte de la selecci\u00f3n y no el responsable, no debe cargar con ese peso encima. El es un referente internacional importante y es parte de la selecci\u00f3n, es una responsabilidad compartida, somos todos, es una colectividad Ha aumentado sus conceptos y es positivo para nosotros que asuma con toda la naturalidad que podamos aprovecharlo y nos de las alegr\u00edas que esta dando en su club\".<\/span><\/li>\n<\/ul>\n<div style=\"text-align: justify;\">\n<div class=\"css-1dbjc4n r-1adg3ll r-1ny4l3l\">\n<div class=\"css-1dbjc4n\">\n<article class=\"css-1dbjc4n r-1panhkp r-1loqt21 r-18u37iz r-1ut4w64 r-1ny4l3l r-1udh08x r-1qhn6m8 r-i023vh r-o7ynqc r-6416eg\" tabindex=\"0\" role=\"article\" aria-labelledby=\"id__3ov65qaty66 id__xzciq7pyzxr id__x1dew7dw34g id__xso96tn2lda id__2ougt3gbr3i id__7ucrouqhzmu id__ieucm3b8x id__qvs62wc2a2 id__ktxspfth50t id__gicv22hg86n id__tlv4ci6qwc id__aiyyhynoait id__nncrbq8n95q id__3svad4chjrs id__blgr1txz3u\" data-testid=\"tweet\">\n<div class=\"css-1dbjc4n r-eqz5dr r-16y2uox r-1wbh5a2\">\n<div class=\"css-1dbjc4n r-16y2uox r-1wbh5a2 r-1ny4l3l\">\n<div class=\"css-1dbjc4n\">\n<div class=\"css-1dbjc4n r-18u37iz\">\n<div class=\"css-1dbjc4n r-1iusvr4 r-16y2uox r-1777fci r-kzbkwu\">\n<div class=\"css-1dbjc4n\">\n<div class=\"css-1dbjc4n\"><\/div>\n<\/div>\n<\/div>\n<\/div>\n<\/div>\n<\/div>\n<\/div>\n<\/article>\n<\/div>\n<\/div>\n<\/div>\n<p style=\"text-align: justify;\"><span style=\"font-family: helvetica, arial, sans-serif;\"><strong>JUGADORES<\/strong><\/span><\/p>\n<ul>\n<li style=\"text-align: justify;\"><span style=\"font-family: helvetica, arial, sans-serif;\">\"Es dif\u00edcil, las condiciones en sus clubes son diferentes, la Selecci\u00f3n tiene algo especial, Barranquilla tiene un componente especial. Hay j\u00f3venes que responden de gran forma y otros que necesitan m\u00e1s apoyo y seguimiento\"<\/span><\/li>\n<li style=\"text-align: justify;\"><span style=\"font-family: helvetica, arial, sans-serif;\">\"Estos son los hombres que han estado en este camino y con esta responsabilidad, queremos plasmar en la cancha estos resultados \":<\/span><\/li>\n<\/ul>\n<p style=\"text-align: justify;\"><span style=\"font-family: helvetica, arial, sans-serif;\"><strong>APOYO A LA SELECCI\u00d3N\u00a0<\/strong><\/span><\/p>\n<ul>\n<li style=\"text-align: justify;\"><span style=\"font-family: helvetica, arial, sans-serif;\">\"Creo que esa es la din\u00e1mica de la exigencia, le doy las gracias al profesor Juan Cruz Real con sus palabras de apoyo y solidaridad tras las semanas dif\u00edciles que hemos pasado\".<\/span><\/li>\n<li style=\"text-align: justify;\"><span style=\"font-family: helvetica, arial, sans-serif;\">\"Pienso que es una labor de los medios, los hombres que manejan la opinion y lideran ese trabajo social de ayudarnos y unirnos. Seguimos con la ilusion y el hilo de esperanza para poder clasificar\".<\/span><\/li>\n<li style=\"text-align: justify;\"><span style=\"font-family: helvetica, arial, sans-serif;\">\"Lo ideal es que Colombia presente esta selecci\u00f3n en el Mundial, esa fue la invitaci\u00f3n que les hice yo, no vamos a claudicar hasta el \u00faltimo segundo. Hay selecciones muy fuertes\".<\/span><\/li>\n<\/ul>\n<p style=\"text-align: justify;\"><span style=\"font-family: helvetica, arial, sans-serif;\"><strong>BOLIVIA\u00a0<\/strong><\/span><\/p>\n<ul>\n<li style=\"text-align: justify;\"><span style=\"font-family: helvetica, arial, sans-serif;\">\" Debemos hacer un partido inteligente, hay hombres en buena disposici\u00f3n. No ha sido de ataque, ha sido m\u00e1s de finalizaci\u00f3n y creo que esa es la intenci\u00f3n, somos conscientes del rival que tenemos al frente\".\u00a0<\/span><\/li>\n<li style=\"text-align: justify;\"><span style=\"font-family: helvetica, arial, sans-serif;\">\"Conocemos el proceso del profesor Farias, eso lo hace un rival complicado. No podemos desordenarnos ni llenarnos de ansiedad por lograr el resultado\".\u00a0<\/span><\/li>\n<\/ul>\n<p style=\"text-align: justify;\">\n","protected":false},"excerpt":{"rendered":"<p>Reinaldo Rueda, director t\u00e9cnico de la\u00a0Selecci\u00f3n Colombia, atendi\u00f3 a los medios de comunicaci\u00f3n previo al duelo de este jueves ante Bolivia en Barranquilla, por la fecha 17 de las Eliminatorias Sudamericanas\u00a0al\u00a0Mundial de Qatar 2022. El vallecaucano asegur\u00f3 que el combinado nacional luchar\u00e1 hasta el \u00faltimo momento por la clasificaci\u00f3n.\u00a0 SELECCI\u00d3N\u00a0 \"Somos conscientes de la instancia [&hellip;]<\/p>\n","protected":false},"author":5,"featured_media":77622,"comment_status":"open","ping_status":"open","sticky":false,"template":"","format":"standard","meta":{"_acf_changed":false,"footnotes":""},"categories":[418],"tags":[],"class_list":{"0":"post-77620","1":"post","2":"type-post","3":"status-publish","4":"format-standard","5":"has-post-thumbnail","7":"category-colombia"},"acf":[],"yoast_head":"<!-- This site is optimized with the Yoast SEO plugin v26.8 - https:\/\/yoast.com\/product\/yoast-seo-wordpress\/ -->\n<title>&quot;Vamos a luchar hasta el \u00faltimo segundo&quot;: Rueda -<\/title>\n<meta name=\"robots\" content=\"index, follow, max-snippet:-1, max-image-preview:large, max-video-preview:-1\" \/>\n<link rel=\"canonical\" href=\"https:\/\/futbolhoy.co\/index.php\/2022\/03\/23\/vamos-a-luchar-hasta-el-ultimo-segundo-rueda\/\" \/>\n<meta property=\"og:locale\" content=\"es_ES\" \/>\n<meta property=\"og:type\" content=\"article\" \/>\n<meta property=\"og:title\" content=\"&quot;Vamos a luchar hasta el \u00faltimo segundo&quot;: Rueda -\" \/>\n<meta property=\"og:description\" content=\"Reinaldo Rueda, director t\u00e9cnico de la\u00a0Selecci\u00f3n Colombia, atendi\u00f3 a los medios de comunicaci\u00f3n previo al duelo de este jueves ante Bolivia en Barranquilla, por la fecha 17 de las Eliminatorias Sudamericanas\u00a0al\u00a0Mundial de Qatar 2022. El vallecaucano asegur\u00f3 que el combinado nacional luchar\u00e1 hasta el \u00faltimo momento por la clasificaci\u00f3n.\u00a0 SELECCI\u00d3N\u00a0 &quot;Somos conscientes de la instancia [&hellip;]\" \/>\n<meta property=\"og:url\" content=\"https:\/\/futbolhoy.co\/index.php\/2022\/03\/23\/vamos-a-luchar-hasta-el-ultimo-segundo-rueda\/\" \/>\n<meta property=\"article:publisher\" content=\"https:\/\/www.facebook.com\/FutbolHoyCol\/\" \/>\n<meta property=\"article:published_time\" content=\"2022-03-23T19:19:05+00:00\" \/>\n<meta property=\"article:modified_time\" content=\"2022-03-24T11:44:49+00:00\" \/>\n<meta property=\"og:image\" content=\"https:\/\/futbolhoy.co\/wp-content\/uploads\/2022\/03\/FOjfTTnXsAIlrkN.jpg\" \/>\n\t<meta property=\"og:image:width\" content=\"680\" \/>\n\t<meta property=\"og:image:height\" content=\"454\" \/>\n\t<meta property=\"og:image:type\" content=\"image\/jpeg\" \/>\n<meta name=\"author\" content=\"Laura Hern\u00e1ndez\" \/>\n<meta name=\"twitter:card\" content=\"summary_large_image\" \/>\n<meta name=\"twitter:creator\" content=\"@FutbolHoyCol\" \/>\n<meta name=\"twitter:site\" content=\"@FutbolHoyCol\" \/>\n<meta name=\"twitter:label1\" content=\"Escrito por\" \/>\n\t<meta name=\"twitter:data1\" content=\"Laura Hern\u00e1ndez\" \/>\n\t<meta name=\"twitter:label2\" content=\"Tiempo de lectura\" \/>\n\t<meta name=\"twitter:data2\" content=\"4 minutos\" \/>\n<script type=\"application\/ld+json\" class=\"yoast-schema-graph\">{\"@context\":\"https:\/\/schema.org\",\"@graph\":[{\"@type\":\"Article\",\"@id\":\"https:\/\/futbolhoy.co\/index.php\/2022\/03\/23\/vamos-a-luchar-hasta-el-ultimo-segundo-rueda\/#article\",\"isPartOf\":{\"@id\":\"https:\/\/futbolhoy.co\/index.php\/2022\/03\/23\/vamos-a-luchar-hasta-el-ultimo-segundo-rueda\/\"},\"author\":{\"name\":\"Laura Hern\u00e1ndez\",\"@id\":\"https:\/\/futbolhoy.co\/#\/schema\/person\/c4a353a512b127643723a34bb1812f7d\"},\"headline\":\"\\\"Vamos a luchar hasta el \u00faltimo segundo\\\": Rueda\",\"datePublished\":\"2022-03-23T19:19:05+00:00\",\"dateModified\":\"2022-03-24T11:44:49+00:00\",\"mainEntityOfPage\":{\"@id\":\"https:\/\/futbolhoy.co\/index.php\/2022\/03\/23\/vamos-a-luchar-hasta-el-ultimo-segundo-rueda\/\"},\"wordCount\":815,\"commentCount\":0,\"publisher\":{\"@id\":\"https:\/\/futbolhoy.co\/#organization\"},\"image\":{\"@id\":\"https:\/\/futbolhoy.co\/index.php\/2022\/03\/23\/vamos-a-luchar-hasta-el-ultimo-segundo-rueda\/#primaryimage\"},\"thumbnailUrl\":\"https:\/\/futbolhoy.co\/wp-content\/uploads\/2022\/03\/FOjfTTnXsAIlrkN.jpg\",\"articleSection\":[\"Colombia\"],\"inLanguage\":\"es\",\"potentialAction\":[{\"@type\":\"CommentAction\",\"name\":\"Comment\",\"target\":[\"https:\/\/futbolhoy.co\/index.php\/2022\/03\/23\/vamos-a-luchar-hasta-el-ultimo-segundo-rueda\/#respond\"]}]},{\"@type\":\"WebPage\",\"@id\":\"https:\/\/futbolhoy.co\/index.php\/2022\/03\/23\/vamos-a-luchar-hasta-el-ultimo-segundo-rueda\/\",\"url\":\"https:\/\/futbolhoy.co\/index.php\/2022\/03\/23\/vamos-a-luchar-hasta-el-ultimo-segundo-rueda\/\",\"name\":\"\\\"Vamos a luchar hasta el \u00faltimo segundo\\\": Rueda -\",\"isPartOf\":{\"@id\":\"https:\/\/futbolhoy.co\/#website\"},\"primaryImageOfPage\":{\"@id\":\"https:\/\/futbolhoy.co\/index.php\/2022\/03\/23\/vamos-a-luchar-hasta-el-ultimo-segundo-rueda\/#primaryimage\"},\"image\":{\"@id\":\"https:\/\/futbolhoy.co\/index.php\/2022\/03\/23\/vamos-a-luchar-hasta-el-ultimo-segundo-rueda\/#primaryimage\"},\"thumbnailUrl\":\"https:\/\/futbolhoy.co\/wp-content\/uploads\/2022\/03\/FOjfTTnXsAIlrkN.jpg\",\"datePublished\":\"2022-03-23T19:19:05+00:00\",\"dateModified\":\"2022-03-24T11:44:49+00:00\",\"breadcrumb\":{\"@id\":\"https:\/\/futbolhoy.co\/index.php\/2022\/03\/23\/vamos-a-luchar-hasta-el-ultimo-segundo-rueda\/#breadcrumb\"},\"inLanguage\":\"es\",\"potentialAction\":[{\"@type\":\"ReadAction\",\"target\":[\"https:\/\/futbolhoy.co\/index.php\/2022\/03\/23\/vamos-a-luchar-hasta-el-ultimo-segundo-rueda\/\"]}]},{\"@type\":\"ImageObject\",\"inLanguage\":\"es\",\"@id\":\"https:\/\/futbolhoy.co\/index.php\/2022\/03\/23\/vamos-a-luchar-hasta-el-ultimo-segundo-rueda\/#primaryimage\",\"url\":\"https:\/\/futbolhoy.co\/wp-content\/uploads\/2022\/03\/FOjfTTnXsAIlrkN.jpg\",\"contentUrl\":\"https:\/\/futbolhoy.co\/wp-content\/uploads\/2022\/03\/FOjfTTnXsAIlrkN.jpg\",\"width\":680,\"height\":454},{\"@type\":\"BreadcrumbList\",\"@id\":\"https:\/\/futbolhoy.co\/index.php\/2022\/03\/23\/vamos-a-luchar-hasta-el-ultimo-segundo-rueda\/#breadcrumb\",\"itemListElement\":[{\"@type\":\"ListItem\",\"position\":1,\"name\":\"Portada\",\"item\":\"https:\/\/futbolhoy.co\/\"},{\"@type\":\"ListItem\",\"position\":2,\"name\":\"\u00abVamos a luchar hasta el \u00faltimo segundo\u00bb: Rueda\"}]},{\"@type\":\"WebSite\",\"@id\":\"https:\/\/futbolhoy.co\/#website\",\"url\":\"https:\/\/futbolhoy.co\/\",\"name\":\"FutbolHoy\",\"description\":\"\",\"publisher\":{\"@id\":\"https:\/\/futbolhoy.co\/#organization\"},\"potentialAction\":[{\"@type\":\"SearchAction\",\"target\":{\"@type\":\"EntryPoint\",\"urlTemplate\":\"https:\/\/futbolhoy.co\/?s={search_term_string}\"},\"query-input\":{\"@type\":\"PropertyValueSpecification\",\"valueRequired\":true,\"valueName\":\"search_term_string\"}}],\"inLanguage\":\"es\"},{\"@type\":\"Organization\",\"@id\":\"https:\/\/futbolhoy.co\/#organization\",\"name\":\"Futbolhoy.co\",\"url\":\"https:\/\/futbolhoy.co\/\",\"logo\":{\"@type\":\"ImageObject\",\"inLanguage\":\"es\",\"@id\":\"https:\/\/futbolhoy.co\/#\/schema\/logo\/image\/\",\"url\":\"https:\/\/futbolhoy.co\/wp-content\/uploads\/2018\/08\/17426380_1906371736249227_6326180412931521141_n.jpg\",\"contentUrl\":\"https:\/\/futbolhoy.co\/wp-content\/uploads\/2018\/08\/17426380_1906371736249227_6326180412931521141_n.jpg\",\"width\":960,\"height\":960,\"caption\":\"Futbolhoy.co\"},\"image\":{\"@id\":\"https:\/\/futbolhoy.co\/#\/schema\/logo\/image\/\"},\"sameAs\":[\"https:\/\/www.facebook.com\/FutbolHoyCol\/\",\"https:\/\/x.com\/FutbolHoyCol\",\"https:\/\/www.instagram.com\/futbolhoycol\/\"]},{\"@type\":\"Person\",\"@id\":\"https:\/\/futbolhoy.co\/#\/schema\/person\/c4a353a512b127643723a34bb1812f7d\",\"name\":\"Laura Hern\u00e1ndez\",\"image\":{\"@type\":\"ImageObject\",\"inLanguage\":\"es\",\"@id\":\"https:\/\/futbolhoy.co\/#\/schema\/person\/image\/\",\"url\":\"https:\/\/secure.gravatar.com\/avatar\/d25959a15b9b293a743f99181c7cfd01?s=96&d=mm&r=g\",\"contentUrl\":\"https:\/\/secure.gravatar.com\/avatar\/d25959a15b9b293a743f99181c7cfd01?s=96&d=mm&r=g\",\"caption\":\"Laura Hern\u00e1ndez\"}}]}<\/script>\n<!-- \/ Yoast SEO plugin. -->","yoast_head_json":{"title":"\"Vamos a luchar hasta el \u00faltimo segundo\": Rueda -","robots":{"index":"index","follow":"follow","max-snippet":"max-snippet:-1","max-image-preview":"max-image-preview:large","max-video-preview":"max-video-preview:-1"},"canonical":"https:\/\/futbolhoy.co\/index.php\/2022\/03\/23\/vamos-a-luchar-hasta-el-ultimo-segundo-rueda\/","og_locale":"es_ES","og_type":"article","og_title":"\"Vamos a luchar hasta el \u00faltimo segundo\": Rueda -","og_description":"Reinaldo Rueda, director t\u00e9cnico de la\u00a0Selecci\u00f3n Colombia, atendi\u00f3 a los medios de comunicaci\u00f3n previo al duelo de este jueves ante Bolivia en Barranquilla, por la fecha 17 de las Eliminatorias Sudamericanas\u00a0al\u00a0Mundial de Qatar 2022. El vallecaucano asegur\u00f3 que el combinado nacional luchar\u00e1 hasta el \u00faltimo momento por la clasificaci\u00f3n.\u00a0 SELECCI\u00d3N\u00a0 \"Somos conscientes de la instancia [&hellip;]","og_url":"https:\/\/futbolhoy.co\/index.php\/2022\/03\/23\/vamos-a-luchar-hasta-el-ultimo-segundo-rueda\/","article_publisher":"https:\/\/www.facebook.com\/FutbolHoyCol\/","article_published_time":"2022-03-23T19:19:05+00:00","article_modified_time":"2022-03-24T11:44:49+00:00","og_image":[{"width":680,"height":454,"url":"https:\/\/futbolhoy.co\/wp-content\/uploads\/2022\/03\/FOjfTTnXsAIlrkN.jpg","type":"image\/jpeg"}],"author":"Laura Hern\u00e1ndez","twitter_card":"summary_large_image","twitter_creator":"@FutbolHoyCol","twitter_site":"@FutbolHoyCol","twitter_misc":{"Escrito por":"Laura Hern\u00e1ndez","Tiempo de lectura":"4 minutos"},"schema":{"@context":"https:\/\/schema.org","@graph":[{"@type":"Article","@id":"https:\/\/futbolhoy.co\/index.php\/2022\/03\/23\/vamos-a-luchar-hasta-el-ultimo-segundo-rueda\/#article","isPartOf":{"@id":"https:\/\/futbolhoy.co\/index.php\/2022\/03\/23\/vamos-a-luchar-hasta-el-ultimo-segundo-rueda\/"},"author":{"name":"Laura Hern\u00e1ndez","@id":"https:\/\/futbolhoy.co\/#\/schema\/person\/c4a353a512b127643723a34bb1812f7d"},"headline":"\"Vamos a luchar hasta el \u00faltimo segundo\": Rueda","datePublished":"2022-03-23T19:19:05+00:00","dateModified":"2022-03-24T11:44:49+00:00","mainEntityOfPage":{"@id":"https:\/\/futbolhoy.co\/index.php\/2022\/03\/23\/vamos-a-luchar-hasta-el-ultimo-segundo-rueda\/"},"wordCount":815,"commentCount":0,"publisher":{"@id":"https:\/\/futbolhoy.co\/#organization"},"image":{"@id":"https:\/\/futbolhoy.co\/index.php\/2022\/03\/23\/vamos-a-luchar-hasta-el-ultimo-segundo-rueda\/#primaryimage"},"thumbnailUrl":"https:\/\/futbolhoy.co\/wp-content\/uploads\/2022\/03\/FOjfTTnXsAIlrkN.jpg","articleSection":["Colombia"],"inLanguage":"es","potentialAction":[{"@type":"CommentAction","name":"Comment","target":["https:\/\/futbolhoy.co\/index.php\/2022\/03\/23\/vamos-a-luchar-hasta-el-ultimo-segundo-rueda\/#respond"]}]},{"@type":"WebPage","@id":"https:\/\/futbolhoy.co\/index.php\/2022\/03\/23\/vamos-a-luchar-hasta-el-ultimo-segundo-rueda\/","url":"https:\/\/futbolhoy.co\/index.php\/2022\/03\/23\/vamos-a-luchar-hasta-el-ultimo-segundo-rueda\/","name":"\"Vamos a luchar hasta el \u00faltimo segundo\": Rueda -","isPartOf":{"@id":"https:\/\/futbolhoy.co\/#website"},"primaryImageOfPage":{"@id":"https:\/\/futbolhoy.co\/index.php\/2022\/03\/23\/vamos-a-luchar-hasta-el-ultimo-segundo-rueda\/#primaryimage"},"image":{"@id":"https:\/\/futbolhoy.co\/index.php\/2022\/03\/23\/vamos-a-luchar-hasta-el-ultimo-segundo-rueda\/#primaryimage"},"thumbnailUrl":"https:\/\/futbolhoy.co\/wp-content\/uploads\/2022\/03\/FOjfTTnXsAIlrkN.jpg","datePublished":"2022-03-23T19:19:05+00:00","dateModified":"2022-03-24T11:44:49+00:00","breadcrumb":{"@id":"https:\/\/futbolhoy.co\/index.php\/2022\/03\/23\/vamos-a-luchar-hasta-el-ultimo-segundo-rueda\/#breadcrumb"},"inLanguage":"es","potentialAction":[{"@type":"ReadAction","target":["https:\/\/futbolhoy.co\/index.php\/2022\/03\/23\/vamos-a-luchar-hasta-el-ultimo-segundo-rueda\/"]}]},{"@type":"ImageObject","inLanguage":"es","@id":"https:\/\/futbolhoy.co\/index.php\/2022\/03\/23\/vamos-a-luchar-hasta-el-ultimo-segundo-rueda\/#primaryimage","url":"https:\/\/futbolhoy.co\/wp-content\/uploads\/2022\/03\/FOjfTTnXsAIlrkN.jpg","contentUrl":"https:\/\/futbolhoy.co\/wp-content\/uploads\/2022\/03\/FOjfTTnXsAIlrkN.jpg","width":680,"height":454},{"@type":"BreadcrumbList","@id":"https:\/\/futbolhoy.co\/index.php\/2022\/03\/23\/vamos-a-luchar-hasta-el-ultimo-segundo-rueda\/#breadcrumb","itemListElement":[{"@type":"ListItem","position":1,"name":"Portada","item":"https:\/\/futbolhoy.co\/"},{"@type":"ListItem","position":2,"name":"\u00abVamos a luchar hasta el \u00faltimo segundo\u00bb: Rueda"}]},{"@type":"WebSite","@id":"https:\/\/futbolhoy.co\/#website","url":"https:\/\/futbolhoy.co\/","name":"FutbolHoy","description":"","publisher":{"@id":"https:\/\/futbolhoy.co\/#organization"},"potentialAction":[{"@type":"SearchAction","target":{"@type":"EntryPoint","urlTemplate":"https:\/\/futbolhoy.co\/?s={search_term_string}"},"query-input":{"@type":"PropertyValueSpecification","valueRequired":true,"valueName":"search_term_string"}}],"inLanguage":"es"},{"@type":"Organization","@id":"https:\/\/futbolhoy.co\/#organization","name":"Futbolhoy.co","url":"https:\/\/futbolhoy.co\/","logo":{"@type":"ImageObject","inLanguage":"es","@id":"https:\/\/futbolhoy.co\/#\/schema\/logo\/image\/","url":"https:\/\/futbolhoy.co\/wp-content\/uploads\/2018\/08\/17426380_1906371736249227_6326180412931521141_n.jpg","contentUrl":"https:\/\/futbolhoy.co\/wp-content\/uploads\/2018\/08\/17426380_1906371736249227_6326180412931521141_n.jpg","width":960,"height":960,"caption":"Futbolhoy.co"},"image":{"@id":"https:\/\/futbolhoy.co\/#\/schema\/logo\/image\/"},"sameAs":["https:\/\/www.facebook.com\/FutbolHoyCol\/","https:\/\/x.com\/FutbolHoyCol","https:\/\/www.instagram.com\/futbolhoycol\/"]},{"@type":"Person","@id":"https:\/\/futbolhoy.co\/#\/schema\/person\/c4a353a512b127643723a34bb1812f7d","name":"Laura Hern\u00e1ndez","image":{"@type":"ImageObject","inLanguage":"es","@id":"https:\/\/futbolhoy.co\/#\/schema\/person\/image\/","url":"https:\/\/secure.gravatar.com\/avatar\/d25959a15b9b293a743f99181c7cfd01?s=96&d=mm&r=g","contentUrl":"https:\/\/secure.gravatar.com\/avatar\/d25959a15b9b293a743f99181c7cfd01?s=96&d=mm&r=g","caption":"Laura Hern\u00e1ndez"}}]}},"publishpress_future_action":{"enabled":false,"date":"2026-05-05 13:10:08","action":"change-status","newStatus":"draft","terms":[],"taxonomy":"category","extraData":[]},"publishpress_future_workflow_manual_trigger":{"enabledWorkflows":[]},"_links":{"self":[{"href":"https:\/\/futbolhoy.co\/index.php\/wp-json\/wp\/v2\/posts\/77620","targetHints":{"allow":["GET"]}}],"collection":[{"href":"https:\/\/futbolhoy.co\/index.php\/wp-json\/wp\/v2\/posts"}],"about":[{"href":"https:\/\/futbolhoy.co\/index.php\/wp-json\/wp\/v2\/types\/post"}],"author":[{"embeddable":true,"href":"https:\/\/futbolhoy.co\/index.php\/wp-json\/wp\/v2\/users\/5"}],"replies":[{"embeddable":true,"href":"https:\/\/futbolhoy.co\/index.php\/wp-json\/wp\/v2\/comments?post=77620"}],"version-history":[{"count":1,"href":"https:\/\/futbolhoy.co\/index.php\/wp-json\/wp\/v2\/posts\/77620\/revisions"}],"predecessor-version":[{"id":77623,"href":"https:\/\/futbolhoy.co\/index.php\/wp-json\/wp\/v2\/posts\/77620\/revisions\/77623"}],"wp:featuredmedia":[{"embeddable":true,"href":"https:\/\/futbolhoy.co\/index.php\/wp-json\/wp\/v2\/media\/77622"}],"wp:attachment":[{"href":"https:\/\/futbolhoy.co\/index.php\/wp-json\/wp\/v2\/media?parent=77620"}],"wp:term":[{"taxonomy":"category","embeddable":true,"href":"https:\/\/futbolhoy.co\/index.php\/wp-json\/wp\/v2\/categories?post=77620"},{"taxonomy":"post_tag","embeddable":true,"href":"https:\/\/futbolhoy.co\/index.php\/wp-json\/wp\/v2\/tags?post=77620"}],"curies":[{"name":"wp","href":"https:\/\/api.w.org\/{rel}","templated":true}]}}