{"id":77910,"date":"2022-03-28T09:22:18","date_gmt":"2022-03-28T14:22:18","guid":{"rendered":"https:\/\/futbolhoy.co\/?p=77910"},"modified":"2022-03-28T19:28:59","modified_gmt":"2022-03-29T00:28:59","slug":"nacional-y-santa-fe-duelo-de-numeros-en-la-13","status":"publish","type":"post","link":"https:\/\/futbolhoy.co\/index.php\/2022\/03\/28\/nacional-y-santa-fe-duelo-de-numeros-en-la-13\/","title":{"rendered":"Nacional y Santa Fe, duelo de n\u00fameros en la 13"},"content":{"rendered":"<p style=\"text-align: justify;\"><strong><span style=\"font-family: helvetica, arial, sans-serif;\">Pasto\u2013La Equidad<\/span><\/strong><\/p>\n<p style=\"text-align: justify;\"><span style=\"font-family: helvetica, arial, sans-serif;\">\u2022 Los dos equipos han empatado en sus \u00faltimos tres enfrentamientos en Liga y podr\u00edan encadenar cuatro haci\u00e9ndolo por primera vez en la historia del f\u00fatbol colombiano.<\/span><\/p>\n<p style=\"text-align: justify;\"><span style=\"font-family: helvetica, arial, sans-serif;\">\u2022 Los nari\u00f1enses han marcado gol en sus \u00faltimos tres partidos como local en este campeonato (5 en total) y podr\u00eda enlazar cuatro compromisos en casa anotando por primera vez en la categor\u00eda desde febrero-marzo de 2021 (4 \u20135 goles).<\/span><\/p>\n<p style=\"text-align: justify;\"><span style=\"font-family: helvetica, arial, sans-serif;\">\u2022 La Equidad suma ocho partidos sin perder en Liga (4V 4E) y no registra una mayor racha invicta desde octubre-diciembre de 2020 (5V 4E).<\/span><\/p>\n<p style=\"text-align: justify;\"><strong><span style=\"font-family: helvetica, arial, sans-serif;\">Nacional\u2013Santa Fe<\/span><\/strong><\/p>\n<p style=\"text-align: justify;\"><span style=\"font-family: helvetica, arial, sans-serif;\">\u2022 Los antioque\u00f1os han ganado sus \u00faltimos cuatro partidos como local ante Santa Fe, luego de haber perdido tres de los cuatro anteriores ante los cardenales (1V).<\/span><\/p>\n<p style=\"text-align: justify;\"><span style=\"font-family: helvetica, arial, sans-serif;\">\u2022 El verde paisa ha ganado cinco de sus \u00faltimos siete encuentros como local en Primera Divisi\u00f3n (1E 1D), promediando dos goles por encuentro, tras haber ganado solo uno de sus siete anteriores en casa (4E 2D).<\/span><\/p>\n<p style=\"text-align: justify;\"><span style=\"font-family: helvetica, arial, sans-serif;\">\u2022 Tras haber ganado sus \u00faltimos dos encuentros de esta Liga BetPlay Dimayor I-2022, Santa Fe podr\u00eda encadenar tres victorias en la categor\u00eda por primera vez desde enero-febrero de 2021 (4).<\/span><\/p>\n<p style=\"text-align: justify;\"><span style=\"font-family: helvetica, arial, sans-serif;\">\u2022 Wilson Morelo marc\u00f3 un triplete en el \u00faltimo encuentro de Santa Fe ante Bucaramanga (3-1). El \u00faltimo jugador de los Cardenales que hab\u00eda conseguido ese registro, fue el mismo Morelo en noviembre de 2018, ante Millonarios<\/span><\/p>\n","protected":false},"excerpt":{"rendered":"<p>Pasto\u2013La Equidad \u2022 Los dos equipos han empatado en sus \u00faltimos tres enfrentamientos en Liga y podr\u00edan encadenar cuatro haci\u00e9ndolo por primera vez en la historia del f\u00fatbol colombiano. \u2022 Los nari\u00f1enses han marcado gol en sus \u00faltimos tres partidos como local en este campeonato (5 en total) y podr\u00eda enlazar cuatro compromisos en casa [&hellip;]<\/p>\n","protected":false},"author":5,"featured_media":77911,"comment_status":"open","ping_status":"open","sticky":false,"template":"","format":"standard","meta":{"_acf_changed":false,"footnotes":""},"categories":[7],"tags":[907,1737,147,149,118],"class_list":{"0":"post-77910","1":"post","2":"type-post","3":"status-publish","4":"format-standard","5":"has-post-thumbnail","7":"category-liga-betplay","8":"tag-la-equidad","9":"tag-liga-betplay","10":"tag-nacional","11":"tag-pasto","12":"tag-santa-fe"},"acf":[],"yoast_head":"<!-- This site is optimized with the Yoast SEO plugin v26.8 - https:\/\/yoast.com\/product\/yoast-seo-wordpress\/ -->\n<title>Nacional y Santa Fe, duelo de n\u00fameros en la 13 -<\/title>\n<meta name=\"robots\" content=\"index, follow, max-snippet:-1, max-image-preview:large, max-video-preview:-1\" \/>\n<link rel=\"canonical\" href=\"https:\/\/futbolhoy.co\/index.php\/2022\/03\/28\/nacional-y-santa-fe-duelo-de-numeros-en-la-13\/\" \/>\n<meta property=\"og:locale\" content=\"es_ES\" \/>\n<meta property=\"og:type\" content=\"article\" \/>\n<meta property=\"og:title\" content=\"Nacional y Santa Fe, duelo de n\u00fameros en la 13 -\" \/>\n<meta property=\"og:description\" content=\"Pasto\u2013La Equidad \u2022 Los dos equipos han empatado en sus \u00faltimos tres enfrentamientos en Liga y podr\u00edan encadenar cuatro haci\u00e9ndolo por primera vez en la historia del f\u00fatbol colombiano. \u2022 Los nari\u00f1enses han marcado gol en sus \u00faltimos tres partidos como local en este campeonato (5 en total) y podr\u00eda enlazar cuatro compromisos en casa [&hellip;]\" \/>\n<meta property=\"og:url\" content=\"https:\/\/futbolhoy.co\/index.php\/2022\/03\/28\/nacional-y-santa-fe-duelo-de-numeros-en-la-13\/\" \/>\n<meta property=\"article:publisher\" content=\"https:\/\/www.facebook.com\/FutbolHoyCol\/\" \/>\n<meta property=\"article:published_time\" content=\"2022-03-28T14:22:18+00:00\" \/>\n<meta property=\"article:modified_time\" content=\"2022-03-29T00:28:59+00:00\" \/>\n<meta property=\"og:image\" content=\"https:\/\/futbolhoy.co\/wp-content\/uploads\/2022\/03\/nPxYV4G0.jpeg\" \/>\n\t<meta property=\"og:image:width\" content=\"2400\" \/>\n\t<meta property=\"og:image:height\" content=\"1608\" \/>\n\t<meta property=\"og:image:type\" content=\"image\/jpeg\" \/>\n<meta name=\"author\" content=\"Laura Hern\u00e1ndez\" \/>\n<meta name=\"twitter:card\" content=\"summary_large_image\" \/>\n<meta name=\"twitter:creator\" content=\"@FutbolHoyCol\" \/>\n<meta name=\"twitter:site\" content=\"@FutbolHoyCol\" \/>\n<meta name=\"twitter:label1\" content=\"Escrito por\" \/>\n\t<meta name=\"twitter:data1\" content=\"Laura Hern\u00e1ndez\" \/>\n\t<meta name=\"twitter:label2\" content=\"Tiempo de lectura\" \/>\n\t<meta name=\"twitter:data2\" content=\"1 minuto\" \/>\n<script type=\"application\/ld+json\" class=\"yoast-schema-graph\">{\"@context\":\"https:\/\/schema.org\",\"@graph\":[{\"@type\":\"Article\",\"@id\":\"https:\/\/futbolhoy.co\/index.php\/2022\/03\/28\/nacional-y-santa-fe-duelo-de-numeros-en-la-13\/#article\",\"isPartOf\":{\"@id\":\"https:\/\/futbolhoy.co\/index.php\/2022\/03\/28\/nacional-y-santa-fe-duelo-de-numeros-en-la-13\/\"},\"author\":{\"name\":\"Laura Hern\u00e1ndez\",\"@id\":\"https:\/\/futbolhoy.co\/#\/schema\/person\/c4a353a512b127643723a34bb1812f7d\"},\"headline\":\"Nacional y Santa Fe, duelo de n\u00fameros en la 13\",\"datePublished\":\"2022-03-28T14:22:18+00:00\",\"dateModified\":\"2022-03-29T00:28:59+00:00\",\"mainEntityOfPage\":{\"@id\":\"https:\/\/futbolhoy.co\/index.php\/2022\/03\/28\/nacional-y-santa-fe-duelo-de-numeros-en-la-13\/\"},\"wordCount\":236,\"commentCount\":0,\"publisher\":{\"@id\":\"https:\/\/futbolhoy.co\/#organization\"},\"image\":{\"@id\":\"https:\/\/futbolhoy.co\/index.php\/2022\/03\/28\/nacional-y-santa-fe-duelo-de-numeros-en-la-13\/#primaryimage\"},\"thumbnailUrl\":\"https:\/\/futbolhoy.co\/wp-content\/uploads\/2022\/03\/nPxYV4G0.jpeg\",\"keywords\":[\"La Equidad\",\"Liga Betplay\",\"Nacional\",\"Pasto\",\"Santa Fe\"],\"articleSection\":[\"Liga BetPlay\"],\"inLanguage\":\"es\",\"potentialAction\":[{\"@type\":\"CommentAction\",\"name\":\"Comment\",\"target\":[\"https:\/\/futbolhoy.co\/index.php\/2022\/03\/28\/nacional-y-santa-fe-duelo-de-numeros-en-la-13\/#respond\"]}]},{\"@type\":\"WebPage\",\"@id\":\"https:\/\/futbolhoy.co\/index.php\/2022\/03\/28\/nacional-y-santa-fe-duelo-de-numeros-en-la-13\/\",\"url\":\"https:\/\/futbolhoy.co\/index.php\/2022\/03\/28\/nacional-y-santa-fe-duelo-de-numeros-en-la-13\/\",\"name\":\"Nacional y Santa Fe, duelo de n\u00fameros en la 13 -\",\"isPartOf\":{\"@id\":\"https:\/\/futbolhoy.co\/#website\"},\"primaryImageOfPage\":{\"@id\":\"https:\/\/futbolhoy.co\/index.php\/2022\/03\/28\/nacional-y-santa-fe-duelo-de-numeros-en-la-13\/#primaryimage\"},\"image\":{\"@id\":\"https:\/\/futbolhoy.co\/index.php\/2022\/03\/28\/nacional-y-santa-fe-duelo-de-numeros-en-la-13\/#primaryimage\"},\"thumbnailUrl\":\"https:\/\/futbolhoy.co\/wp-content\/uploads\/2022\/03\/nPxYV4G0.jpeg\",\"datePublished\":\"2022-03-28T14:22:18+00:00\",\"dateModified\":\"2022-03-29T00:28:59+00:00\",\"breadcrumb\":{\"@id\":\"https:\/\/futbolhoy.co\/index.php\/2022\/03\/28\/nacional-y-santa-fe-duelo-de-numeros-en-la-13\/#breadcrumb\"},\"inLanguage\":\"es\",\"potentialAction\":[{\"@type\":\"ReadAction\",\"target\":[\"https:\/\/futbolhoy.co\/index.php\/2022\/03\/28\/nacional-y-santa-fe-duelo-de-numeros-en-la-13\/\"]}]},{\"@type\":\"ImageObject\",\"inLanguage\":\"es\",\"@id\":\"https:\/\/futbolhoy.co\/index.php\/2022\/03\/28\/nacional-y-santa-fe-duelo-de-numeros-en-la-13\/#primaryimage\",\"url\":\"https:\/\/futbolhoy.co\/wp-content\/uploads\/2022\/03\/nPxYV4G0.jpeg\",\"contentUrl\":\"https:\/\/futbolhoy.co\/wp-content\/uploads\/2022\/03\/nPxYV4G0.jpeg\",\"width\":2400,\"height\":1608},{\"@type\":\"BreadcrumbList\",\"@id\":\"https:\/\/futbolhoy.co\/index.php\/2022\/03\/28\/nacional-y-santa-fe-duelo-de-numeros-en-la-13\/#breadcrumb\",\"itemListElement\":[{\"@type\":\"ListItem\",\"position\":1,\"name\":\"Portada\",\"item\":\"https:\/\/futbolhoy.co\/\"},{\"@type\":\"ListItem\",\"position\":2,\"name\":\"Nacional y Santa Fe, duelo de n\u00fameros en la 13\"}]},{\"@type\":\"WebSite\",\"@id\":\"https:\/\/futbolhoy.co\/#website\",\"url\":\"https:\/\/futbolhoy.co\/\",\"name\":\"FutbolHoy\",\"description\":\"\",\"publisher\":{\"@id\":\"https:\/\/futbolhoy.co\/#organization\"},\"potentialAction\":[{\"@type\":\"SearchAction\",\"target\":{\"@type\":\"EntryPoint\",\"urlTemplate\":\"https:\/\/futbolhoy.co\/?s={search_term_string}\"},\"query-input\":{\"@type\":\"PropertyValueSpecification\",\"valueRequired\":true,\"valueName\":\"search_term_string\"}}],\"inLanguage\":\"es\"},{\"@type\":\"Organization\",\"@id\":\"https:\/\/futbolhoy.co\/#organization\",\"name\":\"Futbolhoy.co\",\"url\":\"https:\/\/futbolhoy.co\/\",\"logo\":{\"@type\":\"ImageObject\",\"inLanguage\":\"es\",\"@id\":\"https:\/\/futbolhoy.co\/#\/schema\/logo\/image\/\",\"url\":\"https:\/\/futbolhoy.co\/wp-content\/uploads\/2018\/08\/17426380_1906371736249227_6326180412931521141_n.jpg\",\"contentUrl\":\"https:\/\/futbolhoy.co\/wp-content\/uploads\/2018\/08\/17426380_1906371736249227_6326180412931521141_n.jpg\",\"width\":960,\"height\":960,\"caption\":\"Futbolhoy.co\"},\"image\":{\"@id\":\"https:\/\/futbolhoy.co\/#\/schema\/logo\/image\/\"},\"sameAs\":[\"https:\/\/www.facebook.com\/FutbolHoyCol\/\",\"https:\/\/x.com\/FutbolHoyCol\",\"https:\/\/www.instagram.com\/futbolhoycol\/\"]},{\"@type\":\"Person\",\"@id\":\"https:\/\/futbolhoy.co\/#\/schema\/person\/c4a353a512b127643723a34bb1812f7d\",\"name\":\"Laura Hern\u00e1ndez\",\"image\":{\"@type\":\"ImageObject\",\"inLanguage\":\"es\",\"@id\":\"https:\/\/futbolhoy.co\/#\/schema\/person\/image\/\",\"url\":\"https:\/\/secure.gravatar.com\/avatar\/d25959a15b9b293a743f99181c7cfd01?s=96&d=mm&r=g\",\"contentUrl\":\"https:\/\/secure.gravatar.com\/avatar\/d25959a15b9b293a743f99181c7cfd01?s=96&d=mm&r=g\",\"caption\":\"Laura Hern\u00e1ndez\"}}]}<\/script>\n<!-- \/ Yoast SEO plugin. -->","yoast_head_json":{"title":"Nacional y Santa Fe, duelo de n\u00fameros en la 13 -","robots":{"index":"index","follow":"follow","max-snippet":"max-snippet:-1","max-image-preview":"max-image-preview:large","max-video-preview":"max-video-preview:-1"},"canonical":"https:\/\/futbolhoy.co\/index.php\/2022\/03\/28\/nacional-y-santa-fe-duelo-de-numeros-en-la-13\/","og_locale":"es_ES","og_type":"article","og_title":"Nacional y Santa Fe, duelo de n\u00fameros en la 13 -","og_description":"Pasto\u2013La Equidad \u2022 Los dos equipos han empatado en sus \u00faltimos tres enfrentamientos en Liga y podr\u00edan encadenar cuatro haci\u00e9ndolo por primera vez en la historia del f\u00fatbol colombiano. \u2022 Los nari\u00f1enses han marcado gol en sus \u00faltimos tres partidos como local en este campeonato (5 en total) y podr\u00eda enlazar cuatro compromisos en casa [&hellip;]","og_url":"https:\/\/futbolhoy.co\/index.php\/2022\/03\/28\/nacional-y-santa-fe-duelo-de-numeros-en-la-13\/","article_publisher":"https:\/\/www.facebook.com\/FutbolHoyCol\/","article_published_time":"2022-03-28T14:22:18+00:00","article_modified_time":"2022-03-29T00:28:59+00:00","og_image":[{"width":2400,"height":1608,"url":"https:\/\/futbolhoy.co\/wp-content\/uploads\/2022\/03\/nPxYV4G0.jpeg","type":"image\/jpeg"}],"author":"Laura Hern\u00e1ndez","twitter_card":"summary_large_image","twitter_creator":"@FutbolHoyCol","twitter_site":"@FutbolHoyCol","twitter_misc":{"Escrito por":"Laura Hern\u00e1ndez","Tiempo de lectura":"1 minuto"},"schema":{"@context":"https:\/\/schema.org","@graph":[{"@type":"Article","@id":"https:\/\/futbolhoy.co\/index.php\/2022\/03\/28\/nacional-y-santa-fe-duelo-de-numeros-en-la-13\/#article","isPartOf":{"@id":"https:\/\/futbolhoy.co\/index.php\/2022\/03\/28\/nacional-y-santa-fe-duelo-de-numeros-en-la-13\/"},"author":{"name":"Laura Hern\u00e1ndez","@id":"https:\/\/futbolhoy.co\/#\/schema\/person\/c4a353a512b127643723a34bb1812f7d"},"headline":"Nacional y Santa Fe, duelo de n\u00fameros en la 13","datePublished":"2022-03-28T14:22:18+00:00","dateModified":"2022-03-29T00:28:59+00:00","mainEntityOfPage":{"@id":"https:\/\/futbolhoy.co\/index.php\/2022\/03\/28\/nacional-y-santa-fe-duelo-de-numeros-en-la-13\/"},"wordCount":236,"commentCount":0,"publisher":{"@id":"https:\/\/futbolhoy.co\/#organization"},"image":{"@id":"https:\/\/futbolhoy.co\/index.php\/2022\/03\/28\/nacional-y-santa-fe-duelo-de-numeros-en-la-13\/#primaryimage"},"thumbnailUrl":"https:\/\/futbolhoy.co\/wp-content\/uploads\/2022\/03\/nPxYV4G0.jpeg","keywords":["La Equidad","Liga Betplay","Nacional","Pasto","Santa Fe"],"articleSection":["Liga BetPlay"],"inLanguage":"es","potentialAction":[{"@type":"CommentAction","name":"Comment","target":["https:\/\/futbolhoy.co\/index.php\/2022\/03\/28\/nacional-y-santa-fe-duelo-de-numeros-en-la-13\/#respond"]}]},{"@type":"WebPage","@id":"https:\/\/futbolhoy.co\/index.php\/2022\/03\/28\/nacional-y-santa-fe-duelo-de-numeros-en-la-13\/","url":"https:\/\/futbolhoy.co\/index.php\/2022\/03\/28\/nacional-y-santa-fe-duelo-de-numeros-en-la-13\/","name":"Nacional y Santa Fe, duelo de n\u00fameros en la 13 -","isPartOf":{"@id":"https:\/\/futbolhoy.co\/#website"},"primaryImageOfPage":{"@id":"https:\/\/futbolhoy.co\/index.php\/2022\/03\/28\/nacional-y-santa-fe-duelo-de-numeros-en-la-13\/#primaryimage"},"image":{"@id":"https:\/\/futbolhoy.co\/index.php\/2022\/03\/28\/nacional-y-santa-fe-duelo-de-numeros-en-la-13\/#primaryimage"},"thumbnailUrl":"https:\/\/futbolhoy.co\/wp-content\/uploads\/2022\/03\/nPxYV4G0.jpeg","datePublished":"2022-03-28T14:22:18+00:00","dateModified":"2022-03-29T00:28:59+00:00","breadcrumb":{"@id":"https:\/\/futbolhoy.co\/index.php\/2022\/03\/28\/nacional-y-santa-fe-duelo-de-numeros-en-la-13\/#breadcrumb"},"inLanguage":"es","potentialAction":[{"@type":"ReadAction","target":["https:\/\/futbolhoy.co\/index.php\/2022\/03\/28\/nacional-y-santa-fe-duelo-de-numeros-en-la-13\/"]}]},{"@type":"ImageObject","inLanguage":"es","@id":"https:\/\/futbolhoy.co\/index.php\/2022\/03\/28\/nacional-y-santa-fe-duelo-de-numeros-en-la-13\/#primaryimage","url":"https:\/\/futbolhoy.co\/wp-content\/uploads\/2022\/03\/nPxYV4G0.jpeg","contentUrl":"https:\/\/futbolhoy.co\/wp-content\/uploads\/2022\/03\/nPxYV4G0.jpeg","width":2400,"height":1608},{"@type":"BreadcrumbList","@id":"https:\/\/futbolhoy.co\/index.php\/2022\/03\/28\/nacional-y-santa-fe-duelo-de-numeros-en-la-13\/#breadcrumb","itemListElement":[{"@type":"ListItem","position":1,"name":"Portada","item":"https:\/\/futbolhoy.co\/"},{"@type":"ListItem","position":2,"name":"Nacional y Santa Fe, duelo de n\u00fameros en la 13"}]},{"@type":"WebSite","@id":"https:\/\/futbolhoy.co\/#website","url":"https:\/\/futbolhoy.co\/","name":"FutbolHoy","description":"","publisher":{"@id":"https:\/\/futbolhoy.co\/#organization"},"potentialAction":[{"@type":"SearchAction","target":{"@type":"EntryPoint","urlTemplate":"https:\/\/futbolhoy.co\/?s={search_term_string}"},"query-input":{"@type":"PropertyValueSpecification","valueRequired":true,"valueName":"search_term_string"}}],"inLanguage":"es"},{"@type":"Organization","@id":"https:\/\/futbolhoy.co\/#organization","name":"Futbolhoy.co","url":"https:\/\/futbolhoy.co\/","logo":{"@type":"ImageObject","inLanguage":"es","@id":"https:\/\/futbolhoy.co\/#\/schema\/logo\/image\/","url":"https:\/\/futbolhoy.co\/wp-content\/uploads\/2018\/08\/17426380_1906371736249227_6326180412931521141_n.jpg","contentUrl":"https:\/\/futbolhoy.co\/wp-content\/uploads\/2018\/08\/17426380_1906371736249227_6326180412931521141_n.jpg","width":960,"height":960,"caption":"Futbolhoy.co"},"image":{"@id":"https:\/\/futbolhoy.co\/#\/schema\/logo\/image\/"},"sameAs":["https:\/\/www.facebook.com\/FutbolHoyCol\/","https:\/\/x.com\/FutbolHoyCol","https:\/\/www.instagram.com\/futbolhoycol\/"]},{"@type":"Person","@id":"https:\/\/futbolhoy.co\/#\/schema\/person\/c4a353a512b127643723a34bb1812f7d","name":"Laura Hern\u00e1ndez","image":{"@type":"ImageObject","inLanguage":"es","@id":"https:\/\/futbolhoy.co\/#\/schema\/person\/image\/","url":"https:\/\/secure.gravatar.com\/avatar\/d25959a15b9b293a743f99181c7cfd01?s=96&d=mm&r=g","contentUrl":"https:\/\/secure.gravatar.com\/avatar\/d25959a15b9b293a743f99181c7cfd01?s=96&d=mm&r=g","caption":"Laura Hern\u00e1ndez"}}]}},"publishpress_future_action":{"enabled":false,"date":"2026-05-06 04:27:36","action":"change-status","newStatus":"draft","terms":[],"taxonomy":"category","extraData":[]},"publishpress_future_workflow_manual_trigger":{"enabledWorkflows":[]},"_links":{"self":[{"href":"https:\/\/futbolhoy.co\/index.php\/wp-json\/wp\/v2\/posts\/77910","targetHints":{"allow":["GET"]}}],"collection":[{"href":"https:\/\/futbolhoy.co\/index.php\/wp-json\/wp\/v2\/posts"}],"about":[{"href":"https:\/\/futbolhoy.co\/index.php\/wp-json\/wp\/v2\/types\/post"}],"author":[{"embeddable":true,"href":"https:\/\/futbolhoy.co\/index.php\/wp-json\/wp\/v2\/users\/5"}],"replies":[{"embeddable":true,"href":"https:\/\/futbolhoy.co\/index.php\/wp-json\/wp\/v2\/comments?post=77910"}],"version-history":[{"count":2,"href":"https:\/\/futbolhoy.co\/index.php\/wp-json\/wp\/v2\/posts\/77910\/revisions"}],"predecessor-version":[{"id":77930,"href":"https:\/\/futbolhoy.co\/index.php\/wp-json\/wp\/v2\/posts\/77910\/revisions\/77930"}],"wp:featuredmedia":[{"embeddable":true,"href":"https:\/\/futbolhoy.co\/index.php\/wp-json\/wp\/v2\/media\/77911"}],"wp:attachment":[{"href":"https:\/\/futbolhoy.co\/index.php\/wp-json\/wp\/v2\/media?parent=77910"}],"wp:term":[{"taxonomy":"category","embeddable":true,"href":"https:\/\/futbolhoy.co\/index.php\/wp-json\/wp\/v2\/categories?post=77910"},{"taxonomy":"post_tag","embeddable":true,"href":"https:\/\/futbolhoy.co\/index.php\/wp-json\/wp\/v2\/tags?post=77910"}],"curies":[{"name":"wp","href":"https:\/\/api.w.org\/{rel}","templated":true}]}}