{"id":77914,"date":"2022-03-28T09:53:49","date_gmt":"2022-03-28T14:53:49","guid":{"rendered":"https:\/\/futbolhoy.co\/?p=77914"},"modified":"2023-05-08T18:20:30","modified_gmt":"2023-05-08T23:20:30","slug":"zapata-en-la-recta-final-de-su-recuperacion","status":"publish","type":"post","link":"https:\/\/futbolhoy.co\/index.php\/2022\/03\/28\/zapata-en-la-recta-final-de-su-recuperacion\/","title":{"rendered":"Zapata, en la recta final de su recuperaci\u00f3n"},"content":{"rendered":"<p style=\"text-align: justify;\"><span style=\"font-family: helvetica, arial, sans-serif;\">El delantero caucano <strong>Duv\u00e1n Zapata,<\/strong> quien est\u00e1 por fuera de los entrenamientos desde principios febrero, se sumar\u00e1 esta semana a los trabajos del <strong>Atalanta<\/strong> de <strong>Italia,<\/strong> confirm\u00f3 el director general del club <strong>Luca Percassi.<\/strong><\/span><\/p>\n<p style=\"text-align: justify;\"><span style=\"font-family: helvetica, arial, sans-serif;\">\u201cA finales de mes, Duv\u00e1n Zapata estar\u00e1 trabajando definitivamente en <strong>Zingonia<\/strong> (complejo deportivo del club). Comenzar\u00e1 su reinserci\u00f3n en el grupo. En Sevilla ya ha trabajado sobre el c\u00e9sped y con bal\u00f3n, hacerlo aqu\u00ed con sus compa\u00f1eros ser\u00e1 diferente y all\u00ed entenderemos los tiempos de recuperaci\u00f3n\u201d, sostuvo el CEO de club de <strong>B\u00e9rgamo.<\/strong><\/span><\/p>\n<p style=\"text-align: justify;\"><span style=\"font-family: helvetica, arial, sans-serif;\">El colombiano adelant\u00f3 la \u00faltima parte de su recuperaci\u00f3n es Espa\u00f1a, donde tambi\u00e9n realiz\u00f3 trabajos individuales de campo.<\/span><\/p>\n<p style=\"text-align: justify;\"><span style=\"font-family: helvetica, arial, sans-serif;\">Duv\u00e1n sufri\u00f3 una ruptura en su aductor, durante el juego frente al <strong>Cagliari<\/strong> (6 de febrero). Desde entonces se ha perdido 10 partidos entre la <strong>Serie A<\/strong> y la <strong>Liga de Europa.<\/strong><\/span><\/p>\n","protected":false},"excerpt":{"rendered":"<p>El delantero caucano Duv\u00e1n Zapata, quien est\u00e1 por fuera de los entrenamientos desde principios febrero, se sumar\u00e1 esta semana a los trabajos del Atalanta de Italia, confirm\u00f3 el director general del club Luca Percassi. \u201cA finales de mes, Duv\u00e1n Zapata estar\u00e1 trabajando definitivamente en Zingonia (complejo deportivo del club). Comenzar\u00e1 su reinserci\u00f3n en el grupo. [&hellip;]<\/p>\n","protected":false},"author":5,"featured_media":72686,"comment_status":"open","ping_status":"closed","sticky":false,"template":"","format":"standard","meta":{"_acf_changed":false,"footnotes":""},"categories":[418],"tags":[889,154],"class_list":["post-77914","post","type-post","status-publish","format-standard","has-post-thumbnail","category-colombia","tag-atalanta","tag-duvan-zapata"],"acf":[],"yoast_head":"<!-- This site is optimized with the Yoast SEO plugin v28.4 - https:\/\/yoast.com\/product\/yoast-seo-wordpress\/ -->\n<title>Zapata, en la recta final de su recuperaci\u00f3n -<\/title>\n<meta name=\"robots\" content=\"index, follow, max-snippet:-1, max-image-preview:large, max-video-preview:-1\" \/>\n<link rel=\"canonical\" href=\"https:\/\/futbolhoy.co\/index.php\/2022\/03\/28\/zapata-en-la-recta-final-de-su-recuperacion\/\" \/>\n<meta property=\"og:locale\" content=\"es_ES\" \/>\n<meta property=\"og:type\" content=\"article\" \/>\n<meta property=\"og:title\" content=\"Zapata, en la recta final de su recuperaci\u00f3n -\" \/>\n<meta property=\"og:description\" content=\"El delantero caucano Duv\u00e1n Zapata, quien est\u00e1 por fuera de los entrenamientos desde principios febrero, se sumar\u00e1 esta semana a los trabajos del Atalanta de Italia, confirm\u00f3 el director general del club Luca Percassi. \u201cA finales de mes, Duv\u00e1n Zapata estar\u00e1 trabajando definitivamente en Zingonia (complejo deportivo del club). Comenzar\u00e1 su reinserci\u00f3n en el grupo. [&hellip;]\" \/>\n<meta property=\"og:url\" content=\"https:\/\/futbolhoy.co\/index.php\/2022\/03\/28\/zapata-en-la-recta-final-de-su-recuperacion\/\" \/>\n<meta property=\"article:publisher\" content=\"https:\/\/www.facebook.com\/FutbolHoyCol\/\" \/>\n<meta property=\"article:published_time\" content=\"2022-03-28T14:53:49+00:00\" \/>\n<meta property=\"article:modified_time\" content=\"2023-05-08T23:20:30+00:00\" \/>\n<meta property=\"og:image\" content=\"https:\/\/futbolhoy.co\/wp-content\/uploads\/2021\/11\/zapata.jpeg\" \/>\n\t<meta property=\"og:image:width\" content=\"680\" \/>\n\t<meta property=\"og:image:height\" content=\"510\" \/>\n\t<meta property=\"og:image:type\" content=\"image\/jpeg\" \/>\n<meta name=\"author\" content=\"Laura Hern\u00e1ndez\" \/>\n<meta name=\"twitter:card\" content=\"summary_large_image\" \/>\n<meta name=\"twitter:creator\" content=\"@FutbolHoyCol\" \/>\n<meta name=\"twitter:site\" content=\"@FutbolHoyCol\" \/>\n<meta name=\"twitter:label1\" content=\"Escrito por\" \/>\n\t<meta name=\"twitter:data1\" content=\"Laura Hern\u00e1ndez\" \/>\n\t<meta name=\"twitter:label2\" content=\"Tiempo de lectura\" \/>\n\t<meta name=\"twitter:data2\" content=\"1 minuto\" \/>\n<script type=\"application\/ld+json\" class=\"yoast-schema-graph\">{\"@context\":\"https:\\\/\\\/schema.org\",\"@graph\":[{\"@type\":\"Article\",\"@id\":\"https:\\\/\\\/futbolhoy.co\\\/index.php\\\/2022\\\/03\\\/28\\\/zapata-en-la-recta-final-de-su-recuperacion\\\/#article\",\"isPartOf\":{\"@id\":\"https:\\\/\\\/futbolhoy.co\\\/index.php\\\/2022\\\/03\\\/28\\\/zapata-en-la-recta-final-de-su-recuperacion\\\/\"},\"author\":{\"name\":\"Laura Hern\u00e1ndez\",\"@id\":\"https:\\\/\\\/futbolhoy.co\\\/#\\\/schema\\\/person\\\/c4a353a512b127643723a34bb1812f7d\"},\"headline\":\"Zapata, en la recta final de su recuperaci\u00f3n\",\"datePublished\":\"2022-03-28T14:53:49+00:00\",\"dateModified\":\"2023-05-08T23:20:30+00:00\",\"mainEntityOfPage\":{\"@id\":\"https:\\\/\\\/futbolhoy.co\\\/index.php\\\/2022\\\/03\\\/28\\\/zapata-en-la-recta-final-de-su-recuperacion\\\/\"},\"wordCount\":156,\"commentCount\":0,\"image\":{\"@id\":\"https:\\\/\\\/futbolhoy.co\\\/index.php\\\/2022\\\/03\\\/28\\\/zapata-en-la-recta-final-de-su-recuperacion\\\/#primaryimage\"},\"thumbnailUrl\":\"https:\\\/\\\/futbolhoy.co\\\/wp-content\\\/uploads\\\/2021\\\/11\\\/zapata.jpeg\",\"keywords\":[\"Atalanta\",\"Duv\u00e1n Zapata\"],\"articleSection\":[\"Colombia\"],\"inLanguage\":\"es\",\"potentialAction\":[{\"@type\":\"CommentAction\",\"name\":\"Comment\",\"target\":[\"https:\\\/\\\/futbolhoy.co\\\/index.php\\\/2022\\\/03\\\/28\\\/zapata-en-la-recta-final-de-su-recuperacion\\\/#respond\"]}]},{\"@type\":\"WebPage\",\"@id\":\"https:\\\/\\\/futbolhoy.co\\\/index.php\\\/2022\\\/03\\\/28\\\/zapata-en-la-recta-final-de-su-recuperacion\\\/\",\"url\":\"https:\\\/\\\/futbolhoy.co\\\/index.php\\\/2022\\\/03\\\/28\\\/zapata-en-la-recta-final-de-su-recuperacion\\\/\",\"name\":\"Zapata, en la recta final de su recuperaci\u00f3n -\",\"isPartOf\":{\"@id\":\"https:\\\/\\\/futbolhoy.co\\\/#website\"},\"primaryImageOfPage\":{\"@id\":\"https:\\\/\\\/futbolhoy.co\\\/index.php\\\/2022\\\/03\\\/28\\\/zapata-en-la-recta-final-de-su-recuperacion\\\/#primaryimage\"},\"image\":{\"@id\":\"https:\\\/\\\/futbolhoy.co\\\/index.php\\\/2022\\\/03\\\/28\\\/zapata-en-la-recta-final-de-su-recuperacion\\\/#primaryimage\"},\"thumbnailUrl\":\"https:\\\/\\\/futbolhoy.co\\\/wp-content\\\/uploads\\\/2021\\\/11\\\/zapata.jpeg\",\"datePublished\":\"2022-03-28T14:53:49+00:00\",\"dateModified\":\"2023-05-08T23:20:30+00:00\",\"author\":{\"@id\":\"https:\\\/\\\/futbolhoy.co\\\/#\\\/schema\\\/person\\\/c4a353a512b127643723a34bb1812f7d\"},\"breadcrumb\":{\"@id\":\"https:\\\/\\\/futbolhoy.co\\\/index.php\\\/2022\\\/03\\\/28\\\/zapata-en-la-recta-final-de-su-recuperacion\\\/#breadcrumb\"},\"inLanguage\":\"es\",\"potentialAction\":[{\"@type\":\"ReadAction\",\"target\":[\"https:\\\/\\\/futbolhoy.co\\\/index.php\\\/2022\\\/03\\\/28\\\/zapata-en-la-recta-final-de-su-recuperacion\\\/\"]}]},{\"@type\":\"ImageObject\",\"inLanguage\":\"es\",\"@id\":\"https:\\\/\\\/futbolhoy.co\\\/index.php\\\/2022\\\/03\\\/28\\\/zapata-en-la-recta-final-de-su-recuperacion\\\/#primaryimage\",\"url\":\"https:\\\/\\\/futbolhoy.co\\\/wp-content\\\/uploads\\\/2021\\\/11\\\/zapata.jpeg\",\"contentUrl\":\"https:\\\/\\\/futbolhoy.co\\\/wp-content\\\/uploads\\\/2021\\\/11\\\/zapata.jpeg\",\"width\":680,\"height\":510},{\"@type\":\"BreadcrumbList\",\"@id\":\"https:\\\/\\\/futbolhoy.co\\\/index.php\\\/2022\\\/03\\\/28\\\/zapata-en-la-recta-final-de-su-recuperacion\\\/#breadcrumb\",\"itemListElement\":[{\"@type\":\"ListItem\",\"position\":1,\"name\":\"Portada\",\"item\":\"https:\\\/\\\/futbolhoy.co\\\/\"},{\"@type\":\"ListItem\",\"position\":2,\"name\":\"Zapata, en la recta final de su recuperaci\u00f3n\"}]},{\"@type\":\"WebSite\",\"@id\":\"https:\\\/\\\/futbolhoy.co\\\/#website\",\"url\":\"https:\\\/\\\/futbolhoy.co\\\/\",\"name\":\"FutbolHoy\",\"description\":\"\",\"potentialAction\":[{\"@type\":\"SearchAction\",\"target\":{\"@type\":\"EntryPoint\",\"urlTemplate\":\"https:\\\/\\\/futbolhoy.co\\\/?s={search_term_string}\"},\"query-input\":{\"@type\":\"PropertyValueSpecification\",\"valueRequired\":true,\"valueName\":\"search_term_string\"}}],\"inLanguage\":\"es\"},{\"@type\":\"Person\",\"@id\":\"https:\\\/\\\/futbolhoy.co\\\/#\\\/schema\\\/person\\\/c4a353a512b127643723a34bb1812f7d\",\"name\":\"Laura Hern\u00e1ndez\",\"image\":{\"@type\":\"ImageObject\",\"inLanguage\":\"es\",\"@id\":\"https:\\\/\\\/secure.gravatar.com\\\/avatar\\\/1ae6b7966942c60c822ea71afe0e5cf4105b8e983193883c6d026db4d508431d?s=96&d=mm&r=g\",\"url\":\"https:\\\/\\\/secure.gravatar.com\\\/avatar\\\/1ae6b7966942c60c822ea71afe0e5cf4105b8e983193883c6d026db4d508431d?s=96&d=mm&r=g\",\"contentUrl\":\"https:\\\/\\\/secure.gravatar.com\\\/avatar\\\/1ae6b7966942c60c822ea71afe0e5cf4105b8e983193883c6d026db4d508431d?s=96&d=mm&r=g\",\"caption\":\"Laura Hern\u00e1ndez\"}}]}<\/script>\n<!-- \/ Yoast SEO plugin. -->","yoast_head_json":{"title":"Zapata, en la recta final de su recuperaci\u00f3n -","robots":{"index":"index","follow":"follow","max-snippet":"max-snippet:-1","max-image-preview":"max-image-preview:large","max-video-preview":"max-video-preview:-1"},"canonical":"https:\/\/futbolhoy.co\/index.php\/2022\/03\/28\/zapata-en-la-recta-final-de-su-recuperacion\/","og_locale":"es_ES","og_type":"article","og_title":"Zapata, en la recta final de su recuperaci\u00f3n -","og_description":"El delantero caucano Duv\u00e1n Zapata, quien est\u00e1 por fuera de los entrenamientos desde principios febrero, se sumar\u00e1 esta semana a los trabajos del Atalanta de Italia, confirm\u00f3 el director general del club Luca Percassi. \u201cA finales de mes, Duv\u00e1n Zapata estar\u00e1 trabajando definitivamente en Zingonia (complejo deportivo del club). Comenzar\u00e1 su reinserci\u00f3n en el grupo. [&hellip;]","og_url":"https:\/\/futbolhoy.co\/index.php\/2022\/03\/28\/zapata-en-la-recta-final-de-su-recuperacion\/","article_publisher":"https:\/\/www.facebook.com\/FutbolHoyCol\/","article_published_time":"2022-03-28T14:53:49+00:00","article_modified_time":"2023-05-08T23:20:30+00:00","og_image":[{"width":680,"height":510,"url":"https:\/\/futbolhoy.co\/wp-content\/uploads\/2021\/11\/zapata.jpeg","type":"image\/jpeg"}],"author":"Laura Hern\u00e1ndez","twitter_card":"summary_large_image","twitter_creator":"@FutbolHoyCol","twitter_site":"@FutbolHoyCol","twitter_misc":{"Escrito por":"Laura Hern\u00e1ndez","Tiempo de lectura":"1 minuto"},"schema":{"@context":"https:\/\/schema.org","@graph":[{"@type":"Article","@id":"https:\/\/futbolhoy.co\/index.php\/2022\/03\/28\/zapata-en-la-recta-final-de-su-recuperacion\/#article","isPartOf":{"@id":"https:\/\/futbolhoy.co\/index.php\/2022\/03\/28\/zapata-en-la-recta-final-de-su-recuperacion\/"},"author":{"name":"Laura Hern\u00e1ndez","@id":"https:\/\/futbolhoy.co\/#\/schema\/person\/c4a353a512b127643723a34bb1812f7d"},"headline":"Zapata, en la recta final de su recuperaci\u00f3n","datePublished":"2022-03-28T14:53:49+00:00","dateModified":"2023-05-08T23:20:30+00:00","mainEntityOfPage":{"@id":"https:\/\/futbolhoy.co\/index.php\/2022\/03\/28\/zapata-en-la-recta-final-de-su-recuperacion\/"},"wordCount":156,"commentCount":0,"image":{"@id":"https:\/\/futbolhoy.co\/index.php\/2022\/03\/28\/zapata-en-la-recta-final-de-su-recuperacion\/#primaryimage"},"thumbnailUrl":"https:\/\/futbolhoy.co\/wp-content\/uploads\/2021\/11\/zapata.jpeg","keywords":["Atalanta","Duv\u00e1n Zapata"],"articleSection":["Colombia"],"inLanguage":"es","potentialAction":[{"@type":"CommentAction","name":"Comment","target":["https:\/\/futbolhoy.co\/index.php\/2022\/03\/28\/zapata-en-la-recta-final-de-su-recuperacion\/#respond"]}]},{"@type":"WebPage","@id":"https:\/\/futbolhoy.co\/index.php\/2022\/03\/28\/zapata-en-la-recta-final-de-su-recuperacion\/","url":"https:\/\/futbolhoy.co\/index.php\/2022\/03\/28\/zapata-en-la-recta-final-de-su-recuperacion\/","name":"Zapata, en la recta final de su recuperaci\u00f3n -","isPartOf":{"@id":"https:\/\/futbolhoy.co\/#website"},"primaryImageOfPage":{"@id":"https:\/\/futbolhoy.co\/index.php\/2022\/03\/28\/zapata-en-la-recta-final-de-su-recuperacion\/#primaryimage"},"image":{"@id":"https:\/\/futbolhoy.co\/index.php\/2022\/03\/28\/zapata-en-la-recta-final-de-su-recuperacion\/#primaryimage"},"thumbnailUrl":"https:\/\/futbolhoy.co\/wp-content\/uploads\/2021\/11\/zapata.jpeg","datePublished":"2022-03-28T14:53:49+00:00","dateModified":"2023-05-08T23:20:30+00:00","author":{"@id":"https:\/\/futbolhoy.co\/#\/schema\/person\/c4a353a512b127643723a34bb1812f7d"},"breadcrumb":{"@id":"https:\/\/futbolhoy.co\/index.php\/2022\/03\/28\/zapata-en-la-recta-final-de-su-recuperacion\/#breadcrumb"},"inLanguage":"es","potentialAction":[{"@type":"ReadAction","target":["https:\/\/futbolhoy.co\/index.php\/2022\/03\/28\/zapata-en-la-recta-final-de-su-recuperacion\/"]}]},{"@type":"ImageObject","inLanguage":"es","@id":"https:\/\/futbolhoy.co\/index.php\/2022\/03\/28\/zapata-en-la-recta-final-de-su-recuperacion\/#primaryimage","url":"https:\/\/futbolhoy.co\/wp-content\/uploads\/2021\/11\/zapata.jpeg","contentUrl":"https:\/\/futbolhoy.co\/wp-content\/uploads\/2021\/11\/zapata.jpeg","width":680,"height":510},{"@type":"BreadcrumbList","@id":"https:\/\/futbolhoy.co\/index.php\/2022\/03\/28\/zapata-en-la-recta-final-de-su-recuperacion\/#breadcrumb","itemListElement":[{"@type":"ListItem","position":1,"name":"Portada","item":"https:\/\/futbolhoy.co\/"},{"@type":"ListItem","position":2,"name":"Zapata, en la recta final de su recuperaci\u00f3n"}]},{"@type":"WebSite","@id":"https:\/\/futbolhoy.co\/#website","url":"https:\/\/futbolhoy.co\/","name":"FutbolHoy","description":"","potentialAction":[{"@type":"SearchAction","target":{"@type":"EntryPoint","urlTemplate":"https:\/\/futbolhoy.co\/?s={search_term_string}"},"query-input":{"@type":"PropertyValueSpecification","valueRequired":true,"valueName":"search_term_string"}}],"inLanguage":"es"},{"@type":"Person","@id":"https:\/\/futbolhoy.co\/#\/schema\/person\/c4a353a512b127643723a34bb1812f7d","name":"Laura Hern\u00e1ndez","image":{"@type":"ImageObject","inLanguage":"es","@id":"https:\/\/secure.gravatar.com\/avatar\/1ae6b7966942c60c822ea71afe0e5cf4105b8e983193883c6d026db4d508431d?s=96&d=mm&r=g","url":"https:\/\/secure.gravatar.com\/avatar\/1ae6b7966942c60c822ea71afe0e5cf4105b8e983193883c6d026db4d508431d?s=96&d=mm&r=g","contentUrl":"https:\/\/secure.gravatar.com\/avatar\/1ae6b7966942c60c822ea71afe0e5cf4105b8e983193883c6d026db4d508431d?s=96&d=mm&r=g","caption":"Laura Hern\u00e1ndez"}}]}},"_links":{"self":[{"href":"https:\/\/futbolhoy.co\/index.php\/wp-json\/wp\/v2\/posts\/77914","targetHints":{"allow":["GET"]}}],"collection":[{"href":"https:\/\/futbolhoy.co\/index.php\/wp-json\/wp\/v2\/posts"}],"about":[{"href":"https:\/\/futbolhoy.co\/index.php\/wp-json\/wp\/v2\/types\/post"}],"author":[{"embeddable":true,"href":"https:\/\/futbolhoy.co\/index.php\/wp-json\/wp\/v2\/users\/5"}],"replies":[{"embeddable":true,"href":"https:\/\/futbolhoy.co\/index.php\/wp-json\/wp\/v2\/comments?post=77914"}],"version-history":[{"count":1,"href":"https:\/\/futbolhoy.co\/index.php\/wp-json\/wp\/v2\/posts\/77914\/revisions"}],"predecessor-version":[{"id":77915,"href":"https:\/\/futbolhoy.co\/index.php\/wp-json\/wp\/v2\/posts\/77914\/revisions\/77915"}],"wp:featuredmedia":[{"embeddable":true,"href":"https:\/\/futbolhoy.co\/index.php\/wp-json\/wp\/v2\/media\/72686"}],"wp:attachment":[{"href":"https:\/\/futbolhoy.co\/index.php\/wp-json\/wp\/v2\/media?parent=77914"}],"wp:term":[{"taxonomy":"category","embeddable":true,"href":"https:\/\/futbolhoy.co\/index.php\/wp-json\/wp\/v2\/categories?post=77914"},{"taxonomy":"post_tag","embeddable":true,"href":"https:\/\/futbolhoy.co\/index.php\/wp-json\/wp\/v2\/tags?post=77914"}],"curies":[{"name":"wp","href":"https:\/\/api.w.org\/{rel}","templated":true}]}}