{"id":77916,"date":"2022-03-28T16:33:12","date_gmt":"2022-03-28T21:33:12","guid":{"rendered":"https:\/\/futbolhoy.co\/?p=77916"},"modified":"2022-03-28T21:46:00","modified_gmt":"2022-03-29T02:46:00","slug":"diaz-la-mejor-contratacion-de-la-premier","status":"publish","type":"post","link":"https:\/\/futbolhoy.co\/index.php\/2022\/03\/28\/diaz-la-mejor-contratacion-de-la-premier\/","title":{"rendered":"D\u00edaz, la mejor contrataci\u00f3n de la Premier"},"content":{"rendered":"<p style=\"text-align: justify;\"><span lang=\"ES-MX\" style=\"font-family: helvetica, arial, sans-serif;\">El extremo colombiano\u00a0<b>Luis D\u00edaz<\/b>\u00a0fue considerado la mejor contrataci\u00f3n de la<b>\u00a0Liga Premier de Inglaterra<\/b>\u00a0durante el mercado invernal, cuando lleg\u00f3 al\u00a0<b>Liverpool<\/b>\u00a0procedente del\u00a0<b>Porto de Portugal<\/b>.<\/span><\/p>\n<p style=\"text-align: justify;\"><span style=\"font-family: helvetica, arial, sans-serif;\"><span lang=\"ES-MX\">\u201cEl colombiano ha encajado perfectamente en el Liverpool desde su llegada en enero, anotando dos veces en seis apariciones en la Premier. Sus impresionantes actuaciones le han valido una serie de elogios, incluido el ex Red,\u00a0<b>Jamie Carragher<\/b>, quien afirm\u00f3 que el Liverpool es favorito para el t\u00edtulo desde su llegada\u201d, public\u00f3 el<\/span><span lang=\"ES-MX\">\u00a0<\/span><b><span lang=\"ES-MX\">Daily Mail<\/span><\/b><span lang=\"ES-MX\">, que calific\u00f3 su vinculaci\u00f3n con 10 sobre 10.<\/span><\/span><\/p>\n<p style=\"text-align: justify;\"><span lang=\"ES-MX\" style=\"font-family: helvetica, arial, sans-serif;\">D\u00edaz ha jugado 6 partidos en la Premier, con el 87 % de precisi\u00f3n de pase y 58 % de precisi\u00f3n de tiro.<\/span><\/p>\n<p style=\"text-align: justify;\"><span lang=\"ES-MX\" style=\"font-family: helvetica, arial, sans-serif;\">Desde la llegada del guajiro, Liverpool ha descontado 10 puntos al l\u00edder del campeonato brit\u00e1nico,\u00a0<b>M\u00e1nchester City<\/b>\u00a0y est\u00e1 a uno solo de la punta, con 9 victorias en l\u00ednea.<\/span><\/p>\n","protected":false},"excerpt":{"rendered":"<p>El extremo colombiano\u00a0Luis D\u00edaz\u00a0fue considerado la mejor contrataci\u00f3n de la\u00a0Liga Premier de Inglaterra\u00a0durante el mercado invernal, cuando lleg\u00f3 al\u00a0Liverpool\u00a0procedente del\u00a0Porto de Portugal. \u201cEl colombiano ha encajado perfectamente en el Liverpool desde su llegada en enero, anotando dos veces en seis apariciones en la Premier. Sus impresionantes actuaciones le han valido una serie de elogios, incluido [&hellip;]<\/p>\n","protected":false},"author":5,"featured_media":77919,"comment_status":"open","ping_status":"open","sticky":false,"template":"","format":"standard","meta":{"_acf_changed":false,"footnotes":""},"categories":[418],"tags":[],"class_list":{"0":"post-77916","1":"post","2":"type-post","3":"status-publish","4":"format-standard","5":"has-post-thumbnail","7":"category-colombia"},"acf":[],"yoast_head":"<!-- This site is optimized with the Yoast SEO plugin v26.8 - https:\/\/yoast.com\/product\/yoast-seo-wordpress\/ -->\n<title>D\u00edaz, la mejor contrataci\u00f3n de la Premier -<\/title>\n<meta name=\"robots\" content=\"index, follow, max-snippet:-1, max-image-preview:large, max-video-preview:-1\" \/>\n<link rel=\"canonical\" href=\"https:\/\/futbolhoy.co\/index.php\/2022\/03\/28\/diaz-la-mejor-contratacion-de-la-premier\/\" \/>\n<meta property=\"og:locale\" content=\"es_ES\" \/>\n<meta property=\"og:type\" content=\"article\" \/>\n<meta property=\"og:title\" content=\"D\u00edaz, la mejor contrataci\u00f3n de la Premier -\" \/>\n<meta property=\"og:description\" content=\"El extremo colombiano\u00a0Luis D\u00edaz\u00a0fue considerado la mejor contrataci\u00f3n de la\u00a0Liga Premier de Inglaterra\u00a0durante el mercado invernal, cuando lleg\u00f3 al\u00a0Liverpool\u00a0procedente del\u00a0Porto de Portugal. \u201cEl colombiano ha encajado perfectamente en el Liverpool desde su llegada en enero, anotando dos veces en seis apariciones en la Premier. Sus impresionantes actuaciones le han valido una serie de elogios, incluido [&hellip;]\" \/>\n<meta property=\"og:url\" content=\"https:\/\/futbolhoy.co\/index.php\/2022\/03\/28\/diaz-la-mejor-contratacion-de-la-premier\/\" \/>\n<meta property=\"article:publisher\" content=\"https:\/\/www.facebook.com\/FutbolHoyCol\/\" \/>\n<meta property=\"article:published_time\" content=\"2022-03-28T21:33:12+00:00\" \/>\n<meta property=\"article:modified_time\" content=\"2022-03-29T02:46:00+00:00\" \/>\n<meta property=\"og:image\" content=\"https:\/\/futbolhoy.co\/wp-content\/uploads\/2022\/03\/FMpNkEhXEAAHCfB.jpg\" \/>\n\t<meta property=\"og:image:width\" content=\"960\" \/>\n\t<meta property=\"og:image:height\" content=\"903\" \/>\n\t<meta property=\"og:image:type\" content=\"image\/jpeg\" \/>\n<meta name=\"author\" content=\"Laura Hern\u00e1ndez\" \/>\n<meta name=\"twitter:card\" content=\"summary_large_image\" \/>\n<meta name=\"twitter:creator\" content=\"@FutbolHoyCol\" \/>\n<meta name=\"twitter:site\" content=\"@FutbolHoyCol\" \/>\n<meta name=\"twitter:label1\" content=\"Escrito por\" \/>\n\t<meta name=\"twitter:data1\" content=\"Laura Hern\u00e1ndez\" \/>\n\t<meta name=\"twitter:label2\" content=\"Tiempo de lectura\" \/>\n\t<meta name=\"twitter:data2\" content=\"1 minuto\" \/>\n<script type=\"application\/ld+json\" class=\"yoast-schema-graph\">{\"@context\":\"https:\/\/schema.org\",\"@graph\":[{\"@type\":\"Article\",\"@id\":\"https:\/\/futbolhoy.co\/index.php\/2022\/03\/28\/diaz-la-mejor-contratacion-de-la-premier\/#article\",\"isPartOf\":{\"@id\":\"https:\/\/futbolhoy.co\/index.php\/2022\/03\/28\/diaz-la-mejor-contratacion-de-la-premier\/\"},\"author\":{\"name\":\"Laura Hern\u00e1ndez\",\"@id\":\"https:\/\/futbolhoy.co\/#\/schema\/person\/c4a353a512b127643723a34bb1812f7d\"},\"headline\":\"D\u00edaz, la mejor contrataci\u00f3n de la Premier\",\"datePublished\":\"2022-03-28T21:33:12+00:00\",\"dateModified\":\"2022-03-29T02:46:00+00:00\",\"mainEntityOfPage\":{\"@id\":\"https:\/\/futbolhoy.co\/index.php\/2022\/03\/28\/diaz-la-mejor-contratacion-de-la-premier\/\"},\"wordCount\":156,\"commentCount\":0,\"publisher\":{\"@id\":\"https:\/\/futbolhoy.co\/#organization\"},\"image\":{\"@id\":\"https:\/\/futbolhoy.co\/index.php\/2022\/03\/28\/diaz-la-mejor-contratacion-de-la-premier\/#primaryimage\"},\"thumbnailUrl\":\"https:\/\/futbolhoy.co\/wp-content\/uploads\/2022\/03\/FMpNkEhXEAAHCfB.jpg\",\"articleSection\":[\"Colombia\"],\"inLanguage\":\"es\",\"potentialAction\":[{\"@type\":\"CommentAction\",\"name\":\"Comment\",\"target\":[\"https:\/\/futbolhoy.co\/index.php\/2022\/03\/28\/diaz-la-mejor-contratacion-de-la-premier\/#respond\"]}]},{\"@type\":\"WebPage\",\"@id\":\"https:\/\/futbolhoy.co\/index.php\/2022\/03\/28\/diaz-la-mejor-contratacion-de-la-premier\/\",\"url\":\"https:\/\/futbolhoy.co\/index.php\/2022\/03\/28\/diaz-la-mejor-contratacion-de-la-premier\/\",\"name\":\"D\u00edaz, la mejor contrataci\u00f3n de la Premier -\",\"isPartOf\":{\"@id\":\"https:\/\/futbolhoy.co\/#website\"},\"primaryImageOfPage\":{\"@id\":\"https:\/\/futbolhoy.co\/index.php\/2022\/03\/28\/diaz-la-mejor-contratacion-de-la-premier\/#primaryimage\"},\"image\":{\"@id\":\"https:\/\/futbolhoy.co\/index.php\/2022\/03\/28\/diaz-la-mejor-contratacion-de-la-premier\/#primaryimage\"},\"thumbnailUrl\":\"https:\/\/futbolhoy.co\/wp-content\/uploads\/2022\/03\/FMpNkEhXEAAHCfB.jpg\",\"datePublished\":\"2022-03-28T21:33:12+00:00\",\"dateModified\":\"2022-03-29T02:46:00+00:00\",\"breadcrumb\":{\"@id\":\"https:\/\/futbolhoy.co\/index.php\/2022\/03\/28\/diaz-la-mejor-contratacion-de-la-premier\/#breadcrumb\"},\"inLanguage\":\"es\",\"potentialAction\":[{\"@type\":\"ReadAction\",\"target\":[\"https:\/\/futbolhoy.co\/index.php\/2022\/03\/28\/diaz-la-mejor-contratacion-de-la-premier\/\"]}]},{\"@type\":\"ImageObject\",\"inLanguage\":\"es\",\"@id\":\"https:\/\/futbolhoy.co\/index.php\/2022\/03\/28\/diaz-la-mejor-contratacion-de-la-premier\/#primaryimage\",\"url\":\"https:\/\/futbolhoy.co\/wp-content\/uploads\/2022\/03\/FMpNkEhXEAAHCfB.jpg\",\"contentUrl\":\"https:\/\/futbolhoy.co\/wp-content\/uploads\/2022\/03\/FMpNkEhXEAAHCfB.jpg\",\"width\":960,\"height\":903},{\"@type\":\"BreadcrumbList\",\"@id\":\"https:\/\/futbolhoy.co\/index.php\/2022\/03\/28\/diaz-la-mejor-contratacion-de-la-premier\/#breadcrumb\",\"itemListElement\":[{\"@type\":\"ListItem\",\"position\":1,\"name\":\"Portada\",\"item\":\"https:\/\/futbolhoy.co\/\"},{\"@type\":\"ListItem\",\"position\":2,\"name\":\"D\u00edaz, la mejor contrataci\u00f3n de la Premier\"}]},{\"@type\":\"WebSite\",\"@id\":\"https:\/\/futbolhoy.co\/#website\",\"url\":\"https:\/\/futbolhoy.co\/\",\"name\":\"FutbolHoy\",\"description\":\"\",\"publisher\":{\"@id\":\"https:\/\/futbolhoy.co\/#organization\"},\"potentialAction\":[{\"@type\":\"SearchAction\",\"target\":{\"@type\":\"EntryPoint\",\"urlTemplate\":\"https:\/\/futbolhoy.co\/?s={search_term_string}\"},\"query-input\":{\"@type\":\"PropertyValueSpecification\",\"valueRequired\":true,\"valueName\":\"search_term_string\"}}],\"inLanguage\":\"es\"},{\"@type\":\"Organization\",\"@id\":\"https:\/\/futbolhoy.co\/#organization\",\"name\":\"Futbolhoy.co\",\"url\":\"https:\/\/futbolhoy.co\/\",\"logo\":{\"@type\":\"ImageObject\",\"inLanguage\":\"es\",\"@id\":\"https:\/\/futbolhoy.co\/#\/schema\/logo\/image\/\",\"url\":\"https:\/\/futbolhoy.co\/wp-content\/uploads\/2018\/08\/17426380_1906371736249227_6326180412931521141_n.jpg\",\"contentUrl\":\"https:\/\/futbolhoy.co\/wp-content\/uploads\/2018\/08\/17426380_1906371736249227_6326180412931521141_n.jpg\",\"width\":960,\"height\":960,\"caption\":\"Futbolhoy.co\"},\"image\":{\"@id\":\"https:\/\/futbolhoy.co\/#\/schema\/logo\/image\/\"},\"sameAs\":[\"https:\/\/www.facebook.com\/FutbolHoyCol\/\",\"https:\/\/x.com\/FutbolHoyCol\",\"https:\/\/www.instagram.com\/futbolhoycol\/\"]},{\"@type\":\"Person\",\"@id\":\"https:\/\/futbolhoy.co\/#\/schema\/person\/c4a353a512b127643723a34bb1812f7d\",\"name\":\"Laura Hern\u00e1ndez\",\"image\":{\"@type\":\"ImageObject\",\"inLanguage\":\"es\",\"@id\":\"https:\/\/futbolhoy.co\/#\/schema\/person\/image\/\",\"url\":\"https:\/\/secure.gravatar.com\/avatar\/d25959a15b9b293a743f99181c7cfd01?s=96&d=mm&r=g\",\"contentUrl\":\"https:\/\/secure.gravatar.com\/avatar\/d25959a15b9b293a743f99181c7cfd01?s=96&d=mm&r=g\",\"caption\":\"Laura Hern\u00e1ndez\"}}]}<\/script>\n<!-- \/ Yoast SEO plugin. -->","yoast_head_json":{"title":"D\u00edaz, la mejor contrataci\u00f3n de la Premier -","robots":{"index":"index","follow":"follow","max-snippet":"max-snippet:-1","max-image-preview":"max-image-preview:large","max-video-preview":"max-video-preview:-1"},"canonical":"https:\/\/futbolhoy.co\/index.php\/2022\/03\/28\/diaz-la-mejor-contratacion-de-la-premier\/","og_locale":"es_ES","og_type":"article","og_title":"D\u00edaz, la mejor contrataci\u00f3n de la Premier -","og_description":"El extremo colombiano\u00a0Luis D\u00edaz\u00a0fue considerado la mejor contrataci\u00f3n de la\u00a0Liga Premier de Inglaterra\u00a0durante el mercado invernal, cuando lleg\u00f3 al\u00a0Liverpool\u00a0procedente del\u00a0Porto de Portugal. \u201cEl colombiano ha encajado perfectamente en el Liverpool desde su llegada en enero, anotando dos veces en seis apariciones en la Premier. Sus impresionantes actuaciones le han valido una serie de elogios, incluido [&hellip;]","og_url":"https:\/\/futbolhoy.co\/index.php\/2022\/03\/28\/diaz-la-mejor-contratacion-de-la-premier\/","article_publisher":"https:\/\/www.facebook.com\/FutbolHoyCol\/","article_published_time":"2022-03-28T21:33:12+00:00","article_modified_time":"2022-03-29T02:46:00+00:00","og_image":[{"width":960,"height":903,"url":"https:\/\/futbolhoy.co\/wp-content\/uploads\/2022\/03\/FMpNkEhXEAAHCfB.jpg","type":"image\/jpeg"}],"author":"Laura Hern\u00e1ndez","twitter_card":"summary_large_image","twitter_creator":"@FutbolHoyCol","twitter_site":"@FutbolHoyCol","twitter_misc":{"Escrito por":"Laura Hern\u00e1ndez","Tiempo de lectura":"1 minuto"},"schema":{"@context":"https:\/\/schema.org","@graph":[{"@type":"Article","@id":"https:\/\/futbolhoy.co\/index.php\/2022\/03\/28\/diaz-la-mejor-contratacion-de-la-premier\/#article","isPartOf":{"@id":"https:\/\/futbolhoy.co\/index.php\/2022\/03\/28\/diaz-la-mejor-contratacion-de-la-premier\/"},"author":{"name":"Laura Hern\u00e1ndez","@id":"https:\/\/futbolhoy.co\/#\/schema\/person\/c4a353a512b127643723a34bb1812f7d"},"headline":"D\u00edaz, la mejor contrataci\u00f3n de la Premier","datePublished":"2022-03-28T21:33:12+00:00","dateModified":"2022-03-29T02:46:00+00:00","mainEntityOfPage":{"@id":"https:\/\/futbolhoy.co\/index.php\/2022\/03\/28\/diaz-la-mejor-contratacion-de-la-premier\/"},"wordCount":156,"commentCount":0,"publisher":{"@id":"https:\/\/futbolhoy.co\/#organization"},"image":{"@id":"https:\/\/futbolhoy.co\/index.php\/2022\/03\/28\/diaz-la-mejor-contratacion-de-la-premier\/#primaryimage"},"thumbnailUrl":"https:\/\/futbolhoy.co\/wp-content\/uploads\/2022\/03\/FMpNkEhXEAAHCfB.jpg","articleSection":["Colombia"],"inLanguage":"es","potentialAction":[{"@type":"CommentAction","name":"Comment","target":["https:\/\/futbolhoy.co\/index.php\/2022\/03\/28\/diaz-la-mejor-contratacion-de-la-premier\/#respond"]}]},{"@type":"WebPage","@id":"https:\/\/futbolhoy.co\/index.php\/2022\/03\/28\/diaz-la-mejor-contratacion-de-la-premier\/","url":"https:\/\/futbolhoy.co\/index.php\/2022\/03\/28\/diaz-la-mejor-contratacion-de-la-premier\/","name":"D\u00edaz, la mejor contrataci\u00f3n de la Premier -","isPartOf":{"@id":"https:\/\/futbolhoy.co\/#website"},"primaryImageOfPage":{"@id":"https:\/\/futbolhoy.co\/index.php\/2022\/03\/28\/diaz-la-mejor-contratacion-de-la-premier\/#primaryimage"},"image":{"@id":"https:\/\/futbolhoy.co\/index.php\/2022\/03\/28\/diaz-la-mejor-contratacion-de-la-premier\/#primaryimage"},"thumbnailUrl":"https:\/\/futbolhoy.co\/wp-content\/uploads\/2022\/03\/FMpNkEhXEAAHCfB.jpg","datePublished":"2022-03-28T21:33:12+00:00","dateModified":"2022-03-29T02:46:00+00:00","breadcrumb":{"@id":"https:\/\/futbolhoy.co\/index.php\/2022\/03\/28\/diaz-la-mejor-contratacion-de-la-premier\/#breadcrumb"},"inLanguage":"es","potentialAction":[{"@type":"ReadAction","target":["https:\/\/futbolhoy.co\/index.php\/2022\/03\/28\/diaz-la-mejor-contratacion-de-la-premier\/"]}]},{"@type":"ImageObject","inLanguage":"es","@id":"https:\/\/futbolhoy.co\/index.php\/2022\/03\/28\/diaz-la-mejor-contratacion-de-la-premier\/#primaryimage","url":"https:\/\/futbolhoy.co\/wp-content\/uploads\/2022\/03\/FMpNkEhXEAAHCfB.jpg","contentUrl":"https:\/\/futbolhoy.co\/wp-content\/uploads\/2022\/03\/FMpNkEhXEAAHCfB.jpg","width":960,"height":903},{"@type":"BreadcrumbList","@id":"https:\/\/futbolhoy.co\/index.php\/2022\/03\/28\/diaz-la-mejor-contratacion-de-la-premier\/#breadcrumb","itemListElement":[{"@type":"ListItem","position":1,"name":"Portada","item":"https:\/\/futbolhoy.co\/"},{"@type":"ListItem","position":2,"name":"D\u00edaz, la mejor contrataci\u00f3n de la Premier"}]},{"@type":"WebSite","@id":"https:\/\/futbolhoy.co\/#website","url":"https:\/\/futbolhoy.co\/","name":"FutbolHoy","description":"","publisher":{"@id":"https:\/\/futbolhoy.co\/#organization"},"potentialAction":[{"@type":"SearchAction","target":{"@type":"EntryPoint","urlTemplate":"https:\/\/futbolhoy.co\/?s={search_term_string}"},"query-input":{"@type":"PropertyValueSpecification","valueRequired":true,"valueName":"search_term_string"}}],"inLanguage":"es"},{"@type":"Organization","@id":"https:\/\/futbolhoy.co\/#organization","name":"Futbolhoy.co","url":"https:\/\/futbolhoy.co\/","logo":{"@type":"ImageObject","inLanguage":"es","@id":"https:\/\/futbolhoy.co\/#\/schema\/logo\/image\/","url":"https:\/\/futbolhoy.co\/wp-content\/uploads\/2018\/08\/17426380_1906371736249227_6326180412931521141_n.jpg","contentUrl":"https:\/\/futbolhoy.co\/wp-content\/uploads\/2018\/08\/17426380_1906371736249227_6326180412931521141_n.jpg","width":960,"height":960,"caption":"Futbolhoy.co"},"image":{"@id":"https:\/\/futbolhoy.co\/#\/schema\/logo\/image\/"},"sameAs":["https:\/\/www.facebook.com\/FutbolHoyCol\/","https:\/\/x.com\/FutbolHoyCol","https:\/\/www.instagram.com\/futbolhoycol\/"]},{"@type":"Person","@id":"https:\/\/futbolhoy.co\/#\/schema\/person\/c4a353a512b127643723a34bb1812f7d","name":"Laura Hern\u00e1ndez","image":{"@type":"ImageObject","inLanguage":"es","@id":"https:\/\/futbolhoy.co\/#\/schema\/person\/image\/","url":"https:\/\/secure.gravatar.com\/avatar\/d25959a15b9b293a743f99181c7cfd01?s=96&d=mm&r=g","contentUrl":"https:\/\/secure.gravatar.com\/avatar\/d25959a15b9b293a743f99181c7cfd01?s=96&d=mm&r=g","caption":"Laura Hern\u00e1ndez"}}]}},"publishpress_future_action":{"enabled":false,"date":"2026-05-05 05:02:50","action":"change-status","newStatus":"draft","terms":[],"taxonomy":"category","extraData":[]},"publishpress_future_workflow_manual_trigger":{"enabledWorkflows":[]},"_links":{"self":[{"href":"https:\/\/futbolhoy.co\/index.php\/wp-json\/wp\/v2\/posts\/77916","targetHints":{"allow":["GET"]}}],"collection":[{"href":"https:\/\/futbolhoy.co\/index.php\/wp-json\/wp\/v2\/posts"}],"about":[{"href":"https:\/\/futbolhoy.co\/index.php\/wp-json\/wp\/v2\/types\/post"}],"author":[{"embeddable":true,"href":"https:\/\/futbolhoy.co\/index.php\/wp-json\/wp\/v2\/users\/5"}],"replies":[{"embeddable":true,"href":"https:\/\/futbolhoy.co\/index.php\/wp-json\/wp\/v2\/comments?post=77916"}],"version-history":[{"count":3,"href":"https:\/\/futbolhoy.co\/index.php\/wp-json\/wp\/v2\/posts\/77916\/revisions"}],"predecessor-version":[{"id":77926,"href":"https:\/\/futbolhoy.co\/index.php\/wp-json\/wp\/v2\/posts\/77916\/revisions\/77926"}],"wp:featuredmedia":[{"embeddable":true,"href":"https:\/\/futbolhoy.co\/index.php\/wp-json\/wp\/v2\/media\/77919"}],"wp:attachment":[{"href":"https:\/\/futbolhoy.co\/index.php\/wp-json\/wp\/v2\/media?parent=77916"}],"wp:term":[{"taxonomy":"category","embeddable":true,"href":"https:\/\/futbolhoy.co\/index.php\/wp-json\/wp\/v2\/categories?post=77916"},{"taxonomy":"post_tag","embeddable":true,"href":"https:\/\/futbolhoy.co\/index.php\/wp-json\/wp\/v2\/tags?post=77916"}],"curies":[{"name":"wp","href":"https:\/\/api.w.org\/{rel}","templated":true}]}}