{"id":77922,"date":"2022-03-28T14:34:00","date_gmt":"2022-03-28T19:34:00","guid":{"rendered":"https:\/\/futbolhoy.co\/?p=77922"},"modified":"2022-03-28T21:46:10","modified_gmt":"2022-03-29T02:46:10","slug":"marta-se-perderia-la-copa-america-de-colombia","status":"publish","type":"post","link":"https:\/\/futbolhoy.co\/index.php\/2022\/03\/28\/marta-se-perderia-la-copa-america-de-colombia\/","title":{"rendered":"Marta se perder\u00eda la Copa Am\u00e9rica de Colombia"},"content":{"rendered":"<p style=\"text-align: justify;\"><span lang=\"ES-MX\" style=\"font-family: helvetica, arial, sans-serif;\">La delantera\u00a0<b>Marta Vieira da Silva<\/b>, estrella de la selecci\u00f3n brasile\u00f1a y seis veces elegida la mejor del mundo, sufri\u00f3 una lesi\u00f3n de ligamentos en una rodilla, deber\u00e1 ser operada, con la posibilidad de perderse la\u00a0<b>Copa Am\u00e9rica<\/b>\u00a0que se disputar\u00e1 en\u00a0<b>Colombia<\/b>\u00a0del 8 al 30 de julio.<\/span><\/p>\n<p style=\"text-align: justify;\"><span lang=\"ES-MX\" style=\"font-family: helvetica, arial, sans-serif;\">Marta, de 35 a\u00f1os, quien milita actualmente con el\u00a0<b>Orlando Pride<\/b>\u00a0estadounidense, se lesion\u00f3 el s\u00e1bado en la visita al\u00a0<b>North Carolina<\/b>.<\/span><\/p>\n<p style=\"text-align: justify;\"><span lang=\"ES-MX\" style=\"font-family: helvetica, arial, sans-serif;\">\"\u00a1Gente! paso para informarles que en nuestro partido del s\u00e1bado sufr\u00ed una lesi\u00f3n en los ligamentos de la rodilla y necesitar\u00e9 cirug\u00eda\", escribi\u00f3 la futbolista brasile\u00f1a en su cuenta de\u00a0<b>Instagram<\/b>.<\/span><\/p>\n<p style=\"text-align: justify;\"><span lang=\"ES-MX\" style=\"font-family: helvetica, arial, sans-serif;\">\"Desafortunadamente, estar\u00e9 fuera de acci\u00f3n por un tiempo\", agreg\u00f3\u00a0<b>Marta<\/b>.<\/span><\/p>\n<p style=\"text-align: justify;\"><span lang=\"ES-MX\" style=\"font-family: helvetica, arial, sans-serif;\">La recuperaci\u00f3n de una cirug\u00eda de ligamento en rodillas toma alrededor de seis meses, por lo que es casi un hecho que no participar\u00e1 del torneo continental colombiano.<\/span><\/p>\n","protected":false},"excerpt":{"rendered":"<p>La delantera\u00a0Marta Vieira da Silva, estrella de la selecci\u00f3n brasile\u00f1a y seis veces elegida la mejor del mundo, sufri\u00f3 una lesi\u00f3n de ligamentos en una rodilla, deber\u00e1 ser operada, con la posibilidad de perderse la\u00a0Copa Am\u00e9rica\u00a0que se disputar\u00e1 en\u00a0Colombia\u00a0del 8 al 30 de julio. Marta, de 35 a\u00f1os, quien milita actualmente con el\u00a0Orlando Pride\u00a0estadounidense, se [&hellip;]<\/p>\n","protected":false},"author":5,"featured_media":77923,"comment_status":"open","ping_status":"open","sticky":false,"template":"","format":"standard","meta":{"_acf_changed":false,"footnotes":""},"categories":[152],"tags":[],"class_list":{"0":"post-77922","1":"post","2":"type-post","3":"status-publish","4":"format-standard","5":"has-post-thumbnail","7":"category-mundo-futbol"},"acf":[],"yoast_head":"<!-- This site is optimized with the Yoast SEO plugin v26.8 - https:\/\/yoast.com\/product\/yoast-seo-wordpress\/ -->\n<title>Marta se perder\u00eda la Copa Am\u00e9rica de Colombia -<\/title>\n<meta name=\"robots\" content=\"index, follow, max-snippet:-1, max-image-preview:large, max-video-preview:-1\" \/>\n<link rel=\"canonical\" href=\"https:\/\/futbolhoy.co\/index.php\/2022\/03\/28\/marta-se-perderia-la-copa-america-de-colombia\/\" \/>\n<meta property=\"og:locale\" content=\"es_ES\" \/>\n<meta property=\"og:type\" content=\"article\" \/>\n<meta property=\"og:title\" content=\"Marta se perder\u00eda la Copa Am\u00e9rica de Colombia -\" \/>\n<meta property=\"og:description\" content=\"La delantera\u00a0Marta Vieira da Silva, estrella de la selecci\u00f3n brasile\u00f1a y seis veces elegida la mejor del mundo, sufri\u00f3 una lesi\u00f3n de ligamentos en una rodilla, deber\u00e1 ser operada, con la posibilidad de perderse la\u00a0Copa Am\u00e9rica\u00a0que se disputar\u00e1 en\u00a0Colombia\u00a0del 8 al 30 de julio. Marta, de 35 a\u00f1os, quien milita actualmente con el\u00a0Orlando Pride\u00a0estadounidense, se [&hellip;]\" \/>\n<meta property=\"og:url\" content=\"https:\/\/futbolhoy.co\/index.php\/2022\/03\/28\/marta-se-perderia-la-copa-america-de-colombia\/\" \/>\n<meta property=\"article:publisher\" content=\"https:\/\/www.facebook.com\/FutbolHoyCol\/\" \/>\n<meta property=\"article:published_time\" content=\"2022-03-28T19:34:00+00:00\" \/>\n<meta property=\"article:modified_time\" content=\"2022-03-29T02:46:10+00:00\" \/>\n<meta property=\"og:image\" content=\"https:\/\/futbolhoy.co\/wp-content\/uploads\/2022\/03\/FO9rZHFVgAAcl5B.jpg\" \/>\n\t<meta property=\"og:image:width\" content=\"1232\" \/>\n\t<meta property=\"og:image:height\" content=\"832\" \/>\n\t<meta property=\"og:image:type\" content=\"image\/jpeg\" \/>\n<meta name=\"author\" content=\"Laura Hern\u00e1ndez\" \/>\n<meta name=\"twitter:card\" content=\"summary_large_image\" \/>\n<meta name=\"twitter:creator\" content=\"@FutbolHoyCol\" \/>\n<meta name=\"twitter:site\" content=\"@FutbolHoyCol\" \/>\n<meta name=\"twitter:label1\" content=\"Escrito por\" \/>\n\t<meta name=\"twitter:data1\" content=\"Laura Hern\u00e1ndez\" \/>\n\t<meta name=\"twitter:label2\" content=\"Tiempo de lectura\" \/>\n\t<meta name=\"twitter:data2\" content=\"1 minuto\" \/>\n<script type=\"application\/ld+json\" class=\"yoast-schema-graph\">{\"@context\":\"https:\/\/schema.org\",\"@graph\":[{\"@type\":\"Article\",\"@id\":\"https:\/\/futbolhoy.co\/index.php\/2022\/03\/28\/marta-se-perderia-la-copa-america-de-colombia\/#article\",\"isPartOf\":{\"@id\":\"https:\/\/futbolhoy.co\/index.php\/2022\/03\/28\/marta-se-perderia-la-copa-america-de-colombia\/\"},\"author\":{\"name\":\"Laura Hern\u00e1ndez\",\"@id\":\"https:\/\/futbolhoy.co\/#\/schema\/person\/c4a353a512b127643723a34bb1812f7d\"},\"headline\":\"Marta se perder\u00eda la Copa Am\u00e9rica de Colombia\",\"datePublished\":\"2022-03-28T19:34:00+00:00\",\"dateModified\":\"2022-03-29T02:46:10+00:00\",\"mainEntityOfPage\":{\"@id\":\"https:\/\/futbolhoy.co\/index.php\/2022\/03\/28\/marta-se-perderia-la-copa-america-de-colombia\/\"},\"wordCount\":160,\"commentCount\":0,\"publisher\":{\"@id\":\"https:\/\/futbolhoy.co\/#organization\"},\"image\":{\"@id\":\"https:\/\/futbolhoy.co\/index.php\/2022\/03\/28\/marta-se-perderia-la-copa-america-de-colombia\/#primaryimage\"},\"thumbnailUrl\":\"https:\/\/futbolhoy.co\/wp-content\/uploads\/2022\/03\/FO9rZHFVgAAcl5B.jpg\",\"articleSection\":[\"Mundo Futbol\"],\"inLanguage\":\"es\",\"potentialAction\":[{\"@type\":\"CommentAction\",\"name\":\"Comment\",\"target\":[\"https:\/\/futbolhoy.co\/index.php\/2022\/03\/28\/marta-se-perderia-la-copa-america-de-colombia\/#respond\"]}]},{\"@type\":\"WebPage\",\"@id\":\"https:\/\/futbolhoy.co\/index.php\/2022\/03\/28\/marta-se-perderia-la-copa-america-de-colombia\/\",\"url\":\"https:\/\/futbolhoy.co\/index.php\/2022\/03\/28\/marta-se-perderia-la-copa-america-de-colombia\/\",\"name\":\"Marta se perder\u00eda la Copa Am\u00e9rica de Colombia -\",\"isPartOf\":{\"@id\":\"https:\/\/futbolhoy.co\/#website\"},\"primaryImageOfPage\":{\"@id\":\"https:\/\/futbolhoy.co\/index.php\/2022\/03\/28\/marta-se-perderia-la-copa-america-de-colombia\/#primaryimage\"},\"image\":{\"@id\":\"https:\/\/futbolhoy.co\/index.php\/2022\/03\/28\/marta-se-perderia-la-copa-america-de-colombia\/#primaryimage\"},\"thumbnailUrl\":\"https:\/\/futbolhoy.co\/wp-content\/uploads\/2022\/03\/FO9rZHFVgAAcl5B.jpg\",\"datePublished\":\"2022-03-28T19:34:00+00:00\",\"dateModified\":\"2022-03-29T02:46:10+00:00\",\"breadcrumb\":{\"@id\":\"https:\/\/futbolhoy.co\/index.php\/2022\/03\/28\/marta-se-perderia-la-copa-america-de-colombia\/#breadcrumb\"},\"inLanguage\":\"es\",\"potentialAction\":[{\"@type\":\"ReadAction\",\"target\":[\"https:\/\/futbolhoy.co\/index.php\/2022\/03\/28\/marta-se-perderia-la-copa-america-de-colombia\/\"]}]},{\"@type\":\"ImageObject\",\"inLanguage\":\"es\",\"@id\":\"https:\/\/futbolhoy.co\/index.php\/2022\/03\/28\/marta-se-perderia-la-copa-america-de-colombia\/#primaryimage\",\"url\":\"https:\/\/futbolhoy.co\/wp-content\/uploads\/2022\/03\/FO9rZHFVgAAcl5B.jpg\",\"contentUrl\":\"https:\/\/futbolhoy.co\/wp-content\/uploads\/2022\/03\/FO9rZHFVgAAcl5B.jpg\",\"width\":1232,\"height\":832},{\"@type\":\"BreadcrumbList\",\"@id\":\"https:\/\/futbolhoy.co\/index.php\/2022\/03\/28\/marta-se-perderia-la-copa-america-de-colombia\/#breadcrumb\",\"itemListElement\":[{\"@type\":\"ListItem\",\"position\":1,\"name\":\"Portada\",\"item\":\"https:\/\/futbolhoy.co\/\"},{\"@type\":\"ListItem\",\"position\":2,\"name\":\"Marta se perder\u00eda la Copa Am\u00e9rica de Colombia\"}]},{\"@type\":\"WebSite\",\"@id\":\"https:\/\/futbolhoy.co\/#website\",\"url\":\"https:\/\/futbolhoy.co\/\",\"name\":\"FutbolHoy\",\"description\":\"\",\"publisher\":{\"@id\":\"https:\/\/futbolhoy.co\/#organization\"},\"potentialAction\":[{\"@type\":\"SearchAction\",\"target\":{\"@type\":\"EntryPoint\",\"urlTemplate\":\"https:\/\/futbolhoy.co\/?s={search_term_string}\"},\"query-input\":{\"@type\":\"PropertyValueSpecification\",\"valueRequired\":true,\"valueName\":\"search_term_string\"}}],\"inLanguage\":\"es\"},{\"@type\":\"Organization\",\"@id\":\"https:\/\/futbolhoy.co\/#organization\",\"name\":\"Futbolhoy.co\",\"url\":\"https:\/\/futbolhoy.co\/\",\"logo\":{\"@type\":\"ImageObject\",\"inLanguage\":\"es\",\"@id\":\"https:\/\/futbolhoy.co\/#\/schema\/logo\/image\/\",\"url\":\"https:\/\/futbolhoy.co\/wp-content\/uploads\/2018\/08\/17426380_1906371736249227_6326180412931521141_n.jpg\",\"contentUrl\":\"https:\/\/futbolhoy.co\/wp-content\/uploads\/2018\/08\/17426380_1906371736249227_6326180412931521141_n.jpg\",\"width\":960,\"height\":960,\"caption\":\"Futbolhoy.co\"},\"image\":{\"@id\":\"https:\/\/futbolhoy.co\/#\/schema\/logo\/image\/\"},\"sameAs\":[\"https:\/\/www.facebook.com\/FutbolHoyCol\/\",\"https:\/\/x.com\/FutbolHoyCol\",\"https:\/\/www.instagram.com\/futbolhoycol\/\"]},{\"@type\":\"Person\",\"@id\":\"https:\/\/futbolhoy.co\/#\/schema\/person\/c4a353a512b127643723a34bb1812f7d\",\"name\":\"Laura Hern\u00e1ndez\",\"image\":{\"@type\":\"ImageObject\",\"inLanguage\":\"es\",\"@id\":\"https:\/\/futbolhoy.co\/#\/schema\/person\/image\/\",\"url\":\"https:\/\/secure.gravatar.com\/avatar\/d25959a15b9b293a743f99181c7cfd01?s=96&d=mm&r=g\",\"contentUrl\":\"https:\/\/secure.gravatar.com\/avatar\/d25959a15b9b293a743f99181c7cfd01?s=96&d=mm&r=g\",\"caption\":\"Laura Hern\u00e1ndez\"}}]}<\/script>\n<!-- \/ Yoast SEO plugin. -->","yoast_head_json":{"title":"Marta se perder\u00eda la Copa Am\u00e9rica de Colombia -","robots":{"index":"index","follow":"follow","max-snippet":"max-snippet:-1","max-image-preview":"max-image-preview:large","max-video-preview":"max-video-preview:-1"},"canonical":"https:\/\/futbolhoy.co\/index.php\/2022\/03\/28\/marta-se-perderia-la-copa-america-de-colombia\/","og_locale":"es_ES","og_type":"article","og_title":"Marta se perder\u00eda la Copa Am\u00e9rica de Colombia -","og_description":"La delantera\u00a0Marta Vieira da Silva, estrella de la selecci\u00f3n brasile\u00f1a y seis veces elegida la mejor del mundo, sufri\u00f3 una lesi\u00f3n de ligamentos en una rodilla, deber\u00e1 ser operada, con la posibilidad de perderse la\u00a0Copa Am\u00e9rica\u00a0que se disputar\u00e1 en\u00a0Colombia\u00a0del 8 al 30 de julio. Marta, de 35 a\u00f1os, quien milita actualmente con el\u00a0Orlando Pride\u00a0estadounidense, se [&hellip;]","og_url":"https:\/\/futbolhoy.co\/index.php\/2022\/03\/28\/marta-se-perderia-la-copa-america-de-colombia\/","article_publisher":"https:\/\/www.facebook.com\/FutbolHoyCol\/","article_published_time":"2022-03-28T19:34:00+00:00","article_modified_time":"2022-03-29T02:46:10+00:00","og_image":[{"width":1232,"height":832,"url":"https:\/\/futbolhoy.co\/wp-content\/uploads\/2022\/03\/FO9rZHFVgAAcl5B.jpg","type":"image\/jpeg"}],"author":"Laura Hern\u00e1ndez","twitter_card":"summary_large_image","twitter_creator":"@FutbolHoyCol","twitter_site":"@FutbolHoyCol","twitter_misc":{"Escrito por":"Laura Hern\u00e1ndez","Tiempo de lectura":"1 minuto"},"schema":{"@context":"https:\/\/schema.org","@graph":[{"@type":"Article","@id":"https:\/\/futbolhoy.co\/index.php\/2022\/03\/28\/marta-se-perderia-la-copa-america-de-colombia\/#article","isPartOf":{"@id":"https:\/\/futbolhoy.co\/index.php\/2022\/03\/28\/marta-se-perderia-la-copa-america-de-colombia\/"},"author":{"name":"Laura Hern\u00e1ndez","@id":"https:\/\/futbolhoy.co\/#\/schema\/person\/c4a353a512b127643723a34bb1812f7d"},"headline":"Marta se perder\u00eda la Copa Am\u00e9rica de Colombia","datePublished":"2022-03-28T19:34:00+00:00","dateModified":"2022-03-29T02:46:10+00:00","mainEntityOfPage":{"@id":"https:\/\/futbolhoy.co\/index.php\/2022\/03\/28\/marta-se-perderia-la-copa-america-de-colombia\/"},"wordCount":160,"commentCount":0,"publisher":{"@id":"https:\/\/futbolhoy.co\/#organization"},"image":{"@id":"https:\/\/futbolhoy.co\/index.php\/2022\/03\/28\/marta-se-perderia-la-copa-america-de-colombia\/#primaryimage"},"thumbnailUrl":"https:\/\/futbolhoy.co\/wp-content\/uploads\/2022\/03\/FO9rZHFVgAAcl5B.jpg","articleSection":["Mundo Futbol"],"inLanguage":"es","potentialAction":[{"@type":"CommentAction","name":"Comment","target":["https:\/\/futbolhoy.co\/index.php\/2022\/03\/28\/marta-se-perderia-la-copa-america-de-colombia\/#respond"]}]},{"@type":"WebPage","@id":"https:\/\/futbolhoy.co\/index.php\/2022\/03\/28\/marta-se-perderia-la-copa-america-de-colombia\/","url":"https:\/\/futbolhoy.co\/index.php\/2022\/03\/28\/marta-se-perderia-la-copa-america-de-colombia\/","name":"Marta se perder\u00eda la Copa Am\u00e9rica de Colombia -","isPartOf":{"@id":"https:\/\/futbolhoy.co\/#website"},"primaryImageOfPage":{"@id":"https:\/\/futbolhoy.co\/index.php\/2022\/03\/28\/marta-se-perderia-la-copa-america-de-colombia\/#primaryimage"},"image":{"@id":"https:\/\/futbolhoy.co\/index.php\/2022\/03\/28\/marta-se-perderia-la-copa-america-de-colombia\/#primaryimage"},"thumbnailUrl":"https:\/\/futbolhoy.co\/wp-content\/uploads\/2022\/03\/FO9rZHFVgAAcl5B.jpg","datePublished":"2022-03-28T19:34:00+00:00","dateModified":"2022-03-29T02:46:10+00:00","breadcrumb":{"@id":"https:\/\/futbolhoy.co\/index.php\/2022\/03\/28\/marta-se-perderia-la-copa-america-de-colombia\/#breadcrumb"},"inLanguage":"es","potentialAction":[{"@type":"ReadAction","target":["https:\/\/futbolhoy.co\/index.php\/2022\/03\/28\/marta-se-perderia-la-copa-america-de-colombia\/"]}]},{"@type":"ImageObject","inLanguage":"es","@id":"https:\/\/futbolhoy.co\/index.php\/2022\/03\/28\/marta-se-perderia-la-copa-america-de-colombia\/#primaryimage","url":"https:\/\/futbolhoy.co\/wp-content\/uploads\/2022\/03\/FO9rZHFVgAAcl5B.jpg","contentUrl":"https:\/\/futbolhoy.co\/wp-content\/uploads\/2022\/03\/FO9rZHFVgAAcl5B.jpg","width":1232,"height":832},{"@type":"BreadcrumbList","@id":"https:\/\/futbolhoy.co\/index.php\/2022\/03\/28\/marta-se-perderia-la-copa-america-de-colombia\/#breadcrumb","itemListElement":[{"@type":"ListItem","position":1,"name":"Portada","item":"https:\/\/futbolhoy.co\/"},{"@type":"ListItem","position":2,"name":"Marta se perder\u00eda la Copa Am\u00e9rica de Colombia"}]},{"@type":"WebSite","@id":"https:\/\/futbolhoy.co\/#website","url":"https:\/\/futbolhoy.co\/","name":"FutbolHoy","description":"","publisher":{"@id":"https:\/\/futbolhoy.co\/#organization"},"potentialAction":[{"@type":"SearchAction","target":{"@type":"EntryPoint","urlTemplate":"https:\/\/futbolhoy.co\/?s={search_term_string}"},"query-input":{"@type":"PropertyValueSpecification","valueRequired":true,"valueName":"search_term_string"}}],"inLanguage":"es"},{"@type":"Organization","@id":"https:\/\/futbolhoy.co\/#organization","name":"Futbolhoy.co","url":"https:\/\/futbolhoy.co\/","logo":{"@type":"ImageObject","inLanguage":"es","@id":"https:\/\/futbolhoy.co\/#\/schema\/logo\/image\/","url":"https:\/\/futbolhoy.co\/wp-content\/uploads\/2018\/08\/17426380_1906371736249227_6326180412931521141_n.jpg","contentUrl":"https:\/\/futbolhoy.co\/wp-content\/uploads\/2018\/08\/17426380_1906371736249227_6326180412931521141_n.jpg","width":960,"height":960,"caption":"Futbolhoy.co"},"image":{"@id":"https:\/\/futbolhoy.co\/#\/schema\/logo\/image\/"},"sameAs":["https:\/\/www.facebook.com\/FutbolHoyCol\/","https:\/\/x.com\/FutbolHoyCol","https:\/\/www.instagram.com\/futbolhoycol\/"]},{"@type":"Person","@id":"https:\/\/futbolhoy.co\/#\/schema\/person\/c4a353a512b127643723a34bb1812f7d","name":"Laura Hern\u00e1ndez","image":{"@type":"ImageObject","inLanguage":"es","@id":"https:\/\/futbolhoy.co\/#\/schema\/person\/image\/","url":"https:\/\/secure.gravatar.com\/avatar\/d25959a15b9b293a743f99181c7cfd01?s=96&d=mm&r=g","contentUrl":"https:\/\/secure.gravatar.com\/avatar\/d25959a15b9b293a743f99181c7cfd01?s=96&d=mm&r=g","caption":"Laura Hern\u00e1ndez"}}]}},"publishpress_future_action":{"enabled":false,"date":"2026-05-05 08:00:24","action":"change-status","newStatus":"draft","terms":[],"taxonomy":"category","extraData":[]},"publishpress_future_workflow_manual_trigger":{"enabledWorkflows":[]},"_links":{"self":[{"href":"https:\/\/futbolhoy.co\/index.php\/wp-json\/wp\/v2\/posts\/77922","targetHints":{"allow":["GET"]}}],"collection":[{"href":"https:\/\/futbolhoy.co\/index.php\/wp-json\/wp\/v2\/posts"}],"about":[{"href":"https:\/\/futbolhoy.co\/index.php\/wp-json\/wp\/v2\/types\/post"}],"author":[{"embeddable":true,"href":"https:\/\/futbolhoy.co\/index.php\/wp-json\/wp\/v2\/users\/5"}],"replies":[{"embeddable":true,"href":"https:\/\/futbolhoy.co\/index.php\/wp-json\/wp\/v2\/comments?post=77922"}],"version-history":[{"count":1,"href":"https:\/\/futbolhoy.co\/index.php\/wp-json\/wp\/v2\/posts\/77922\/revisions"}],"predecessor-version":[{"id":77924,"href":"https:\/\/futbolhoy.co\/index.php\/wp-json\/wp\/v2\/posts\/77922\/revisions\/77924"}],"wp:featuredmedia":[{"embeddable":true,"href":"https:\/\/futbolhoy.co\/index.php\/wp-json\/wp\/v2\/media\/77923"}],"wp:attachment":[{"href":"https:\/\/futbolhoy.co\/index.php\/wp-json\/wp\/v2\/media?parent=77922"}],"wp:term":[{"taxonomy":"category","embeddable":true,"href":"https:\/\/futbolhoy.co\/index.php\/wp-json\/wp\/v2\/categories?post=77922"},{"taxonomy":"post_tag","embeddable":true,"href":"https:\/\/futbolhoy.co\/index.php\/wp-json\/wp\/v2\/tags?post=77922"}],"curies":[{"name":"wp","href":"https:\/\/api.w.org\/{rel}","templated":true}]}}