{"id":7806,"date":"2017-10-17T09:01:46","date_gmt":"2017-10-17T14:01:46","guid":{"rendered":"http:\/\/futbolhoy.co\/?p=7806"},"modified":"2017-10-21T13:24:16","modified_gmt":"2017-10-21T18:24:16","slug":"el-volante-wilmar-barrios-se-fracturo-una-mano","status":"publish","type":"post","link":"https:\/\/futbolhoy.co\/index.php\/2017\/10\/17\/el-volante-wilmar-barrios-se-fracturo-una-mano\/","title":{"rendered":"El volante Wilmar Barrios se fractur\u00f3 una mano"},"content":{"rendered":"<div>\n<p style=\"text-align: justify;\">Los m\u00e9dicos de Boca Juniors confirmaron una fractura del tercer metacarpiano de la mano izquierda, del volante cartagenero Wilmar Barrios.<u><\/u><u><\/u><\/p>\n<p style=\"text-align: justify;\">El futbolista, que forma parte del plantel de selecci\u00f3n Colombia,\u00a0recibi\u00f3 un\u00a0fuerte pelotazo en su mano durante el juego que su equipo gan\u00f3 2-0 a Patronato de Paran\u00e1, el fin de semana.<u><\/u><u><\/u><\/p>\n<p style=\"text-align: justify;\">La lesi\u00f3n no le impedir\u00e1 seguir jugando con el equipo argentino, aseguraron los m\u00e9dicos.<u><\/u><u><\/u><\/p>\n<\/div>\n<p>&nbsp;<\/p>\n","protected":false},"excerpt":{"rendered":"<p>Los m\u00e9dicos de Boca Juniors confirmaron una fractura del tercer metacarpiano de la mano izquierda, del volante cartagenero Wilmar Barrios. El futbolista, que forma parte del plantel de selecci\u00f3n Colombia,\u00a0recibi\u00f3 un\u00a0fuerte pelotazo en su mano durante el juego que su equipo gan\u00f3 2-0 a Patronato de Paran\u00e1, el fin de semana. La lesi\u00f3n no le [&hellip;]<\/p>\n","protected":false},"author":5,"featured_media":7807,"comment_status":"open","ping_status":"closed","sticky":false,"template":"","format":"standard","meta":{"_acf_changed":false,"footnotes":""},"categories":[153],"tags":[260,165,345],"class_list":{"0":"post-7806","1":"post","2":"type-post","3":"status-publish","4":"format-standard","5":"has-post-thumbnail","7":"category-selecion-colombia","8":"tag-boca-juniors","9":"tag-jugadores-colombianos","10":"tag-wilmar-barrios"},"acf":[],"_links":{"self":[{"href":"https:\/\/futbolhoy.co\/index.php\/wp-json\/wp\/v2\/posts\/7806","targetHints":{"allow":["GET"]}}],"collection":[{"href":"https:\/\/futbolhoy.co\/index.php\/wp-json\/wp\/v2\/posts"}],"about":[{"href":"https:\/\/futbolhoy.co\/index.php\/wp-json\/wp\/v2\/types\/post"}],"author":[{"embeddable":true,"href":"https:\/\/futbolhoy.co\/index.php\/wp-json\/wp\/v2\/users\/5"}],"replies":[{"embeddable":true,"href":"https:\/\/futbolhoy.co\/index.php\/wp-json\/wp\/v2\/comments?post=7806"}],"version-history":[{"count":1,"href":"https:\/\/futbolhoy.co\/index.php\/wp-json\/wp\/v2\/posts\/7806\/revisions"}],"predecessor-version":[{"id":7808,"href":"https:\/\/futbolhoy.co\/index.php\/wp-json\/wp\/v2\/posts\/7806\/revisions\/7808"}],"wp:featuredmedia":[{"embeddable":true,"href":"https:\/\/futbolhoy.co\/index.php\/wp-json\/wp\/v2\/media\/7807"}],"wp:attachment":[{"href":"https:\/\/futbolhoy.co\/index.php\/wp-json\/wp\/v2\/media?parent=7806"}],"wp:term":[{"taxonomy":"category","embeddable":true,"href":"https:\/\/futbolhoy.co\/index.php\/wp-json\/wp\/v2\/categories?post=7806"},{"taxonomy":"post_tag","embeddable":true,"href":"https:\/\/futbolhoy.co\/index.php\/wp-json\/wp\/v2\/tags?post=7806"}],"curies":[{"name":"wp","href":"https:\/\/api.w.org\/{rel}","templated":true}]}}