{"id":78086,"date":"2022-03-29T20:31:02","date_gmt":"2022-03-30T01:31:02","guid":{"rendered":"https:\/\/futbolhoy.co\/?p=78086"},"modified":"2022-03-30T09:52:37","modified_gmt":"2022-03-30T14:52:37","slug":"no-hubo-milagro-para-colombia","status":"publish","type":"post","link":"https:\/\/futbolhoy.co\/index.php\/2022\/03\/29\/no-hubo-milagro-para-colombia\/","title":{"rendered":"No hubo milagro para Colombia"},"content":{"rendered":"<div>\n<!--[if lt IE 9]><script>document.createElement('audio');<\/script><![endif]-->\n<audio class=\"wp-audio-shortcode\" id=\"audio-78086-1\" preload=\"none\" style=\"width: 100%;\" controls=\"controls\"><source type=\"audio\/mpeg\" src=\"https:\/\/futbolhoy.co\/wp-content\/uploads\/2022\/03\/zTKJel0d3KZcK2UR.mp3?_=1\" \/><a href=\"https:\/\/futbolhoy.co\/wp-content\/uploads\/2022\/03\/zTKJel0d3KZcK2UR.mp3\">https:\/\/futbolhoy.co\/wp-content\/uploads\/2022\/03\/zTKJel0d3KZcK2UR.mp3<\/a><\/audio>\n<p><span style=\"font-size: 10pt;\"><strong><em>Reinaldo Rueda - DT selecci\u00f3n Colombia\u00a0<\/em><\/strong><\/span><\/p>\n<p style=\"text-align: justify;\"><span style=\"font-family: helvetica, arial, sans-serif;\"><b>La selecci\u00f3n Colombia\u00a0<\/b>no asistir\u00e1 al\u00a0<b>Mundial de Qatar 2022<\/b>, a pesar de vencer 0-1 a\u00a0<b>Venezuela<\/b>\u00a0en la \u00faltima jornada de las eliminatorias de la\u00a0<b>Conmebol<\/b>, en partido celebrado en\u00a0<b>Puerto Ordaz<\/b>.<\/span><\/p>\n<p style=\"text-align: justify;\"><span style=\"font-family: helvetica, arial, sans-serif;\">El equipo nacional sum\u00f3 23 puntos y ocup\u00f3 la sexta casilla de la tabla de posiciones, qued\u00e1ndose sin opciones de alcanzar el repechaje por\u00a0<b>Sudam\u00e9rica<\/b>.<\/span><\/p>\n<p style=\"text-align: justify;\"><span style=\"font-family: helvetica, arial, sans-serif;\">Colombia, que hab\u00eda asistido a los mundiales de\u00a0<b>Brasil-2014<\/b>\u00a0y\u00a0<b>Rusia-2018<\/b>, volvi\u00f3 a cortar su racha de presencias en la\u00a0<b>Copa Mundo<\/b>.<\/span><\/p>\n<p style=\"text-align: justify;\"><span style=\"font-family: helvetica, arial, sans-serif;\">El t\u00e9cnico\u00a0<b>Reinaldo Rueda<\/b>\u00a0dejar\u00e1 su cargo ante el fracaso en su labor de llevar al equipo colombiano al torneo qatar\u00ed, cuando asumi\u00f3 el cargo en reemplazo del destituido portugu\u00e9s\u00a0<b>Carlos Queiroz<\/b>.<\/span><\/p>\n<p style=\"text-align: justify;\"><span style=\"font-family: helvetica, arial, sans-serif;\"><b>Colombia<\/b>\u00a0present\u00f3 un planteamiento timorato ante la colera de las eliminatorias sudamericanas y el gol lleg\u00f3 a trav\u00e9s de un penalti de\u00a0<b>James Rodr\u00edguez<\/b>\u00a0a los 45+4 minutos, luego de una falta sobre\u00a0<b>Rafael Santos Borr\u00e9<\/b>\u00a0que fue advertida por el\u00a0<b>VAR<\/b>\u00a0y tras un primer cobro que ataj\u00f3 el portero\u00a0<b>Wuilker Far\u00ed\u00f1ez<\/b>, que debi\u00f3 ser repetido.<\/span><\/p>\n<p style=\"text-align: justify;\"><span style=\"font-family: helvetica, arial, sans-serif;\"><b>Formaciones:<\/b><\/span><\/p>\n<p style=\"text-align: justify;\"><span style=\"font-family: helvetica, arial, sans-serif;\"><b>Venezuela:\u00a0<\/b>Wuilker Far\u00ed\u00f1ez; Ronald Hern\u00e1ndez, Nahuel Ferraresi, Christian Makoun, \u00d3scar Gonz\u00e1lez; Jose Mart\u00ednez (Jefferson Savarino 81\u2019), Tom\u00e1s Rinc\u00f3n (R\u00f3mulo Otero 67\u2019), Yangel Herrera; Darwin Mach\u00eds (Jhon Murillo 45\u2019), Salom\u00f3n Rond\u00f3n y Yeferson Soteldo.<\/span><\/p>\n<p style=\"text-align: justify;\"><span style=\"font-family: helvetica, arial, sans-serif;\"><b>Colombia<\/b>: David Ospina; Daniel Mu\u00f1oz, Carlos Cuesta (Yairo Moreno 37\u2019), D\u00e1vinson S\u00e1nchez, William Tesillo; Wilmar Barrios, Jefferson Lerma (Gustavo Cuellar 77\u2019); Luis Sinisterra (Luis Su\u00e1rez 64\u2019), James Rodr\u00edguez (Juan Fernando Quintero 63\u2019), Luis D\u00edaz; Rafael Santos Borr\u00e9 (Harold Preciado 77\u2019).<\/span><\/p>\n<p style=\"text-align: justify;\"><span style=\"font-family: helvetica, arial, sans-serif;\"><b>\u00c1rbitro:\u00a0<\/b>Wilton Sampaio (BRA).<\/span><\/p>\n<\/div>\n","protected":false},"excerpt":{"rendered":"<p>Reinaldo Rueda - DT selecci\u00f3n Colombia\u00a0 La selecci\u00f3n Colombia\u00a0no asistir\u00e1 al\u00a0Mundial de Qatar 2022, a pesar de vencer 0-1 a\u00a0Venezuela\u00a0en la \u00faltima jornada de las eliminatorias de la\u00a0Conmebol, en partido celebrado en\u00a0Puerto Ordaz. El equipo nacional sum\u00f3 23 puntos y ocup\u00f3 la sexta casilla de la tabla de posiciones, qued\u00e1ndose sin opciones de alcanzar el [&hellip;]<\/p>\n","protected":false},"author":5,"featured_media":78071,"comment_status":"open","ping_status":"open","sticky":false,"template":"","format":"video","meta":{"_acf_changed":false,"footnotes":""},"categories":[418],"tags":[],"class_list":{"0":"post-78086","1":"post","2":"type-post","3":"status-publish","4":"format-video","5":"has-post-thumbnail","7":"category-colombia","8":"post_format-post-format-video"},"acf":[],"yoast_head":"<!-- This site is optimized with the Yoast SEO plugin v26.8 - https:\/\/yoast.com\/product\/yoast-seo-wordpress\/ -->\n<title>No hubo milagro para Colombia -<\/title>\n<meta name=\"robots\" content=\"index, follow, max-snippet:-1, max-image-preview:large, max-video-preview:-1\" \/>\n<link rel=\"canonical\" href=\"https:\/\/futbolhoy.co\/index.php\/2022\/03\/29\/no-hubo-milagro-para-colombia\/\" \/>\n<meta property=\"og:locale\" content=\"es_ES\" \/>\n<meta property=\"og:type\" content=\"article\" \/>\n<meta property=\"og:title\" content=\"No hubo milagro para Colombia -\" \/>\n<meta property=\"og:description\" content=\"Reinaldo Rueda - DT selecci\u00f3n Colombia\u00a0 La selecci\u00f3n Colombia\u00a0no asistir\u00e1 al\u00a0Mundial de Qatar 2022, a pesar de vencer 0-1 a\u00a0Venezuela\u00a0en la \u00faltima jornada de las eliminatorias de la\u00a0Conmebol, en partido celebrado en\u00a0Puerto Ordaz. El equipo nacional sum\u00f3 23 puntos y ocup\u00f3 la sexta casilla de la tabla de posiciones, qued\u00e1ndose sin opciones de alcanzar el [&hellip;]\" \/>\n<meta property=\"og:url\" content=\"https:\/\/futbolhoy.co\/index.php\/2022\/03\/29\/no-hubo-milagro-para-colombia\/\" \/>\n<meta property=\"article:publisher\" content=\"https:\/\/www.facebook.com\/FutbolHoyCol\/\" \/>\n<meta property=\"article:published_time\" content=\"2022-03-30T01:31:02+00:00\" \/>\n<meta property=\"article:modified_time\" content=\"2022-03-30T14:52:37+00:00\" \/>\n<meta property=\"og:image\" content=\"https:\/\/futbolhoy.co\/wp-content\/uploads\/2022\/03\/A3.jpg\" \/>\n\t<meta property=\"og:image:width\" content=\"1168\" \/>\n\t<meta property=\"og:image:height\" content=\"786\" \/>\n\t<meta property=\"og:image:type\" content=\"image\/jpeg\" \/>\n<meta name=\"author\" content=\"Laura Hern\u00e1ndez\" \/>\n<meta name=\"twitter:card\" content=\"summary_large_image\" \/>\n<meta name=\"twitter:creator\" content=\"@FutbolHoyCol\" \/>\n<meta name=\"twitter:site\" content=\"@FutbolHoyCol\" \/>\n<meta name=\"twitter:label1\" content=\"Escrito por\" \/>\n\t<meta name=\"twitter:data1\" content=\"Laura Hern\u00e1ndez\" \/>\n\t<meta name=\"twitter:label2\" content=\"Tiempo de lectura\" \/>\n\t<meta name=\"twitter:data2\" content=\"2 minutos\" \/>\n<script type=\"application\/ld+json\" class=\"yoast-schema-graph\">{\"@context\":\"https:\/\/schema.org\",\"@graph\":[{\"@type\":\"Article\",\"@id\":\"https:\/\/futbolhoy.co\/index.php\/2022\/03\/29\/no-hubo-milagro-para-colombia\/#article\",\"isPartOf\":{\"@id\":\"https:\/\/futbolhoy.co\/index.php\/2022\/03\/29\/no-hubo-milagro-para-colombia\/\"},\"author\":{\"name\":\"Laura Hern\u00e1ndez\",\"@id\":\"https:\/\/futbolhoy.co\/#\/schema\/person\/c4a353a512b127643723a34bb1812f7d\"},\"headline\":\"No hubo milagro para Colombia\",\"datePublished\":\"2022-03-30T01:31:02+00:00\",\"dateModified\":\"2022-03-30T14:52:37+00:00\",\"mainEntityOfPage\":{\"@id\":\"https:\/\/futbolhoy.co\/index.php\/2022\/03\/29\/no-hubo-milagro-para-colombia\/\"},\"wordCount\":286,\"commentCount\":0,\"publisher\":{\"@id\":\"https:\/\/futbolhoy.co\/#organization\"},\"image\":{\"@id\":\"https:\/\/futbolhoy.co\/index.php\/2022\/03\/29\/no-hubo-milagro-para-colombia\/#primaryimage\"},\"thumbnailUrl\":\"https:\/\/futbolhoy.co\/wp-content\/uploads\/2022\/03\/A3.jpg\",\"articleSection\":[\"Colombia\"],\"inLanguage\":\"es\",\"potentialAction\":[{\"@type\":\"CommentAction\",\"name\":\"Comment\",\"target\":[\"https:\/\/futbolhoy.co\/index.php\/2022\/03\/29\/no-hubo-milagro-para-colombia\/#respond\"]}]},{\"@type\":\"WebPage\",\"@id\":\"https:\/\/futbolhoy.co\/index.php\/2022\/03\/29\/no-hubo-milagro-para-colombia\/\",\"url\":\"https:\/\/futbolhoy.co\/index.php\/2022\/03\/29\/no-hubo-milagro-para-colombia\/\",\"name\":\"No hubo milagro para Colombia -\",\"isPartOf\":{\"@id\":\"https:\/\/futbolhoy.co\/#website\"},\"primaryImageOfPage\":{\"@id\":\"https:\/\/futbolhoy.co\/index.php\/2022\/03\/29\/no-hubo-milagro-para-colombia\/#primaryimage\"},\"image\":{\"@id\":\"https:\/\/futbolhoy.co\/index.php\/2022\/03\/29\/no-hubo-milagro-para-colombia\/#primaryimage\"},\"thumbnailUrl\":\"https:\/\/futbolhoy.co\/wp-content\/uploads\/2022\/03\/A3.jpg\",\"datePublished\":\"2022-03-30T01:31:02+00:00\",\"dateModified\":\"2022-03-30T14:52:37+00:00\",\"breadcrumb\":{\"@id\":\"https:\/\/futbolhoy.co\/index.php\/2022\/03\/29\/no-hubo-milagro-para-colombia\/#breadcrumb\"},\"inLanguage\":\"es\",\"potentialAction\":[{\"@type\":\"ReadAction\",\"target\":[\"https:\/\/futbolhoy.co\/index.php\/2022\/03\/29\/no-hubo-milagro-para-colombia\/\"]}]},{\"@type\":\"ImageObject\",\"inLanguage\":\"es\",\"@id\":\"https:\/\/futbolhoy.co\/index.php\/2022\/03\/29\/no-hubo-milagro-para-colombia\/#primaryimage\",\"url\":\"https:\/\/futbolhoy.co\/wp-content\/uploads\/2022\/03\/A3.jpg\",\"contentUrl\":\"https:\/\/futbolhoy.co\/wp-content\/uploads\/2022\/03\/A3.jpg\",\"width\":1168,\"height\":786,\"caption\":\"Federaci\u00f3n Colombiana de F\u00fatbol\"},{\"@type\":\"BreadcrumbList\",\"@id\":\"https:\/\/futbolhoy.co\/index.php\/2022\/03\/29\/no-hubo-milagro-para-colombia\/#breadcrumb\",\"itemListElement\":[{\"@type\":\"ListItem\",\"position\":1,\"name\":\"Portada\",\"item\":\"https:\/\/futbolhoy.co\/\"},{\"@type\":\"ListItem\",\"position\":2,\"name\":\"No hubo milagro para Colombia\"}]},{\"@type\":\"WebSite\",\"@id\":\"https:\/\/futbolhoy.co\/#website\",\"url\":\"https:\/\/futbolhoy.co\/\",\"name\":\"FutbolHoy\",\"description\":\"\",\"publisher\":{\"@id\":\"https:\/\/futbolhoy.co\/#organization\"},\"potentialAction\":[{\"@type\":\"SearchAction\",\"target\":{\"@type\":\"EntryPoint\",\"urlTemplate\":\"https:\/\/futbolhoy.co\/?s={search_term_string}\"},\"query-input\":{\"@type\":\"PropertyValueSpecification\",\"valueRequired\":true,\"valueName\":\"search_term_string\"}}],\"inLanguage\":\"es\"},{\"@type\":\"Organization\",\"@id\":\"https:\/\/futbolhoy.co\/#organization\",\"name\":\"Futbolhoy.co\",\"url\":\"https:\/\/futbolhoy.co\/\",\"logo\":{\"@type\":\"ImageObject\",\"inLanguage\":\"es\",\"@id\":\"https:\/\/futbolhoy.co\/#\/schema\/logo\/image\/\",\"url\":\"https:\/\/futbolhoy.co\/wp-content\/uploads\/2018\/08\/17426380_1906371736249227_6326180412931521141_n.jpg\",\"contentUrl\":\"https:\/\/futbolhoy.co\/wp-content\/uploads\/2018\/08\/17426380_1906371736249227_6326180412931521141_n.jpg\",\"width\":960,\"height\":960,\"caption\":\"Futbolhoy.co\"},\"image\":{\"@id\":\"https:\/\/futbolhoy.co\/#\/schema\/logo\/image\/\"},\"sameAs\":[\"https:\/\/www.facebook.com\/FutbolHoyCol\/\",\"https:\/\/x.com\/FutbolHoyCol\",\"https:\/\/www.instagram.com\/futbolhoycol\/\"]},{\"@type\":\"Person\",\"@id\":\"https:\/\/futbolhoy.co\/#\/schema\/person\/c4a353a512b127643723a34bb1812f7d\",\"name\":\"Laura Hern\u00e1ndez\",\"image\":{\"@type\":\"ImageObject\",\"inLanguage\":\"es\",\"@id\":\"https:\/\/futbolhoy.co\/#\/schema\/person\/image\/\",\"url\":\"https:\/\/secure.gravatar.com\/avatar\/d25959a15b9b293a743f99181c7cfd01?s=96&d=mm&r=g\",\"contentUrl\":\"https:\/\/secure.gravatar.com\/avatar\/d25959a15b9b293a743f99181c7cfd01?s=96&d=mm&r=g\",\"caption\":\"Laura Hern\u00e1ndez\"}}]}<\/script>\n<!-- \/ Yoast SEO plugin. -->","yoast_head_json":{"title":"No hubo milagro para Colombia -","robots":{"index":"index","follow":"follow","max-snippet":"max-snippet:-1","max-image-preview":"max-image-preview:large","max-video-preview":"max-video-preview:-1"},"canonical":"https:\/\/futbolhoy.co\/index.php\/2022\/03\/29\/no-hubo-milagro-para-colombia\/","og_locale":"es_ES","og_type":"article","og_title":"No hubo milagro para Colombia -","og_description":"Reinaldo Rueda - DT selecci\u00f3n Colombia\u00a0 La selecci\u00f3n Colombia\u00a0no asistir\u00e1 al\u00a0Mundial de Qatar 2022, a pesar de vencer 0-1 a\u00a0Venezuela\u00a0en la \u00faltima jornada de las eliminatorias de la\u00a0Conmebol, en partido celebrado en\u00a0Puerto Ordaz. El equipo nacional sum\u00f3 23 puntos y ocup\u00f3 la sexta casilla de la tabla de posiciones, qued\u00e1ndose sin opciones de alcanzar el [&hellip;]","og_url":"https:\/\/futbolhoy.co\/index.php\/2022\/03\/29\/no-hubo-milagro-para-colombia\/","article_publisher":"https:\/\/www.facebook.com\/FutbolHoyCol\/","article_published_time":"2022-03-30T01:31:02+00:00","article_modified_time":"2022-03-30T14:52:37+00:00","og_image":[{"width":1168,"height":786,"url":"https:\/\/futbolhoy.co\/wp-content\/uploads\/2022\/03\/A3.jpg","type":"image\/jpeg"}],"author":"Laura Hern\u00e1ndez","twitter_card":"summary_large_image","twitter_creator":"@FutbolHoyCol","twitter_site":"@FutbolHoyCol","twitter_misc":{"Escrito por":"Laura Hern\u00e1ndez","Tiempo de lectura":"2 minutos"},"schema":{"@context":"https:\/\/schema.org","@graph":[{"@type":"Article","@id":"https:\/\/futbolhoy.co\/index.php\/2022\/03\/29\/no-hubo-milagro-para-colombia\/#article","isPartOf":{"@id":"https:\/\/futbolhoy.co\/index.php\/2022\/03\/29\/no-hubo-milagro-para-colombia\/"},"author":{"name":"Laura Hern\u00e1ndez","@id":"https:\/\/futbolhoy.co\/#\/schema\/person\/c4a353a512b127643723a34bb1812f7d"},"headline":"No hubo milagro para Colombia","datePublished":"2022-03-30T01:31:02+00:00","dateModified":"2022-03-30T14:52:37+00:00","mainEntityOfPage":{"@id":"https:\/\/futbolhoy.co\/index.php\/2022\/03\/29\/no-hubo-milagro-para-colombia\/"},"wordCount":286,"commentCount":0,"publisher":{"@id":"https:\/\/futbolhoy.co\/#organization"},"image":{"@id":"https:\/\/futbolhoy.co\/index.php\/2022\/03\/29\/no-hubo-milagro-para-colombia\/#primaryimage"},"thumbnailUrl":"https:\/\/futbolhoy.co\/wp-content\/uploads\/2022\/03\/A3.jpg","articleSection":["Colombia"],"inLanguage":"es","potentialAction":[{"@type":"CommentAction","name":"Comment","target":["https:\/\/futbolhoy.co\/index.php\/2022\/03\/29\/no-hubo-milagro-para-colombia\/#respond"]}]},{"@type":"WebPage","@id":"https:\/\/futbolhoy.co\/index.php\/2022\/03\/29\/no-hubo-milagro-para-colombia\/","url":"https:\/\/futbolhoy.co\/index.php\/2022\/03\/29\/no-hubo-milagro-para-colombia\/","name":"No hubo milagro para Colombia -","isPartOf":{"@id":"https:\/\/futbolhoy.co\/#website"},"primaryImageOfPage":{"@id":"https:\/\/futbolhoy.co\/index.php\/2022\/03\/29\/no-hubo-milagro-para-colombia\/#primaryimage"},"image":{"@id":"https:\/\/futbolhoy.co\/index.php\/2022\/03\/29\/no-hubo-milagro-para-colombia\/#primaryimage"},"thumbnailUrl":"https:\/\/futbolhoy.co\/wp-content\/uploads\/2022\/03\/A3.jpg","datePublished":"2022-03-30T01:31:02+00:00","dateModified":"2022-03-30T14:52:37+00:00","breadcrumb":{"@id":"https:\/\/futbolhoy.co\/index.php\/2022\/03\/29\/no-hubo-milagro-para-colombia\/#breadcrumb"},"inLanguage":"es","potentialAction":[{"@type":"ReadAction","target":["https:\/\/futbolhoy.co\/index.php\/2022\/03\/29\/no-hubo-milagro-para-colombia\/"]}]},{"@type":"ImageObject","inLanguage":"es","@id":"https:\/\/futbolhoy.co\/index.php\/2022\/03\/29\/no-hubo-milagro-para-colombia\/#primaryimage","url":"https:\/\/futbolhoy.co\/wp-content\/uploads\/2022\/03\/A3.jpg","contentUrl":"https:\/\/futbolhoy.co\/wp-content\/uploads\/2022\/03\/A3.jpg","width":1168,"height":786,"caption":"Federaci\u00f3n Colombiana de F\u00fatbol"},{"@type":"BreadcrumbList","@id":"https:\/\/futbolhoy.co\/index.php\/2022\/03\/29\/no-hubo-milagro-para-colombia\/#breadcrumb","itemListElement":[{"@type":"ListItem","position":1,"name":"Portada","item":"https:\/\/futbolhoy.co\/"},{"@type":"ListItem","position":2,"name":"No hubo milagro para Colombia"}]},{"@type":"WebSite","@id":"https:\/\/futbolhoy.co\/#website","url":"https:\/\/futbolhoy.co\/","name":"FutbolHoy","description":"","publisher":{"@id":"https:\/\/futbolhoy.co\/#organization"},"potentialAction":[{"@type":"SearchAction","target":{"@type":"EntryPoint","urlTemplate":"https:\/\/futbolhoy.co\/?s={search_term_string}"},"query-input":{"@type":"PropertyValueSpecification","valueRequired":true,"valueName":"search_term_string"}}],"inLanguage":"es"},{"@type":"Organization","@id":"https:\/\/futbolhoy.co\/#organization","name":"Futbolhoy.co","url":"https:\/\/futbolhoy.co\/","logo":{"@type":"ImageObject","inLanguage":"es","@id":"https:\/\/futbolhoy.co\/#\/schema\/logo\/image\/","url":"https:\/\/futbolhoy.co\/wp-content\/uploads\/2018\/08\/17426380_1906371736249227_6326180412931521141_n.jpg","contentUrl":"https:\/\/futbolhoy.co\/wp-content\/uploads\/2018\/08\/17426380_1906371736249227_6326180412931521141_n.jpg","width":960,"height":960,"caption":"Futbolhoy.co"},"image":{"@id":"https:\/\/futbolhoy.co\/#\/schema\/logo\/image\/"},"sameAs":["https:\/\/www.facebook.com\/FutbolHoyCol\/","https:\/\/x.com\/FutbolHoyCol","https:\/\/www.instagram.com\/futbolhoycol\/"]},{"@type":"Person","@id":"https:\/\/futbolhoy.co\/#\/schema\/person\/c4a353a512b127643723a34bb1812f7d","name":"Laura Hern\u00e1ndez","image":{"@type":"ImageObject","inLanguage":"es","@id":"https:\/\/futbolhoy.co\/#\/schema\/person\/image\/","url":"https:\/\/secure.gravatar.com\/avatar\/d25959a15b9b293a743f99181c7cfd01?s=96&d=mm&r=g","contentUrl":"https:\/\/secure.gravatar.com\/avatar\/d25959a15b9b293a743f99181c7cfd01?s=96&d=mm&r=g","caption":"Laura Hern\u00e1ndez"}}]}},"publishpress_future_action":{"enabled":false,"date":"2026-05-05 02:13:44","action":"change-status","newStatus":"draft","terms":[],"taxonomy":"category","extraData":[]},"publishpress_future_workflow_manual_trigger":{"enabledWorkflows":[]},"_links":{"self":[{"href":"https:\/\/futbolhoy.co\/index.php\/wp-json\/wp\/v2\/posts\/78086","targetHints":{"allow":["GET"]}}],"collection":[{"href":"https:\/\/futbolhoy.co\/index.php\/wp-json\/wp\/v2\/posts"}],"about":[{"href":"https:\/\/futbolhoy.co\/index.php\/wp-json\/wp\/v2\/types\/post"}],"author":[{"embeddable":true,"href":"https:\/\/futbolhoy.co\/index.php\/wp-json\/wp\/v2\/users\/5"}],"replies":[{"embeddable":true,"href":"https:\/\/futbolhoy.co\/index.php\/wp-json\/wp\/v2\/comments?post=78086"}],"version-history":[{"count":3,"href":"https:\/\/futbolhoy.co\/index.php\/wp-json\/wp\/v2\/posts\/78086\/revisions"}],"predecessor-version":[{"id":78097,"href":"https:\/\/futbolhoy.co\/index.php\/wp-json\/wp\/v2\/posts\/78086\/revisions\/78097"}],"wp:featuredmedia":[{"embeddable":true,"href":"https:\/\/futbolhoy.co\/index.php\/wp-json\/wp\/v2\/media\/78071"}],"wp:attachment":[{"href":"https:\/\/futbolhoy.co\/index.php\/wp-json\/wp\/v2\/media?parent=78086"}],"wp:term":[{"taxonomy":"category","embeddable":true,"href":"https:\/\/futbolhoy.co\/index.php\/wp-json\/wp\/v2\/categories?post=78086"},{"taxonomy":"post_tag","embeddable":true,"href":"https:\/\/futbolhoy.co\/index.php\/wp-json\/wp\/v2\/tags?post=78086"}],"curies":[{"name":"wp","href":"https:\/\/api.w.org\/{rel}","templated":true}]}}