{"id":78121,"date":"2022-03-30T09:49:07","date_gmt":"2022-03-30T14:49:07","guid":{"rendered":"https:\/\/futbolhoy.co\/?p=78121"},"modified":"2022-03-30T21:50:14","modified_gmt":"2022-03-31T02:50:14","slug":"mi-contrato-estaba-sujeto-a-la-clasificacion-rueda","status":"publish","type":"post","link":"https:\/\/futbolhoy.co\/index.php\/2022\/03\/30\/mi-contrato-estaba-sujeto-a-la-clasificacion-rueda\/","title":{"rendered":"Mi contrato estaba sujeto a la clasificaci\u00f3n: Rueda"},"content":{"rendered":"<p style=\"text-align: justify;\"><span style=\"font-family: helvetica, arial, sans-serif;\">La situaci\u00f3n del t\u00e9cnico <strong>Reinaldo Rueda<\/strong> en la <strong>selecci\u00f3n Colombia<\/strong>\u00a0se definir\u00e1 una vez regresen al pa\u00eds de los directivos de la <strong>Federaci\u00f3n,<\/strong> que asisten al sorteo del <strong>Mundial<\/strong> en<strong> Qatar.<\/strong><\/span><\/p>\n<p><span style=\"font-family: helvetica, arial, sans-serif;\">El entrenador, una vez finaliz\u00f3 el partido ante <strong>Venezuela,<\/strong> asegur\u00f3 que \u201cest\u00e1 muy claro que nuestro contrato estaba sujeto a la clasificaci\u00f3n del Mundial y no se ha logrado, es una evaluaci\u00f3n que tendr\u00e1n que hacer los directivos\u201d.<\/span><\/p>\n<p><span style=\"font-family: helvetica, arial, sans-serif;\">La finalizaci\u00f3n del contrato, no generar\u00e1 ninguna compensaci\u00f3n econ\u00f3mica.<\/span><\/p>\n<p><span style=\"font-family: helvetica, arial, sans-serif;\">El pr\u00f3ximo comit\u00e9 ejecutivo de la Federaci\u00f3n, confirmar\u00e1 la salida de Rueda.<\/span><\/p>\n","protected":false},"excerpt":{"rendered":"<p>La situaci\u00f3n del t\u00e9cnico Reinaldo Rueda en la selecci\u00f3n Colombia\u00a0se definir\u00e1 una vez regresen al pa\u00eds de los directivos de la Federaci\u00f3n, que asisten al sorteo del Mundial en Qatar. El entrenador, una vez finaliz\u00f3 el partido ante Venezuela, asegur\u00f3 que \u201cest\u00e1 muy claro que nuestro contrato estaba sujeto a la clasificaci\u00f3n del Mundial y [&hellip;]<\/p>\n","protected":false},"author":5,"featured_media":65778,"comment_status":"open","ping_status":"open","sticky":false,"template":"","format":"standard","meta":{"_acf_changed":false,"footnotes":""},"categories":[418],"tags":[],"class_list":{"0":"post-78121","1":"post","2":"type-post","3":"status-publish","4":"format-standard","5":"has-post-thumbnail","7":"category-colombia"},"acf":[],"yoast_head":"<!-- This site is optimized with the Yoast SEO plugin v26.8 - https:\/\/yoast.com\/product\/yoast-seo-wordpress\/ -->\n<title>Mi contrato estaba sujeto a la clasificaci\u00f3n: Rueda -<\/title>\n<meta name=\"robots\" content=\"index, follow, max-snippet:-1, max-image-preview:large, max-video-preview:-1\" \/>\n<link rel=\"canonical\" href=\"https:\/\/futbolhoy.co\/index.php\/2022\/03\/30\/mi-contrato-estaba-sujeto-a-la-clasificacion-rueda\/\" \/>\n<meta property=\"og:locale\" content=\"es_ES\" \/>\n<meta property=\"og:type\" content=\"article\" \/>\n<meta property=\"og:title\" content=\"Mi contrato estaba sujeto a la clasificaci\u00f3n: Rueda -\" \/>\n<meta property=\"og:description\" content=\"La situaci\u00f3n del t\u00e9cnico Reinaldo Rueda en la selecci\u00f3n Colombia\u00a0se definir\u00e1 una vez regresen al pa\u00eds de los directivos de la Federaci\u00f3n, que asisten al sorteo del Mundial en Qatar. El entrenador, una vez finaliz\u00f3 el partido ante Venezuela, asegur\u00f3 que \u201cest\u00e1 muy claro que nuestro contrato estaba sujeto a la clasificaci\u00f3n del Mundial y [&hellip;]\" \/>\n<meta property=\"og:url\" content=\"https:\/\/futbolhoy.co\/index.php\/2022\/03\/30\/mi-contrato-estaba-sujeto-a-la-clasificacion-rueda\/\" \/>\n<meta property=\"article:publisher\" content=\"https:\/\/www.facebook.com\/FutbolHoyCol\/\" \/>\n<meta property=\"article:published_time\" content=\"2022-03-30T14:49:07+00:00\" \/>\n<meta property=\"article:modified_time\" content=\"2022-03-31T02:50:14+00:00\" \/>\n<meta property=\"og:image\" content=\"https:\/\/futbolhoy.co\/wp-content\/uploads\/2021\/06\/RUEDA.jpg\" \/>\n\t<meta property=\"og:image:width\" content=\"844\" \/>\n\t<meta property=\"og:image:height\" content=\"506\" \/>\n\t<meta property=\"og:image:type\" content=\"image\/jpeg\" \/>\n<meta name=\"author\" content=\"Laura Hern\u00e1ndez\" \/>\n<meta name=\"twitter:card\" content=\"summary_large_image\" \/>\n<meta name=\"twitter:creator\" content=\"@FutbolHoyCol\" \/>\n<meta name=\"twitter:site\" content=\"@FutbolHoyCol\" \/>\n<meta name=\"twitter:label1\" content=\"Escrito por\" \/>\n\t<meta name=\"twitter:data1\" content=\"Laura Hern\u00e1ndez\" \/>\n\t<meta name=\"twitter:label2\" content=\"Tiempo de lectura\" \/>\n\t<meta name=\"twitter:data2\" content=\"1 minuto\" \/>\n<script type=\"application\/ld+json\" class=\"yoast-schema-graph\">{\"@context\":\"https:\/\/schema.org\",\"@graph\":[{\"@type\":\"Article\",\"@id\":\"https:\/\/futbolhoy.co\/index.php\/2022\/03\/30\/mi-contrato-estaba-sujeto-a-la-clasificacion-rueda\/#article\",\"isPartOf\":{\"@id\":\"https:\/\/futbolhoy.co\/index.php\/2022\/03\/30\/mi-contrato-estaba-sujeto-a-la-clasificacion-rueda\/\"},\"author\":{\"name\":\"Laura Hern\u00e1ndez\",\"@id\":\"https:\/\/futbolhoy.co\/#\/schema\/person\/c4a353a512b127643723a34bb1812f7d\"},\"headline\":\"Mi contrato estaba sujeto a la clasificaci\u00f3n: Rueda\",\"datePublished\":\"2022-03-30T14:49:07+00:00\",\"dateModified\":\"2022-03-31T02:50:14+00:00\",\"mainEntityOfPage\":{\"@id\":\"https:\/\/futbolhoy.co\/index.php\/2022\/03\/30\/mi-contrato-estaba-sujeto-a-la-clasificacion-rueda\/\"},\"wordCount\":112,\"commentCount\":0,\"publisher\":{\"@id\":\"https:\/\/futbolhoy.co\/#organization\"},\"image\":{\"@id\":\"https:\/\/futbolhoy.co\/index.php\/2022\/03\/30\/mi-contrato-estaba-sujeto-a-la-clasificacion-rueda\/#primaryimage\"},\"thumbnailUrl\":\"https:\/\/futbolhoy.co\/wp-content\/uploads\/2021\/06\/RUEDA.jpg\",\"articleSection\":[\"Colombia\"],\"inLanguage\":\"es\",\"potentialAction\":[{\"@type\":\"CommentAction\",\"name\":\"Comment\",\"target\":[\"https:\/\/futbolhoy.co\/index.php\/2022\/03\/30\/mi-contrato-estaba-sujeto-a-la-clasificacion-rueda\/#respond\"]}]},{\"@type\":\"WebPage\",\"@id\":\"https:\/\/futbolhoy.co\/index.php\/2022\/03\/30\/mi-contrato-estaba-sujeto-a-la-clasificacion-rueda\/\",\"url\":\"https:\/\/futbolhoy.co\/index.php\/2022\/03\/30\/mi-contrato-estaba-sujeto-a-la-clasificacion-rueda\/\",\"name\":\"Mi contrato estaba sujeto a la clasificaci\u00f3n: Rueda -\",\"isPartOf\":{\"@id\":\"https:\/\/futbolhoy.co\/#website\"},\"primaryImageOfPage\":{\"@id\":\"https:\/\/futbolhoy.co\/index.php\/2022\/03\/30\/mi-contrato-estaba-sujeto-a-la-clasificacion-rueda\/#primaryimage\"},\"image\":{\"@id\":\"https:\/\/futbolhoy.co\/index.php\/2022\/03\/30\/mi-contrato-estaba-sujeto-a-la-clasificacion-rueda\/#primaryimage\"},\"thumbnailUrl\":\"https:\/\/futbolhoy.co\/wp-content\/uploads\/2021\/06\/RUEDA.jpg\",\"datePublished\":\"2022-03-30T14:49:07+00:00\",\"dateModified\":\"2022-03-31T02:50:14+00:00\",\"breadcrumb\":{\"@id\":\"https:\/\/futbolhoy.co\/index.php\/2022\/03\/30\/mi-contrato-estaba-sujeto-a-la-clasificacion-rueda\/#breadcrumb\"},\"inLanguage\":\"es\",\"potentialAction\":[{\"@type\":\"ReadAction\",\"target\":[\"https:\/\/futbolhoy.co\/index.php\/2022\/03\/30\/mi-contrato-estaba-sujeto-a-la-clasificacion-rueda\/\"]}]},{\"@type\":\"ImageObject\",\"inLanguage\":\"es\",\"@id\":\"https:\/\/futbolhoy.co\/index.php\/2022\/03\/30\/mi-contrato-estaba-sujeto-a-la-clasificacion-rueda\/#primaryimage\",\"url\":\"https:\/\/futbolhoy.co\/wp-content\/uploads\/2021\/06\/RUEDA.jpg\",\"contentUrl\":\"https:\/\/futbolhoy.co\/wp-content\/uploads\/2021\/06\/RUEDA.jpg\",\"width\":844,\"height\":506},{\"@type\":\"BreadcrumbList\",\"@id\":\"https:\/\/futbolhoy.co\/index.php\/2022\/03\/30\/mi-contrato-estaba-sujeto-a-la-clasificacion-rueda\/#breadcrumb\",\"itemListElement\":[{\"@type\":\"ListItem\",\"position\":1,\"name\":\"Portada\",\"item\":\"https:\/\/futbolhoy.co\/\"},{\"@type\":\"ListItem\",\"position\":2,\"name\":\"Mi contrato estaba sujeto a la clasificaci\u00f3n: Rueda\"}]},{\"@type\":\"WebSite\",\"@id\":\"https:\/\/futbolhoy.co\/#website\",\"url\":\"https:\/\/futbolhoy.co\/\",\"name\":\"FutbolHoy\",\"description\":\"\",\"publisher\":{\"@id\":\"https:\/\/futbolhoy.co\/#organization\"},\"potentialAction\":[{\"@type\":\"SearchAction\",\"target\":{\"@type\":\"EntryPoint\",\"urlTemplate\":\"https:\/\/futbolhoy.co\/?s={search_term_string}\"},\"query-input\":{\"@type\":\"PropertyValueSpecification\",\"valueRequired\":true,\"valueName\":\"search_term_string\"}}],\"inLanguage\":\"es\"},{\"@type\":\"Organization\",\"@id\":\"https:\/\/futbolhoy.co\/#organization\",\"name\":\"Futbolhoy.co\",\"url\":\"https:\/\/futbolhoy.co\/\",\"logo\":{\"@type\":\"ImageObject\",\"inLanguage\":\"es\",\"@id\":\"https:\/\/futbolhoy.co\/#\/schema\/logo\/image\/\",\"url\":\"https:\/\/futbolhoy.co\/wp-content\/uploads\/2018\/08\/17426380_1906371736249227_6326180412931521141_n.jpg\",\"contentUrl\":\"https:\/\/futbolhoy.co\/wp-content\/uploads\/2018\/08\/17426380_1906371736249227_6326180412931521141_n.jpg\",\"width\":960,\"height\":960,\"caption\":\"Futbolhoy.co\"},\"image\":{\"@id\":\"https:\/\/futbolhoy.co\/#\/schema\/logo\/image\/\"},\"sameAs\":[\"https:\/\/www.facebook.com\/FutbolHoyCol\/\",\"https:\/\/x.com\/FutbolHoyCol\",\"https:\/\/www.instagram.com\/futbolhoycol\/\"]},{\"@type\":\"Person\",\"@id\":\"https:\/\/futbolhoy.co\/#\/schema\/person\/c4a353a512b127643723a34bb1812f7d\",\"name\":\"Laura Hern\u00e1ndez\",\"image\":{\"@type\":\"ImageObject\",\"inLanguage\":\"es\",\"@id\":\"https:\/\/futbolhoy.co\/#\/schema\/person\/image\/\",\"url\":\"https:\/\/secure.gravatar.com\/avatar\/d25959a15b9b293a743f99181c7cfd01?s=96&d=mm&r=g\",\"contentUrl\":\"https:\/\/secure.gravatar.com\/avatar\/d25959a15b9b293a743f99181c7cfd01?s=96&d=mm&r=g\",\"caption\":\"Laura Hern\u00e1ndez\"}}]}<\/script>\n<!-- \/ Yoast SEO plugin. -->","yoast_head_json":{"title":"Mi contrato estaba sujeto a la clasificaci\u00f3n: Rueda -","robots":{"index":"index","follow":"follow","max-snippet":"max-snippet:-1","max-image-preview":"max-image-preview:large","max-video-preview":"max-video-preview:-1"},"canonical":"https:\/\/futbolhoy.co\/index.php\/2022\/03\/30\/mi-contrato-estaba-sujeto-a-la-clasificacion-rueda\/","og_locale":"es_ES","og_type":"article","og_title":"Mi contrato estaba sujeto a la clasificaci\u00f3n: Rueda -","og_description":"La situaci\u00f3n del t\u00e9cnico Reinaldo Rueda en la selecci\u00f3n Colombia\u00a0se definir\u00e1 una vez regresen al pa\u00eds de los directivos de la Federaci\u00f3n, que asisten al sorteo del Mundial en Qatar. El entrenador, una vez finaliz\u00f3 el partido ante Venezuela, asegur\u00f3 que \u201cest\u00e1 muy claro que nuestro contrato estaba sujeto a la clasificaci\u00f3n del Mundial y [&hellip;]","og_url":"https:\/\/futbolhoy.co\/index.php\/2022\/03\/30\/mi-contrato-estaba-sujeto-a-la-clasificacion-rueda\/","article_publisher":"https:\/\/www.facebook.com\/FutbolHoyCol\/","article_published_time":"2022-03-30T14:49:07+00:00","article_modified_time":"2022-03-31T02:50:14+00:00","og_image":[{"width":844,"height":506,"url":"https:\/\/futbolhoy.co\/wp-content\/uploads\/2021\/06\/RUEDA.jpg","type":"image\/jpeg"}],"author":"Laura Hern\u00e1ndez","twitter_card":"summary_large_image","twitter_creator":"@FutbolHoyCol","twitter_site":"@FutbolHoyCol","twitter_misc":{"Escrito por":"Laura Hern\u00e1ndez","Tiempo de lectura":"1 minuto"},"schema":{"@context":"https:\/\/schema.org","@graph":[{"@type":"Article","@id":"https:\/\/futbolhoy.co\/index.php\/2022\/03\/30\/mi-contrato-estaba-sujeto-a-la-clasificacion-rueda\/#article","isPartOf":{"@id":"https:\/\/futbolhoy.co\/index.php\/2022\/03\/30\/mi-contrato-estaba-sujeto-a-la-clasificacion-rueda\/"},"author":{"name":"Laura Hern\u00e1ndez","@id":"https:\/\/futbolhoy.co\/#\/schema\/person\/c4a353a512b127643723a34bb1812f7d"},"headline":"Mi contrato estaba sujeto a la clasificaci\u00f3n: Rueda","datePublished":"2022-03-30T14:49:07+00:00","dateModified":"2022-03-31T02:50:14+00:00","mainEntityOfPage":{"@id":"https:\/\/futbolhoy.co\/index.php\/2022\/03\/30\/mi-contrato-estaba-sujeto-a-la-clasificacion-rueda\/"},"wordCount":112,"commentCount":0,"publisher":{"@id":"https:\/\/futbolhoy.co\/#organization"},"image":{"@id":"https:\/\/futbolhoy.co\/index.php\/2022\/03\/30\/mi-contrato-estaba-sujeto-a-la-clasificacion-rueda\/#primaryimage"},"thumbnailUrl":"https:\/\/futbolhoy.co\/wp-content\/uploads\/2021\/06\/RUEDA.jpg","articleSection":["Colombia"],"inLanguage":"es","potentialAction":[{"@type":"CommentAction","name":"Comment","target":["https:\/\/futbolhoy.co\/index.php\/2022\/03\/30\/mi-contrato-estaba-sujeto-a-la-clasificacion-rueda\/#respond"]}]},{"@type":"WebPage","@id":"https:\/\/futbolhoy.co\/index.php\/2022\/03\/30\/mi-contrato-estaba-sujeto-a-la-clasificacion-rueda\/","url":"https:\/\/futbolhoy.co\/index.php\/2022\/03\/30\/mi-contrato-estaba-sujeto-a-la-clasificacion-rueda\/","name":"Mi contrato estaba sujeto a la clasificaci\u00f3n: Rueda -","isPartOf":{"@id":"https:\/\/futbolhoy.co\/#website"},"primaryImageOfPage":{"@id":"https:\/\/futbolhoy.co\/index.php\/2022\/03\/30\/mi-contrato-estaba-sujeto-a-la-clasificacion-rueda\/#primaryimage"},"image":{"@id":"https:\/\/futbolhoy.co\/index.php\/2022\/03\/30\/mi-contrato-estaba-sujeto-a-la-clasificacion-rueda\/#primaryimage"},"thumbnailUrl":"https:\/\/futbolhoy.co\/wp-content\/uploads\/2021\/06\/RUEDA.jpg","datePublished":"2022-03-30T14:49:07+00:00","dateModified":"2022-03-31T02:50:14+00:00","breadcrumb":{"@id":"https:\/\/futbolhoy.co\/index.php\/2022\/03\/30\/mi-contrato-estaba-sujeto-a-la-clasificacion-rueda\/#breadcrumb"},"inLanguage":"es","potentialAction":[{"@type":"ReadAction","target":["https:\/\/futbolhoy.co\/index.php\/2022\/03\/30\/mi-contrato-estaba-sujeto-a-la-clasificacion-rueda\/"]}]},{"@type":"ImageObject","inLanguage":"es","@id":"https:\/\/futbolhoy.co\/index.php\/2022\/03\/30\/mi-contrato-estaba-sujeto-a-la-clasificacion-rueda\/#primaryimage","url":"https:\/\/futbolhoy.co\/wp-content\/uploads\/2021\/06\/RUEDA.jpg","contentUrl":"https:\/\/futbolhoy.co\/wp-content\/uploads\/2021\/06\/RUEDA.jpg","width":844,"height":506},{"@type":"BreadcrumbList","@id":"https:\/\/futbolhoy.co\/index.php\/2022\/03\/30\/mi-contrato-estaba-sujeto-a-la-clasificacion-rueda\/#breadcrumb","itemListElement":[{"@type":"ListItem","position":1,"name":"Portada","item":"https:\/\/futbolhoy.co\/"},{"@type":"ListItem","position":2,"name":"Mi contrato estaba sujeto a la clasificaci\u00f3n: Rueda"}]},{"@type":"WebSite","@id":"https:\/\/futbolhoy.co\/#website","url":"https:\/\/futbolhoy.co\/","name":"FutbolHoy","description":"","publisher":{"@id":"https:\/\/futbolhoy.co\/#organization"},"potentialAction":[{"@type":"SearchAction","target":{"@type":"EntryPoint","urlTemplate":"https:\/\/futbolhoy.co\/?s={search_term_string}"},"query-input":{"@type":"PropertyValueSpecification","valueRequired":true,"valueName":"search_term_string"}}],"inLanguage":"es"},{"@type":"Organization","@id":"https:\/\/futbolhoy.co\/#organization","name":"Futbolhoy.co","url":"https:\/\/futbolhoy.co\/","logo":{"@type":"ImageObject","inLanguage":"es","@id":"https:\/\/futbolhoy.co\/#\/schema\/logo\/image\/","url":"https:\/\/futbolhoy.co\/wp-content\/uploads\/2018\/08\/17426380_1906371736249227_6326180412931521141_n.jpg","contentUrl":"https:\/\/futbolhoy.co\/wp-content\/uploads\/2018\/08\/17426380_1906371736249227_6326180412931521141_n.jpg","width":960,"height":960,"caption":"Futbolhoy.co"},"image":{"@id":"https:\/\/futbolhoy.co\/#\/schema\/logo\/image\/"},"sameAs":["https:\/\/www.facebook.com\/FutbolHoyCol\/","https:\/\/x.com\/FutbolHoyCol","https:\/\/www.instagram.com\/futbolhoycol\/"]},{"@type":"Person","@id":"https:\/\/futbolhoy.co\/#\/schema\/person\/c4a353a512b127643723a34bb1812f7d","name":"Laura Hern\u00e1ndez","image":{"@type":"ImageObject","inLanguage":"es","@id":"https:\/\/futbolhoy.co\/#\/schema\/person\/image\/","url":"https:\/\/secure.gravatar.com\/avatar\/d25959a15b9b293a743f99181c7cfd01?s=96&d=mm&r=g","contentUrl":"https:\/\/secure.gravatar.com\/avatar\/d25959a15b9b293a743f99181c7cfd01?s=96&d=mm&r=g","caption":"Laura Hern\u00e1ndez"}}]}},"publishpress_future_action":{"enabled":false,"date":"2026-05-05 05:33:26","action":"change-status","newStatus":"draft","terms":[],"taxonomy":"category","extraData":[]},"publishpress_future_workflow_manual_trigger":{"enabledWorkflows":[]},"_links":{"self":[{"href":"https:\/\/futbolhoy.co\/index.php\/wp-json\/wp\/v2\/posts\/78121","targetHints":{"allow":["GET"]}}],"collection":[{"href":"https:\/\/futbolhoy.co\/index.php\/wp-json\/wp\/v2\/posts"}],"about":[{"href":"https:\/\/futbolhoy.co\/index.php\/wp-json\/wp\/v2\/types\/post"}],"author":[{"embeddable":true,"href":"https:\/\/futbolhoy.co\/index.php\/wp-json\/wp\/v2\/users\/5"}],"replies":[{"embeddable":true,"href":"https:\/\/futbolhoy.co\/index.php\/wp-json\/wp\/v2\/comments?post=78121"}],"version-history":[{"count":2,"href":"https:\/\/futbolhoy.co\/index.php\/wp-json\/wp\/v2\/posts\/78121\/revisions"}],"predecessor-version":[{"id":78123,"href":"https:\/\/futbolhoy.co\/index.php\/wp-json\/wp\/v2\/posts\/78121\/revisions\/78123"}],"wp:featuredmedia":[{"embeddable":true,"href":"https:\/\/futbolhoy.co\/index.php\/wp-json\/wp\/v2\/media\/65778"}],"wp:attachment":[{"href":"https:\/\/futbolhoy.co\/index.php\/wp-json\/wp\/v2\/media?parent=78121"}],"wp:term":[{"taxonomy":"category","embeddable":true,"href":"https:\/\/futbolhoy.co\/index.php\/wp-json\/wp\/v2\/categories?post=78121"},{"taxonomy":"post_tag","embeddable":true,"href":"https:\/\/futbolhoy.co\/index.php\/wp-json\/wp\/v2\/tags?post=78121"}],"curies":[{"name":"wp","href":"https:\/\/api.w.org\/{rel}","templated":true}]}}