{"id":78157,"date":"2022-03-31T18:20:52","date_gmt":"2022-03-31T23:20:52","guid":{"rendered":"https:\/\/futbolhoy.co\/?p=78157"},"modified":"2022-04-01T12:20:57","modified_gmt":"2022-04-01T17:20:57","slug":"cuadrado-se-lamenta-por-la-eliminacion","status":"publish","type":"post","link":"https:\/\/futbolhoy.co\/index.php\/2022\/03\/31\/cuadrado-se-lamenta-por-la-eliminacion\/","title":{"rendered":"Cuadrado se lamenta por la eliminaci\u00f3n"},"content":{"rendered":"<p style=\"text-align: justify;\"><span style=\"font-family: helvetica, arial, sans-serif;\"><b>Juan Guillermo Cuadrado\u00a0<\/b>expres\u00f3 en sus redes sociales la frustraci\u00f3n personal que le produjo la eliminaci\u00f3n de\u00a0<b>Colombia del Mundial de Qatar 2022<\/b>, luego de perderse por acumulaci\u00f3n de tarjetas amarillas el \u00faltimo juego en\u00a0<b>Puerto Ordaz<\/b>\u00a0contra\u00a0<b>Venezuela<\/b>\u00a0(0-1).<\/span><\/p>\n<p style=\"text-align: justify;\"><span style=\"font-family: helvetica, arial, sans-serif;\">\u201cSolo recordar que despu\u00e9s de 16 a\u00f1os volvimos a un Mundial 2 veces seguidas es motivo para agradecer. Nadie m\u00e1s que nosotros como familia sabe la tristeza y m\u00e1s de pensar que era tu \u00faltima oportunidad para m\u00ed, pero a\u00fan en medio de ella debemos levantarnos y seguir adelante\u201d, expres\u00f3 el jugador de la\u00a0<b>Juventus de Italia.<\/b><\/span><\/p>\n<p style=\"text-align: justify;\"><span style=\"font-family: helvetica, arial, sans-serif;\">Cuadrado en la fase de clasificaci\u00f3n de\u00a0<b>Sudam\u00e9rica<\/b>\u00a0disput\u00f3 16 partidos, marc\u00f3 un gol y realiz\u00f3 tres asistencias.<\/span><\/p>\n","protected":false},"excerpt":{"rendered":"<p>Juan Guillermo Cuadrado\u00a0expres\u00f3 en sus redes sociales la frustraci\u00f3n personal que le produjo la eliminaci\u00f3n de\u00a0Colombia del Mundial de Qatar 2022, luego de perderse por acumulaci\u00f3n de tarjetas amarillas el \u00faltimo juego en\u00a0Puerto Ordaz\u00a0contra\u00a0Venezuela\u00a0(0-1). \u201cSolo recordar que despu\u00e9s de 16 a\u00f1os volvimos a un Mundial 2 veces seguidas es motivo para agradecer. Nadie m\u00e1s que [&hellip;]<\/p>\n","protected":false},"author":5,"featured_media":78158,"comment_status":"open","ping_status":"open","sticky":false,"template":"","format":"standard","meta":{"_acf_changed":false,"footnotes":""},"categories":[418],"tags":[],"class_list":{"0":"post-78157","1":"post","2":"type-post","3":"status-publish","4":"format-standard","5":"has-post-thumbnail","7":"category-colombia"},"acf":[],"yoast_head":"<!-- This site is optimized with the Yoast SEO plugin v26.8 - https:\/\/yoast.com\/product\/yoast-seo-wordpress\/ -->\n<title>Cuadrado se lamenta por la eliminaci\u00f3n -<\/title>\n<meta name=\"robots\" content=\"index, follow, max-snippet:-1, max-image-preview:large, max-video-preview:-1\" \/>\n<link rel=\"canonical\" href=\"https:\/\/futbolhoy.co\/index.php\/2022\/03\/31\/cuadrado-se-lamenta-por-la-eliminacion\/\" \/>\n<meta property=\"og:locale\" content=\"es_ES\" \/>\n<meta property=\"og:type\" content=\"article\" \/>\n<meta property=\"og:title\" content=\"Cuadrado se lamenta por la eliminaci\u00f3n -\" \/>\n<meta property=\"og:description\" content=\"Juan Guillermo Cuadrado\u00a0expres\u00f3 en sus redes sociales la frustraci\u00f3n personal que le produjo la eliminaci\u00f3n de\u00a0Colombia del Mundial de Qatar 2022, luego de perderse por acumulaci\u00f3n de tarjetas amarillas el \u00faltimo juego en\u00a0Puerto Ordaz\u00a0contra\u00a0Venezuela\u00a0(0-1). \u201cSolo recordar que despu\u00e9s de 16 a\u00f1os volvimos a un Mundial 2 veces seguidas es motivo para agradecer. Nadie m\u00e1s que [&hellip;]\" \/>\n<meta property=\"og:url\" content=\"https:\/\/futbolhoy.co\/index.php\/2022\/03\/31\/cuadrado-se-lamenta-por-la-eliminacion\/\" \/>\n<meta property=\"article:publisher\" content=\"https:\/\/www.facebook.com\/FutbolHoyCol\/\" \/>\n<meta property=\"article:published_time\" content=\"2022-03-31T23:20:52+00:00\" \/>\n<meta property=\"article:modified_time\" content=\"2022-04-01T17:20:57+00:00\" \/>\n<meta property=\"og:image\" content=\"https:\/\/futbolhoy.co\/wp-content\/uploads\/2022\/03\/20220331_182020.png\" \/>\n\t<meta property=\"og:image:width\" content=\"580\" \/>\n\t<meta property=\"og:image:height\" content=\"330\" \/>\n\t<meta property=\"og:image:type\" content=\"image\/png\" \/>\n<meta name=\"author\" content=\"Laura Hern\u00e1ndez\" \/>\n<meta name=\"twitter:card\" content=\"summary_large_image\" \/>\n<meta name=\"twitter:creator\" content=\"@FutbolHoyCol\" \/>\n<meta name=\"twitter:site\" content=\"@FutbolHoyCol\" \/>\n<meta name=\"twitter:label1\" content=\"Escrito por\" \/>\n\t<meta name=\"twitter:data1\" content=\"Laura Hern\u00e1ndez\" \/>\n\t<meta name=\"twitter:label2\" content=\"Tiempo de lectura\" \/>\n\t<meta name=\"twitter:data2\" content=\"1 minuto\" \/>\n<script type=\"application\/ld+json\" class=\"yoast-schema-graph\">{\"@context\":\"https:\/\/schema.org\",\"@graph\":[{\"@type\":\"Article\",\"@id\":\"https:\/\/futbolhoy.co\/index.php\/2022\/03\/31\/cuadrado-se-lamenta-por-la-eliminacion\/#article\",\"isPartOf\":{\"@id\":\"https:\/\/futbolhoy.co\/index.php\/2022\/03\/31\/cuadrado-se-lamenta-por-la-eliminacion\/\"},\"author\":{\"name\":\"Laura Hern\u00e1ndez\",\"@id\":\"https:\/\/futbolhoy.co\/#\/schema\/person\/c4a353a512b127643723a34bb1812f7d\"},\"headline\":\"Cuadrado se lamenta por la eliminaci\u00f3n\",\"datePublished\":\"2022-03-31T23:20:52+00:00\",\"dateModified\":\"2022-04-01T17:20:57+00:00\",\"mainEntityOfPage\":{\"@id\":\"https:\/\/futbolhoy.co\/index.php\/2022\/03\/31\/cuadrado-se-lamenta-por-la-eliminacion\/\"},\"wordCount\":128,\"commentCount\":0,\"publisher\":{\"@id\":\"https:\/\/futbolhoy.co\/#organization\"},\"image\":{\"@id\":\"https:\/\/futbolhoy.co\/index.php\/2022\/03\/31\/cuadrado-se-lamenta-por-la-eliminacion\/#primaryimage\"},\"thumbnailUrl\":\"https:\/\/futbolhoy.co\/wp-content\/uploads\/2022\/03\/20220331_182020.png\",\"articleSection\":[\"Colombia\"],\"inLanguage\":\"es\",\"potentialAction\":[{\"@type\":\"CommentAction\",\"name\":\"Comment\",\"target\":[\"https:\/\/futbolhoy.co\/index.php\/2022\/03\/31\/cuadrado-se-lamenta-por-la-eliminacion\/#respond\"]}]},{\"@type\":\"WebPage\",\"@id\":\"https:\/\/futbolhoy.co\/index.php\/2022\/03\/31\/cuadrado-se-lamenta-por-la-eliminacion\/\",\"url\":\"https:\/\/futbolhoy.co\/index.php\/2022\/03\/31\/cuadrado-se-lamenta-por-la-eliminacion\/\",\"name\":\"Cuadrado se lamenta por la eliminaci\u00f3n -\",\"isPartOf\":{\"@id\":\"https:\/\/futbolhoy.co\/#website\"},\"primaryImageOfPage\":{\"@id\":\"https:\/\/futbolhoy.co\/index.php\/2022\/03\/31\/cuadrado-se-lamenta-por-la-eliminacion\/#primaryimage\"},\"image\":{\"@id\":\"https:\/\/futbolhoy.co\/index.php\/2022\/03\/31\/cuadrado-se-lamenta-por-la-eliminacion\/#primaryimage\"},\"thumbnailUrl\":\"https:\/\/futbolhoy.co\/wp-content\/uploads\/2022\/03\/20220331_182020.png\",\"datePublished\":\"2022-03-31T23:20:52+00:00\",\"dateModified\":\"2022-04-01T17:20:57+00:00\",\"breadcrumb\":{\"@id\":\"https:\/\/futbolhoy.co\/index.php\/2022\/03\/31\/cuadrado-se-lamenta-por-la-eliminacion\/#breadcrumb\"},\"inLanguage\":\"es\",\"potentialAction\":[{\"@type\":\"ReadAction\",\"target\":[\"https:\/\/futbolhoy.co\/index.php\/2022\/03\/31\/cuadrado-se-lamenta-por-la-eliminacion\/\"]}]},{\"@type\":\"ImageObject\",\"inLanguage\":\"es\",\"@id\":\"https:\/\/futbolhoy.co\/index.php\/2022\/03\/31\/cuadrado-se-lamenta-por-la-eliminacion\/#primaryimage\",\"url\":\"https:\/\/futbolhoy.co\/wp-content\/uploads\/2022\/03\/20220331_182020.png\",\"contentUrl\":\"https:\/\/futbolhoy.co\/wp-content\/uploads\/2022\/03\/20220331_182020.png\",\"width\":580,\"height\":330},{\"@type\":\"BreadcrumbList\",\"@id\":\"https:\/\/futbolhoy.co\/index.php\/2022\/03\/31\/cuadrado-se-lamenta-por-la-eliminacion\/#breadcrumb\",\"itemListElement\":[{\"@type\":\"ListItem\",\"position\":1,\"name\":\"Portada\",\"item\":\"https:\/\/futbolhoy.co\/\"},{\"@type\":\"ListItem\",\"position\":2,\"name\":\"Cuadrado se lamenta por la eliminaci\u00f3n\"}]},{\"@type\":\"WebSite\",\"@id\":\"https:\/\/futbolhoy.co\/#website\",\"url\":\"https:\/\/futbolhoy.co\/\",\"name\":\"FutbolHoy\",\"description\":\"\",\"publisher\":{\"@id\":\"https:\/\/futbolhoy.co\/#organization\"},\"potentialAction\":[{\"@type\":\"SearchAction\",\"target\":{\"@type\":\"EntryPoint\",\"urlTemplate\":\"https:\/\/futbolhoy.co\/?s={search_term_string}\"},\"query-input\":{\"@type\":\"PropertyValueSpecification\",\"valueRequired\":true,\"valueName\":\"search_term_string\"}}],\"inLanguage\":\"es\"},{\"@type\":\"Organization\",\"@id\":\"https:\/\/futbolhoy.co\/#organization\",\"name\":\"Futbolhoy.co\",\"url\":\"https:\/\/futbolhoy.co\/\",\"logo\":{\"@type\":\"ImageObject\",\"inLanguage\":\"es\",\"@id\":\"https:\/\/futbolhoy.co\/#\/schema\/logo\/image\/\",\"url\":\"https:\/\/futbolhoy.co\/wp-content\/uploads\/2018\/08\/17426380_1906371736249227_6326180412931521141_n.jpg\",\"contentUrl\":\"https:\/\/futbolhoy.co\/wp-content\/uploads\/2018\/08\/17426380_1906371736249227_6326180412931521141_n.jpg\",\"width\":960,\"height\":960,\"caption\":\"Futbolhoy.co\"},\"image\":{\"@id\":\"https:\/\/futbolhoy.co\/#\/schema\/logo\/image\/\"},\"sameAs\":[\"https:\/\/www.facebook.com\/FutbolHoyCol\/\",\"https:\/\/x.com\/FutbolHoyCol\",\"https:\/\/www.instagram.com\/futbolhoycol\/\"]},{\"@type\":\"Person\",\"@id\":\"https:\/\/futbolhoy.co\/#\/schema\/person\/c4a353a512b127643723a34bb1812f7d\",\"name\":\"Laura Hern\u00e1ndez\",\"image\":{\"@type\":\"ImageObject\",\"inLanguage\":\"es\",\"@id\":\"https:\/\/futbolhoy.co\/#\/schema\/person\/image\/\",\"url\":\"https:\/\/secure.gravatar.com\/avatar\/d25959a15b9b293a743f99181c7cfd01?s=96&d=mm&r=g\",\"contentUrl\":\"https:\/\/secure.gravatar.com\/avatar\/d25959a15b9b293a743f99181c7cfd01?s=96&d=mm&r=g\",\"caption\":\"Laura Hern\u00e1ndez\"}}]}<\/script>\n<!-- \/ Yoast SEO plugin. -->","yoast_head_json":{"title":"Cuadrado se lamenta por la eliminaci\u00f3n -","robots":{"index":"index","follow":"follow","max-snippet":"max-snippet:-1","max-image-preview":"max-image-preview:large","max-video-preview":"max-video-preview:-1"},"canonical":"https:\/\/futbolhoy.co\/index.php\/2022\/03\/31\/cuadrado-se-lamenta-por-la-eliminacion\/","og_locale":"es_ES","og_type":"article","og_title":"Cuadrado se lamenta por la eliminaci\u00f3n -","og_description":"Juan Guillermo Cuadrado\u00a0expres\u00f3 en sus redes sociales la frustraci\u00f3n personal que le produjo la eliminaci\u00f3n de\u00a0Colombia del Mundial de Qatar 2022, luego de perderse por acumulaci\u00f3n de tarjetas amarillas el \u00faltimo juego en\u00a0Puerto Ordaz\u00a0contra\u00a0Venezuela\u00a0(0-1). \u201cSolo recordar que despu\u00e9s de 16 a\u00f1os volvimos a un Mundial 2 veces seguidas es motivo para agradecer. Nadie m\u00e1s que [&hellip;]","og_url":"https:\/\/futbolhoy.co\/index.php\/2022\/03\/31\/cuadrado-se-lamenta-por-la-eliminacion\/","article_publisher":"https:\/\/www.facebook.com\/FutbolHoyCol\/","article_published_time":"2022-03-31T23:20:52+00:00","article_modified_time":"2022-04-01T17:20:57+00:00","og_image":[{"width":580,"height":330,"url":"https:\/\/futbolhoy.co\/wp-content\/uploads\/2022\/03\/20220331_182020.png","type":"image\/png"}],"author":"Laura Hern\u00e1ndez","twitter_card":"summary_large_image","twitter_creator":"@FutbolHoyCol","twitter_site":"@FutbolHoyCol","twitter_misc":{"Escrito por":"Laura Hern\u00e1ndez","Tiempo de lectura":"1 minuto"},"schema":{"@context":"https:\/\/schema.org","@graph":[{"@type":"Article","@id":"https:\/\/futbolhoy.co\/index.php\/2022\/03\/31\/cuadrado-se-lamenta-por-la-eliminacion\/#article","isPartOf":{"@id":"https:\/\/futbolhoy.co\/index.php\/2022\/03\/31\/cuadrado-se-lamenta-por-la-eliminacion\/"},"author":{"name":"Laura Hern\u00e1ndez","@id":"https:\/\/futbolhoy.co\/#\/schema\/person\/c4a353a512b127643723a34bb1812f7d"},"headline":"Cuadrado se lamenta por la eliminaci\u00f3n","datePublished":"2022-03-31T23:20:52+00:00","dateModified":"2022-04-01T17:20:57+00:00","mainEntityOfPage":{"@id":"https:\/\/futbolhoy.co\/index.php\/2022\/03\/31\/cuadrado-se-lamenta-por-la-eliminacion\/"},"wordCount":128,"commentCount":0,"publisher":{"@id":"https:\/\/futbolhoy.co\/#organization"},"image":{"@id":"https:\/\/futbolhoy.co\/index.php\/2022\/03\/31\/cuadrado-se-lamenta-por-la-eliminacion\/#primaryimage"},"thumbnailUrl":"https:\/\/futbolhoy.co\/wp-content\/uploads\/2022\/03\/20220331_182020.png","articleSection":["Colombia"],"inLanguage":"es","potentialAction":[{"@type":"CommentAction","name":"Comment","target":["https:\/\/futbolhoy.co\/index.php\/2022\/03\/31\/cuadrado-se-lamenta-por-la-eliminacion\/#respond"]}]},{"@type":"WebPage","@id":"https:\/\/futbolhoy.co\/index.php\/2022\/03\/31\/cuadrado-se-lamenta-por-la-eliminacion\/","url":"https:\/\/futbolhoy.co\/index.php\/2022\/03\/31\/cuadrado-se-lamenta-por-la-eliminacion\/","name":"Cuadrado se lamenta por la eliminaci\u00f3n -","isPartOf":{"@id":"https:\/\/futbolhoy.co\/#website"},"primaryImageOfPage":{"@id":"https:\/\/futbolhoy.co\/index.php\/2022\/03\/31\/cuadrado-se-lamenta-por-la-eliminacion\/#primaryimage"},"image":{"@id":"https:\/\/futbolhoy.co\/index.php\/2022\/03\/31\/cuadrado-se-lamenta-por-la-eliminacion\/#primaryimage"},"thumbnailUrl":"https:\/\/futbolhoy.co\/wp-content\/uploads\/2022\/03\/20220331_182020.png","datePublished":"2022-03-31T23:20:52+00:00","dateModified":"2022-04-01T17:20:57+00:00","breadcrumb":{"@id":"https:\/\/futbolhoy.co\/index.php\/2022\/03\/31\/cuadrado-se-lamenta-por-la-eliminacion\/#breadcrumb"},"inLanguage":"es","potentialAction":[{"@type":"ReadAction","target":["https:\/\/futbolhoy.co\/index.php\/2022\/03\/31\/cuadrado-se-lamenta-por-la-eliminacion\/"]}]},{"@type":"ImageObject","inLanguage":"es","@id":"https:\/\/futbolhoy.co\/index.php\/2022\/03\/31\/cuadrado-se-lamenta-por-la-eliminacion\/#primaryimage","url":"https:\/\/futbolhoy.co\/wp-content\/uploads\/2022\/03\/20220331_182020.png","contentUrl":"https:\/\/futbolhoy.co\/wp-content\/uploads\/2022\/03\/20220331_182020.png","width":580,"height":330},{"@type":"BreadcrumbList","@id":"https:\/\/futbolhoy.co\/index.php\/2022\/03\/31\/cuadrado-se-lamenta-por-la-eliminacion\/#breadcrumb","itemListElement":[{"@type":"ListItem","position":1,"name":"Portada","item":"https:\/\/futbolhoy.co\/"},{"@type":"ListItem","position":2,"name":"Cuadrado se lamenta por la eliminaci\u00f3n"}]},{"@type":"WebSite","@id":"https:\/\/futbolhoy.co\/#website","url":"https:\/\/futbolhoy.co\/","name":"FutbolHoy","description":"","publisher":{"@id":"https:\/\/futbolhoy.co\/#organization"},"potentialAction":[{"@type":"SearchAction","target":{"@type":"EntryPoint","urlTemplate":"https:\/\/futbolhoy.co\/?s={search_term_string}"},"query-input":{"@type":"PropertyValueSpecification","valueRequired":true,"valueName":"search_term_string"}}],"inLanguage":"es"},{"@type":"Organization","@id":"https:\/\/futbolhoy.co\/#organization","name":"Futbolhoy.co","url":"https:\/\/futbolhoy.co\/","logo":{"@type":"ImageObject","inLanguage":"es","@id":"https:\/\/futbolhoy.co\/#\/schema\/logo\/image\/","url":"https:\/\/futbolhoy.co\/wp-content\/uploads\/2018\/08\/17426380_1906371736249227_6326180412931521141_n.jpg","contentUrl":"https:\/\/futbolhoy.co\/wp-content\/uploads\/2018\/08\/17426380_1906371736249227_6326180412931521141_n.jpg","width":960,"height":960,"caption":"Futbolhoy.co"},"image":{"@id":"https:\/\/futbolhoy.co\/#\/schema\/logo\/image\/"},"sameAs":["https:\/\/www.facebook.com\/FutbolHoyCol\/","https:\/\/x.com\/FutbolHoyCol","https:\/\/www.instagram.com\/futbolhoycol\/"]},{"@type":"Person","@id":"https:\/\/futbolhoy.co\/#\/schema\/person\/c4a353a512b127643723a34bb1812f7d","name":"Laura Hern\u00e1ndez","image":{"@type":"ImageObject","inLanguage":"es","@id":"https:\/\/futbolhoy.co\/#\/schema\/person\/image\/","url":"https:\/\/secure.gravatar.com\/avatar\/d25959a15b9b293a743f99181c7cfd01?s=96&d=mm&r=g","contentUrl":"https:\/\/secure.gravatar.com\/avatar\/d25959a15b9b293a743f99181c7cfd01?s=96&d=mm&r=g","caption":"Laura Hern\u00e1ndez"}}]}},"publishpress_future_action":{"enabled":false,"date":"2026-05-05 08:17:44","action":"change-status","newStatus":"draft","terms":[],"taxonomy":"category","extraData":[]},"publishpress_future_workflow_manual_trigger":{"enabledWorkflows":[]},"_links":{"self":[{"href":"https:\/\/futbolhoy.co\/index.php\/wp-json\/wp\/v2\/posts\/78157","targetHints":{"allow":["GET"]}}],"collection":[{"href":"https:\/\/futbolhoy.co\/index.php\/wp-json\/wp\/v2\/posts"}],"about":[{"href":"https:\/\/futbolhoy.co\/index.php\/wp-json\/wp\/v2\/types\/post"}],"author":[{"embeddable":true,"href":"https:\/\/futbolhoy.co\/index.php\/wp-json\/wp\/v2\/users\/5"}],"replies":[{"embeddable":true,"href":"https:\/\/futbolhoy.co\/index.php\/wp-json\/wp\/v2\/comments?post=78157"}],"version-history":[{"count":1,"href":"https:\/\/futbolhoy.co\/index.php\/wp-json\/wp\/v2\/posts\/78157\/revisions"}],"predecessor-version":[{"id":78159,"href":"https:\/\/futbolhoy.co\/index.php\/wp-json\/wp\/v2\/posts\/78157\/revisions\/78159"}],"wp:featuredmedia":[{"embeddable":true,"href":"https:\/\/futbolhoy.co\/index.php\/wp-json\/wp\/v2\/media\/78158"}],"wp:attachment":[{"href":"https:\/\/futbolhoy.co\/index.php\/wp-json\/wp\/v2\/media?parent=78157"}],"wp:term":[{"taxonomy":"category","embeddable":true,"href":"https:\/\/futbolhoy.co\/index.php\/wp-json\/wp\/v2\/categories?post=78157"},{"taxonomy":"post_tag","embeddable":true,"href":"https:\/\/futbolhoy.co\/index.php\/wp-json\/wp\/v2\/tags?post=78157"}],"curies":[{"name":"wp","href":"https:\/\/api.w.org\/{rel}","templated":true}]}}